
{"id":73269,"date":"2015-12-26T08:03:41","date_gmt":"2015-12-26T07:03:41","guid":{"rendered":"http:\/\/www.cinevox.be\/?p=73269"},"modified":"2015-12-26T12:15:04","modified_gmt":"2015-12-26T11:15:04","slug":"je-suis-mort-mais-jai-des-amis-rocknroll-mon-pote","status":"publish","type":"post","link":"https:\/\/w-l-c.be\/fr\/je-suis-mort-mais-jai-des-amis-rocknroll-mon-pote\/","title":{"rendered":"Je suis mort, mais j\u2019ai des amis : Rock\u2019n\u2019roll, mon pote"},"content":{"rendered":"<p>Avec les grandes messes dans les plaines immenses o\u00f9 des stars paillet\u00e9es et parfois sans doute empaill\u00e9es se tr\u00e9moussent dans un improbable lointain, les radios effemis\u00e9es qui rabotent tout ce qui striche et les enseignes mainstream qui nous sortent des t-shirts Slayer ou des vestes pr\u00e9patch\u00e9es, on ne peut pas \u00eatre \u00e9tonn\u00e9 que le grand public n\u2019ait plus qu\u2019une tr\u00e8s vague id\u00e9e de ce qu\u2019est le rock\u2019n\u00b4roll.<\/p>\n<p>&nbsp;<\/p>\n<p>On ne va pas tenter ici de red\u00e9finir le concept. Un documentaire actuellement en salles s\u2019y essaie d\u00e9j\u00e0 (voir <a href=\"http:\/\/www.cinevox.be\/?p=72229\" target=\"_blank\">ici<\/a>). Mais le rock\u2019n\u2019roll, c\u2019est d\u2019abord une attitude, une \u00e9nergie, un mode de vie et pour en capter la substantifique moelle, nous vous conseillons vivement de vous ruer sur cet\u00a0OVNI de tendresse&#8230; rock\u2019n\u2019roll.<br \/>\n<!--more--><\/p>\n<p>&nbsp;<\/p>\n<p><a href=\"http:\/\/www.cinevox.be\/wp-content\/uploads\/2015\/05\/11038871_874696419256298_8199441339399035097_o.jpg\"><img loading=\"lazy\" decoding=\"async\" class=\"aligncenter size-large wp-image-74586\" src=\"http:\/\/www.cinevox.be\/wp-content\/uploads\/2015\/05\/11038871_874696419256298_8199441339399035097_o-800x533.jpg\" alt=\"\" width=\"640\" height=\"426\" srcset=\"https:\/\/w-l-c.be\/wp-content\/uploads\/2015\/05\/11038871_874696419256298_8199441339399035097_o-800x533.jpg 800w, https:\/\/w-l-c.be\/wp-content\/uploads\/2015\/05\/11038871_874696419256298_8199441339399035097_o-405x270.jpg 405w, https:\/\/w-l-c.be\/wp-content\/uploads\/2015\/05\/11038871_874696419256298_8199441339399035097_o.jpg 1125w\" sizes=\"auto, (max-width: 640px) 100vw, 640px\" \/><\/a><\/p>\n<p>&nbsp;<\/p>\n<p>Grand Ours\u00a0est un groupe rock-punk driv\u00e9 par trois quadras et un jeune batteur. Le ton y est r\u00e9solument garage et enrag\u00e9. Chant rauque, avec ou sans micro, jusqu\u2019\u00e0 s\u2019en faire p\u00e9ter les cordes vocales, guitare tr\u00e8s \u00e9nerv\u00e9e, basse vrombissante&#8230; Le public des petits clubs appr\u00e9cie. Au point que le band vient de d\u00e9crocher douze dates en Californie. Le point d\u2019orgue d\u2019une carri\u00e8re. Mieux : la cons\u00e9cration d\u2019une vie. Mais le destin va en d\u00e9cider autrement&#8230;<\/p>\n<p>Alors qu\u2019il sort pisser, Jip\u00e9, le chanteur, tombe dans une crevasse et ne va pas en ressortir.<\/p>\n<p>C\u2019est le d\u00e9marrage d\u2019un road movie compl\u00e8tement dingue qui va voir la troupe s\u2019\u00e9grener au fil de p\u00e9rip\u00e9ties improbables et un trio inattendu atterrir&#8230; dans un endroit qui l\u2019est encore beaucoup plus. On n\u2019en spoilera pas davantage.<\/p>\n<p>&nbsp;<\/p>\n<p>&nbsp;<\/p>\n<p style=\"text-align: left;\"><a href=\"http:\/\/www.cinevox.be\/wp-content\/uploads\/2015\/05\/11073005_871564096236197_3522829621992028179_o.jpg\"><img loading=\"lazy\" decoding=\"async\" class=\"aligncenter size-full wp-image-73755\" src=\"http:\/\/www.cinevox.be\/wp-content\/uploads\/2015\/05\/11073005_871564096236197_3522829621992028179_o.jpg\" alt=\"\" width=\"1129\" height=\"750\" srcset=\"https:\/\/w-l-c.be\/wp-content\/uploads\/2015\/05\/11073005_871564096236197_3522829621992028179_o.jpg 1129w, https:\/\/w-l-c.be\/wp-content\/uploads\/2015\/05\/11073005_871564096236197_3522829621992028179_o-406x270.jpg 406w, https:\/\/w-l-c.be\/wp-content\/uploads\/2015\/05\/11073005_871564096236197_3522829621992028179_o-800x531.jpg 800w\" sizes=\"auto, (max-width: 1129px) 100vw, 1129px\" \/><\/a><\/p>\n<p>&nbsp;<\/p>\n<p>Autant le dire tout de suite : le deuxi\u00e8me long m\u00e9trage des fr\u00e8res <strong>Malandrin <\/strong>n\u2019est pas un film conventionnel. Il n\u2019en reste pas moins que c\u2019est une proposition\u00a0d\u00e9sopilante qui nous fait sortir avec d\u00e9lectation des sentiers battus.<\/p>\n<p>Pas poli pour un sou, rockkkkk jusqu\u2019au bout des ongles, il encha\u00eene les sayn\u00e8tes surr\u00e9alistes, un peu \u00e0 la mani\u00e8re des chansons d\u2019un album; des tableaux \u00e0 la fois tr\u00e8s dialogu\u00e9s, mais \u00e0 l\u2019int\u00e9rieur desquels les com\u00e9diens gardent une belle libert\u00e9 de mouvement. Tant mieux! Quand on a sous la main un duo (in\u00e9dit \u00e0 l\u2019\u00e9cran) de la trempe de <strong>Bouli Lanners<\/strong> et <strong>Wim Willaert<\/strong>, soit peut-\u00eatre les meilleurs com\u00e9diens de part et d\u2019autre de la fronti\u00e8re linguistique, on n\u2019a forc\u00e9ment aucune envie de les museler.<\/p>\n<p>&nbsp;<\/p>\n<p>Nous l\u2019avions d\u00e9j\u00e0 remarqu\u00e9 lors de notre passage sur le tournage: ces deux-l\u00e0 s\u2019entendent comme larrons en foire. Mieux! Ils se ressemblent \u00e0 l\u2019\u00e9vidence. Et cette ressemblance n\u2019est pas que physique. Cette id\u00e9e de casting g\u00e9niale qui d\u00e9bouche sur une complicit\u00e9 inn\u00e9e porte le film de bout en bout.<\/p>\n<p>Tour \u00e0 tour h\u00e2bleurs, taquins et d\u00e9lirants, Wim et Bouli d\u00e9goulinent d\u2019humanit\u00e9. Gr\u00e2ce \u00e0 leur sens aigu du second degr\u00e9, il n\u2019y a pas ici une once de sensiblerie mal plac\u00e9e, ici. Non, juste de l\u2019humanit\u00e9, brute, lumineuse, jubilatoire. Deux ours (oui le groupe porte bien son nom), hirsutes et volontiers grognons, excessifs, pleins d\u2019un enthousiasme capable de renverser les montagnes.<\/p>\n<p>Un duo d\u2019exp\u00e9rience \u00e0 qui on ne la fait pas, mais qui n\u2019a pas son pareil pour se fourrer dans des situations aberrantes.<\/p>\n<p>&nbsp;<\/p>\n<p>&nbsp;<\/p>\n<p style=\"text-align: left;\"><a href=\"http:\/\/www.cinevox.be\/wp-content\/uploads\/2015\/05\/11141127_871564159569524_5949307643578321003_o.jpg\"><img loading=\"lazy\" decoding=\"async\" class=\"aligncenter size-full wp-image-73756\" src=\"http:\/\/www.cinevox.be\/wp-content\/uploads\/2015\/05\/11141127_871564159569524_5949307643578321003_o.jpg\" alt=\"\" width=\"1344\" height=\"750\" srcset=\"https:\/\/w-l-c.be\/wp-content\/uploads\/2015\/05\/11141127_871564159569524_5949307643578321003_o.jpg 1344w, https:\/\/w-l-c.be\/wp-content\/uploads\/2015\/05\/11141127_871564159569524_5949307643578321003_o-200x113.jpg 200w, https:\/\/w-l-c.be\/wp-content\/uploads\/2015\/05\/11141127_871564159569524_5949307643578321003_o-480x267.jpg 480w, https:\/\/w-l-c.be\/wp-content\/uploads\/2015\/05\/11141127_871564159569524_5949307643578321003_o-800x446.jpg 800w\" sizes=\"auto, (max-width: 1344px) 100vw, 1344px\" \/><\/a><\/p>\n<p>&nbsp;<\/p>\n<p>Autour de ce bin\u00f4me exceptionnel d\u2019autres \u00ab\u00a0gueules\u00a0\u00bb (et pas que des gueules europ\u00e9ennes, vous verrez) : Serge Riaboukine, le jeune Eddy Leduc inv\u00e9t\u00e9r\u00e9 dragueur, <strong>Jacky Lambert<\/strong> et surtout Lyes Salem, \u00e9patant sosie de Freddy Mercury et pilote de chasse assez atypique, dot\u00e9 d\u2019un tr\u00e8s bel organe (vocal).<\/p>\n<p>Plus, dans de courtes mais m\u00e9morables apparitions, un <strong>Mourade Zeguendi<\/strong>, douanier imperturbable et une <strong>St<\/strong><strong>\u00e9phanie Van Vijve<\/strong>, d\u00e9sopilante en h\u00f4tesse de l&rsquo;air qui\u2026 d\u00e9teste le vomi (dans une des sc\u00e8nes les plus surr\u00e9alistes du film).<\/p>\n<p>&nbsp;<\/p>\n<p><a href=\"http:\/\/www.cinevox.be\/wp-content\/uploads\/2015\/05\/11012495_874696402589633_7408185080479815414_o.jpg\"><img loading=\"lazy\" decoding=\"async\" class=\"aligncenter size-large wp-image-74304\" src=\"http:\/\/www.cinevox.be\/wp-content\/uploads\/2015\/05\/11012495_874696402589633_7408185080479815414_o-800x362.jpg\" alt=\"\" width=\"640\" height=\"289\" srcset=\"https:\/\/w-l-c.be\/wp-content\/uploads\/2015\/05\/11012495_874696402589633_7408185080479815414_o-800x362.jpg 800w, https:\/\/w-l-c.be\/wp-content\/uploads\/2015\/05\/11012495_874696402589633_7408185080479815414_o-480x217.jpg 480w, https:\/\/w-l-c.be\/wp-content\/uploads\/2015\/05\/11012495_874696402589633_7408185080479815414_o.jpg 1654w\" sizes=\"auto, (max-width: 640px) 100vw, 640px\" \/><\/a><\/p>\n<p>&nbsp;<\/p>\n<p>&nbsp;<\/p>\n<p>Pour r\u00e9ussir un grand film rock\u2019n\u2019roll, il est \u00e9vident qu\u2019on a aussi besoin d\u2019une putain de bonne bande-son. Elle l\u2019est. Avec ses cris de guerre rageurs, toutes guitares dehors, son ironie d\u00e9cal\u00e9e, et son omnipr\u00e9sente \u00e9nergie, elle ne fera pas le bonheur des fans de karaoke, mais est un r\u00e9gal pour les esgourdes des vrais amateurs de d\u00e9cibels indomptables.<\/p>\n<p>Une B.O. totalement dans l\u2019esprit du film qui ent\u00e9rine la tendance constat\u00e9e dans les salles et largement confort\u00e9e lors des derni\u00e8res c\u00e9r\u00e9monies des Magritte: chez nous m\u00eame si les bandes originales ne d\u00e9passent pas plus qu\u2019ailleurs le tout petit pour cent du budget d\u2019un film, on \u00e9vite consciencieusement de ressasser les clich\u00e9s pour offrir aux spectateurs des partitions\u00a0\u00e9clatantes.<\/p>\n<p>&nbsp;<\/p>\n<p><a href=\"http:\/\/www.cinevox.be\/wp-content\/uploads\/2015\/05\/1889003_871564122902861_4612142130825817244_o.jpg\"><img loading=\"lazy\" decoding=\"async\" class=\"aligncenter size-full wp-image-73757\" src=\"http:\/\/www.cinevox.be\/wp-content\/uploads\/2015\/05\/1889003_871564122902861_4612142130825817244_o.jpg\" alt=\"\" width=\"1129\" height=\"750\" srcset=\"https:\/\/w-l-c.be\/wp-content\/uploads\/2015\/05\/1889003_871564122902861_4612142130825817244_o.jpg 1129w, https:\/\/w-l-c.be\/wp-content\/uploads\/2015\/05\/1889003_871564122902861_4612142130825817244_o-406x270.jpg 406w, https:\/\/w-l-c.be\/wp-content\/uploads\/2015\/05\/1889003_871564122902861_4612142130825817244_o-800x531.jpg 800w\" sizes=\"auto, (max-width: 1129px) 100vw, 1129px\" \/><\/a><\/p>\n<p>&nbsp;<\/p>\n<p>De <em>Elle ne pleure pas elle chante<\/em> \u00e0 <em>Le Monde nous appartient<\/em>, d\u2019<em>Eldorado <\/em>aux <em>G<\/em><em>\u00e9ants<\/em> (en attendant la B.O. de<em> Detroit<\/em> pour Les premiers, les derniers), de <em>Offline<\/em> \u00e0 <em>The Broken circle Breakdown<\/em>, de <em>Mobile Home<\/em> \u00e0 <em>Tous les chats sont gris<\/em>\u00a0en passant naturellement par <em>L<\/em><em>\u2019ann<\/em><em>\u00e9e prochaine,<\/em> le m\u00e9lomane sensible au rock, \u00e0 la pop h\u00e9ro\u00efque et au folk intimiste a de quoi se r\u00e9galer au cin\u00e9ma.<\/p>\n<p>&nbsp;<\/p>\n<p><a href=\"http:\/\/www.cinevox.be\/wp-content\/uploads\/2015\/04\/Sequence-01.Still034.jpg\"><img loading=\"lazy\" decoding=\"async\" class=\"aligncenter size-large wp-image-73274\" src=\"http:\/\/www.cinevox.be\/wp-content\/uploads\/2015\/04\/Sequence-01.Still034-800x450.jpg\" alt=\"\" width=\"640\" height=\"360\" srcset=\"https:\/\/w-l-c.be\/wp-content\/uploads\/2015\/04\/Sequence-01.Still034-800x450.jpg 800w, https:\/\/w-l-c.be\/wp-content\/uploads\/2015\/04\/Sequence-01.Still034-200x113.jpg 200w, https:\/\/w-l-c.be\/wp-content\/uploads\/2015\/04\/Sequence-01.Still034-480x270.jpg 480w, https:\/\/w-l-c.be\/wp-content\/uploads\/2015\/04\/Sequence-01.Still034-300x169.jpg 300w, https:\/\/w-l-c.be\/wp-content\/uploads\/2015\/04\/Sequence-01.Still034-620x350.jpg 620w, https:\/\/w-l-c.be\/wp-content\/uploads\/2015\/04\/Sequence-01.Still034.jpg 1920w\" sizes=\"auto, (max-width: 640px) 100vw, 640px\" \/><\/a><\/p>\n<p style=\"text-align: right;\"><em>\u00a0Photo de tournage Kaos\/Cinevox 2014<\/em><\/p>\n<p>&nbsp;<\/p>\n<p>Apr\u00e8s un premier long \u00e9trange au titre d\u00e9j\u00e0 formidable (<em>O\u00f9 est la main de l<\/em><em>\u2019homme sans t<\/em><em>\u00eate?<\/em>), <strong>St<\/strong><strong>\u00e9phane et Guillaume Malandrin<\/strong> frappent ici tr\u00e8s fort. Et tr\u00e8s juste.<\/p>\n<p>Soyons clairs, n\u00e9anmoins : <em>Je suis mort, mais j<\/em><em>\u2019ai des amis<\/em> n\u2019est pas un film \u00e0 festivals, peut-\u00eatre pas un film \u00e0 Magritte, mais c\u2019est un voyage qui fait beaucoup de bien, qui fait rire et un peu pleurer aussi; une louche de potion magique qui nous rend plus forts, plus heureux. Et sans doute meilleurs.<\/p>\n<p>Kick out the jam, motherfuckers !<\/p>\n<p>&nbsp;<\/p>\n<p>&nbsp;<\/p>\n<p>ADDEDUM<\/p>\n<p>La capsule Cinevox consacr\u00e9e au film est \u00e0 voir <a href=\"http:\/\/www.cinevox.be\/?p=62150\" target=\"_blank\">ICI<\/a><\/p>\n<p>Notre pr\u00e9sentation du projet\u00a0est \u00e0 lire\u00a0<a href=\"http:\/\/www.cinevox.be\/?p=46570\" target=\"_blank\">ICI<\/a><\/p>\n<p>Notre visite sur le tournage est \u00e0 voir <a href=\"http:\/\/www.cinevox.be\/?p=57743\" target=\"_blank\">ICI<\/a><\/p>\n<p>&nbsp;<\/p>\n<p>&nbsp;<\/p>\n<p>&nbsp;<\/p>\n","protected":false},"excerpt":{"rendered":"<p>Avec les grandes messes dans les plaines immenses o\u00f9 des stars paillet\u00e9es et parfois sans doute empaill\u00e9es se tr\u00e9moussent dans un improbable lointain, les radios effemis\u00e9es qui rabotent tout ce qui striche et les enseignes mainstream qui nous sortent des t-shirts Slayer ou des vestes pr\u00e9patch\u00e9es, on ne peut pas \u00eatre \u00e9tonn\u00e9 que le grand &hellip;<\/p>\n","protected":false},"author":7,"featured_media":73277,"comment_status":"closed","ping_status":"closed","sticky":false,"template":"","format":"standard","meta":{"ngg_post_thumbnail":0,"footnotes":""},"categories":[10,7],"tags":[],"class_list":["post-73269","post","type-post","status-publish","format-standard","has-post-thumbnail","","category-a-l-affiche","category-actualites"],"yoast_head":"<!-- This site is optimized with the Yoast SEO plugin v20.4 - https:\/\/yoast.com\/wordpress\/plugins\/seo\/ -->\n<title>Je suis mort, mais j\u2019ai des amis : Rock\u2019n\u2019roll, mon pote - w-l-c<\/title>\n<meta name=\"robots\" content=\"noindex, follow, max-snippet:-1, max-image-preview:large, max-video-preview:-1\" \/>\n<meta property=\"og:locale\" content=\"fr_FR\" \/>\n<meta property=\"og:type\" content=\"article\" \/>\n<meta property=\"og:title\" content=\"Je suis mort, mais j\u2019ai des amis : Rock\u2019n\u2019roll, mon pote - w-l-c\" \/>\n<meta property=\"og:description\" content=\"Avec les grandes messes dans les plaines immenses o\u00f9 des stars paillet\u00e9es et parfois sans doute empaill\u00e9es se tr\u00e9moussent dans un improbable lointain, les radios effemis\u00e9es qui rabotent tout ce qui striche et les enseignes mainstream qui nous sortent des t-shirts Slayer ou des vestes pr\u00e9patch\u00e9es, on ne peut pas \u00eatre \u00e9tonn\u00e9 que le grand &hellip;\" \/>\n<meta property=\"og:url\" content=\"https:\/\/w-l-c.be\/fr\/je-suis-mort-mais-jai-des-amis-rocknroll-mon-pote\/\" \/>\n<meta property=\"og:site_name\" content=\"w-l-c\" \/>\n<meta property=\"article:published_time\" content=\"2015-12-26T07:03:41+00:00\" \/>\n<meta property=\"article:modified_time\" content=\"2015-12-26T11:15:04+00:00\" \/>\n<meta property=\"og:image\" content=\"https:\/\/w-l-c.be\/wp-content\/uploads\/2010\/04\/unnamed.jpg\" \/>\n\t<meta property=\"og:image:width\" content=\"2140\" \/>\n\t<meta property=\"og:image:height\" content=\"1671\" \/>\n\t<meta property=\"og:image:type\" content=\"image\/jpeg\" \/>\n<meta name=\"author\" content=\"Philippe.Pierquin\" \/>\n<meta name=\"twitter:card\" content=\"summary_large_image\" \/>\n<meta name=\"twitter:label1\" content=\"\u00c9crit par\" \/>\n\t<meta name=\"twitter:data1\" content=\"Philippe.Pierquin\" \/>\n\t<meta name=\"twitter:label2\" content=\"Dur\u00e9e de lecture estim\u00e9e\" \/>\n\t<meta name=\"twitter:data2\" content=\"5 minutes\" \/>\n<script type=\"application\/ld+json\" class=\"yoast-schema-graph\">{\"@context\":\"https:\/\/schema.org\",\"@graph\":[{\"@type\":\"WebPage\",\"@id\":\"https:\/\/w-l-c.be\/fr\/je-suis-mort-mais-jai-des-amis-rocknroll-mon-pote\/\",\"url\":\"https:\/\/w-l-c.be\/fr\/je-suis-mort-mais-jai-des-amis-rocknroll-mon-pote\/\",\"name\":\"Je suis mort, mais j\u2019ai des amis : Rock\u2019n\u2019roll, mon pote - w-l-c\",\"isPartOf\":{\"@id\":\"https:\/\/w-l-c.be\/fr\/#website\"},\"datePublished\":\"2015-12-26T07:03:41+00:00\",\"dateModified\":\"2015-12-26T11:15:04+00:00\",\"author\":{\"@id\":\"https:\/\/w-l-c.be\/fr\/#\/schema\/person\/4b9b1d857f0943453a38a7c2859ef756\"},\"breadcrumb\":{\"@id\":\"https:\/\/w-l-c.be\/fr\/je-suis-mort-mais-jai-des-amis-rocknroll-mon-pote\/#breadcrumb\"},\"inLanguage\":\"fr-FR\",\"potentialAction\":[{\"@type\":\"ReadAction\",\"target\":[\"https:\/\/w-l-c.be\/fr\/je-suis-mort-mais-jai-des-amis-rocknroll-mon-pote\/\"]}]},{\"@type\":\"BreadcrumbList\",\"@id\":\"https:\/\/w-l-c.be\/fr\/je-suis-mort-mais-jai-des-amis-rocknroll-mon-pote\/#breadcrumb\",\"itemListElement\":[{\"@type\":\"ListItem\",\"position\":1,\"name\":\"Accueil\",\"item\":\"https:\/\/w-l-c.be\/fr\/\"},{\"@type\":\"ListItem\",\"position\":2,\"name\":\"Je suis mort, mais j\u2019ai des amis : Rock\u2019n\u2019roll, mon pote\"}]},{\"@type\":\"WebSite\",\"@id\":\"https:\/\/w-l-c.be\/fr\/#website\",\"url\":\"https:\/\/w-l-c.be\/fr\/\",\"name\":\"w-l-c\",\"description\":\"Le cin\u00e9ma vu par les belges\",\"potentialAction\":[{\"@type\":\"SearchAction\",\"target\":{\"@type\":\"EntryPoint\",\"urlTemplate\":\"https:\/\/w-l-c.be\/fr\/?s={search_term_string}\"},\"query-input\":\"required name=search_term_string\"}],\"inLanguage\":\"fr-FR\"},{\"@type\":\"Person\",\"@id\":\"https:\/\/w-l-c.be\/fr\/#\/schema\/person\/4b9b1d857f0943453a38a7c2859ef756\",\"name\":\"Philippe.Pierquin\",\"url\":\"https:\/\/w-l-c.be\/fr\/author\/philippe-pierquin\/\"}]}<\/script>\n<!-- \/ Yoast SEO plugin. -->","yoast_head_json":{"title":"Je suis mort, mais j\u2019ai des amis : Rock\u2019n\u2019roll, mon pote - w-l-c","robots":{"index":"noindex","follow":"follow","max-snippet":"max-snippet:-1","max-image-preview":"max-image-preview:large","max-video-preview":"max-video-preview:-1"},"og_locale":"fr_FR","og_type":"article","og_title":"Je suis mort, mais j\u2019ai des amis : Rock\u2019n\u2019roll, mon pote - w-l-c","og_description":"Avec les grandes messes dans les plaines immenses o\u00f9 des stars paillet\u00e9es et parfois sans doute empaill\u00e9es se tr\u00e9moussent dans un improbable lointain, les radios effemis\u00e9es qui rabotent tout ce qui striche et les enseignes mainstream qui nous sortent des t-shirts Slayer ou des vestes pr\u00e9patch\u00e9es, on ne peut pas \u00eatre \u00e9tonn\u00e9 que le grand &hellip;","og_url":"https:\/\/w-l-c.be\/fr\/je-suis-mort-mais-jai-des-amis-rocknroll-mon-pote\/","og_site_name":"w-l-c","article_published_time":"2015-12-26T07:03:41+00:00","article_modified_time":"2015-12-26T11:15:04+00:00","og_image":[{"width":2140,"height":1671,"url":"https:\/\/w-l-c.be\/wp-content\/uploads\/2010\/04\/unnamed.jpg","type":"image\/jpeg"}],"author":"Philippe.Pierquin","twitter_card":"summary_large_image","twitter_misc":{"\u00c9crit par":"Philippe.Pierquin","Dur\u00e9e de lecture estim\u00e9e":"5 minutes"},"schema":{"@context":"https:\/\/schema.org","@graph":[{"@type":"WebPage","@id":"https:\/\/w-l-c.be\/fr\/je-suis-mort-mais-jai-des-amis-rocknroll-mon-pote\/","url":"https:\/\/w-l-c.be\/fr\/je-suis-mort-mais-jai-des-amis-rocknroll-mon-pote\/","name":"Je suis mort, mais j\u2019ai des amis : Rock\u2019n\u2019roll, mon pote - w-l-c","isPartOf":{"@id":"https:\/\/w-l-c.be\/fr\/#website"},"datePublished":"2015-12-26T07:03:41+00:00","dateModified":"2015-12-26T11:15:04+00:00","author":{"@id":"https:\/\/w-l-c.be\/fr\/#\/schema\/person\/4b9b1d857f0943453a38a7c2859ef756"},"breadcrumb":{"@id":"https:\/\/w-l-c.be\/fr\/je-suis-mort-mais-jai-des-amis-rocknroll-mon-pote\/#breadcrumb"},"inLanguage":"fr-FR","potentialAction":[{"@type":"ReadAction","target":["https:\/\/w-l-c.be\/fr\/je-suis-mort-mais-jai-des-amis-rocknroll-mon-pote\/"]}]},{"@type":"BreadcrumbList","@id":"https:\/\/w-l-c.be\/fr\/je-suis-mort-mais-jai-des-amis-rocknroll-mon-pote\/#breadcrumb","itemListElement":[{"@type":"ListItem","position":1,"name":"Accueil","item":"https:\/\/w-l-c.be\/fr\/"},{"@type":"ListItem","position":2,"name":"Je suis mort, mais j\u2019ai des amis : Rock\u2019n\u2019roll, mon pote"}]},{"@type":"WebSite","@id":"https:\/\/w-l-c.be\/fr\/#website","url":"https:\/\/w-l-c.be\/fr\/","name":"w-l-c","description":"Le cin\u00e9ma vu par les belges","potentialAction":[{"@type":"SearchAction","target":{"@type":"EntryPoint","urlTemplate":"https:\/\/w-l-c.be\/fr\/?s={search_term_string}"},"query-input":"required name=search_term_string"}],"inLanguage":"fr-FR"},{"@type":"Person","@id":"https:\/\/w-l-c.be\/fr\/#\/schema\/person\/4b9b1d857f0943453a38a7c2859ef756","name":"Philippe.Pierquin","url":"https:\/\/w-l-c.be\/fr\/author\/philippe-pierquin\/"}]}},"_links":{"self":[{"href":"https:\/\/w-l-c.be\/fr\/wp-json\/wp\/v2\/posts\/73269","targetHints":{"allow":["GET"]}}],"collection":[{"href":"https:\/\/w-l-c.be\/fr\/wp-json\/wp\/v2\/posts"}],"about":[{"href":"https:\/\/w-l-c.be\/fr\/wp-json\/wp\/v2\/types\/post"}],"author":[{"embeddable":true,"href":"https:\/\/w-l-c.be\/fr\/wp-json\/wp\/v2\/users\/7"}],"replies":[{"embeddable":true,"href":"https:\/\/w-l-c.be\/fr\/wp-json\/wp\/v2\/comments?post=73269"}],"version-history":[{"count":0,"href":"https:\/\/w-l-c.be\/fr\/wp-json\/wp\/v2\/posts\/73269\/revisions"}],"wp:featuredmedia":[{"embeddable":true,"href":"https:\/\/w-l-c.be\/fr\/wp-json\/wp\/v2\/media\/73277"}],"wp:attachment":[{"href":"https:\/\/w-l-c.be\/fr\/wp-json\/wp\/v2\/media?parent=73269"}],"wp:term":[{"taxonomy":"category","embeddable":true,"href":"https:\/\/w-l-c.be\/fr\/wp-json\/wp\/v2\/categories?post=73269"},{"taxonomy":"post_tag","embeddable":true,"href":"https:\/\/w-l-c.be\/fr\/wp-json\/wp\/v2\/tags?post=73269"}],"curies":[{"name":"wp","href":"https:\/\/api.w.org\/{rel}","templated":true}]}}