
{"id":76722,"date":"2015-08-13T13:30:11","date_gmt":"2015-08-13T11:30:11","guid":{"rendered":"http:\/\/www.cinevox.be\/?p=76722"},"modified":"2015-08-21T14:12:06","modified_gmt":"2015-08-21T12:12:06","slug":"vous-etes-passionne-de-cinema-belge-faites-partie-du-jury-cinevox","status":"publish","type":"post","link":"https:\/\/w-l-c.be\/fr\/vous-etes-passionne-de-cinema-belge-faites-partie-du-jury-cinevox\/","title":{"rendered":"Vous \u00eates passionn\u00e9 de cin\u00e9ma belge\u00a0? Faites partie du jury Cinevox\u00a0!"},"content":{"rendered":"<p>Pour la 4<sup>\u00e8me<\/sup> ann\u00e9e cons\u00e9cutive, un Jury Cinevox \u2013 compos\u00e9 de quatre passionn\u00e9s de cin\u00e9ma belge &#8211; d\u00e9cerne, la veille du palmar\u00e8s officiel, un prix tr\u00e8s sp\u00e9cial* au <strong>meilleur long m\u00e9trage belge francophone <\/strong>in\u00e9dit projet\u00e9 au FIFF qui se tiendra \u00e0 Namur du 2 au 9 octobre 2015.<\/p>\n<p>&nbsp;<\/p>\n<p>La liste d\u00e9finitive des films en comp\u00e9tition sera r\u00e9v\u00e9l\u00e9e fin septembre.<\/p>\n<p>&nbsp;<\/p>\n<p>Cette ann\u00e9e, ce jury sera encadr\u00e9 par la journaliste cin\u00e9ma <strong>Cathy Immelen <\/strong>(<em>RTBF<\/em>)\u00a0! Elle succ\u00e8de ainsi \u00e0 <strong>\u00c9ric Russon <\/strong>qu&rsquo;on voit sur la photo d&rsquo;ouverture avec les quatre jur\u00e9s.<\/p>\n<p><!--more--><\/p>\n<p>&nbsp;<\/p>\n<p><a href=\"http:\/\/www.cinevox.be\/wp-content\/uploads\/2015\/08\/10714266_751092214950652_4960846369660680196_o.jpg\"><img loading=\"lazy\" decoding=\"async\" class=\"aligncenter size-large wp-image-76723\" src=\"http:\/\/www.cinevox.be\/wp-content\/uploads\/2015\/08\/10714266_751092214950652_4960846369660680196_o-800x533.jpg\" alt=\"\" width=\"640\" height=\"426\" srcset=\"https:\/\/w-l-c.be\/wp-content\/uploads\/2015\/08\/10714266_751092214950652_4960846369660680196_o-800x533.jpg 800w, https:\/\/w-l-c.be\/wp-content\/uploads\/2015\/08\/10714266_751092214950652_4960846369660680196_o-404x270.jpg 404w, https:\/\/w-l-c.be\/wp-content\/uploads\/2015\/08\/10714266_751092214950652_4960846369660680196_o.jpg 959w\" sizes=\"auto, (max-width: 640px) 100vw, 640px\" \/><\/a><\/p>\n<p style=\"text-align: right;\"><em>L&rsquo;an dernier c\u2019est Melody de Bernard Bellefroid qui a remport\u00e9 le prix Cinevox au FIFF<\/em><\/p>\n<p>&nbsp;<\/p>\n<p><strong>Comment postuler\u00a0? <\/strong><\/p>\n<p>&nbsp;<\/p>\n<p>Le cin\u00e9ma d&rsquo;ici vous int\u00e9resse\u00a0? Vous avez vu <em>Les G\u00e9ants, La F\u00e9e, Le Gamin au V\u00e9lo<\/em>, mais aussi <em>Les Barons<\/em> et <em>Dikkenek<\/em>? Vous \u00eates capable de d\u00e9fendre un film bec et ongles devant d&rsquo;autres passionn\u00e9s? Alors, vous avez sans doute le profil pour int\u00e9grer le quatuor magique.<\/p>\n<p>&nbsp;<\/p>\n<p>Pour pr\u00e9senter votre candidature, il vous suffit d\u2019avoir plus de 18 ans et de nous envoyer votre critique d\u2019un film belge francophone aux adresses <a href=\"mailto:redaction@cinevox.be\">redaction@cinevox.be<\/a> et <a href=\"mailto:promotion@fiff.be\">promotion@fiff.be<\/a> avant le 26\/8 (objet : jury Cinevox au FIFF).<\/p>\n<p>Expliquez-nous en une dizaine de lignes quel est le dernier film belge que vous avez beaucoup aim\u00e9 et pourquoi. Accompagnez cette critique d&rsquo;une courte pr\u00e9sentation personnelle et d&rsquo;une photo. Les quatre gagnants seront avertis personnellement d\u00e9but septembre.<\/p>\n<p>&nbsp;<\/p>\n<p><a href=\"http:\/\/www.cinevox.be\/wp-content\/uploads\/2015\/08\/10076245316_4f6ffcd6dc_c.jpg\"><img loading=\"lazy\" decoding=\"async\" class=\"aligncenter size-full wp-image-76724\" src=\"http:\/\/www.cinevox.be\/wp-content\/uploads\/2015\/08\/10076245316_4f6ffcd6dc_c.jpg\" alt=\"\" width=\"800\" height=\"520\" srcset=\"https:\/\/w-l-c.be\/wp-content\/uploads\/2015\/08\/10076245316_4f6ffcd6dc_c.jpg 800w, https:\/\/w-l-c.be\/wp-content\/uploads\/2015\/08\/10076245316_4f6ffcd6dc_c-415x270.jpg 415w\" sizes=\"auto, (max-width: 800px) 100vw, 800px\" \/><\/a><\/p>\n<p style=\"text-align: right;\"><em>\u00a0Laur\u00e9at du Prix Cinevox 2013 : \u00a0Yam Dam de Vivian Goffette<\/em><\/p>\n<p>&nbsp;<\/p>\n<p>Pour faire partie de cette formidable aventure, nous vous demandons d\u2019\u00eatre disponibles pendant la semaine du FIFF (en journ\u00e9e ET en soir\u00e9e) pour d\u00e9couvrir tous les films belges francophones en lice. Vous recevrez une accr\u00e9ditation vous permettant d\u2019assister \u00e0 TOUTES les projections.<\/p>\n<p>&nbsp;<\/p>\n<p>Les heureux \u00e9lus, choisis par le Festival, seront pr\u00e9sent\u00e9s sur Cinevox ainsi que sur le site du FIFF. Ils deviendront des ambassadeurs de notre projet et remettront le prix au laur\u00e9at lors de la remise des Prix off du FIFF, le jeudi 8 octobre, en pr\u00e9sence de nombreux professionnels.<\/p>\n<p>&nbsp;<\/p>\n<p><a href=\"http:\/\/www.cinevox.be\/wp-content\/uploads\/2015\/08\/fm_MG_3566.jpg\"><img loading=\"lazy\" decoding=\"async\" class=\"aligncenter size-large wp-image-76725\" src=\"http:\/\/www.cinevox.be\/wp-content\/uploads\/2015\/08\/fm_MG_3566-800x533.jpg\" alt=\"\" width=\"640\" height=\"426\" srcset=\"https:\/\/w-l-c.be\/wp-content\/uploads\/2015\/08\/fm_MG_3566-800x533.jpg 800w, https:\/\/w-l-c.be\/wp-content\/uploads\/2015\/08\/fm_MG_3566-404x270.jpg 404w\" sizes=\"auto, (max-width: 640px) 100vw, 640px\" \/><\/a><\/p>\n<p style=\"text-align: right;\"><em>\u00a0Laur\u00e9at du Premier Prix Cinevox, en 2012 : Hors les Murs de David Lambert<\/em><\/p>\n<p>&nbsp;<\/p>\n<p>Rappelons que, malgr\u00e9 le nom du Prix, les membres du jury sont 100% ind\u00e9pendant de Cinevox. Ils d\u00e9cident seuls, entre eux, du laur\u00e9at, selon des crit\u00e8res qu&rsquo;ils auront eux-m\u00eames \u00e9tablis.<\/p>\n<p>&nbsp;<\/p>\n<p><strong>Int\u00e9ress\u00e9? Alors, foncez sur vos claviers et offrez-nous votre plus pertinente r\u00e9flexion. Soyez original, amusant, surprenant, convaincant, unique\u00a0! Faites-vous plaisir et \u00e9patez-nous\u00a0! Nous attendons vos critiques avec beaucoup de curiosit\u00e9 et d&rsquo;impatience. <\/strong><\/p>\n<p><strong>\u00a0<\/strong><\/p>\n<p>&nbsp;<\/p>\n<p>* une semaine de promotion gratuite en salles offerte par <em>Brightfish<\/em>, la r\u00e9gie publicitaire du cin\u00e9ma qui a imagin\u00e9 le projet Cinevox, en partenariat avec BNP Paribas Fortis et la F\u00e9d\u00e9ration Wallonie-Bruxelles.<\/p>\n<p><strong>\u00a0<\/strong><\/p>\n<p>&nbsp;<\/p>\n","protected":false},"excerpt":{"rendered":"<p>Pour la 4\u00e8me ann\u00e9e cons\u00e9cutive, un Jury Cinevox \u2013 compos\u00e9 de quatre passionn\u00e9s de cin\u00e9ma belge &#8211; d\u00e9cerne, la veille du palmar\u00e8s officiel, un prix tr\u00e8s sp\u00e9cial* au meilleur long m\u00e9trage belge francophone in\u00e9dit projet\u00e9 au FIFF qui se tiendra \u00e0 Namur du 2 au 9 octobre 2015. &nbsp; La liste d\u00e9finitive des films en &hellip;<\/p>\n","protected":false},"author":7,"featured_media":76727,"comment_status":"closed","ping_status":"closed","sticky":false,"template":"","format":"standard","meta":{"ngg_post_thumbnail":0,"footnotes":""},"categories":[1923,12],"tags":[],"class_list":["post-76722","post","type-post","status-publish","format-standard","has-post-thumbnail","","category-en-bref","category-awards"],"yoast_head":"<!-- This site is optimized with the Yoast SEO plugin v20.4 - https:\/\/yoast.com\/wordpress\/plugins\/seo\/ -->\n<title>Vous \u00eates passionn\u00e9 de cin\u00e9ma belge\u00a0? Faites partie du jury Cinevox\u00a0! - w-l-c<\/title>\n<meta name=\"robots\" content=\"noindex, follow, max-snippet:-1, max-image-preview:large, max-video-preview:-1\" \/>\n<meta property=\"og:locale\" content=\"fr_FR\" \/>\n<meta property=\"og:type\" content=\"article\" \/>\n<meta property=\"og:title\" content=\"Vous \u00eates passionn\u00e9 de cin\u00e9ma belge\u00a0? Faites partie du jury Cinevox\u00a0! - w-l-c\" \/>\n<meta property=\"og:description\" content=\"Pour la 4\u00e8me ann\u00e9e cons\u00e9cutive, un Jury Cinevox \u2013 compos\u00e9 de quatre passionn\u00e9s de cin\u00e9ma belge &#8211; d\u00e9cerne, la veille du palmar\u00e8s officiel, un prix tr\u00e8s sp\u00e9cial* au meilleur long m\u00e9trage belge francophone in\u00e9dit projet\u00e9 au FIFF qui se tiendra \u00e0 Namur du 2 au 9 octobre 2015. &nbsp; La liste d\u00e9finitive des films en &hellip;\" \/>\n<meta property=\"og:url\" content=\"https:\/\/w-l-c.be\/fr\/vous-etes-passionne-de-cinema-belge-faites-partie-du-jury-cinevox\/\" \/>\n<meta property=\"og:site_name\" content=\"w-l-c\" \/>\n<meta property=\"article:published_time\" content=\"2015-08-13T11:30:11+00:00\" \/>\n<meta property=\"article:modified_time\" content=\"2015-08-21T12:12:06+00:00\" \/>\n<meta property=\"og:image\" content=\"https:\/\/w-l-c.be\/wp-content\/uploads\/2010\/08\/15302923709_df5eb8b2aa_o.jpg\" \/>\n\t<meta property=\"og:image:width\" content=\"5250\" \/>\n\t<meta property=\"og:image:height\" content=\"3306\" \/>\n\t<meta property=\"og:image:type\" content=\"image\/jpeg\" \/>\n<meta name=\"author\" content=\"Philippe.Pierquin\" \/>\n<meta name=\"twitter:card\" content=\"summary_large_image\" \/>\n<meta name=\"twitter:label1\" content=\"\u00c9crit par\" \/>\n\t<meta name=\"twitter:data1\" content=\"Philippe.Pierquin\" \/>\n\t<meta name=\"twitter:label2\" content=\"Dur\u00e9e de lecture estim\u00e9e\" \/>\n\t<meta name=\"twitter:data2\" content=\"2 minutes\" \/>\n<script type=\"application\/ld+json\" class=\"yoast-schema-graph\">{\"@context\":\"https:\/\/schema.org\",\"@graph\":[{\"@type\":\"WebPage\",\"@id\":\"https:\/\/w-l-c.be\/fr\/vous-etes-passionne-de-cinema-belge-faites-partie-du-jury-cinevox\/\",\"url\":\"https:\/\/w-l-c.be\/fr\/vous-etes-passionne-de-cinema-belge-faites-partie-du-jury-cinevox\/\",\"name\":\"Vous \u00eates passionn\u00e9 de cin\u00e9ma belge\u00a0? Faites partie du jury Cinevox\u00a0! - w-l-c\",\"isPartOf\":{\"@id\":\"https:\/\/w-l-c.be\/fr\/#website\"},\"datePublished\":\"2015-08-13T11:30:11+00:00\",\"dateModified\":\"2015-08-21T12:12:06+00:00\",\"author\":{\"@id\":\"https:\/\/w-l-c.be\/fr\/#\/schema\/person\/4b9b1d857f0943453a38a7c2859ef756\"},\"breadcrumb\":{\"@id\":\"https:\/\/w-l-c.be\/fr\/vous-etes-passionne-de-cinema-belge-faites-partie-du-jury-cinevox\/#breadcrumb\"},\"inLanguage\":\"fr-FR\",\"potentialAction\":[{\"@type\":\"ReadAction\",\"target\":[\"https:\/\/w-l-c.be\/fr\/vous-etes-passionne-de-cinema-belge-faites-partie-du-jury-cinevox\/\"]}]},{\"@type\":\"BreadcrumbList\",\"@id\":\"https:\/\/w-l-c.be\/fr\/vous-etes-passionne-de-cinema-belge-faites-partie-du-jury-cinevox\/#breadcrumb\",\"itemListElement\":[{\"@type\":\"ListItem\",\"position\":1,\"name\":\"Accueil\",\"item\":\"https:\/\/w-l-c.be\/fr\/\"},{\"@type\":\"ListItem\",\"position\":2,\"name\":\"Vous \u00eates passionn\u00e9 de cin\u00e9ma belge\u00a0? Faites partie du jury Cinevox\u00a0!\"}]},{\"@type\":\"WebSite\",\"@id\":\"https:\/\/w-l-c.be\/fr\/#website\",\"url\":\"https:\/\/w-l-c.be\/fr\/\",\"name\":\"w-l-c\",\"description\":\"Le cin\u00e9ma vu par les belges\",\"potentialAction\":[{\"@type\":\"SearchAction\",\"target\":{\"@type\":\"EntryPoint\",\"urlTemplate\":\"https:\/\/w-l-c.be\/fr\/?s={search_term_string}\"},\"query-input\":\"required name=search_term_string\"}],\"inLanguage\":\"fr-FR\"},{\"@type\":\"Person\",\"@id\":\"https:\/\/w-l-c.be\/fr\/#\/schema\/person\/4b9b1d857f0943453a38a7c2859ef756\",\"name\":\"Philippe.Pierquin\",\"url\":\"https:\/\/w-l-c.be\/fr\/author\/philippe-pierquin\/\"}]}<\/script>\n<!-- \/ Yoast SEO plugin. -->","yoast_head_json":{"title":"Vous \u00eates passionn\u00e9 de cin\u00e9ma belge\u00a0? Faites partie du jury Cinevox\u00a0! - w-l-c","robots":{"index":"noindex","follow":"follow","max-snippet":"max-snippet:-1","max-image-preview":"max-image-preview:large","max-video-preview":"max-video-preview:-1"},"og_locale":"fr_FR","og_type":"article","og_title":"Vous \u00eates passionn\u00e9 de cin\u00e9ma belge\u00a0? Faites partie du jury Cinevox\u00a0! - w-l-c","og_description":"Pour la 4\u00e8me ann\u00e9e cons\u00e9cutive, un Jury Cinevox \u2013 compos\u00e9 de quatre passionn\u00e9s de cin\u00e9ma belge &#8211; d\u00e9cerne, la veille du palmar\u00e8s officiel, un prix tr\u00e8s sp\u00e9cial* au meilleur long m\u00e9trage belge francophone in\u00e9dit projet\u00e9 au FIFF qui se tiendra \u00e0 Namur du 2 au 9 octobre 2015. &nbsp; La liste d\u00e9finitive des films en &hellip;","og_url":"https:\/\/w-l-c.be\/fr\/vous-etes-passionne-de-cinema-belge-faites-partie-du-jury-cinevox\/","og_site_name":"w-l-c","article_published_time":"2015-08-13T11:30:11+00:00","article_modified_time":"2015-08-21T12:12:06+00:00","og_image":[{"width":5250,"height":3306,"url":"https:\/\/w-l-c.be\/wp-content\/uploads\/2010\/08\/15302923709_df5eb8b2aa_o.jpg","type":"image\/jpeg"}],"author":"Philippe.Pierquin","twitter_card":"summary_large_image","twitter_misc":{"\u00c9crit par":"Philippe.Pierquin","Dur\u00e9e de lecture estim\u00e9e":"2 minutes"},"schema":{"@context":"https:\/\/schema.org","@graph":[{"@type":"WebPage","@id":"https:\/\/w-l-c.be\/fr\/vous-etes-passionne-de-cinema-belge-faites-partie-du-jury-cinevox\/","url":"https:\/\/w-l-c.be\/fr\/vous-etes-passionne-de-cinema-belge-faites-partie-du-jury-cinevox\/","name":"Vous \u00eates passionn\u00e9 de cin\u00e9ma belge\u00a0? Faites partie du jury Cinevox\u00a0! - w-l-c","isPartOf":{"@id":"https:\/\/w-l-c.be\/fr\/#website"},"datePublished":"2015-08-13T11:30:11+00:00","dateModified":"2015-08-21T12:12:06+00:00","author":{"@id":"https:\/\/w-l-c.be\/fr\/#\/schema\/person\/4b9b1d857f0943453a38a7c2859ef756"},"breadcrumb":{"@id":"https:\/\/w-l-c.be\/fr\/vous-etes-passionne-de-cinema-belge-faites-partie-du-jury-cinevox\/#breadcrumb"},"inLanguage":"fr-FR","potentialAction":[{"@type":"ReadAction","target":["https:\/\/w-l-c.be\/fr\/vous-etes-passionne-de-cinema-belge-faites-partie-du-jury-cinevox\/"]}]},{"@type":"BreadcrumbList","@id":"https:\/\/w-l-c.be\/fr\/vous-etes-passionne-de-cinema-belge-faites-partie-du-jury-cinevox\/#breadcrumb","itemListElement":[{"@type":"ListItem","position":1,"name":"Accueil","item":"https:\/\/w-l-c.be\/fr\/"},{"@type":"ListItem","position":2,"name":"Vous \u00eates passionn\u00e9 de cin\u00e9ma belge\u00a0? Faites partie du jury Cinevox\u00a0!"}]},{"@type":"WebSite","@id":"https:\/\/w-l-c.be\/fr\/#website","url":"https:\/\/w-l-c.be\/fr\/","name":"w-l-c","description":"Le cin\u00e9ma vu par les belges","potentialAction":[{"@type":"SearchAction","target":{"@type":"EntryPoint","urlTemplate":"https:\/\/w-l-c.be\/fr\/?s={search_term_string}"},"query-input":"required name=search_term_string"}],"inLanguage":"fr-FR"},{"@type":"Person","@id":"https:\/\/w-l-c.be\/fr\/#\/schema\/person\/4b9b1d857f0943453a38a7c2859ef756","name":"Philippe.Pierquin","url":"https:\/\/w-l-c.be\/fr\/author\/philippe-pierquin\/"}]}},"_links":{"self":[{"href":"https:\/\/w-l-c.be\/fr\/wp-json\/wp\/v2\/posts\/76722","targetHints":{"allow":["GET"]}}],"collection":[{"href":"https:\/\/w-l-c.be\/fr\/wp-json\/wp\/v2\/posts"}],"about":[{"href":"https:\/\/w-l-c.be\/fr\/wp-json\/wp\/v2\/types\/post"}],"author":[{"embeddable":true,"href":"https:\/\/w-l-c.be\/fr\/wp-json\/wp\/v2\/users\/7"}],"replies":[{"embeddable":true,"href":"https:\/\/w-l-c.be\/fr\/wp-json\/wp\/v2\/comments?post=76722"}],"version-history":[{"count":0,"href":"https:\/\/w-l-c.be\/fr\/wp-json\/wp\/v2\/posts\/76722\/revisions"}],"wp:featuredmedia":[{"embeddable":true,"href":"https:\/\/w-l-c.be\/fr\/wp-json\/wp\/v2\/media\/76727"}],"wp:attachment":[{"href":"https:\/\/w-l-c.be\/fr\/wp-json\/wp\/v2\/media?parent=76722"}],"wp:term":[{"taxonomy":"category","embeddable":true,"href":"https:\/\/w-l-c.be\/fr\/wp-json\/wp\/v2\/categories?post=76722"},{"taxonomy":"post_tag","embeddable":true,"href":"https:\/\/w-l-c.be\/fr\/wp-json\/wp\/v2\/tags?post=76722"}],"curies":[{"name":"wp","href":"https:\/\/api.w.org\/{rel}","templated":true}]}}