
{"id":76783,"date":"2015-08-13T21:02:24","date_gmt":"2015-08-13T19:02:24","guid":{"rendered":"http:\/\/www.cinevox.be\/?p=76783"},"modified":"2015-08-16T09:49:52","modified_gmt":"2015-08-16T07:49:52","slug":"76783","status":"publish","type":"post","link":"https:\/\/w-l-c.be\/fr\/76783\/","title":{"rendered":"Toronto accueille Les Chevaliers Blancs \u00e0 bras ouverts"},"content":{"rendered":"<p><strong><em>Les chevaliers blancs<\/em>, sixi\u00e8me long m\u00e9trage de Joachim Lafosse, concourra dans la toute nouvelle section comp\u00e9titive du Festival international du Film de Toronto. <\/strong><\/p>\n<p><strong>Annonc\u00e9e ce matin, la section Platform sera d\u00e9di\u00e9e aux films \u00ab d\u2019un tr\u00e8s haut m\u00e9rite artistique, qui d\u00e9montrent une vision forte de r\u00e9alisateur \u00bb et mettra en comp\u00e9tition 12 films en premi\u00e8re mondiale.<\/strong><\/p>\n<p><!--more--><\/p>\n<p>Le festival de Toronto, dont la quaranti\u00e8me \u00e9dition se d\u00e9roulera du 10 au 20 septembre, est consid\u00e9r\u00e9 comme le principal festival d\u2019Am\u00e9rique du Nord et l\u2019un des plus importants au monde.<\/p>\n<p>&nbsp;<\/p>\n<p><em>Les chevaliers blancs<\/em> concourra au titre de Meilleur Film, r\u00e9compens\u00e9 d\u2019un prix de 25 000 dollars.<\/p>\n<p>Le jury international sera compos\u00e9 du Chinois Jia Zhang-ke, de la Fran\u00e7aise Claire Denis et la Polonaise Agnieszka Holland.<\/p>\n<p>&nbsp;<\/p>\n<p><a href=\"http:\/\/www.cinevox.be\/wp-content\/uploads\/2015\/08\/unnamed-1.jpg\"><img loading=\"lazy\" decoding=\"async\" class=\"aligncenter  wp-image-76784\" src=\"http:\/\/www.cinevox.be\/wp-content\/uploads\/2015\/08\/unnamed-1.jpg\" alt=\"\" width=\"622\" height=\"226\" srcset=\"https:\/\/w-l-c.be\/wp-content\/uploads\/2015\/08\/unnamed-1.jpg 550w, https:\/\/w-l-c.be\/wp-content\/uploads\/2015\/08\/unnamed-1-480x174.jpg 480w\" sizes=\"auto, (max-width: 622px) 100vw, 622px\" \/><\/a><\/p>\n<p>&nbsp;<\/p>\n<p><em>Les chevaliers blancs<\/em>, tourn\u00e9 dans la r\u00e9gion d\u2019Erfoud au Maroc, s\u2019inspire de l\u2019affaire de l\u2019Arche de Zo\u00e9 qui a d\u00e9fray\u00e9 la chronique en 2007. Le sc\u00e9nario, \u00e9crit par Joachim Lafosse, Thomas Van Zuylen et Bulle Decarpentries, sonde \u00ab les limites et les complexit\u00e9s de l\u2019intervention humanitaire en Afrique \u00bb.<\/p>\n<p>Vincent Lindon y incarne un directeur d\u2019ONG charismatique et Val\u00e9rie Donzelli une journaliste venue observer une op\u00e9ration visant \u00e0 extraire 300 orphelins, victimes de la guerre civile dans l\u2019Ouest du Soudan.<\/p>\n<p>A leurs c\u00f4t\u00e9s, on retrouve Louise Bourgoin et Reda Kateb mais aussi St\u00e9phane Bissot, Rapha\u00eblle Bruneau, Jean-Henri Comp\u00e8re, Philippe Rebbot, Yannick Renier, T atiana Rojo, Catherine Sal\u00e9e, Luc Van Grunderbeeck et Bintou Rimtobaye.<\/p>\n<p>&nbsp;<\/p>\n<p><a href=\"http:\/\/www.cinevox.be\/wp-content\/uploads\/2015\/08\/The-White-Knights-3.jpg\"><img loading=\"lazy\" decoding=\"async\" class=\"aligncenter size-large wp-image-76785\" src=\"http:\/\/www.cinevox.be\/wp-content\/uploads\/2015\/08\/The-White-Knights-3-800x340.jpg\" alt=\"\" width=\"640\" height=\"272\" srcset=\"https:\/\/w-l-c.be\/wp-content\/uploads\/2015\/08\/The-White-Knights-3-800x340.jpg 800w, https:\/\/w-l-c.be\/wp-content\/uploads\/2015\/08\/The-White-Knights-3-480x204.jpg 480w, https:\/\/w-l-c.be\/wp-content\/uploads\/2015\/08\/The-White-Knights-3.jpg 1831w\" sizes=\"auto, (max-width: 640px) 100vw, 640px\" \/><\/a><\/p>\n<p>&nbsp;<\/p>\n<p>Vendu \u00e0 l\u2019international par Indie Sales, <em>Les chevaliers blancs<\/em> sera distribu\u00e9 en Belgique par O\u2019Brother distribution et en France par Le Pacte. La sortie en salles est pr\u00e9vue pour Janvier 2016.<\/p>\n<p><em>Les chevaliers blancs<\/em> est une coproduction entre Versus production (Jacques-Henri et Olivier Bronckart) en Belgique, Les films du Worso (Sylvie Pialat) en France, avec France 3 Cin\u00e9ma, BNP Paribas Fortis Film Finance, Le Pacte, Prime Time, RTBF et Proximus. Avec la participation de Canal+, Cin\u00e9+, France T\u00e9l\u00e9visions.<\/p>\n<p>Avec le soutien du Tax shelter du Gouvernement F\u00e9d\u00e9ral Belge, Inver Invest, Indie Sales Company, Indie Invest et Soficin\u00e9ma. Avec le soutien du Centre du Cin\u00e9ma et de l\u2019Audiovisuel de la F\u00e9d\u00e9ration Wallonie-Bruxelles, de la Wallonie et la R\u00e9gion Bruxelles-Capitale, d\u2019 Eurimages, le Programme MEDIA de la Communaut\u00e9 Europ\u00e9enne, de VOO et du Vlaams Audiovisueel Fonds.<\/p>\n<p>D\u2019autres films belges francophones pr\u00e9sent\u00e9s dans d\u2018autres sections seront annonc\u00e9s prochainement<\/p>\n","protected":false},"excerpt":{"rendered":"<p>Les chevaliers blancs, sixi\u00e8me long m\u00e9trage de Joachim Lafosse, concourra dans la toute nouvelle section comp\u00e9titive du Festival international du Film de Toronto. Annonc\u00e9e ce matin, la section Platform sera d\u00e9di\u00e9e aux films \u00ab d\u2019un tr\u00e8s haut m\u00e9rite artistique, qui d\u00e9montrent une vision forte de r\u00e9alisateur \u00bb et mettra en comp\u00e9tition 12 films en premi\u00e8re &hellip;<\/p>\n","protected":false},"author":7,"featured_media":76787,"comment_status":"closed","ping_status":"closed","sticky":false,"template":"","format":"standard","meta":{"ngg_post_thumbnail":0,"footnotes":""},"categories":[12],"tags":[],"class_list":["post-76783","post","type-post","status-publish","format-standard","has-post-thumbnail","","category-awards"],"yoast_head":"<!-- This site is optimized with the Yoast SEO plugin v20.4 - https:\/\/yoast.com\/wordpress\/plugins\/seo\/ -->\n<title>Toronto accueille Les Chevaliers Blancs \u00e0 bras ouverts - w-l-c<\/title>\n<meta name=\"robots\" content=\"noindex, follow, max-snippet:-1, max-image-preview:large, max-video-preview:-1\" \/>\n<meta property=\"og:locale\" content=\"fr_FR\" \/>\n<meta property=\"og:type\" content=\"article\" \/>\n<meta property=\"og:title\" content=\"Toronto accueille Les Chevaliers Blancs \u00e0 bras ouverts - w-l-c\" \/>\n<meta property=\"og:description\" content=\"Les chevaliers blancs, sixi\u00e8me long m\u00e9trage de Joachim Lafosse, concourra dans la toute nouvelle section comp\u00e9titive du Festival international du Film de Toronto. Annonc\u00e9e ce matin, la section Platform sera d\u00e9di\u00e9e aux films \u00ab d\u2019un tr\u00e8s haut m\u00e9rite artistique, qui d\u00e9montrent une vision forte de r\u00e9alisateur \u00bb et mettra en comp\u00e9tition 12 films en premi\u00e8re &hellip;\" \/>\n<meta property=\"og:url\" content=\"https:\/\/w-l-c.be\/fr\/76783\/\" \/>\n<meta property=\"og:site_name\" content=\"w-l-c\" \/>\n<meta property=\"article:published_time\" content=\"2015-08-13T19:02:24+00:00\" \/>\n<meta property=\"article:modified_time\" content=\"2015-08-16T07:49:52+00:00\" \/>\n<meta property=\"og:image\" content=\"https:\/\/w-l-c.be\/wp-content\/uploads\/2015\/08\/FN0A9015-Edit-2.jpg\" \/>\n\t<meta property=\"og:image:width\" content=\"1831\" \/>\n\t<meta property=\"og:image:height\" content=\"779\" \/>\n\t<meta property=\"og:image:type\" content=\"image\/jpeg\" \/>\n<meta name=\"author\" content=\"Philippe.Pierquin\" \/>\n<meta name=\"twitter:card\" content=\"summary_large_image\" \/>\n<meta name=\"twitter:label1\" content=\"\u00c9crit par\" \/>\n\t<meta name=\"twitter:data1\" content=\"Philippe.Pierquin\" \/>\n\t<meta name=\"twitter:label2\" content=\"Dur\u00e9e de lecture estim\u00e9e\" \/>\n\t<meta name=\"twitter:data2\" content=\"2 minutes\" \/>\n<script type=\"application\/ld+json\" class=\"yoast-schema-graph\">{\"@context\":\"https:\/\/schema.org\",\"@graph\":[{\"@type\":\"WebPage\",\"@id\":\"https:\/\/w-l-c.be\/fr\/76783\/\",\"url\":\"https:\/\/w-l-c.be\/fr\/76783\/\",\"name\":\"Toronto accueille Les Chevaliers Blancs \u00e0 bras ouverts - w-l-c\",\"isPartOf\":{\"@id\":\"https:\/\/w-l-c.be\/fr\/#website\"},\"datePublished\":\"2015-08-13T19:02:24+00:00\",\"dateModified\":\"2015-08-16T07:49:52+00:00\",\"author\":{\"@id\":\"https:\/\/w-l-c.be\/fr\/#\/schema\/person\/4b9b1d857f0943453a38a7c2859ef756\"},\"breadcrumb\":{\"@id\":\"https:\/\/w-l-c.be\/fr\/76783\/#breadcrumb\"},\"inLanguage\":\"fr-FR\",\"potentialAction\":[{\"@type\":\"ReadAction\",\"target\":[\"https:\/\/w-l-c.be\/fr\/76783\/\"]}]},{\"@type\":\"BreadcrumbList\",\"@id\":\"https:\/\/w-l-c.be\/fr\/76783\/#breadcrumb\",\"itemListElement\":[{\"@type\":\"ListItem\",\"position\":1,\"name\":\"Accueil\",\"item\":\"https:\/\/w-l-c.be\/fr\/\"},{\"@type\":\"ListItem\",\"position\":2,\"name\":\"Toronto accueille Les Chevaliers Blancs \u00e0 bras ouverts\"}]},{\"@type\":\"WebSite\",\"@id\":\"https:\/\/w-l-c.be\/fr\/#website\",\"url\":\"https:\/\/w-l-c.be\/fr\/\",\"name\":\"w-l-c\",\"description\":\"Le cin\u00e9ma vu par les belges\",\"potentialAction\":[{\"@type\":\"SearchAction\",\"target\":{\"@type\":\"EntryPoint\",\"urlTemplate\":\"https:\/\/w-l-c.be\/fr\/?s={search_term_string}\"},\"query-input\":\"required name=search_term_string\"}],\"inLanguage\":\"fr-FR\"},{\"@type\":\"Person\",\"@id\":\"https:\/\/w-l-c.be\/fr\/#\/schema\/person\/4b9b1d857f0943453a38a7c2859ef756\",\"name\":\"Philippe.Pierquin\",\"url\":\"https:\/\/w-l-c.be\/fr\/author\/philippe-pierquin\/\"}]}<\/script>\n<!-- \/ Yoast SEO plugin. -->","yoast_head_json":{"title":"Toronto accueille Les Chevaliers Blancs \u00e0 bras ouverts - w-l-c","robots":{"index":"noindex","follow":"follow","max-snippet":"max-snippet:-1","max-image-preview":"max-image-preview:large","max-video-preview":"max-video-preview:-1"},"og_locale":"fr_FR","og_type":"article","og_title":"Toronto accueille Les Chevaliers Blancs \u00e0 bras ouverts - w-l-c","og_description":"Les chevaliers blancs, sixi\u00e8me long m\u00e9trage de Joachim Lafosse, concourra dans la toute nouvelle section comp\u00e9titive du Festival international du Film de Toronto. Annonc\u00e9e ce matin, la section Platform sera d\u00e9di\u00e9e aux films \u00ab d\u2019un tr\u00e8s haut m\u00e9rite artistique, qui d\u00e9montrent une vision forte de r\u00e9alisateur \u00bb et mettra en comp\u00e9tition 12 films en premi\u00e8re &hellip;","og_url":"https:\/\/w-l-c.be\/fr\/76783\/","og_site_name":"w-l-c","article_published_time":"2015-08-13T19:02:24+00:00","article_modified_time":"2015-08-16T07:49:52+00:00","og_image":[{"width":1831,"height":779,"url":"https:\/\/w-l-c.be\/wp-content\/uploads\/2015\/08\/FN0A9015-Edit-2.jpg","type":"image\/jpeg"}],"author":"Philippe.Pierquin","twitter_card":"summary_large_image","twitter_misc":{"\u00c9crit par":"Philippe.Pierquin","Dur\u00e9e de lecture estim\u00e9e":"2 minutes"},"schema":{"@context":"https:\/\/schema.org","@graph":[{"@type":"WebPage","@id":"https:\/\/w-l-c.be\/fr\/76783\/","url":"https:\/\/w-l-c.be\/fr\/76783\/","name":"Toronto accueille Les Chevaliers Blancs \u00e0 bras ouverts - w-l-c","isPartOf":{"@id":"https:\/\/w-l-c.be\/fr\/#website"},"datePublished":"2015-08-13T19:02:24+00:00","dateModified":"2015-08-16T07:49:52+00:00","author":{"@id":"https:\/\/w-l-c.be\/fr\/#\/schema\/person\/4b9b1d857f0943453a38a7c2859ef756"},"breadcrumb":{"@id":"https:\/\/w-l-c.be\/fr\/76783\/#breadcrumb"},"inLanguage":"fr-FR","potentialAction":[{"@type":"ReadAction","target":["https:\/\/w-l-c.be\/fr\/76783\/"]}]},{"@type":"BreadcrumbList","@id":"https:\/\/w-l-c.be\/fr\/76783\/#breadcrumb","itemListElement":[{"@type":"ListItem","position":1,"name":"Accueil","item":"https:\/\/w-l-c.be\/fr\/"},{"@type":"ListItem","position":2,"name":"Toronto accueille Les Chevaliers Blancs \u00e0 bras ouverts"}]},{"@type":"WebSite","@id":"https:\/\/w-l-c.be\/fr\/#website","url":"https:\/\/w-l-c.be\/fr\/","name":"w-l-c","description":"Le cin\u00e9ma vu par les belges","potentialAction":[{"@type":"SearchAction","target":{"@type":"EntryPoint","urlTemplate":"https:\/\/w-l-c.be\/fr\/?s={search_term_string}"},"query-input":"required name=search_term_string"}],"inLanguage":"fr-FR"},{"@type":"Person","@id":"https:\/\/w-l-c.be\/fr\/#\/schema\/person\/4b9b1d857f0943453a38a7c2859ef756","name":"Philippe.Pierquin","url":"https:\/\/w-l-c.be\/fr\/author\/philippe-pierquin\/"}]}},"_links":{"self":[{"href":"https:\/\/w-l-c.be\/fr\/wp-json\/wp\/v2\/posts\/76783","targetHints":{"allow":["GET"]}}],"collection":[{"href":"https:\/\/w-l-c.be\/fr\/wp-json\/wp\/v2\/posts"}],"about":[{"href":"https:\/\/w-l-c.be\/fr\/wp-json\/wp\/v2\/types\/post"}],"author":[{"embeddable":true,"href":"https:\/\/w-l-c.be\/fr\/wp-json\/wp\/v2\/users\/7"}],"replies":[{"embeddable":true,"href":"https:\/\/w-l-c.be\/fr\/wp-json\/wp\/v2\/comments?post=76783"}],"version-history":[{"count":0,"href":"https:\/\/w-l-c.be\/fr\/wp-json\/wp\/v2\/posts\/76783\/revisions"}],"wp:featuredmedia":[{"embeddable":true,"href":"https:\/\/w-l-c.be\/fr\/wp-json\/wp\/v2\/media\/76787"}],"wp:attachment":[{"href":"https:\/\/w-l-c.be\/fr\/wp-json\/wp\/v2\/media?parent=76783"}],"wp:term":[{"taxonomy":"category","embeddable":true,"href":"https:\/\/w-l-c.be\/fr\/wp-json\/wp\/v2\/categories?post=76783"},{"taxonomy":"post_tag","embeddable":true,"href":"https:\/\/w-l-c.be\/fr\/wp-json\/wp\/v2\/tags?post=76783"}],"curies":[{"name":"wp","href":"https:\/\/api.w.org\/{rel}","templated":true}]}}