
{"id":77497,"date":"2015-09-07T08:15:02","date_gmt":"2015-09-07T06:15:02","guid":{"rendered":"http:\/\/www.cinevox.be\/?p=77497"},"modified":"2015-09-07T10:05:04","modified_gmt":"2015-09-07T08:05:04","slug":"nous-quatre-en-avant-premiere-a-liege-cest-deux-fois-sold-out","status":"publish","type":"post","link":"https:\/\/w-l-c.be\/fr\/nous-quatre-en-avant-premiere-a-liege-cest-deux-fois-sold-out\/","title":{"rendered":"Nous Quatre en avant-premi\u00e8re \u00e0 Li\u00e8ge: c\u2019est (deux fois) sold out"},"content":{"rendered":"<p>On vous a d\u00e9j\u00e0 parl\u00e9 \u00e0 plusieurs reprises du projet <em>Nous Quatre<\/em>, long m\u00e9trage de <strong>St\u00e9phane H\u00e9nocque<\/strong> tourn\u00e9 \u00e0 l\u2019arrache en quelques jours avec un quatuor de jeunes acteurs et quelques seconds r\u00f4les solides qu\u2019on a l\u2019habitude de voir dans le cin\u00e9ma belge.<\/p>\n<p><a href=\"http:\/\/www.cinevox.be\/nous-quatre-la-bande-annonce-2\">La bande-annonce du film<\/a> avait provoqu\u00e9 sur Cinevox un raz de mar\u00e9e intrigant, devenant une des vid\u00e9os les plus regard\u00e9es sur le site en 2014.<!--more--><\/p>\n<p>&nbsp;<\/p>\n<p>&nbsp;<\/p>\n<p>&nbsp;<\/p>\n<p>En septembre dernier, nous annoncions que le jeune r\u00e9alisateur envisageait d\u2019en tourner une nouvelle version, plus professionnelle, avec un vrai budget. L\u00e0 encore, <a href=\"http:\/\/www.cinevox.be\/nous-quatre-clap-deuxieme\/\">l\u2019article<\/a> fit le buzz.<\/p>\n<p>Malheureusement deux avis n\u00e9gatifs de la commission de s\u00e9lection des films perturb\u00e8rent les plans des producteurs. Confront\u00e9e \u00e0 des recommandations et des d\u00e9cisions apparemment contradictoires, l\u2019\u00e9quipe du film h\u00e9sitait d\u00e9sormais sur la strat\u00e9gie \u00e0 adopter.<\/p>\n<p>&nbsp;<\/p>\n<p><a href=\"http:\/\/www.cinevox.be\/wp-content\/uploads\/2015\/09\/Renaud-Rutten.png\"><img loading=\"lazy\" decoding=\"async\" class=\"aligncenter size-large wp-image-77498\" src=\"http:\/\/www.cinevox.be\/wp-content\/uploads\/2015\/09\/Renaud-Rutten-800x332.png\" alt=\"\" width=\"640\" height=\"265\" srcset=\"https:\/\/w-l-c.be\/wp-content\/uploads\/2015\/09\/Renaud-Rutten-800x332.png 800w, https:\/\/w-l-c.be\/wp-content\/uploads\/2015\/09\/Renaud-Rutten-480x199.png 480w, https:\/\/w-l-c.be\/wp-content\/uploads\/2015\/09\/Renaud-Rutten.png 1438w\" sizes=\"auto, (max-width: 640px) 100vw, 640px\" \/><\/a><\/p>\n<p style=\"text-align: right;\"><em>Renaud Rutten, tr\u00e8s pr\u00e9sent au d\u00e9but du film est juste formidable<\/em><\/p>\n<p>&nbsp;<\/p>\n<p>Loin de se laisser d\u00e9monter, St\u00e9phane a alors pris le taureau par les cornes et remis son film sur l\u2019\u00e9tabli. <em>Nous Quatre<\/em> a donc \u00e9t\u00e9 remont\u00e9, mix\u00e9, \u00e9talonn\u00e9 et, comme nous l\u2019avions d\u00e9j\u00e0 expliqu\u00e9, il sera pr\u00e9sent\u00e9 en Premi\u00e8re intergalactique ce mardi 8 septembre, 20h, au Kinepolis de li\u00e8ge.<\/p>\n<p>&nbsp;<\/p>\n<p>Particularit\u00e9 de la soir\u00e9e: une premi\u00e8re salle de 700 places a \u00e9t\u00e9 imm\u00e9diatement prise d\u2019assaut (les tickets ont \u00e9t\u00e9 pay\u00e9s, il ne s\u2019agit pas d\u2019intentions vagues) et une deuxi\u00e8me de 400 a \u00e9t\u00e9 propos\u00e9e au public avec un \u00e9gal succ\u00e8s. \u00c0 tel point qu\u2019au moment d\u2019\u00e9crire ces lignes il reste \u00e0 peine une dizaine de places en vente pour les retardataires.<\/p>\n<p>&nbsp;<\/p>\n<p><a href=\"http:\/\/www.cinevox.be\/wp-content\/uploads\/2015\/09\/Florian-seul.png\"><img loading=\"lazy\" decoding=\"async\" class=\"aligncenter size-large wp-image-77499\" src=\"http:\/\/www.cinevox.be\/wp-content\/uploads\/2015\/09\/Florian-seul-800x332.png\" alt=\"\" width=\"640\" height=\"265\" srcset=\"https:\/\/w-l-c.be\/wp-content\/uploads\/2015\/09\/Florian-seul-800x332.png 800w, https:\/\/w-l-c.be\/wp-content\/uploads\/2015\/09\/Florian-seul-480x199.png 480w, https:\/\/w-l-c.be\/wp-content\/uploads\/2015\/09\/Florian-seul.png 1434w\" sizes=\"auto, (max-width: 640px) 100vw, 640px\" \/><\/a><\/p>\n<p>&nbsp;<\/p>\n<p>Dingue? Oui, carr\u00e9ment, quand on sait que certains longs m\u00e9trages professionnels (et non des moindres), sur l\u2019ensemble de leur carri\u00e8re commerciale, n\u2019atteignent m\u00eame pas ce chiffre. 1100 tickets vendus pour un film autoproduit (quelques milliers d&rsquo;euros \u00e0 peine) par un jeune r\u00e9al venu de nulle part sans aucun piston, c\u2019est presque du d\u00e9lire.<\/p>\n<p>Et \u00e7a fait du bien !<\/p>\n<p>(m\u00eame si \u00e7a pose in\u00e9vitablement des questions sur l&rsquo;enthousiasme, ou le manque d&rsquo;enthousiasme, qui entoure certaines sorties \u00ab\u00a0officielles\u00a0\u00bb)<\/p>\n<p>&nbsp;<\/p>\n<p>&nbsp;<\/p>\n<p><a href=\"http:\/\/www.cinevox.be\/wp-content\/uploads\/2015\/09\/11209487_850831488320688_4855323911476793323_n.jpg\"><img loading=\"lazy\" decoding=\"async\" class=\"aligncenter size-full wp-image-77500\" src=\"http:\/\/www.cinevox.be\/wp-content\/uploads\/2015\/09\/11209487_850831488320688_4855323911476793323_n.jpg\" alt=\"\" width=\"640\" height=\"480\" srcset=\"https:\/\/w-l-c.be\/wp-content\/uploads\/2015\/09\/11209487_850831488320688_4855323911476793323_n.jpg 640w, https:\/\/w-l-c.be\/wp-content\/uploads\/2015\/09\/11209487_850831488320688_4855323911476793323_n-360x270.jpg 360w, https:\/\/w-l-c.be\/wp-content\/uploads\/2015\/09\/11209487_850831488320688_4855323911476793323_n-300x225.jpg 300w\" sizes=\"auto, (max-width: 640px) 100vw, 640px\" \/><\/a><\/p>\n<p style=\"text-align: right;\"><em>\u00a0St\u00e9phane H\u00e9nocque \u00e0 Cannes avec un proph\u00e8te (incognito)<\/em><\/p>\n<p>&nbsp;<\/p>\n<p>&nbsp;<\/p>\n<p>Vu l\u2019engouement, il est possible que cette version du film soit finalement exploit\u00e9e en salles et que St\u00e9phane passera ensuite \u00e0 autre chose, un projet sur la boxe sans doute, qui le tient en haleine depuis longtemps.<\/p>\n<p>&nbsp;<\/p>\n<p>En attendant, son c\u0153ur battra beaucoup plus vite que d\u2019habitude mardi soir. Voir un de ses r\u00eaves les plus fous se r\u00e9aliser est un plaisir divin. Qui n\u2019est pas \u00e0 la port\u00e9e de tous.<\/p>\n<p>&nbsp;<\/p>\n<p>\u00a0\u00bb Le premier film que Fran\u00e7ois Huberty (qui joue dans le film) et moi avons vu dans cette salle 4 du Kinepolis Rocourt \u00e9tait \u00ab\u00a0Le monde Perdu, Jurassic Park\u00a0\u00bb en 1997. Le complexe venait d&rsquo;ouvrir. Bien s\u00fbr, nous ne nous connaissions pas \u00e0 l&rsquo;\u00e9poque, mais on avait d\u00e9j\u00e0 un point commun, un r\u00eave un peu idiot pour certain, tr\u00e8s fort pour d&rsquo;autres&#8230; c&rsquo;\u00e9tait de se dire qu&rsquo;un jour, nous aussi, on serait sur cet \u00e9cran-l\u00e0! Je crois que c&rsquo;est fait!\u00a0\u00bb<\/p>\n<p>&nbsp;<\/p>\n<p>&nbsp;<\/p>\n<p>&nbsp;<\/p>\n<p>&nbsp;<\/p>\n<p>&nbsp;<\/p>\n<p>&nbsp;<\/p>\n<p>&nbsp;<\/p>\n<p>&nbsp;<\/p>\n","protected":false},"excerpt":{"rendered":"<p>On vous a d\u00e9j\u00e0 parl\u00e9 \u00e0 plusieurs reprises du projet Nous Quatre, long m\u00e9trage de St\u00e9phane H\u00e9nocque tourn\u00e9 \u00e0 l\u2019arrache en quelques jours avec un quatuor de jeunes acteurs et quelques seconds r\u00f4les solides qu\u2019on a l\u2019habitude de voir dans le cin\u00e9ma belge. La bande-annonce du film avait provoqu\u00e9 sur Cinevox un raz de mar\u00e9e &hellip;<\/p>\n","protected":false},"author":7,"featured_media":77502,"comment_status":"closed","ping_status":"closed","sticky":false,"template":"","format":"standard","meta":{"ngg_post_thumbnail":0,"footnotes":""},"categories":[1923],"tags":[],"class_list":["post-77497","post","type-post","status-publish","format-standard","has-post-thumbnail","","category-en-bref"],"yoast_head":"<!-- This site is optimized with the Yoast SEO plugin v20.4 - https:\/\/yoast.com\/wordpress\/plugins\/seo\/ -->\n<title>Nous Quatre en avant-premi\u00e8re \u00e0 Li\u00e8ge: c\u2019est (deux fois) sold out - w-l-c<\/title>\n<meta name=\"robots\" content=\"noindex, follow, max-snippet:-1, max-image-preview:large, max-video-preview:-1\" \/>\n<meta property=\"og:locale\" content=\"fr_FR\" \/>\n<meta property=\"og:type\" content=\"article\" \/>\n<meta property=\"og:title\" content=\"Nous Quatre en avant-premi\u00e8re \u00e0 Li\u00e8ge: c\u2019est (deux fois) sold out - w-l-c\" \/>\n<meta property=\"og:description\" content=\"On vous a d\u00e9j\u00e0 parl\u00e9 \u00e0 plusieurs reprises du projet Nous Quatre, long m\u00e9trage de St\u00e9phane H\u00e9nocque tourn\u00e9 \u00e0 l\u2019arrache en quelques jours avec un quatuor de jeunes acteurs et quelques seconds r\u00f4les solides qu\u2019on a l\u2019habitude de voir dans le cin\u00e9ma belge. La bande-annonce du film avait provoqu\u00e9 sur Cinevox un raz de mar\u00e9e &hellip;\" \/>\n<meta property=\"og:url\" content=\"https:\/\/w-l-c.be\/fr\/nous-quatre-en-avant-premiere-a-liege-cest-deux-fois-sold-out\/\" \/>\n<meta property=\"og:site_name\" content=\"w-l-c\" \/>\n<meta property=\"article:published_time\" content=\"2015-09-07T06:15:02+00:00\" \/>\n<meta property=\"article:modified_time\" content=\"2015-09-07T08:05:04+00:00\" \/>\n<meta property=\"og:image\" content=\"https:\/\/w-l-c.be\/wp-content\/uploads\/2010\/09\/Pierre-seul-2.png\" \/>\n\t<meta property=\"og:image:width\" content=\"1431\" \/>\n\t<meta property=\"og:image:height\" content=\"590\" \/>\n\t<meta property=\"og:image:type\" content=\"image\/png\" \/>\n<meta name=\"author\" content=\"Philippe.Pierquin\" \/>\n<meta name=\"twitter:card\" content=\"summary_large_image\" \/>\n<meta name=\"twitter:label1\" content=\"\u00c9crit par\" \/>\n\t<meta name=\"twitter:data1\" content=\"Philippe.Pierquin\" \/>\n\t<meta name=\"twitter:label2\" content=\"Dur\u00e9e de lecture estim\u00e9e\" \/>\n\t<meta name=\"twitter:data2\" content=\"3 minutes\" \/>\n<script type=\"application\/ld+json\" class=\"yoast-schema-graph\">{\"@context\":\"https:\/\/schema.org\",\"@graph\":[{\"@type\":\"WebPage\",\"@id\":\"https:\/\/w-l-c.be\/fr\/nous-quatre-en-avant-premiere-a-liege-cest-deux-fois-sold-out\/\",\"url\":\"https:\/\/w-l-c.be\/fr\/nous-quatre-en-avant-premiere-a-liege-cest-deux-fois-sold-out\/\",\"name\":\"Nous Quatre en avant-premi\u00e8re \u00e0 Li\u00e8ge: c\u2019est (deux fois) sold out - w-l-c\",\"isPartOf\":{\"@id\":\"https:\/\/w-l-c.be\/fr\/#website\"},\"datePublished\":\"2015-09-07T06:15:02+00:00\",\"dateModified\":\"2015-09-07T08:05:04+00:00\",\"author\":{\"@id\":\"https:\/\/w-l-c.be\/fr\/#\/schema\/person\/4b9b1d857f0943453a38a7c2859ef756\"},\"breadcrumb\":{\"@id\":\"https:\/\/w-l-c.be\/fr\/nous-quatre-en-avant-premiere-a-liege-cest-deux-fois-sold-out\/#breadcrumb\"},\"inLanguage\":\"fr-FR\",\"potentialAction\":[{\"@type\":\"ReadAction\",\"target\":[\"https:\/\/w-l-c.be\/fr\/nous-quatre-en-avant-premiere-a-liege-cest-deux-fois-sold-out\/\"]}]},{\"@type\":\"BreadcrumbList\",\"@id\":\"https:\/\/w-l-c.be\/fr\/nous-quatre-en-avant-premiere-a-liege-cest-deux-fois-sold-out\/#breadcrumb\",\"itemListElement\":[{\"@type\":\"ListItem\",\"position\":1,\"name\":\"Accueil\",\"item\":\"https:\/\/w-l-c.be\/fr\/\"},{\"@type\":\"ListItem\",\"position\":2,\"name\":\"Nous Quatre en avant-premi\u00e8re \u00e0 Li\u00e8ge: c\u2019est (deux fois) sold out\"}]},{\"@type\":\"WebSite\",\"@id\":\"https:\/\/w-l-c.be\/fr\/#website\",\"url\":\"https:\/\/w-l-c.be\/fr\/\",\"name\":\"w-l-c\",\"description\":\"Le cin\u00e9ma vu par les belges\",\"potentialAction\":[{\"@type\":\"SearchAction\",\"target\":{\"@type\":\"EntryPoint\",\"urlTemplate\":\"https:\/\/w-l-c.be\/fr\/?s={search_term_string}\"},\"query-input\":\"required name=search_term_string\"}],\"inLanguage\":\"fr-FR\"},{\"@type\":\"Person\",\"@id\":\"https:\/\/w-l-c.be\/fr\/#\/schema\/person\/4b9b1d857f0943453a38a7c2859ef756\",\"name\":\"Philippe.Pierquin\",\"url\":\"https:\/\/w-l-c.be\/fr\/author\/philippe-pierquin\/\"}]}<\/script>\n<!-- \/ Yoast SEO plugin. -->","yoast_head_json":{"title":"Nous Quatre en avant-premi\u00e8re \u00e0 Li\u00e8ge: c\u2019est (deux fois) sold out - w-l-c","robots":{"index":"noindex","follow":"follow","max-snippet":"max-snippet:-1","max-image-preview":"max-image-preview:large","max-video-preview":"max-video-preview:-1"},"og_locale":"fr_FR","og_type":"article","og_title":"Nous Quatre en avant-premi\u00e8re \u00e0 Li\u00e8ge: c\u2019est (deux fois) sold out - w-l-c","og_description":"On vous a d\u00e9j\u00e0 parl\u00e9 \u00e0 plusieurs reprises du projet Nous Quatre, long m\u00e9trage de St\u00e9phane H\u00e9nocque tourn\u00e9 \u00e0 l\u2019arrache en quelques jours avec un quatuor de jeunes acteurs et quelques seconds r\u00f4les solides qu\u2019on a l\u2019habitude de voir dans le cin\u00e9ma belge. La bande-annonce du film avait provoqu\u00e9 sur Cinevox un raz de mar\u00e9e &hellip;","og_url":"https:\/\/w-l-c.be\/fr\/nous-quatre-en-avant-premiere-a-liege-cest-deux-fois-sold-out\/","og_site_name":"w-l-c","article_published_time":"2015-09-07T06:15:02+00:00","article_modified_time":"2015-09-07T08:05:04+00:00","og_image":[{"width":1431,"height":590,"url":"https:\/\/w-l-c.be\/wp-content\/uploads\/2010\/09\/Pierre-seul-2.png","type":"image\/png"}],"author":"Philippe.Pierquin","twitter_card":"summary_large_image","twitter_misc":{"\u00c9crit par":"Philippe.Pierquin","Dur\u00e9e de lecture estim\u00e9e":"3 minutes"},"schema":{"@context":"https:\/\/schema.org","@graph":[{"@type":"WebPage","@id":"https:\/\/w-l-c.be\/fr\/nous-quatre-en-avant-premiere-a-liege-cest-deux-fois-sold-out\/","url":"https:\/\/w-l-c.be\/fr\/nous-quatre-en-avant-premiere-a-liege-cest-deux-fois-sold-out\/","name":"Nous Quatre en avant-premi\u00e8re \u00e0 Li\u00e8ge: c\u2019est (deux fois) sold out - w-l-c","isPartOf":{"@id":"https:\/\/w-l-c.be\/fr\/#website"},"datePublished":"2015-09-07T06:15:02+00:00","dateModified":"2015-09-07T08:05:04+00:00","author":{"@id":"https:\/\/w-l-c.be\/fr\/#\/schema\/person\/4b9b1d857f0943453a38a7c2859ef756"},"breadcrumb":{"@id":"https:\/\/w-l-c.be\/fr\/nous-quatre-en-avant-premiere-a-liege-cest-deux-fois-sold-out\/#breadcrumb"},"inLanguage":"fr-FR","potentialAction":[{"@type":"ReadAction","target":["https:\/\/w-l-c.be\/fr\/nous-quatre-en-avant-premiere-a-liege-cest-deux-fois-sold-out\/"]}]},{"@type":"BreadcrumbList","@id":"https:\/\/w-l-c.be\/fr\/nous-quatre-en-avant-premiere-a-liege-cest-deux-fois-sold-out\/#breadcrumb","itemListElement":[{"@type":"ListItem","position":1,"name":"Accueil","item":"https:\/\/w-l-c.be\/fr\/"},{"@type":"ListItem","position":2,"name":"Nous Quatre en avant-premi\u00e8re \u00e0 Li\u00e8ge: c\u2019est (deux fois) sold out"}]},{"@type":"WebSite","@id":"https:\/\/w-l-c.be\/fr\/#website","url":"https:\/\/w-l-c.be\/fr\/","name":"w-l-c","description":"Le cin\u00e9ma vu par les belges","potentialAction":[{"@type":"SearchAction","target":{"@type":"EntryPoint","urlTemplate":"https:\/\/w-l-c.be\/fr\/?s={search_term_string}"},"query-input":"required name=search_term_string"}],"inLanguage":"fr-FR"},{"@type":"Person","@id":"https:\/\/w-l-c.be\/fr\/#\/schema\/person\/4b9b1d857f0943453a38a7c2859ef756","name":"Philippe.Pierquin","url":"https:\/\/w-l-c.be\/fr\/author\/philippe-pierquin\/"}]}},"_links":{"self":[{"href":"https:\/\/w-l-c.be\/fr\/wp-json\/wp\/v2\/posts\/77497","targetHints":{"allow":["GET"]}}],"collection":[{"href":"https:\/\/w-l-c.be\/fr\/wp-json\/wp\/v2\/posts"}],"about":[{"href":"https:\/\/w-l-c.be\/fr\/wp-json\/wp\/v2\/types\/post"}],"author":[{"embeddable":true,"href":"https:\/\/w-l-c.be\/fr\/wp-json\/wp\/v2\/users\/7"}],"replies":[{"embeddable":true,"href":"https:\/\/w-l-c.be\/fr\/wp-json\/wp\/v2\/comments?post=77497"}],"version-history":[{"count":0,"href":"https:\/\/w-l-c.be\/fr\/wp-json\/wp\/v2\/posts\/77497\/revisions"}],"wp:featuredmedia":[{"embeddable":true,"href":"https:\/\/w-l-c.be\/fr\/wp-json\/wp\/v2\/media\/77502"}],"wp:attachment":[{"href":"https:\/\/w-l-c.be\/fr\/wp-json\/wp\/v2\/media?parent=77497"}],"wp:term":[{"taxonomy":"category","embeddable":true,"href":"https:\/\/w-l-c.be\/fr\/wp-json\/wp\/v2\/categories?post=77497"},{"taxonomy":"post_tag","embeddable":true,"href":"https:\/\/w-l-c.be\/fr\/wp-json\/wp\/v2\/tags?post=77497"}],"curies":[{"name":"wp","href":"https:\/\/api.w.org\/{rel}","templated":true}]}}