
{"id":77540,"date":"2015-09-07T08:43:15","date_gmt":"2015-09-07T06:43:15","guid":{"rendered":"http:\/\/www.cinevox.be\/?p=77540"},"modified":"2015-09-06T11:52:11","modified_gmt":"2015-09-06T09:52:11","slug":"matthias-schoenaerts-dans-the-danish-girl","status":"publish","type":"post","link":"https:\/\/w-l-c.be\/fr\/matthias-schoenaerts-dans-the-danish-girl\/","title":{"rendered":"Matthias Schoenaerts dans The Danish Girl"},"content":{"rendered":"<p>Adapt\u00e9e du roman \u00e9ponyme de David Ebershoff, <em>The Danish Girl<\/em> est une coproduction entre le Royaume-Uni (Working Titles Films) et la Belgique (Art\u00e9mis Productions, en coproduction avec Shelter Prod et en association avec Taxshelter.be), tourn\u00e9e en partie \u00e0 Bruxelles, mais \u00e9galement en Angleterre et au Danemark (avec le soutien du Copenhagen Film Fund).<!--more--><\/p>\n<p>&nbsp;<\/p>\n<p>&nbsp;<\/p>\n<p>&nbsp;<\/p>\n<p><a href=\"http:\/\/www.cinevox.be\/wp-content\/uploads\/2015\/09\/eddie-redmayne-the-danish-girl-poster-004-690x1024.jpg\"><img loading=\"lazy\" decoding=\"async\" class=\"alignright  wp-image-77541\" src=\"http:\/\/www.cinevox.be\/wp-content\/uploads\/2015\/09\/eddie-redmayne-the-danish-girl-poster-004-690x1024-404x600.jpg\" alt=\"\" width=\"296\" height=\"440\" srcset=\"https:\/\/w-l-c.be\/wp-content\/uploads\/2015\/09\/eddie-redmayne-the-danish-girl-poster-004-690x1024-404x600.jpg 404w, https:\/\/w-l-c.be\/wp-content\/uploads\/2015\/09\/eddie-redmayne-the-danish-girl-poster-004-690x1024-181x270.jpg 181w, https:\/\/w-l-c.be\/wp-content\/uploads\/2015\/09\/eddie-redmayne-the-danish-girl-poster-004-690x1024-145x215.jpg 145w, https:\/\/w-l-c.be\/wp-content\/uploads\/2015\/09\/eddie-redmayne-the-danish-girl-poster-004-690x1024.jpg 690w\" sizes=\"auto, (max-width: 296px) 100vw, 296px\" \/><\/a>Le film nous plonge dans les ann\u00e9es 20, au c\u0153ur de l&rsquo;histoire d\u2019amour entre les peintres danois Einar Wegener et sa femme Gerda. Quand celle-ci d\u00e9verrouille inconsciemment le d\u00e9sir de son mari de devenir une femme, une incroyable transformation va alors s\u2019amorcer, d\u00e9fiant toutes les conventions sociales et morales de l\u2019\u00e9poque.<\/p>\n<p>&nbsp;<\/p>\n<p>Eddie Redmayne, pr\u00e9c\u00e9demment oscaris\u00e9 pour son incroyable performance dans <em>The theory of everything,<\/em> s&rsquo;offre encore une prestation hors des sentiers battus qui transcende l\u2019id\u00e9e de ce que le v\u00e9ritable amour entre un homme et une femme devrait \u00eatre&#8230;<\/p>\n<p>&nbsp;<\/p>\n<p>Alicia Vikander, Ben Whishaw, Amber Heard et notre <strong>Matthias Schoenaerts<\/strong> national viennent compl\u00e8tent le casting de ce film singulier dont la sortie belge est d&rsquo;ores et d\u00e9j\u00e0 programm\u00e9e pour janvier 2016.<\/p>\n<p>&nbsp;<\/p>\n<p>Pr\u00e9sent\u00e9 ce week-end \u00e0 la Mostra de Venise, The Danish Girl a \u00e9t\u00e9 salu\u00e9 par les festivaliers et la critique. De l&rsquo;avis g\u00e9n\u00e9ral, un prix d&rsquo;interpr\u00e9tation pour Eddie Redmayne est tr\u00e8s possible.<\/p>\n<p>\u00abQuand Einar commence \u00e0 se d\u00e9guiser en femme, la femme qui est \u00e0 l&rsquo;int\u00e9rieur de lui se r\u00e9v\u00e8le. Ce n&rsquo;est pas un changement d&rsquo;identit\u00e9, mais la d\u00e9couverte de son identit\u00e9 propre, qu&rsquo;il ignorait jusqu&rsquo;alors\u00bb, dit Tom Hooper \u00e0 la conf\u00e9rence de presse, o\u00f9 il est entour\u00e9 d&rsquo;Eddie Redmayne, Alicia Vikander, Mathias Schoenaerts (qui joue Hans, ami d&rsquo;enfance d&rsquo;Einar) (<a href=\"http:\/\/www.lefigaro.fr\/cinema\/2015\/09\/05\/03002-20150905ARTFIG00126-tom-hooper-seduit-la-mostra-de-venise-avec-the-danish-girl.php\" target=\"_blank\">Le Figaro<\/a>)<\/p>\n<p>&nbsp;<\/p>\n<p><a href=\"http:\/\/www.cinevox.be\/wp-content\/uploads\/2015\/09\/0509-show-eddie_redmayne-tom_tooper-venice_film_620_412_1001.jpg\"><img loading=\"lazy\" decoding=\"async\" class=\"alignright  wp-image-77544\" src=\"http:\/\/www.cinevox.be\/wp-content\/uploads\/2015\/09\/0509-show-eddie_redmayne-tom_tooper-venice_film_620_412_1001.jpg\" alt=\"\" width=\"625\" height=\"415\" srcset=\"https:\/\/w-l-c.be\/wp-content\/uploads\/2015\/09\/0509-show-eddie_redmayne-tom_tooper-venice_film_620_412_1001.jpg 620w, https:\/\/w-l-c.be\/wp-content\/uploads\/2015\/09\/0509-show-eddie_redmayne-tom_tooper-venice_film_620_412_1001-406x270.jpg 406w\" sizes=\"auto, (max-width: 625px) 100vw, 625px\" \/><\/a><\/p>\n","protected":false},"excerpt":{"rendered":"<p>Adapt\u00e9e du roman \u00e9ponyme de David Ebershoff, The Danish Girl est une coproduction entre le Royaume-Uni (Working Titles Films) et la Belgique (Art\u00e9mis Productions, en coproduction avec Shelter Prod et en association avec Taxshelter.be), tourn\u00e9e en partie \u00e0 Bruxelles, mais \u00e9galement en Angleterre et au Danemark (avec le soutien du Copenhagen Film Fund).<\/p>\n","protected":false},"author":7,"featured_media":77542,"comment_status":"closed","ping_status":"closed","sticky":false,"template":"","format":"standard","meta":{"ngg_post_thumbnail":0,"footnotes":""},"categories":[53],"tags":[],"class_list":["post-77540","post","type-post","status-publish","format-standard","has-post-thumbnail","","category-coming-soon"],"yoast_head":"<!-- This site is optimized with the Yoast SEO plugin v20.4 - https:\/\/yoast.com\/wordpress\/plugins\/seo\/ -->\n<title>Matthias Schoenaerts dans The Danish Girl - w-l-c<\/title>\n<meta name=\"robots\" content=\"noindex, follow, max-snippet:-1, max-image-preview:large, max-video-preview:-1\" \/>\n<meta property=\"og:locale\" content=\"fr_FR\" \/>\n<meta property=\"og:type\" content=\"article\" \/>\n<meta property=\"og:title\" content=\"Matthias Schoenaerts dans The Danish Girl - w-l-c\" \/>\n<meta property=\"og:description\" content=\"Adapt\u00e9e du roman \u00e9ponyme de David Ebershoff, The Danish Girl est une coproduction entre le Royaume-Uni (Working Titles Films) et la Belgique (Art\u00e9mis Productions, en coproduction avec Shelter Prod et en association avec Taxshelter.be), tourn\u00e9e en partie \u00e0 Bruxelles, mais \u00e9galement en Angleterre et au Danemark (avec le soutien du Copenhagen Film Fund).\" \/>\n<meta property=\"og:url\" content=\"https:\/\/w-l-c.be\/fr\/matthias-schoenaerts-dans-the-danish-girl\/\" \/>\n<meta property=\"og:site_name\" content=\"w-l-c\" \/>\n<meta property=\"article:published_time\" content=\"2015-09-07T06:43:15+00:00\" \/>\n<meta property=\"article:modified_time\" content=\"2015-09-06T09:52:11+00:00\" \/>\n<meta property=\"og:image\" content=\"https:\/\/w-l-c.be\/wp-content\/uploads\/2015\/09\/0509-show-eddie_redmayne-tom_tooper-venice_film_620_412_100.jpg\" \/>\n\t<meta property=\"og:image:width\" content=\"620\" \/>\n\t<meta property=\"og:image:height\" content=\"412\" \/>\n\t<meta property=\"og:image:type\" content=\"image\/jpeg\" \/>\n<meta name=\"author\" content=\"Philippe.Pierquin\" \/>\n<meta name=\"twitter:card\" content=\"summary_large_image\" \/>\n<meta name=\"twitter:label1\" content=\"\u00c9crit par\" \/>\n\t<meta name=\"twitter:data1\" content=\"Philippe.Pierquin\" \/>\n\t<meta name=\"twitter:label2\" content=\"Dur\u00e9e de lecture estim\u00e9e\" \/>\n\t<meta name=\"twitter:data2\" content=\"1 minute\" \/>\n<script type=\"application\/ld+json\" class=\"yoast-schema-graph\">{\"@context\":\"https:\/\/schema.org\",\"@graph\":[{\"@type\":\"WebPage\",\"@id\":\"https:\/\/w-l-c.be\/fr\/matthias-schoenaerts-dans-the-danish-girl\/\",\"url\":\"https:\/\/w-l-c.be\/fr\/matthias-schoenaerts-dans-the-danish-girl\/\",\"name\":\"Matthias Schoenaerts dans The Danish Girl - w-l-c\",\"isPartOf\":{\"@id\":\"https:\/\/w-l-c.be\/fr\/#website\"},\"datePublished\":\"2015-09-07T06:43:15+00:00\",\"dateModified\":\"2015-09-06T09:52:11+00:00\",\"author\":{\"@id\":\"https:\/\/w-l-c.be\/fr\/#\/schema\/person\/4b9b1d857f0943453a38a7c2859ef756\"},\"breadcrumb\":{\"@id\":\"https:\/\/w-l-c.be\/fr\/matthias-schoenaerts-dans-the-danish-girl\/#breadcrumb\"},\"inLanguage\":\"fr-FR\",\"potentialAction\":[{\"@type\":\"ReadAction\",\"target\":[\"https:\/\/w-l-c.be\/fr\/matthias-schoenaerts-dans-the-danish-girl\/\"]}]},{\"@type\":\"BreadcrumbList\",\"@id\":\"https:\/\/w-l-c.be\/fr\/matthias-schoenaerts-dans-the-danish-girl\/#breadcrumb\",\"itemListElement\":[{\"@type\":\"ListItem\",\"position\":1,\"name\":\"Accueil\",\"item\":\"https:\/\/w-l-c.be\/fr\/\"},{\"@type\":\"ListItem\",\"position\":2,\"name\":\"Matthias Schoenaerts dans The Danish Girl\"}]},{\"@type\":\"WebSite\",\"@id\":\"https:\/\/w-l-c.be\/fr\/#website\",\"url\":\"https:\/\/w-l-c.be\/fr\/\",\"name\":\"w-l-c\",\"description\":\"Le cin\u00e9ma vu par les belges\",\"potentialAction\":[{\"@type\":\"SearchAction\",\"target\":{\"@type\":\"EntryPoint\",\"urlTemplate\":\"https:\/\/w-l-c.be\/fr\/?s={search_term_string}\"},\"query-input\":\"required name=search_term_string\"}],\"inLanguage\":\"fr-FR\"},{\"@type\":\"Person\",\"@id\":\"https:\/\/w-l-c.be\/fr\/#\/schema\/person\/4b9b1d857f0943453a38a7c2859ef756\",\"name\":\"Philippe.Pierquin\",\"url\":\"https:\/\/w-l-c.be\/fr\/author\/philippe-pierquin\/\"}]}<\/script>\n<!-- \/ Yoast SEO plugin. -->","yoast_head_json":{"title":"Matthias Schoenaerts dans The Danish Girl - w-l-c","robots":{"index":"noindex","follow":"follow","max-snippet":"max-snippet:-1","max-image-preview":"max-image-preview:large","max-video-preview":"max-video-preview:-1"},"og_locale":"fr_FR","og_type":"article","og_title":"Matthias Schoenaerts dans The Danish Girl - w-l-c","og_description":"Adapt\u00e9e du roman \u00e9ponyme de David Ebershoff, The Danish Girl est une coproduction entre le Royaume-Uni (Working Titles Films) et la Belgique (Art\u00e9mis Productions, en coproduction avec Shelter Prod et en association avec Taxshelter.be), tourn\u00e9e en partie \u00e0 Bruxelles, mais \u00e9galement en Angleterre et au Danemark (avec le soutien du Copenhagen Film Fund).","og_url":"https:\/\/w-l-c.be\/fr\/matthias-schoenaerts-dans-the-danish-girl\/","og_site_name":"w-l-c","article_published_time":"2015-09-07T06:43:15+00:00","article_modified_time":"2015-09-06T09:52:11+00:00","og_image":[{"width":620,"height":412,"url":"https:\/\/w-l-c.be\/wp-content\/uploads\/2015\/09\/0509-show-eddie_redmayne-tom_tooper-venice_film_620_412_100.jpg","type":"image\/jpeg"}],"author":"Philippe.Pierquin","twitter_card":"summary_large_image","twitter_misc":{"\u00c9crit par":"Philippe.Pierquin","Dur\u00e9e de lecture estim\u00e9e":"1 minute"},"schema":{"@context":"https:\/\/schema.org","@graph":[{"@type":"WebPage","@id":"https:\/\/w-l-c.be\/fr\/matthias-schoenaerts-dans-the-danish-girl\/","url":"https:\/\/w-l-c.be\/fr\/matthias-schoenaerts-dans-the-danish-girl\/","name":"Matthias Schoenaerts dans The Danish Girl - w-l-c","isPartOf":{"@id":"https:\/\/w-l-c.be\/fr\/#website"},"datePublished":"2015-09-07T06:43:15+00:00","dateModified":"2015-09-06T09:52:11+00:00","author":{"@id":"https:\/\/w-l-c.be\/fr\/#\/schema\/person\/4b9b1d857f0943453a38a7c2859ef756"},"breadcrumb":{"@id":"https:\/\/w-l-c.be\/fr\/matthias-schoenaerts-dans-the-danish-girl\/#breadcrumb"},"inLanguage":"fr-FR","potentialAction":[{"@type":"ReadAction","target":["https:\/\/w-l-c.be\/fr\/matthias-schoenaerts-dans-the-danish-girl\/"]}]},{"@type":"BreadcrumbList","@id":"https:\/\/w-l-c.be\/fr\/matthias-schoenaerts-dans-the-danish-girl\/#breadcrumb","itemListElement":[{"@type":"ListItem","position":1,"name":"Accueil","item":"https:\/\/w-l-c.be\/fr\/"},{"@type":"ListItem","position":2,"name":"Matthias Schoenaerts dans The Danish Girl"}]},{"@type":"WebSite","@id":"https:\/\/w-l-c.be\/fr\/#website","url":"https:\/\/w-l-c.be\/fr\/","name":"w-l-c","description":"Le cin\u00e9ma vu par les belges","potentialAction":[{"@type":"SearchAction","target":{"@type":"EntryPoint","urlTemplate":"https:\/\/w-l-c.be\/fr\/?s={search_term_string}"},"query-input":"required name=search_term_string"}],"inLanguage":"fr-FR"},{"@type":"Person","@id":"https:\/\/w-l-c.be\/fr\/#\/schema\/person\/4b9b1d857f0943453a38a7c2859ef756","name":"Philippe.Pierquin","url":"https:\/\/w-l-c.be\/fr\/author\/philippe-pierquin\/"}]}},"_links":{"self":[{"href":"https:\/\/w-l-c.be\/fr\/wp-json\/wp\/v2\/posts\/77540","targetHints":{"allow":["GET"]}}],"collection":[{"href":"https:\/\/w-l-c.be\/fr\/wp-json\/wp\/v2\/posts"}],"about":[{"href":"https:\/\/w-l-c.be\/fr\/wp-json\/wp\/v2\/types\/post"}],"author":[{"embeddable":true,"href":"https:\/\/w-l-c.be\/fr\/wp-json\/wp\/v2\/users\/7"}],"replies":[{"embeddable":true,"href":"https:\/\/w-l-c.be\/fr\/wp-json\/wp\/v2\/comments?post=77540"}],"version-history":[{"count":0,"href":"https:\/\/w-l-c.be\/fr\/wp-json\/wp\/v2\/posts\/77540\/revisions"}],"wp:featuredmedia":[{"embeddable":true,"href":"https:\/\/w-l-c.be\/fr\/wp-json\/wp\/v2\/media\/77542"}],"wp:attachment":[{"href":"https:\/\/w-l-c.be\/fr\/wp-json\/wp\/v2\/media?parent=77540"}],"wp:term":[{"taxonomy":"category","embeddable":true,"href":"https:\/\/w-l-c.be\/fr\/wp-json\/wp\/v2\/categories?post=77540"},{"taxonomy":"post_tag","embeddable":true,"href":"https:\/\/w-l-c.be\/fr\/wp-json\/wp\/v2\/tags?post=77540"}],"curies":[{"name":"wp","href":"https:\/\/api.w.org\/{rel}","templated":true}]}}