
{"id":77545,"date":"2015-10-02T10:53:42","date_gmt":"2015-10-02T08:53:42","guid":{"rendered":"http:\/\/www.cinevox.be\/?p=77545"},"modified":"2015-10-02T12:23:24","modified_gmt":"2015-10-02T10:23:24","slug":"prejudice-la-bande-annonce","status":"publish","type":"post","link":"https:\/\/w-l-c.be\/fr\/prejudice-la-bande-annonce\/","title":{"rendered":"Pr\u00e9judice : la bande-annonce"},"content":{"rendered":"<p>Le Festival International du Film Francophone de Namur f\u00eate ses 30 ans ! D\u00e9j\u00e0 !<\/p>\n<p>Cette \u00e9dition-anniversaire du FIFF se d\u00e9roulera du 2 au 9 octobre prochain.<\/p>\n<p><em>Lors d\u2019un repas de famille, C\u00e9dric, la trentaine, vivant toujours chez ses parents, apprend que sa s\u0153ur attend un enfant. Alors que tout le monde se r\u00e9jouit de cette nouvelle, elle provoque chez lui un ressentiment qui va se transformer en fureur. Il tente alors d\u2019\u00e9tablir, aux yeux des autres, le pr\u00e9judice dont il se sent victime depuis toujours. Entre non-dits et parano\u00efa, r\u00e9volte et faux-semblants, jusqu\u2019o\u00f9 une famille peut-elle aller pour pr\u00e9server son \u00e9quilibre ?<\/em><!--more--><\/p>\n<p>&nbsp;<\/p>\n<p><em>Pr\u00e9judice<\/em> est\u00a0le premier long m\u00e9trage du jeune cin\u00e9aste belge <strong>Antoine Cuypers,<\/strong> <em>Pr\u00e9judice <\/em>qui r\u00e9unit, dans les r\u00f4les principaux, Nathalie Baye, Arno Hintjens, Thomas Blanchard, Ariane Labed, \u00c9ric Caravaca, Cathy Min-Jung, Arthur Bols et Julien Baumgartner.<\/p>\n<p>Coproduction entre la Belgique, le Luxembourg et les Pays-Bas, <em>Pr\u00e9judice<\/em> est produit par le tr\u00e8s prometteur Beno\u00eet Roland (Wrong Men) avec Bernard Michaux (Lucil Film) et Sander Verdonk (CTM Pictures), et b\u00e9n\u00e9ficie du soutien du Centre du Cin\u00e9ma et de l\u2019Audiovisuel de la F\u00e9d\u00e9ration Wallonie-Bruxelles, du Filmfund Luxembourg et du Nederlands Film Fonds, en coproduction avec Proximus et Mollywood SA. Le r\u00e9alisateur Antoine Cuypers a \u00e9galement co\u00e9crit le sc\u00e9nario avec Antoine Wauters tandis que la photo est sign\u00e9e Fr\u00e9d\u00e9ric Noirhomme. Le film sera distribu\u00e9 en Belgique par Cin\u00e9art. Les ventes internationales sont assur\u00e9es par Les Films du Losange.<\/p>\n<p>&nbsp;<\/p>\n<p>Il fera l&rsquo;ouverture du FIFF namurois\u00a0le vendredi 2 octobre en pr\u00e9sence de l\u2019\u00e9quipe du film. Le film sort dans la foul\u00e9e le 7 octobre.<\/p>\n<p>L&rsquo;affiche du film vient \u00e9galement d&rsquo;\u00eatre r\u00e9v\u00e9l\u00e9e.<\/p>\n<p>&nbsp;<\/p>\n<p><a href=\"http:\/\/www.cinevox.be\/wp-content\/uploads\/2015\/09\/11951962_10153123587397666_5485748130067191993_n.jpg\"><img loading=\"lazy\" decoding=\"async\" class=\"aligncenter  wp-image-77546\" src=\"http:\/\/www.cinevox.be\/wp-content\/uploads\/2015\/09\/11951962_10153123587397666_5485748130067191993_n-400x600.jpg\" alt=\"\" width=\"536\" height=\"804\" srcset=\"https:\/\/w-l-c.be\/wp-content\/uploads\/2015\/09\/11951962_10153123587397666_5485748130067191993_n-400x600.jpg 400w, https:\/\/w-l-c.be\/wp-content\/uploads\/2015\/09\/11951962_10153123587397666_5485748130067191993_n-180x270.jpg 180w, https:\/\/w-l-c.be\/wp-content\/uploads\/2015\/09\/11951962_10153123587397666_5485748130067191993_n.jpg 640w\" sizes=\"auto, (max-width: 536px) 100vw, 536px\" \/><\/a><\/p>\n<p>&nbsp;<\/p>\n<p>&nbsp;<\/p>\n","protected":false},"excerpt":{"rendered":"<p>Le Festival International du Film Francophone de Namur f\u00eate ses 30 ans ! D\u00e9j\u00e0 ! Cette \u00e9dition-anniversaire du FIFF se d\u00e9roulera du 2 au 9 octobre prochain. Lors d\u2019un repas de famille, C\u00e9dric, la trentaine, vivant toujours chez ses parents, apprend que sa s\u0153ur attend un enfant. Alors que tout le monde se r\u00e9jouit de &hellip;<\/p>\n","protected":false},"author":7,"featured_media":77547,"comment_status":"closed","ping_status":"closed","sticky":false,"template":"","format":"standard","meta":{"ngg_post_thumbnail":0,"footnotes":""},"categories":[53],"tags":[],"class_list":["post-77545","post","type-post","status-publish","format-standard","has-post-thumbnail","","category-coming-soon"],"yoast_head":"<!-- This site is optimized with the Yoast SEO plugin v20.4 - https:\/\/yoast.com\/wordpress\/plugins\/seo\/ -->\n<title>Pr\u00e9judice : la bande-annonce - w-l-c<\/title>\n<meta name=\"robots\" content=\"noindex, follow, max-snippet:-1, max-image-preview:large, max-video-preview:-1\" \/>\n<meta property=\"og:locale\" content=\"fr_FR\" \/>\n<meta property=\"og:type\" content=\"article\" \/>\n<meta property=\"og:title\" content=\"Pr\u00e9judice : la bande-annonce - w-l-c\" \/>\n<meta property=\"og:description\" content=\"Le Festival International du Film Francophone de Namur f\u00eate ses 30 ans ! D\u00e9j\u00e0 ! Cette \u00e9dition-anniversaire du FIFF se d\u00e9roulera du 2 au 9 octobre prochain. Lors d\u2019un repas de famille, C\u00e9dric, la trentaine, vivant toujours chez ses parents, apprend que sa s\u0153ur attend un enfant. Alors que tout le monde se r\u00e9jouit de &hellip;\" \/>\n<meta property=\"og:url\" content=\"https:\/\/w-l-c.be\/fr\/prejudice-la-bande-annonce\/\" \/>\n<meta property=\"og:site_name\" content=\"w-l-c\" \/>\n<meta property=\"article:published_time\" content=\"2015-10-02T08:53:42+00:00\" \/>\n<meta property=\"article:modified_time\" content=\"2015-10-02T10:23:24+00:00\" \/>\n<meta property=\"og:image\" content=\"https:\/\/w-l-c.be\/wp-content\/uploads\/2010\/09\/e14d06536eadbc3d3a9ad8abbf0bdaa311981f03.jpg\" \/>\n\t<meta property=\"og:image:width\" content=\"4096\" \/>\n\t<meta property=\"og:image:height\" content=\"1743\" \/>\n\t<meta property=\"og:image:type\" content=\"image\/jpeg\" \/>\n<meta name=\"author\" content=\"Philippe.Pierquin\" \/>\n<meta name=\"twitter:card\" content=\"summary_large_image\" \/>\n<meta name=\"twitter:label1\" content=\"\u00c9crit par\" \/>\n\t<meta name=\"twitter:data1\" content=\"Philippe.Pierquin\" \/>\n\t<meta name=\"twitter:label2\" content=\"Dur\u00e9e de lecture estim\u00e9e\" \/>\n\t<meta name=\"twitter:data2\" content=\"2 minutes\" \/>\n<script type=\"application\/ld+json\" class=\"yoast-schema-graph\">{\"@context\":\"https:\/\/schema.org\",\"@graph\":[{\"@type\":\"WebPage\",\"@id\":\"https:\/\/w-l-c.be\/fr\/prejudice-la-bande-annonce\/\",\"url\":\"https:\/\/w-l-c.be\/fr\/prejudice-la-bande-annonce\/\",\"name\":\"Pr\u00e9judice : la bande-annonce - w-l-c\",\"isPartOf\":{\"@id\":\"https:\/\/w-l-c.be\/fr\/#website\"},\"datePublished\":\"2015-10-02T08:53:42+00:00\",\"dateModified\":\"2015-10-02T10:23:24+00:00\",\"author\":{\"@id\":\"https:\/\/w-l-c.be\/fr\/#\/schema\/person\/4b9b1d857f0943453a38a7c2859ef756\"},\"breadcrumb\":{\"@id\":\"https:\/\/w-l-c.be\/fr\/prejudice-la-bande-annonce\/#breadcrumb\"},\"inLanguage\":\"fr-FR\",\"potentialAction\":[{\"@type\":\"ReadAction\",\"target\":[\"https:\/\/w-l-c.be\/fr\/prejudice-la-bande-annonce\/\"]}]},{\"@type\":\"BreadcrumbList\",\"@id\":\"https:\/\/w-l-c.be\/fr\/prejudice-la-bande-annonce\/#breadcrumb\",\"itemListElement\":[{\"@type\":\"ListItem\",\"position\":1,\"name\":\"Accueil\",\"item\":\"https:\/\/w-l-c.be\/fr\/\"},{\"@type\":\"ListItem\",\"position\":2,\"name\":\"Pr\u00e9judice : la bande-annonce\"}]},{\"@type\":\"WebSite\",\"@id\":\"https:\/\/w-l-c.be\/fr\/#website\",\"url\":\"https:\/\/w-l-c.be\/fr\/\",\"name\":\"w-l-c\",\"description\":\"Le cin\u00e9ma vu par les belges\",\"potentialAction\":[{\"@type\":\"SearchAction\",\"target\":{\"@type\":\"EntryPoint\",\"urlTemplate\":\"https:\/\/w-l-c.be\/fr\/?s={search_term_string}\"},\"query-input\":\"required name=search_term_string\"}],\"inLanguage\":\"fr-FR\"},{\"@type\":\"Person\",\"@id\":\"https:\/\/w-l-c.be\/fr\/#\/schema\/person\/4b9b1d857f0943453a38a7c2859ef756\",\"name\":\"Philippe.Pierquin\",\"url\":\"https:\/\/w-l-c.be\/fr\/author\/philippe-pierquin\/\"}]}<\/script>\n<!-- \/ Yoast SEO plugin. -->","yoast_head_json":{"title":"Pr\u00e9judice : la bande-annonce - w-l-c","robots":{"index":"noindex","follow":"follow","max-snippet":"max-snippet:-1","max-image-preview":"max-image-preview:large","max-video-preview":"max-video-preview:-1"},"og_locale":"fr_FR","og_type":"article","og_title":"Pr\u00e9judice : la bande-annonce - w-l-c","og_description":"Le Festival International du Film Francophone de Namur f\u00eate ses 30 ans ! D\u00e9j\u00e0 ! Cette \u00e9dition-anniversaire du FIFF se d\u00e9roulera du 2 au 9 octobre prochain. Lors d\u2019un repas de famille, C\u00e9dric, la trentaine, vivant toujours chez ses parents, apprend que sa s\u0153ur attend un enfant. Alors que tout le monde se r\u00e9jouit de &hellip;","og_url":"https:\/\/w-l-c.be\/fr\/prejudice-la-bande-annonce\/","og_site_name":"w-l-c","article_published_time":"2015-10-02T08:53:42+00:00","article_modified_time":"2015-10-02T10:23:24+00:00","og_image":[{"width":4096,"height":1743,"url":"https:\/\/w-l-c.be\/wp-content\/uploads\/2010\/09\/e14d06536eadbc3d3a9ad8abbf0bdaa311981f03.jpg","type":"image\/jpeg"}],"author":"Philippe.Pierquin","twitter_card":"summary_large_image","twitter_misc":{"\u00c9crit par":"Philippe.Pierquin","Dur\u00e9e de lecture estim\u00e9e":"2 minutes"},"schema":{"@context":"https:\/\/schema.org","@graph":[{"@type":"WebPage","@id":"https:\/\/w-l-c.be\/fr\/prejudice-la-bande-annonce\/","url":"https:\/\/w-l-c.be\/fr\/prejudice-la-bande-annonce\/","name":"Pr\u00e9judice : la bande-annonce - w-l-c","isPartOf":{"@id":"https:\/\/w-l-c.be\/fr\/#website"},"datePublished":"2015-10-02T08:53:42+00:00","dateModified":"2015-10-02T10:23:24+00:00","author":{"@id":"https:\/\/w-l-c.be\/fr\/#\/schema\/person\/4b9b1d857f0943453a38a7c2859ef756"},"breadcrumb":{"@id":"https:\/\/w-l-c.be\/fr\/prejudice-la-bande-annonce\/#breadcrumb"},"inLanguage":"fr-FR","potentialAction":[{"@type":"ReadAction","target":["https:\/\/w-l-c.be\/fr\/prejudice-la-bande-annonce\/"]}]},{"@type":"BreadcrumbList","@id":"https:\/\/w-l-c.be\/fr\/prejudice-la-bande-annonce\/#breadcrumb","itemListElement":[{"@type":"ListItem","position":1,"name":"Accueil","item":"https:\/\/w-l-c.be\/fr\/"},{"@type":"ListItem","position":2,"name":"Pr\u00e9judice : la bande-annonce"}]},{"@type":"WebSite","@id":"https:\/\/w-l-c.be\/fr\/#website","url":"https:\/\/w-l-c.be\/fr\/","name":"w-l-c","description":"Le cin\u00e9ma vu par les belges","potentialAction":[{"@type":"SearchAction","target":{"@type":"EntryPoint","urlTemplate":"https:\/\/w-l-c.be\/fr\/?s={search_term_string}"},"query-input":"required name=search_term_string"}],"inLanguage":"fr-FR"},{"@type":"Person","@id":"https:\/\/w-l-c.be\/fr\/#\/schema\/person\/4b9b1d857f0943453a38a7c2859ef756","name":"Philippe.Pierquin","url":"https:\/\/w-l-c.be\/fr\/author\/philippe-pierquin\/"}]}},"_links":{"self":[{"href":"https:\/\/w-l-c.be\/fr\/wp-json\/wp\/v2\/posts\/77545","targetHints":{"allow":["GET"]}}],"collection":[{"href":"https:\/\/w-l-c.be\/fr\/wp-json\/wp\/v2\/posts"}],"about":[{"href":"https:\/\/w-l-c.be\/fr\/wp-json\/wp\/v2\/types\/post"}],"author":[{"embeddable":true,"href":"https:\/\/w-l-c.be\/fr\/wp-json\/wp\/v2\/users\/7"}],"replies":[{"embeddable":true,"href":"https:\/\/w-l-c.be\/fr\/wp-json\/wp\/v2\/comments?post=77545"}],"version-history":[{"count":0,"href":"https:\/\/w-l-c.be\/fr\/wp-json\/wp\/v2\/posts\/77545\/revisions"}],"wp:featuredmedia":[{"embeddable":true,"href":"https:\/\/w-l-c.be\/fr\/wp-json\/wp\/v2\/media\/77547"}],"wp:attachment":[{"href":"https:\/\/w-l-c.be\/fr\/wp-json\/wp\/v2\/media?parent=77545"}],"wp:term":[{"taxonomy":"category","embeddable":true,"href":"https:\/\/w-l-c.be\/fr\/wp-json\/wp\/v2\/categories?post=77545"},{"taxonomy":"post_tag","embeddable":true,"href":"https:\/\/w-l-c.be\/fr\/wp-json\/wp\/v2\/tags?post=77545"}],"curies":[{"name":"wp","href":"https:\/\/api.w.org\/{rel}","templated":true}]}}