
{"id":77667,"date":"2015-09-07T17:31:12","date_gmt":"2015-09-07T15:31:12","guid":{"rendered":"http:\/\/www.cinevox.be\/?p=77667"},"modified":"2015-09-07T17:51:17","modified_gmt":"2015-09-07T15:51:17","slug":"la-belgique-et-la-france-adoptent-le-tout-nouveau-testament","status":"publish","type":"post","link":"https:\/\/w-l-c.be\/fr\/la-belgique-et-la-france-adoptent-le-tout-nouveau-testament\/","title":{"rendered":"La Belgique et la France adoptent Le Tout Nouveau Testament"},"content":{"rendered":"<p>Nous vous avions annonc\u00e9 que <em>Le Tout Nouveau Testament<\/em> avait remarquablement d\u00e9but\u00e9 sa carri\u00e8re dans les salles fran\u00e7aises mercredi dernier. Cette tendance s&rsquo;est confirm\u00e9e ce week-end et le film a gard\u00e9 sa 1re position avec 259.132 entr\u00e9es sur 387 copies.<\/p>\n<p>&nbsp;<\/p>\n<p>L&rsquo;excellente nouvelle est que la Belgique suit le mouvement. Ici aussi, le quatri\u00e8me long m\u00e9trage de Jaco Van Dormael casse la baraque : plus de 60.000 spectateurs belges, francophones et n\u00e9erlandophones confondus,\u00a0 se sont rendus dans les salles en ce d\u00e9but du mois de septembre pour voir Ea, la fille de Dieu tenter de contrarier son p\u00e8re en recrutant six ap\u00f4tres suppl\u00e9mentaires.<\/p>\n<p>Vous comprendrez peut-\u00eatre mieux l&rsquo;ampleur de l&rsquo;\u00e9v\u00e9nement quand nous vous aurons dit que\u00a0<em>Le Tout Nouveau Testament<\/em> a r\u00e9alis\u00e9 autant d&rsquo;entr\u00e9es \u00e0 lui seul ces cinq derniers jours que <em>Mission Impossible 5, Ted 2<\/em> et <em>Les Minions&#8230;<\/em> ensemble.<br \/>\n<!--more--><\/p>\n<p>&nbsp;<\/p>\n<p>Notez aussi que ce\u00a0chiffre a \u00e9t\u00e9 arr\u00eat\u00e9 hier soir, \u00e0 l&rsquo;issue du premier week-end d&rsquo;exploitation. Il ne couvre donc pas toute la semaine.<\/p>\n<p>&nbsp;<\/p>\n<p>Pas de r\u00e8gles d\u2019emmerdement pour la sortie de ce film puisque les r\u00e9sultats obtenus lui permettent d\u2019atteindre plusieurs records :<\/p>\n<p>&#8211; Nr 1 au box-office du week-end<\/p>\n<p>&#8211; Meilleur premier week-end pour un film francophone en 2015<\/p>\n<p>&#8211; Meilleure recette de tous les temps pour un film belge francophone<\/p>\n<p>&nbsp;<\/p>\n<p>&nbsp;<\/p>\n<p><a href=\"http:\/\/www.cinevox.be\/wp-content\/uploads\/2015\/09\/laura_verlinden_francois_damiens_copyright_Fabrizio-Maltese.jpg\"><img loading=\"lazy\" decoding=\"async\" class=\"aligncenter size-large wp-image-77668\" src=\"http:\/\/www.cinevox.be\/wp-content\/uploads\/2015\/09\/laura_verlinden_francois_damiens_copyright_Fabrizio-Maltese-800x432.jpg\" alt=\"\" width=\"640\" height=\"345\" srcset=\"https:\/\/w-l-c.be\/wp-content\/uploads\/2015\/09\/laura_verlinden_francois_damiens_copyright_Fabrizio-Maltese-800x432.jpg 800w, https:\/\/w-l-c.be\/wp-content\/uploads\/2015\/09\/laura_verlinden_francois_damiens_copyright_Fabrizio-Maltese-480x259.jpg 480w\" sizes=\"auto, (max-width: 640px) 100vw, 640px\" \/><\/a><\/p>\n<p>&nbsp;<\/p>\n<p><em>Le Tout Nouveau Testament<\/em> s\u00e9duit un public tr\u00e8s large et la recette accomplie en ce premier week-end d\u00e9passe m\u00eame les chiffres d\u2019ouverture de quelques-unes des com\u00e9dies \u00e0 succ\u00e8s des derniers mois :<\/p>\n<p>+ 102% vs. Qu\u2019est-ce qu\u2019on a fait au Bon Dieu<\/p>\n<p>+ 104% vs. Samba<\/p>\n<p>+ 123% vs. Le Pr\u00e9nom<\/p>\n<p>+ 133% vs. Le Volcan<\/p>\n<p>+ 172% vs. La Famille B\u00e9lier<\/p>\n<p>&nbsp;<\/p>\n<p>En Flandre aussi, le film accomplit d\u2019excellents r\u00e9sultats en se positionnant dans le top des films des grandes villes comme Gand, Leuven, Hasselt, Kortrijk ou encore Ostende.\u00a0 Sur la totalit\u00e9 de la recette du film \u00e0 date, 19% ont \u00e9t\u00e9 accomplis sur la Flandre.<\/p>\n<p>&nbsp;<\/p>\n<p>Autant dire que si Dieu se frotte les mains, Belga Films et Jaco aussi : les 200.000 spectateurs devraient \u00eatre r\u00e9unis sur le territoire belge tandis qu&rsquo;en France on se prend \u00e0 r\u00eaver du million.<\/p>\n","protected":false},"excerpt":{"rendered":"<p>Nous vous avions annonc\u00e9 que Le Tout Nouveau Testament avait remarquablement d\u00e9but\u00e9 sa carri\u00e8re dans les salles fran\u00e7aises mercredi dernier. Cette tendance s&rsquo;est confirm\u00e9e ce week-end et le film a gard\u00e9 sa 1re position avec 259.132 entr\u00e9es sur 387 copies. &nbsp; L&rsquo;excellente nouvelle est que la Belgique suit le mouvement. Ici aussi, le quatri\u00e8me long &hellip;<\/p>\n","protected":false},"author":7,"featured_media":77670,"comment_status":"closed","ping_status":"closed","sticky":false,"template":"","format":"standard","meta":{"ngg_post_thumbnail":0,"footnotes":""},"categories":[1923,7],"tags":[],"class_list":["post-77667","post","type-post","status-publish","format-standard","has-post-thumbnail","","category-en-bref","category-actualites"],"yoast_head":"<!-- This site is optimized with the Yoast SEO plugin v20.4 - https:\/\/yoast.com\/wordpress\/plugins\/seo\/ -->\n<title>La Belgique et la France adoptent Le Tout Nouveau Testament - w-l-c<\/title>\n<meta name=\"robots\" content=\"noindex, follow, max-snippet:-1, max-image-preview:large, max-video-preview:-1\" \/>\n<meta property=\"og:locale\" content=\"fr_FR\" \/>\n<meta property=\"og:type\" content=\"article\" \/>\n<meta property=\"og:title\" content=\"La Belgique et la France adoptent Le Tout Nouveau Testament - w-l-c\" \/>\n<meta property=\"og:description\" content=\"Nous vous avions annonc\u00e9 que Le Tout Nouveau Testament avait remarquablement d\u00e9but\u00e9 sa carri\u00e8re dans les salles fran\u00e7aises mercredi dernier. Cette tendance s&rsquo;est confirm\u00e9e ce week-end et le film a gard\u00e9 sa 1re position avec 259.132 entr\u00e9es sur 387 copies. &nbsp; L&rsquo;excellente nouvelle est que la Belgique suit le mouvement. Ici aussi, le quatri\u00e8me long &hellip;\" \/>\n<meta property=\"og:url\" content=\"https:\/\/w-l-c.be\/fr\/la-belgique-et-la-france-adoptent-le-tout-nouveau-testament\/\" \/>\n<meta property=\"og:site_name\" content=\"w-l-c\" \/>\n<meta property=\"article:published_time\" content=\"2015-09-07T15:31:12+00:00\" \/>\n<meta property=\"article:modified_time\" content=\"2015-09-07T15:51:17+00:00\" \/>\n<meta property=\"og:image\" content=\"https:\/\/w-l-c.be\/wp-content\/uploads\/2015\/09\/540ee82e35708a6d4d54d07f.jpg\" \/>\n\t<meta property=\"og:image:width\" content=\"940\" \/>\n\t<meta property=\"og:image:height\" content=\"470\" \/>\n\t<meta property=\"og:image:type\" content=\"image\/jpeg\" \/>\n<meta name=\"author\" content=\"Philippe.Pierquin\" \/>\n<meta name=\"twitter:card\" content=\"summary_large_image\" \/>\n<meta name=\"twitter:label1\" content=\"\u00c9crit par\" \/>\n\t<meta name=\"twitter:data1\" content=\"Philippe.Pierquin\" \/>\n\t<meta name=\"twitter:label2\" content=\"Dur\u00e9e de lecture estim\u00e9e\" \/>\n\t<meta name=\"twitter:data2\" content=\"2 minutes\" \/>\n<script type=\"application\/ld+json\" class=\"yoast-schema-graph\">{\"@context\":\"https:\/\/schema.org\",\"@graph\":[{\"@type\":\"WebPage\",\"@id\":\"https:\/\/w-l-c.be\/fr\/la-belgique-et-la-france-adoptent-le-tout-nouveau-testament\/\",\"url\":\"https:\/\/w-l-c.be\/fr\/la-belgique-et-la-france-adoptent-le-tout-nouveau-testament\/\",\"name\":\"La Belgique et la France adoptent Le Tout Nouveau Testament - w-l-c\",\"isPartOf\":{\"@id\":\"https:\/\/w-l-c.be\/fr\/#website\"},\"datePublished\":\"2015-09-07T15:31:12+00:00\",\"dateModified\":\"2015-09-07T15:51:17+00:00\",\"author\":{\"@id\":\"https:\/\/w-l-c.be\/fr\/#\/schema\/person\/4b9b1d857f0943453a38a7c2859ef756\"},\"breadcrumb\":{\"@id\":\"https:\/\/w-l-c.be\/fr\/la-belgique-et-la-france-adoptent-le-tout-nouveau-testament\/#breadcrumb\"},\"inLanguage\":\"fr-FR\",\"potentialAction\":[{\"@type\":\"ReadAction\",\"target\":[\"https:\/\/w-l-c.be\/fr\/la-belgique-et-la-france-adoptent-le-tout-nouveau-testament\/\"]}]},{\"@type\":\"BreadcrumbList\",\"@id\":\"https:\/\/w-l-c.be\/fr\/la-belgique-et-la-france-adoptent-le-tout-nouveau-testament\/#breadcrumb\",\"itemListElement\":[{\"@type\":\"ListItem\",\"position\":1,\"name\":\"Accueil\",\"item\":\"https:\/\/w-l-c.be\/fr\/\"},{\"@type\":\"ListItem\",\"position\":2,\"name\":\"La Belgique et la France adoptent Le Tout Nouveau Testament\"}]},{\"@type\":\"WebSite\",\"@id\":\"https:\/\/w-l-c.be\/fr\/#website\",\"url\":\"https:\/\/w-l-c.be\/fr\/\",\"name\":\"w-l-c\",\"description\":\"Le cin\u00e9ma vu par les belges\",\"potentialAction\":[{\"@type\":\"SearchAction\",\"target\":{\"@type\":\"EntryPoint\",\"urlTemplate\":\"https:\/\/w-l-c.be\/fr\/?s={search_term_string}\"},\"query-input\":\"required name=search_term_string\"}],\"inLanguage\":\"fr-FR\"},{\"@type\":\"Person\",\"@id\":\"https:\/\/w-l-c.be\/fr\/#\/schema\/person\/4b9b1d857f0943453a38a7c2859ef756\",\"name\":\"Philippe.Pierquin\",\"url\":\"https:\/\/w-l-c.be\/fr\/author\/philippe-pierquin\/\"}]}<\/script>\n<!-- \/ Yoast SEO plugin. -->","yoast_head_json":{"title":"La Belgique et la France adoptent Le Tout Nouveau Testament - w-l-c","robots":{"index":"noindex","follow":"follow","max-snippet":"max-snippet:-1","max-image-preview":"max-image-preview:large","max-video-preview":"max-video-preview:-1"},"og_locale":"fr_FR","og_type":"article","og_title":"La Belgique et la France adoptent Le Tout Nouveau Testament - w-l-c","og_description":"Nous vous avions annonc\u00e9 que Le Tout Nouveau Testament avait remarquablement d\u00e9but\u00e9 sa carri\u00e8re dans les salles fran\u00e7aises mercredi dernier. Cette tendance s&rsquo;est confirm\u00e9e ce week-end et le film a gard\u00e9 sa 1re position avec 259.132 entr\u00e9es sur 387 copies. &nbsp; L&rsquo;excellente nouvelle est que la Belgique suit le mouvement. Ici aussi, le quatri\u00e8me long &hellip;","og_url":"https:\/\/w-l-c.be\/fr\/la-belgique-et-la-france-adoptent-le-tout-nouveau-testament\/","og_site_name":"w-l-c","article_published_time":"2015-09-07T15:31:12+00:00","article_modified_time":"2015-09-07T15:51:17+00:00","og_image":[{"width":940,"height":470,"url":"https:\/\/w-l-c.be\/wp-content\/uploads\/2015\/09\/540ee82e35708a6d4d54d07f.jpg","type":"image\/jpeg"}],"author":"Philippe.Pierquin","twitter_card":"summary_large_image","twitter_misc":{"\u00c9crit par":"Philippe.Pierquin","Dur\u00e9e de lecture estim\u00e9e":"2 minutes"},"schema":{"@context":"https:\/\/schema.org","@graph":[{"@type":"WebPage","@id":"https:\/\/w-l-c.be\/fr\/la-belgique-et-la-france-adoptent-le-tout-nouveau-testament\/","url":"https:\/\/w-l-c.be\/fr\/la-belgique-et-la-france-adoptent-le-tout-nouveau-testament\/","name":"La Belgique et la France adoptent Le Tout Nouveau Testament - w-l-c","isPartOf":{"@id":"https:\/\/w-l-c.be\/fr\/#website"},"datePublished":"2015-09-07T15:31:12+00:00","dateModified":"2015-09-07T15:51:17+00:00","author":{"@id":"https:\/\/w-l-c.be\/fr\/#\/schema\/person\/4b9b1d857f0943453a38a7c2859ef756"},"breadcrumb":{"@id":"https:\/\/w-l-c.be\/fr\/la-belgique-et-la-france-adoptent-le-tout-nouveau-testament\/#breadcrumb"},"inLanguage":"fr-FR","potentialAction":[{"@type":"ReadAction","target":["https:\/\/w-l-c.be\/fr\/la-belgique-et-la-france-adoptent-le-tout-nouveau-testament\/"]}]},{"@type":"BreadcrumbList","@id":"https:\/\/w-l-c.be\/fr\/la-belgique-et-la-france-adoptent-le-tout-nouveau-testament\/#breadcrumb","itemListElement":[{"@type":"ListItem","position":1,"name":"Accueil","item":"https:\/\/w-l-c.be\/fr\/"},{"@type":"ListItem","position":2,"name":"La Belgique et la France adoptent Le Tout Nouveau Testament"}]},{"@type":"WebSite","@id":"https:\/\/w-l-c.be\/fr\/#website","url":"https:\/\/w-l-c.be\/fr\/","name":"w-l-c","description":"Le cin\u00e9ma vu par les belges","potentialAction":[{"@type":"SearchAction","target":{"@type":"EntryPoint","urlTemplate":"https:\/\/w-l-c.be\/fr\/?s={search_term_string}"},"query-input":"required name=search_term_string"}],"inLanguage":"fr-FR"},{"@type":"Person","@id":"https:\/\/w-l-c.be\/fr\/#\/schema\/person\/4b9b1d857f0943453a38a7c2859ef756","name":"Philippe.Pierquin","url":"https:\/\/w-l-c.be\/fr\/author\/philippe-pierquin\/"}]}},"_links":{"self":[{"href":"https:\/\/w-l-c.be\/fr\/wp-json\/wp\/v2\/posts\/77667","targetHints":{"allow":["GET"]}}],"collection":[{"href":"https:\/\/w-l-c.be\/fr\/wp-json\/wp\/v2\/posts"}],"about":[{"href":"https:\/\/w-l-c.be\/fr\/wp-json\/wp\/v2\/types\/post"}],"author":[{"embeddable":true,"href":"https:\/\/w-l-c.be\/fr\/wp-json\/wp\/v2\/users\/7"}],"replies":[{"embeddable":true,"href":"https:\/\/w-l-c.be\/fr\/wp-json\/wp\/v2\/comments?post=77667"}],"version-history":[{"count":0,"href":"https:\/\/w-l-c.be\/fr\/wp-json\/wp\/v2\/posts\/77667\/revisions"}],"wp:featuredmedia":[{"embeddable":true,"href":"https:\/\/w-l-c.be\/fr\/wp-json\/wp\/v2\/media\/77670"}],"wp:attachment":[{"href":"https:\/\/w-l-c.be\/fr\/wp-json\/wp\/v2\/media?parent=77667"}],"wp:term":[{"taxonomy":"category","embeddable":true,"href":"https:\/\/w-l-c.be\/fr\/wp-json\/wp\/v2\/categories?post=77667"},{"taxonomy":"post_tag","embeddable":true,"href":"https:\/\/w-l-c.be\/fr\/wp-json\/wp\/v2\/tags?post=77667"}],"curies":[{"name":"wp","href":"https:\/\/api.w.org\/{rel}","templated":true}]}}