
{"id":77751,"date":"2015-09-08T11:59:31","date_gmt":"2015-09-08T09:59:31","guid":{"rendered":"http:\/\/www.cinevox.be\/?p=77751"},"modified":"2018-04-13T19:39:08","modified_gmt":"2018-04-13T17:39:08","slug":"tous-les-films-soutenus-lors-de-la-2e-session-2015-de-la-commission-de-selection-des-films","status":"publish","type":"post","link":"https:\/\/w-l-c.be\/fr\/tous-les-films-soutenus-lors-de-la-2e-session-2015-de-la-commission-de-selection-des-films\/","title":{"rendered":"Commission de S\u00e9lection des Films &#8211; 2e session 2015 : Tous les films soutenus"},"content":{"rendered":"<p>&nbsp;<\/p>\n<p>&nbsp;<\/p>\n<p>&nbsp;<\/p>\n<h1>COURTS M\u00c9TRAGES DE FICTION<\/h1>\n<h2><strong>Aides \u00e0 la production (d&rsquo;initiative belge francophone)<\/strong><\/h2>\n<p>&nbsp;<\/p>\n<h3><strong>1<sup>er<\/sup> coll\u00e8ge<\/strong><\/h3>\n<p>&nbsp;<\/p>\n<p><strong>L\u00e9opold Roi des Belges<\/strong> de C\u00e9dric Vandresse \u00a0 \u00a0 \u00a0 \u00a0 \u00a0 \u00a0 \u00a0 \u00a0 \u00a0 \u00a0 \u00a0 \u00a0 \u00a0 \u00a0 \u00a0 \u00a0 \u00a0 \u00a0 \u00a0 \u00a0 \u00a0 \u00a0 \u00a0 \u00a0 \u00a0 \u00a0 \u00a0 \u00a0 \u00a0 \u00a0 \u00a0 \u00a0 \u00a0 \u00a0 \u00a0 \u00a0 \u00a0 Production : Mad Cat Studio<\/p>\n<p>Un prince allemand, d\u00e9vor\u00e9 par une tristesse inconsolable, est choisi pour monter sur le tr\u00f4ne d\u2019une Belgique venant tout juste de na\u00eetre. Ses qualit\u00e9s humaines sauveront le pays, mais son chagrin le d\u00e9tourne de son fils, h\u00e9ritier du tr\u00f4ne. Profond\u00e9ment bless\u00e9, celui-ci devient peu \u00e0 peu taciturne, puis un \u00eatre \u00e9gocentrique d\u00e9test\u00e9 de tous. Sera-t-il capable de remplacer son p\u00e8re \u00e0 la t\u00eate d\u2019une nation ? Cette histoire nous parle du manque d\u2019amour, et des d\u00e9g\u00e2ts irr\u00e9parables qu\u2019il engendre.<!--more--><\/p>\n<p>&nbsp;<\/p>\n<p><strong>Les nouveaux Barbares<\/strong> de R\u00e9mi Allier \u00a0 \u00a0 \u00a0 \u00a0 \u00a0 \u00a0 \u00a0 \u00a0 \u00a0 \u00a0 \u00a0 \u00a0 \u00a0 \u00a0 \u00a0 \u00a0 \u00a0 \u00a0 \u00a0 \u00a0 \u00a0 \u00a0 \u00a0 \u00a0 \u00a0 \u00a0 \u00a0 \u00a0 \u00a0 \u00a0 \u00a0 \u00a0 \u00a0 \u00a0 \u00a0 \u00a0 \u00a0 \u00a0 \u00a0 \u00a0 \u00a0 \u00a0 \u00a0 Production : Wrong Men North<\/p>\n<p>L\u00e9o, 16 mois, est le fils du directeur d\u2019une usine en phase de fermeture. Alors que la grogne des salari\u00e9s et des syndicats s\u2019intensifie, l\u2019enfant est enlev\u00e9 par un petit groupe d\u2019ouvriers. On s\u2019enfonce avec eux dans l\u2019impasse de cette tentative d\u00e9sesp\u00e9r\u00e9e de sauver leur usine. \u00c0 hauteur de nouveau-n\u00e9, il s\u2019agit du trajet de L\u00e9o, dans cette violence et de sa rencontre avec Bruno, la \u00ab brute \u00bb, qui va peu \u00e0 peu s\u2019adoucir au contact de ce petit \u00eatre\u2026<\/p>\n<p>&nbsp;<\/p>\n<p><strong>Spahis<\/strong> d\u2019Ana\u00efs Debus \u00a0 \u00a0 \u00a0 \u00a0 \u00a0 \u00a0 \u00a0 \u00a0 \u00a0 \u00a0 \u00a0 \u00a0 \u00a0 \u00a0 \u00a0 \u00a0 \u00a0 \u00a0 \u00a0 \u00a0 \u00a0 \u00a0 \u00a0 \u00a0 \u00a0 \u00a0 \u00a0 \u00a0 \u00a0 \u00a0 \u00a0 \u00a0 \u00a0 \u00a0 \u00a0 \u00a0 \u00a0 \u00a0 \u00a0 \u00a0 \u00a0 \u00a0 \u00a0 \u00a0 \u00a0 \u00a0 \u00a0 \u00a0 \u00a0 \u00a0 \u00a0 \u00a0 \u00a0 \u00a0 \u00a0 Production : Cookies Films<\/p>\n<p>Belgique. Ao\u00fbt 1914. Premier mois de la guerre. Louise, jeune paysanne belge est enceinte, presque \u00e0 terme. A quelques kilom\u00e8tres de son foyer, Jules, son mari, se bat \u00e0 Rossignol aux c\u00f4t\u00e9s de l\u2019arm\u00e9e fran\u00e7aise. Louise s\u2019occupe seule de la ferme, de son gar\u00e7on de trois ans, des b\u00eates et des moissons. Dans la nuit du 22 au 23 Ao\u00fbt, un individu s\u2019introduit dans la ferme endormie. La jeune paysanne fait face \u00e0 un soldat indig\u00e8ne de la troisi\u00e8me division coloniale : Ra\u00efd, un Spahi Alg\u00e9rien. Rencontre du troisi\u00e8me type \u00e0 la saison des d\u00e9chirures.<\/p>\n<p>&nbsp;<\/p>\n<p><strong>Un homme ordinaire<\/strong> de Julien Trousson<\/p>\n<p>Production : Roue Libre Production<\/p>\n<p>Quand un homme ordinaire atteint le savoir, il est sage. Quand un sage atteint la compr\u00e9hension, il est un homme ordinaire.<\/p>\n<p>&nbsp;<\/p>\n<h3><strong>2<sup>\u00e8me<\/sup> coll\u00e8ge<\/strong><\/h3>\n<p>&nbsp;<\/p>\n<p><strong>Amazonie<\/strong> de No\u00ebmie Nicolas \u00a0 \u00a0 \u00a0 \u00a0 \u00a0 \u00a0 \u00a0 \u00a0 \u00a0 \u00a0 \u00a0 \u00a0 \u00a0 \u00a0 \u00a0 \u00a0 \u00a0 \u00a0 \u00a0 \u00a0 \u00a0 \u00a0 \u00a0 \u00a0 \u00a0 \u00a0 \u00a0 \u00a0 \u00a0 \u00a0 \u00a0 \u00a0 \u00a0 \u00a0 \u00a0 \u00a0 \u00a0 \u00a0 \u00a0 \u00a0 \u00a0 \u00a0 \u00a0 \u00a0 \u00a0 \u00a0 \u00a0 \u00a0 \u00a0 \u00a0Production : Wrong Men North<\/p>\n<p>Une adolescente, son jeune fr\u00e8re et leur m\u00e8re traversent, \u00e0 pied, une r\u00e9gion hostile, qu&rsquo;ils cherchent \u00e0 fuir par la mer. Malgr\u00e9 le manque de tout et les bandes de pillards qui r\u00f4dent les enfants semblent faire face. Mais la m\u00e8re, \u00e0 bout de forces, perd progressivement pied. Quand son comportement finit par menacer leur survie \u00e0 tous les trois l&rsquo;adolescente doit prendre une d\u00e9cision.<\/p>\n<p>&nbsp;<\/p>\n<p><strong>Le sc\u00e9nariste<\/strong> de Fran\u00e7ois Paquay \u00a0 \u00a0 \u00a0 \u00a0 \u00a0 \u00a0 \u00a0 \u00a0 \u00a0 \u00a0 \u00a0 \u00a0 \u00a0 \u00a0 \u00a0 \u00a0 \u00a0 \u00a0 \u00a0 \u00a0 \u00a0 \u00a0 \u00a0 \u00a0 \u00a0 \u00a0 \u00a0 \u00a0 \u00a0 \u00a0 \u00a0 \u00a0 \u00a0 \u00a0 \u00a0 \u00a0 \u00a0 \u00a0 \u00a0 \u00a0 \u00a0 \u00a0 \u00a0 \u00a0 \u00a0 \u00a0 \u00a0 Production : Imagine-Productions<\/p>\n<p>Pour terminer son film, Jonas, jeune r\u00e9alisateur ambitieux, accepte les conditions que lui impose son producteur : retravailler son sc\u00e9nario avec l\u2019aide d\u2019un sc\u00e9nariste am\u00e9ricain : John Loubric, un type fantastique. Il viendra vivre quelques jours \u00e0 la maison, ce qui n\u2019est pas pour plaire \u00e0 H\u00e9l\u00e8ne, la femme de Jonas. Une nuit, John d\u00e9barque \u00e0 l\u2019improviste\u2026<\/p>\n<p>&nbsp;<\/p>\n<p>&nbsp;<\/p>\n<h2><strong>Aides \u00e0 la production (d&rsquo;initiative \u00e9trang\u00e8re)<\/strong><\/h2>\n<p><strong>1<sup>er<\/sup> coll\u00e8ge<\/strong><\/p>\n<p>&nbsp;<\/p>\n<p><strong>La Costa Dorada<\/strong> de No\u00e9mi Gruner \u00a0 \u00a0 \u00a0 \u00a0 \u00a0 \u00a0 \u00a0 \u00a0 \u00a0 \u00a0 \u00a0 \u00a0 \u00a0 \u00a0 \u00a0 \u00a0 \u00a0 \u00a0 \u00a0 \u00a0 \u00a0 \u00a0 \u00a0 \u00a0 \u00a0 \u00a0 \u00a0 \u00a0 \u00a0 \u00a0 \u00a0 \u00a0 \u00a0 \u00a0 \u00a0 \u00a0 \u00a0 \u00a0 \u00a0 \u00a0 \u00a0 \u00a0 \u00a0 \u00a0 \u00a0 \u00a0 \u00a0 Production : Need Productions<\/p>\n<p>Erika, 26 ans, quitte l\u2019effervescence de Madrid car, pour la premi\u00e8re fois, elle a obtenu un contrat de travail. Elle arrive dans une ville baln\u00e9aire qui lui est inconnue et qui lui r\u00e9serve quelques surprises en ces temps de crise&#8230;<\/p>\n<p>&nbsp;<\/p>\n<p><strong>Rikishi<\/strong> de Julien Menanteau \u00a0 \u00a0 \u00a0 \u00a0 \u00a0 \u00a0 \u00a0 \u00a0 \u00a0 \u00a0 \u00a0 \u00a0 \u00a0 \u00a0 \u00a0 \u00a0 \u00a0 \u00a0 \u00a0 \u00a0 \u00a0 \u00a0 \u00a0 \u00a0 \u00a0 \u00a0 \u00a0 \u00a0 \u00a0 \u00a0 \u00a0 \u00a0 \u00a0 \u00a0 \u00a0 \u00a0 \u00a0 \u00a0 \u00a0 \u00a0 \u00a0 \u00a0 \u00a0 \u00a0 \u00a0 \u00a0 \u00a0 \u00a0 \u00a0 \u00a0 \u00a0 \u00a0Production : Popiul<\/p>\n<p>Malgr\u00e9 un physique robuste, Jason est un adolescent timide. Lors d\u2019une sortie de classe \u00e0 la piscine, il est ridiculis\u00e9 par l&rsquo;un de ses camarades qui le compare \u00e0 un \u00ab\u00a0Sumo\u00a0\u00bb. Fou de rage, il s&#8217;empare du jeune homme et tente de le noyer. L&rsquo;agression est violente, la sentence tombe : trois jours de suspension. Seul chez lui, Jason trompe l&rsquo;ennui et se renseigne peu \u00e0 peu sur les \u00ab\u00a0Rikishis\u00a0\u00bb, ces sportifs japonais consid\u00e9r\u00e9s \u00e0 l&rsquo;\u00e9gal des Dieux. L&rsquo;identification est imm\u00e9diate. Le voyage commence\u2026<\/p>\n<p>&nbsp;<\/p>\n<p><strong>Un grand silence<\/strong> de Julie Gourdain<\/p>\n<p>Production : Ultime Razzia Productions<\/p>\n<p>Marianne a 19 ans en 1968. Elle est plac\u00e9e au sein d&rsquo;une maison pour jeunes filles, loin de sa famille et de ses proches. Dans cette maison, Marianne rencontre d&rsquo;autres jeunes filles dont le secret a fait basculer le parcours.<\/p>\n<p>&nbsp;<\/p>\n<p>&nbsp;<\/p>\n<p>&nbsp;<\/p>\n<h1>LONGS M\u00c9TRAGES DE FICTION<\/h1>\n<p>&nbsp;<\/p>\n<h2><strong>Aides \u00e0 l&rsquo;\u00e9criture<\/strong><\/h2>\n<h3><strong>1<sup>er<\/sup> coll\u00e8ge<\/strong><\/h3>\n<p><strong>Bonjour Madame<\/strong> de Elisabet Llado<\/p>\n<p>Marie, journaliste et m\u00e8re c\u00e9libataire \u00e0 la vie sentimentale quelque peu chaotique, arrondit ses fins de mois en donnant des cours particuliers de fran\u00e7ais \u00e0 Chaima, femme arabe au foyer. Mais les le\u00e7ons ne donnent gu\u00e8re de r\u00e9sultats et Marie lui propose de sortir de chez elle et d&rsquo;assister \u00e0 des cours de cuisine organis\u00e9s par son ami Manu, travesti en germe. Dans ce triangle improbable, chacun, l\u2019air de rien, inspire l\u2019autre et chacun, au contact de l\u2019autre, devient davantage lui-m\u00eame.<\/p>\n<p>&nbsp;<\/p>\n<p><strong>Dans le ciel gris vole un pigeon solitaire<\/strong><\/p>\n<p>de Kurt Segers et Joachim De Smedt<\/p>\n<p>Production : Koko arrose la culture<\/p>\n<p>Peu apr\u00e8s la mort de son p\u00e8re, Georges perd sa femme. Line se volatilise, est port\u00e9e disparue et n\u2019est jamais retrouv\u00e9e. Perdant lentement pied avec la r\u00e9alit\u00e9, Georges s&rsquo;improvise d\u00e9tective et d\u00e9couvre suite \u00e0 une nuit d&rsquo;errance sur le web qu&rsquo;une autre femme qui pr\u00e9sente des similitudes troublantes avec Line a elle aussi disparue. Le corps d&rsquo;une femme est rep\u00each\u00e9 dans le canal par la police. Commence pour Georges l&rsquo;in\u00e9luctable autopsie d&rsquo;un couple presque ordinaire dans un monde tout aussi ordinaire o\u00f9 la justice n&rsquo;est qu&rsquo;injustice partag\u00e9e.<\/p>\n<p>&nbsp;<\/p>\n<p><strong>Noir de coeur<\/strong> d\u2019Andr\u00e9 Buytaers \u00a0 \u00a0 \u00a0 \u00a0 \u00a0 \u00a0 \u00a0 \u00a0 \u00a0 \u00a0 \u00a0 \u00a0 \u00a0 \u00a0 \u00a0 \u00a0 \u00a0 \u00a0 \u00a0 \u00a0 \u00a0 \u00a0 \u00a0 \u00a0 \u00a0 \u00a0 \u00a0 \u00a0 \u00a0 \u00a0 \u00a0 \u00a0 \u00a0 \u00a0 \u00a0 \u00a0 \u00a0 \u00a0 \u00a0 \u00a0 \u00a0 \u00a0 \u00a0 \u00a0 \u00a0 \u00a0 \u00a0 \u00a0 \u00a0 Production : Eklektik Productions<\/p>\n<p>Suite \u00e0 une enqu\u00eate retentissante, Dante Censi, un journaliste italien est menac\u00e9 de mort par la mafia et contraint de vivre reclus sous protection polici\u00e8re. Perdant petit-\u00e0-petit tout contact affectif, familial et social, il s&rsquo;enferme en lui-m\u00eame et plonge dans ses obsessions jusqu&rsquo;\u00e0 la parano\u00efa. Lorsque survient une vendetta mafieuse sanglante en Belgique, Dante d\u00e9cide de venir enqu\u00eater sur les bases arri\u00e8re pour confondre le capo qui a mis le contrat sur sa t\u00eate. Il retrouvera Francesca une amie d&rsquo;enfance devenue aussi journaliste. Ensemble, \u00e0 Li\u00e8ge, ils vont s&rsquo;immerger dans le monde souterrain des latitante. Dante va y trouver son enfer.<\/p>\n<p><strong><br \/>\n<\/strong><\/p>\n<p><strong>\u00a0<\/strong><\/p>\n<h3><strong>2<sup>\u00e8me<\/sup> coll\u00e8ge<\/strong><\/h3>\n<p><strong>Dr\u00f4le de p\u00e8re<\/strong> d\u2019Am\u00e9lie Van Elmbt<\/p>\n<p>Lorsque son fr\u00e8re lui annonce qu\u2019il va \u00eatre papa, Vincent se retrouve confront\u00e9 \u00e0 sa propre paternit\u00e9 qu\u2019il a ni\u00e9e pendant des ann\u00e9es. Il n\u2019a jamais rencontr\u00e9 sa fille, Lina bient\u00f4t quatre ans. Pris de remords, il d\u00e9cide de contacter Lou, la m\u00e8re de leur fille. Une rencontre s\u2019organise pendant laquelle Lou va devoir s\u2019absenter. Vincent accepte de garder Lina en attendant son retour. Il est bien loin de s\u2019imaginer qu\u2019elle ne reviendra pas avant quatre jours. Quatre longues journ\u00e9es d\u2019\u00e9t\u00e9 o\u00f9 Vincent va se retrouver seul face \u00e0 sa fille qui ne sait rien de lui\u2026<\/p>\n<p>&nbsp;<\/p>\n<p><strong>Je ne suis pas Charlie<\/strong> de Kenan G\u00f6rg\u00fcn et Taylan Barman<\/p>\n<p>Charles Boffa est un professeur d\u2019histoire et de g\u00e9o d\u2019une classe de 4\u00e8me secondaire dans un ath\u00e9n\u00e9e r\u00e9put\u00e9 difficile de Bruxelles. Il a du mal \u00e0 motiver ses \u00e9l\u00e8ves : Kenan, Kevin, Kaoutar, Younes et les autres. Mais Charles Boffa n\u2019h\u00e9site pas \u00e0 les prot\u00e9ger quand ceux-ci sont critiqu\u00e9s par d\u2019autres coll\u00e8gues. Seule Selma, \u00e0 qui le lie une relation plus que professionnelle, prendra la d\u00e9fense de Charles. L\u2019attentat de \u00abCharlie Hebdo\u00bb de Paris va tout changer\u2026<\/p>\n<p>&nbsp;<\/p>\n<p><strong>M\u00e9tisse<\/strong> de Jonas d&rsquo;Adesky \u00a0 \u00a0 \u00a0 \u00a0 \u00a0 \u00a0 \u00a0 \u00a0 \u00a0 \u00a0 \u00a0 \u00a0 \u00a0 \u00a0 \u00a0 \u00a0 \u00a0 \u00a0 \u00a0 \u00a0 \u00a0 \u00a0 \u00a0 \u00a0 \u00a0 \u00a0 \u00a0 \u00a0 \u00a0 \u00a0 \u00a0 \u00a0 \u00a0 \u00a0 \u00a0 \u00a0 \u00a0 \u00a0 \u00a0 \u00a0 \u00a0 \u00a0 \u00a0 \u00a0 \u00a0 \u00a0 \u00a0 \u00a0 \u00a0 \u00a0 \u00a0 \u00a0 Production : N\u00e9on Rouge Productions<\/p>\n<p>Lia, m\u00e9tisse belgo-rwandaise, voit son p\u00e8re, intern\u00e9 depuis de nombreuses ann\u00e9es en h\u00f4pital psychiatrique, r\u00e9appara\u00eetre dans sa vie. Il la convainc de retourner au Rwanda faire le deuil de leur famille extermin\u00e9e pendant le g\u00e9nocide de 1994. Un voyage pour tenter de reconstruire une relation\u2026<\/p>\n<p>&nbsp;<\/p>\n<p>&nbsp;<\/p>\n<h2><strong>Aides au d\u00e9veloppement<\/strong><\/h2>\n<p>&nbsp;<\/p>\n<p><strong>L&rsquo;\u00e9preuve<\/strong> de Pascal Adant \u00a0 \u00a0 \u00a0 \u00a0 \u00a0 \u00a0 \u00a0 \u00a0 \u00a0 \u00a0 \u00a0 \u00a0 \u00a0 \u00a0 \u00a0 \u00a0 \u00a0 \u00a0 \u00a0 \u00a0 \u00a0 \u00a0 \u00a0 \u00a0 \u00a0 \u00a0 \u00a0 \u00a0 \u00a0 \u00a0 \u00a0 \u00a0 \u00a0 \u00a0 \u00a0 \u00a0 \u00a0 \u00a0 \u00a0 \u00a0 \u00a0 \u00a0 \u00a0 \u00a0 \u00a0 \u00a0 \u00a0 \u00a0 \u00a0 \u00a0 \u00a0 \u00a0 \u00a0Production : Climax Films<\/p>\n<p>Photographe de g\u00e9nie, Frank a red\u00e9couvert un proc\u00e9d\u00e9 de tirage photographique susceptible de r\u00e9v\u00e9ler le secret de la R\u00e9surrection contenu dans le Saint Suaire de Turin. Le projet r\u00e9veille de vieilles peurs au sein de l\u2019Eglise, selon lesquelles une exp\u00e9rience similaire, r\u00e9alis\u00e9e autrefois par L\u00e9onard De Vinci, aurait d\u00e9montr\u00e9 que le Christ \u00e9tait mortel. Des int\u00e9gristes catholiques, protecteurs du secret du Suaire, sont alors pr\u00eats \u00e0 tout pour faire \u00e9chouer le projet\u2026<\/p>\n<p>&nbsp;<\/p>\n<p><strong>Mon Jaco<\/strong> de Psych\u00e9 Piras \u00a0 \u00a0 \u00a0 \u00a0 \u00a0 \u00a0 \u00a0 \u00a0 \u00a0 \u00a0 \u00a0 \u00a0 \u00a0 \u00a0 \u00a0 \u00a0 \u00a0 \u00a0 \u00a0 \u00a0 \u00a0 \u00a0 \u00a0 \u00a0 \u00a0 \u00a0 \u00a0 \u00a0 \u00a0 \u00a0 \u00a0 \u00a0 \u00a0 \u00a0 \u00a0 \u00a0 \u00a0 \u00a0 \u00a0 \u00a0 \u00a0 \u00a0 \u00a0 \u00a0 \u00a0 \u00a0 \u00a0 \u00a0 \u00a0 \u00a0 \u00a0 \u00a0 \u00a0Production : Left Field Ventures sprl<\/p>\n<p>Electra est une petite fille de 10 et demi qui vit dans une petite ville de campagne. Son seul ami c\u2019est Jaco. Seulement son ami a des ennuis, il est en danger. Mais comment faire pour aider un ami ? Surtout quand cet ami est&#8230; un arbre ? Mon Jaco : un conte fantastique o\u00f9 M\u00e8re Nature a son mot \u00e0 dire \u2026<\/p>\n<p>&nbsp;<\/p>\n<p><strong>Pomp\u00e9i<\/strong> de Anna Falgueres et John Shank \u00a0 \u00a0 \u00a0 \u00a0 \u00a0 \u00a0 \u00a0 \u00a0 \u00a0 \u00a0 \u00a0 \u00a0 \u00a0 \u00a0 \u00a0 \u00a0 \u00a0 \u00a0 \u00a0 \u00a0 \u00a0 \u00a0 \u00a0 \u00a0 \u00a0 \u00a0 \u00a0 \u00a0 \u00a0 \u00a0 \u00a0 \u00a0 \u00a0 \u00a0 \u00a0 \u00a0 \u00a0 \u00a0 \u00a0 \u00a0 Production : Tarantula<\/p>\n<p>Victor, encore adolescent, fait figure de mod\u00e8le pour son petit fr\u00e8re Jimmy. Il l\u2019initie \u00e0 la survie dans leur environnement o\u00f9 le cycle de la mis\u00e8re \u00e9conomique et sentimentale semble \u00e9ternel. L\u2019arriv\u00e9e de Billie \u00e9branle les certitudes et la m\u00e9canique du groupe auquel ils appartiennent.<\/p>\n<p>&nbsp;<\/p>\n<p>&nbsp;<\/p>\n<h2><strong>Aides \u00e0 la production (d&rsquo;initiative belge francophone)<\/strong><\/h2>\n<h3><strong>1<sup>er<\/sup> coll\u00e8ge<\/strong><\/h3>\n<p>&nbsp;<\/p>\n<p><strong>Le voleur<\/strong> de Gu\u00e9rin van de Vorst \u00a0 \u00a0 \u00a0 \u00a0 \u00a0 \u00a0 \u00a0 \u00a0 \u00a0 \u00a0 \u00a0 \u00a0 \u00a0 \u00a0 \u00a0 \u00a0 \u00a0 \u00a0 \u00a0 \u00a0 \u00a0 \u00a0 \u00a0 \u00a0 \u00a0 \u00a0 \u00a0 \u00a0 \u00a0 \u00a0 \u00a0 \u00a0 \u00a0 \u00a0 \u00a0 \u00a0 \u00a0 \u00a0 \u00a0 \u00a0 \u00a0 \u00a0 \u00a0 Production : Wrong Men North<\/p>\n<p>\u00ab\u00a0Le voleur\u00a0\u00bb raconte le parcours intime d&rsquo;Adel, petit d\u00e9linquant en pleine crise existentielle, au moment o\u00f9 il sort de prison apr\u00e8s 4 ans d&rsquo;enfermement. De travail de r\u00e9insertion en petites r\u00e9cidives, d&rsquo;amiti\u00e9s sinc\u00e8res en tentation int\u00e9griste, Adel va mener combat pour r\u00e9sister \u00e0 la haine, pour recr\u00e9er du lien avec son fils et retrouver sa dignit\u00e9 d&rsquo;homme libre.<\/p>\n<p><strong><br \/>\n<\/strong><\/p>\n<p><strong>\u00a0<\/strong><\/p>\n<p><strong>Seule \u00e0 mon mariage<\/strong> de Marta Bergman \u00a0 \u00a0 \u00a0 \u00a0 \u00a0 \u00a0 \u00a0 \u00a0 \u00a0 \u00a0 \u00a0 \u00a0 \u00a0 \u00a0 \u00a0 \u00a0 \u00a0 \u00a0 \u00a0 \u00a0 \u00a0 \u00a0 \u00a0 \u00a0 \u00a0 \u00a0 \u00a0 \u00a0 \u00a0 \u00a0 \u00a0 \u00a0 \u00a0 \u00a0 \u00a0 \u00a0 \u00a0 \u00a0 \u00a0 \u00a0Production : Frakas Productions<\/p>\n<p class=\"p1\"><span class=\"s1\">Insolente, spontan\u00e9e, dr\u00f4le. Pamela, jeune Rom, ne ressemble \u00e0 aucune femme de sa communaut\u00e9. Elle vit seule avec sa grand-m\u00e8re et son b\u00e9b\u00e9 dans une cahute o\u00f9 elles partagent le m\u00eame lit. Mais que faire avec une enfant de deux ans quand on r\u00eave d&rsquo;\u00eatre libre?\u00a0<\/span><span class=\"s1\">Pamela s\u2019embarque vers l\u2019inconnu, rompant avec les traditions qui l\u2019\u00e9touffent. \u00ab\u00a0Lapin, pizza, amour\u00a0\u00bb, trois mots de fran\u00e7ais et l\u2019espoir d\u2019un mariage pour changer son destin et celui de sa fille.<\/span><\/p>\n<p>&nbsp;<\/p>\n<p>&nbsp;<\/p>\n<p><strong>Happy holidays <\/strong>de Val\u00e9ry Rosier<strong> (aide apr\u00e8s r\u00e9alisation)<\/strong>\u00a0 \u00a0 \u00a0 \u00a0 \u00a0 \u00a0 \u00a0 \u00a0 \u00a0 \u00a0 \u00a0 \u00a0 \u00a0 \u00a0 \u00a0 \u00a0 \u00a0 \u00a0 \u00a0 \u00a0 \u00a0 \u00a0 \u00a0 \u00a0 \u00a0 \u00a0Production : Wrong Men North<\/p>\n<p>Les vacances, une \u00eele en M\u00e9diterran\u00e9e. Trois solitudes, la fin de l\u2019\u00e9t\u00e9. D\u00e9termin\u00e9s, coute que coute, \u00e0 ne plus le rester. La nostalgie d\u2019un pass\u00e9, qui n\u2019a jamais exist\u00e9.<\/p>\n<p>&nbsp;<\/p>\n<p>&nbsp;<\/p>\n<h3><strong>2<sup>\u00e8me<\/sup> coll\u00e8ge<\/strong><\/h3>\n<p>&nbsp;<\/p>\n<p><strong>La fille inconnue<\/strong> de Luc et Jean-Pierre Dardenne \u00a0 \u00a0 \u00a0 \u00a0 \u00a0 \u00a0 \u00a0 \u00a0 \u00a0 \u00a0 \u00a0 \u00a0 \u00a0 \u00a0 \u00a0 \u00a0 \u00a0 \u00a0 \u00a0 \u00a0 \u00a0 \u00a0 \u00a0 \u00a0 \u00a0 \u00a0 \u00a0 \u00a0 \u00a0 \u00a0 \u00a0 \u00a0 \u00a0 \u00a0Production : Les Films du Fleuve<\/p>\n<p>&nbsp;<\/p>\n<p>Jenny, jeune m\u00e9decin g\u00e9n\u00e9raliste, se sent coupable de ne pas avoir ouvert la porte de son cabinet \u00e0 une jeune fille retrouv\u00e9e morte peu de temps apr\u00e8s. Apprenant par la police que l&rsquo;identit\u00e9 de la jeune fille est inconnue, Jenny se met en qu\u00eate de trouver son nom. Dans sa qu\u00eate, la jeune m\u00e9decin devient peu \u00e0 peu accoucheuse de v\u00e9rit\u00e9.<\/p>\n<p>&nbsp;<\/p>\n<p><strong>L&rsquo;\u00e9conomie du couple<\/strong> de Joachim Lafosse \u00a0 \u00a0 \u00a0 \u00a0 \u00a0 \u00a0 \u00a0 \u00a0 \u00a0 \u00a0 \u00a0 \u00a0 \u00a0 \u00a0 \u00a0 \u00a0 \u00a0 \u00a0 \u00a0 \u00a0 \u00a0 \u00a0 \u00a0 \u00a0 \u00a0 \u00a0 \u00a0 \u00a0 \u00a0 \u00a0 \u00a0 \u00a0 \u00a0 \u00a0 \u00a0 \u00a0 \u00a0 \u00a0Production : Versus Production<\/p>\n<p>Apr\u00e8s dix ans de vie commune, Marie et Thierry se s\u00e9parent. C&rsquo;est elle qui a achet\u00e9 l&rsquo;appartement dans lequel ils vivent avec leurs deux enfants, mais c&rsquo;est lui qui l&rsquo;a enti\u00e8rement r\u00e9nov\u00e9. Thierry n&rsquo;ayant pas les moyens de se reloger, ils sont oblig\u00e9s de cohabiter. A l&rsquo;heure des comptes, chacun essaie de conserver ce qu&rsquo;il juge avoir apport\u00e9 au couple.<\/p>\n<p>&nbsp;<\/p>\n<p><strong>The perfect movie<\/strong> de Marc-Henri Wajnberg<\/p>\n<p>Production : Wajnbrosse Productions<\/p>\n<p>Pour toucher un h\u00e9ritage, Vincent doit r\u00e9aliser un film et le sortir en salle. Mais aucun producteur ne croit \u00e0 son script: celui de Martiens frapp\u00e9s par la limite d&rsquo;\u00e2ge qui viennent se r\u00e9fugier sur Terre. Le serbe, Igor, accepte de produire Vincent &#8211; mais \u00e0 condition que Vincent tue Mila, la ravissante femme d&rsquo;Igor. Probl\u00e8me! Vincent vient de l&rsquo;engager dans son film et en est tomb\u00e9 follement amoureux\u2026<\/p>\n<p>&nbsp;<\/p>\n<p>&nbsp;<\/p>\n<h2><strong>Aides \u00e0 la production (d&rsquo;initiative \u00e9trang\u00e8re)<\/strong><\/h2>\n<p>&nbsp;<\/p>\n<p><strong>Au del\u00e0 des montagnes et des collines<\/strong> de Eran Kolirin \u00a0 \u00a0 \u00a0 \u00a0 \u00a0 \u00a0 \u00a0 \u00a0 \u00a0 \u00a0 \u00a0 \u00a0 \u00a0 \u00a0 \u00a0 \u00a0 \u00a0 \u00a0 \u00a0 \u00a0 \u00a0 \u00a0 \u00a0 \u00a0 \u00a0 \u00a0 \u00a0 \u00a0 \u00a0Production : Entre Chien et Loup<\/p>\n<p>Apr\u00e8s vingt-sept ans de services \u00e0 l&rsquo;arm\u00e9e, David est d\u00e9mobilis\u00e9. Il retourne chez lui et retrouve sa famille apr\u00e8s de longues et r\u00e9currentes s\u00e9parations, et tente de s&rsquo;ajuster \u00e0 sa nouvelle vie de civil. Il est persuad\u00e9 que, comme ses amis partis plus t\u00f4t que lui de l&rsquo;arm\u00e9e, lui aussi va faire carri\u00e8re dans le priv\u00e9. C&rsquo;est sans compter sur le \u00ab nouvel Isra\u00ebl \u00bb rythm\u00e9 par une comp\u00e9titivit\u00e9 hors norme et une fascination pour l&rsquo;argent et la r\u00e9ussite sociale. David passe ses journ\u00e9es seul, \u00e0 regarder la t\u00e9l\u00e9vision. Lorsqu&rsquo;un ami lui propose un job de VRP pour des compl\u00e9ments alimentaires, David y voit une opportunit\u00e9 pour p\u00e9n\u00e9trer le business et s&rsquo;y faire un nom. Mais David et sa famille vont vite \u00eatre pris au pi\u00e8ge des forces obscures qui r\u00e8gnent sur la vie isra\u00e9lienne.<\/p>\n<p>&nbsp;<\/p>\n<p><strong>The Whale<\/strong> d\u2019Andrea Pallaoro<\/p>\n<p>Production : Left Field Ventures sprl<\/p>\n<p>The Whale est le regard \u00e0 la fois implacable et empathique, lyrique et audacieux sur Hannah, une femme polonaise d\u2019une soixantaine d\u2019ann\u00e9es, qui doit affronter les accusations de p\u00e9dophilie et d\u2019inceste port\u00e9es \u00e0 l\u2019encontre de son mari. Alors qu\u2019Hannah persiste \u00e0 nier la v\u00e9rit\u00e9, son sens de la r\u00e9alit\u00e9 devient de plus en plus perturb\u00e9. \u00c0 travers l\u2019exploration de sa propre identit\u00e9 et de son sang-froid durement mis \u00e0 l\u2019\u00e9preuve, le film touche au th\u00e8me de l\u2019ali\u00e9nation moderne et des fronti\u00e8res entre l\u2019individualit\u00e9, le couple et la soci\u00e9t\u00e9.<\/p>\n<p>&nbsp;<\/p>\n<p><strong>Une vie<\/strong> de St\u00e9phane Brize<\/p>\n<p>Production : Versus Production<\/p>\n<p>C&rsquo;est un morceau de vie. La vie de Jeanne du Perthuis des Vauds, entre sa dix huiti\u00e8me et sa quarante cinqui\u00e8me ann\u00e9e dans la Normandie de la premi\u00e8re moiti\u00e9 du XIX\u00e8me si\u00e8cle. L&rsquo;histoire d&rsquo;une femme hypersensible, trop prot\u00e9g\u00e9e et en qu\u00eate d&rsquo;absolu, incapable de faire face \u00e0 la brutale r\u00e9alit\u00e9 du monde. C&rsquo;est l&rsquo;histoire d&rsquo;un deuil impossible, celui du paradis perdu de l&rsquo;enfance.<\/p>\n<p>&nbsp;<\/p>\n<p>&nbsp;<\/p>\n<h2><strong>Aides \u00e0 la production (CCA-VAF)<\/strong><\/h2>\n<p>&nbsp;<\/p>\n<p><strong>Blue silence<\/strong> de B\u00fclent Ozt\u00fcrk<\/p>\n<p>Production : Daylight Invest<\/p>\n<p>Hakan (41) est un ex-membre du JITEM, un service secret informel de la police turque, une organisation de contre-gu\u00e9rilla qui oeuvre au maintien de la s\u00e9curit\u00e9 d\u2019\u00e9tat. C\u2019est ainsi que par le pass\u00e9, Hakan a \u00e9t\u00e9 affect\u00e9 au combat contre le Parti des Travailleurs du Kurdistan (PKK). Il a \u00e9t\u00e9 lib\u00e9r\u00e9 pr\u00e9matur\u00e9ment de ses obligations, apr\u00e8s une exp\u00e9rience traumatisante qui l\u2019a \u00e9galement bless\u00e9 irr\u00e9vocablement.<\/p>\n<p>&nbsp;<\/p>\n<p><strong>Say something funny<\/strong> de Nic Balthazar \u00a0 \u00a0 \u00a0 \u00a0 \u00a0 \u00a0 \u00a0 \u00a0 \u00a0 \u00a0 \u00a0 \u00a0 \u00a0 \u00a0 \u00a0 \u00a0 \u00a0 \u00a0 \u00a0 \u00a0 \u00a0 \u00a0 \u00a0 \u00a0 \u00a0 \u00a0 \u00a0 \u00a0 \u00a0 \u00a0 \u00a0 \u00a0 \u00a0 \u00a0 \u00a0 \u00a0 \u00a0 \u00a0 \u00a0 \u00a0 \u00a0 \u00a0Production : Entre Chien et Loup<\/p>\n<p>Ralph Hartman est un humoriste qui, arriv\u00e9 au milieu de sa vie et de sa carri\u00e8re, rencontre un certain succ\u00e8s. Il est la vedette d&rsquo;une Comedy Cruise: un spectacle o\u00f9 il partage l&rsquo;affiche avec trois autres comiques qui se relaient et abordent chaque jour la vie quotidienne par le rire. Mais un certain nombre de choses perturbent Hartman. Il y a le talent neuf et bruyant d&rsquo;un humoriste qui vient de se joindre \u00e0 eux: Igor Benz ! Et dans son sillage, sa gracieuse assistante Julie, qui ne semble pas vouloir donner suite aux p\u00e9nibles avances d&rsquo;Hartman. Mais surtout, il y a ce type dans le public qui le fait r\u00e9ellement douter de lui-m\u00eame. Ce gars-l\u00e0 a l&rsquo;air de tout sauf d&rsquo;un fan et semble r\u00e9appara\u00eetre sans cesse jusque dans la chambre d&rsquo;h\u00f4tel d&rsquo;Hartman qui essaie en vain de vaincre ses insomnies. Petit \u00e0 petit, nous allons malheureusement comprendre que Hartman s&rsquo;est -quasi litt\u00e9ralement -rencontr\u00e9 lui-m\u00eame. Sa propre voix int\u00e9rieure, critique, s&rsquo;est incarn\u00e9e sous la forme d&rsquo;un esprit d\u00e9moniaque et hyper \u00e9nergique.<\/p>\n<p>&nbsp;<\/p>\n<p>&nbsp;<\/p>\n<h1>DOCUMENTAIRES DE CR\u00c9ATION<\/h1>\n<h2><strong>Aides au d\u00e9veloppement<\/strong><\/h2>\n<h3><strong>1<sup>er<\/sup> coll\u00e8ge<\/strong><\/h3>\n<p>&nbsp;<\/p>\n<p><strong>Battir<\/strong> de Laurence Buelens<\/p>\n<p>Production : Rayuela Productions<\/p>\n<p>Que signifie, pour les \u00e2mes et les corps, \u00ab \u00eatre occup\u00e9 \u00bb ? A Battir, petit village cisjordanien d\u00e9sormais class\u00e9 au Patrimoine Mondial de l\u2019Humanit\u00e9 de l\u2019UNESCO, la vie des villageois s\u2019\u00e9coule entre le poids d\u2019une menace permanente et la beaut\u00e9 m\u00e9lancolique d\u2019une nature peupl\u00e9e d\u2019oliviers plant\u00e9s bien avant 1967, bien avant 1947, peut-\u00eatre m\u00eame avant J\u00e9sus-Christ\u2026<\/p>\n<p>&nbsp;<\/p>\n<p><strong>La cit\u00e9 ouverte<\/strong> de St\u00e9phanie Fortunato \u00a0 \u00a0 \u00a0 \u00a0 \u00a0 \u00a0 \u00a0 \u00a0 \u00a0 \u00a0 \u00a0 \u00a0 \u00a0 \u00a0 \u00a0 \u00a0 \u00a0 \u00a0 \u00a0 \u00a0 \u00a0 \u00a0 \u00a0 \u00a0 \u00a0 \u00a0 \u00a0 \u00a0 \u00a0 \u00a0 \u00a0 \u00a0 \u00a0 \u00a0 \u00a0 \u00a0 \u00a0 \u00a0 \u00a0 \u00a0 \u00a0 \u00a0 \u00a0 \u00a0Production : Charlie ASBL<\/p>\n<p>Aide : 7.500 \u20ac1971 : un groupe d\u2019artistes et d\u2019intellectuels ach\u00e8tent 270 hectares pr\u00e8s de l\u2019oc\u00e9an, proche de Valparaiso (Chili). Avec l\u2019impulsion d\u2019un po\u00e8te et d\u2019un architecte, ils commencent \u00e0 cr\u00e9er des b\u00e2timents in\u00e9dits. La cit\u00e9 ouverte est n\u00e9e. 2015 : l\u2019urbanisme croissant a totalement modifi\u00e9 les alentours et un projet d\u2019autoroute menace le site. Face \u00e0 ces changements, comment la communaut\u00e9 r\u00e9agira-t-elle et quelle nouvelle d\u00e9finition donner \u00e0 son ouverture\u00bb?<\/p>\n<p>&nbsp;<\/p>\n<p><strong>Le retour des paysans congolais<\/strong> de Fran\u00e7ois Van Lierde \u00a0 \u00a0 \u00a0 \u00a0 \u00a0 \u00a0 \u00a0 \u00a0 \u00a0 \u00a0 \u00a0 \u00a0 \u00a0 \u00a0 \u00a0 \u00a0 \u00a0 \u00a0 \u00a0 \u00a0 \u00a0 \u00a0 \u00a0 \u00a0 \u00a0 \u00a0 \u00a0 \u00a0Production : Popiul<\/p>\n<p>La RDC pourrait nourrir 3 milliards de personnes. Aujourd\u2019hui, un congolais sur deux souffre de la faim. \u00ab Le retour des paysans congolais \u00bb pose une double question : pourquoi un tel paradoxe et quel avenir pour l\u2019agriculture familiale congolaise ? Pour y r\u00e9pondre, 5 petits producteurs, 5 provinces et 5 parcours qui s\u2019entrecroisent. A pied, en pirogue, perch\u00e9s au sommet de camions-\u00e9paves, ils quittent leur village et s\u2019engagent sur le chemin du march\u00e9 avec une seule volont\u00e9, celle de faire vivre une agriculture familiale dont 70% des congolais d\u00e9pendent.<\/p>\n<p>&nbsp;<\/p>\n<h3><strong>2<sup>\u00e8me<\/sup> coll\u00e8ge<\/strong><\/h3>\n<p>&nbsp;<\/p>\n<p><strong>Et maintenant\u2026 on fait quoi ?<\/strong> de Juliette Benegmos et Jonas Luyckx<\/p>\n<p>Production : Thank You &amp; Good Night productions<\/p>\n<p>Comment vivre le pr\u00e9sent avec le poids du pass\u00e9 ? C\u2019est la question que nous nous posons pour tous les habitants de la ville d\u2019Oswiecim situ\u00e9e \u00e0 quelques m\u00e8tres d\u2019Auschwitz-Birkenau. Depuis 70 ans, une entreprise sans fin est \u00e0 l\u2019oeuvre dans ce lieu : conserver les traces de l&rsquo;Histoire. Comment faire pour vivre et travailler jour apr\u00e8s jour dans une ville-mus\u00e9e devenue le symbole de la monstruosit\u00e9 de notre humanit\u00e9 ? Qui sont ceux qui \u00ab vivent \u00bb Auschwitz aujourd\u2019hui ?<\/p>\n<p><strong><br \/>\n<\/strong><\/p>\n<p><strong>\u00a0<\/strong><\/p>\n<p><strong>Les lumi\u00e8res du pays noir<\/strong> de Guy Marc Hinant<\/p>\n<p>Production : Centre Vid\u00e9o de Bruxelles (CVB)<\/p>\n<p>Ce film est le portrait personnel de la ville de Charleroi et de ses alentours, de son pass\u00e9 glorieux \u00e0 sa chute et de son renouveau.<\/p>\n<p>&nbsp;<\/p>\n<p><strong>Toutes les 25 minutes<\/strong> de Fran\u00e7ois Ducat<\/p>\n<p>Production : Novak Prod<\/p>\n<p>Palestiniens de 16 -17 ans, Ala, Ibraheem, Naji, Waleed et Ahmad termineront l\u2019\u00e9cole en juin 2016. Entre l\u2019\u00e9cole, les activit\u00e9s extra-scolaires, leur famille et la rue, ils parlent de leur vie et de leur avenir dans le village de Battir. Situ\u00e9e au sud de J\u00e9rusalem, cette bourgade de 5000 habitants, \u00e0 90% sous contr\u00f4le isra\u00e9lien, cern\u00e9e par les colonies, se caract\u00e9rise par un site class\u00e9 et une longue lutte pacifique contre la tutelle isra\u00e9lienne.<\/p>\n<p>Tous partagent un m\u00eame attachement \u00e0 la parcelle de terre familiale, au village et \u00e0 sa culture. Mais les plus jeunes auront bient\u00f4t un choix \u00e0 faire, comme leurs a\u00een\u00e9s avant eux: Partir ou rester. A l\u2019image d\u2019un train qu\u2019ils ne peuvent pas prendre et qui passe \u00e0 c\u00f4t\u00e9 de leur \u00e9cole toutes les 25 minutes, leur avenir butte contre une multitude d\u2019interdits et de r\u00eaves impossibles. \u00abToutes les 25 minutes\u00bb va tenter de saisir ces jeunes dans un moment-cl\u00e9 de leur \u00e9volution et essayer d\u2019entrevoir, \u00e0 travers eux, l\u2019avenir des id\u00e9es pacifistes dans une r\u00e9gion en proie aux d\u00e9mons de la violence.<\/p>\n<p>&nbsp;<\/p>\n<h2><strong>Aides \u00e0 la production de longs m\u00e9trages (d&rsquo;initiative belge francophone)<\/strong><\/h2>\n<p><strong>L&rsquo;effac\u00e9e<\/strong> de Guy Bordin et Renaud De Putter \u00a0 \u00a0 \u00a0 \u00a0 \u00a0 \u00a0 \u00a0 \u00a0 \u00a0 \u00a0 \u00a0 \u00a0 \u00a0 \u00a0 \u00a0 \u00a0 \u00a0 \u00a0 \u00a0 \u00a0 \u00a0 \u00a0 \u00a0 \u00a0 \u00a0 \u00a0 \u00a0 \u00a0 \u00a0 \u00a0 \u00a0 \u00a0 \u00a0 \u00a0 \u00a0 \u00a0 \u00a0 \u00a0 Production : H\u00e9licotronc<\/p>\n<p>Dans des mondes en disparition, quelle est l\u2019\u00e9trange \u00e9toile qui a conduit le destin de Marie-Charlotte Fredez dite Charlotte Dufr\u00e8ne (1880-1968) ? D\u2019abord demi-mondaine dans le Paris enchant\u00e9 de la Belle \u00c9poque, elle devient pendant plus de vingt ans la seule amie de Raymond Roussel, \u00e9crivain g\u00e9nial et tourment\u00e9, avant conna\u00eetre la mis\u00e8re et l\u2019oubli \u00e0 Bruxelles. \u00c0 travers les t\u00e9moignages de ceux qui l\u2019ont connue, L\u2019Effac\u00e9e interroge la trajectoire de cette femme qui tombe, en apparence enti\u00e8rement soumise \u00e0 la volont\u00e9 des hommes.<\/p>\n<p>&nbsp;<\/p>\n<h2><strong>Aides \u00e0 la production de documentaires TV (d&rsquo;initiative belge francophone)<\/strong><\/h2>\n<p>&nbsp;<\/p>\n<h3><strong>1<sup>er<\/sup> coll\u00e8ge<\/strong><\/h3>\n<p><strong>G\u00e9n\u00e9ration Tahrir<\/strong> de Pauline Beugnies<\/p>\n<p>Production : Rayuela Productions<\/p>\n<p>Depuis la chute du pharaon Moubarak, les jeunes \u00c9gyptiens sont pr\u00eats \u00e0 contester l&rsquo;autorit\u00e9. En cinq ans, la vie de Soleyfa, Ammar, Eman et Kirilos s&rsquo;est vue profond\u00e9ment boulevers\u00e9e. G\u00e9n\u00e9ration Tahrir dresse le portrait intime d&rsquo;une g\u00e9n\u00e9ration qui a fait le choix de l&rsquo;\u00e9mancipation contre la tyrannie du patriarcat.<\/p>\n<p>&nbsp;<\/p>\n<p><strong>Je veux, tu veux, nous voulons\u2026<\/strong> de Pablo Munoz Gomez<\/p>\n<p>Production : Simple Production<\/p>\n<p>Je veux m\u2019int\u00e9grer, tu veux t\u2019int\u00e9grer, nous voulons nous int\u00e9grer. \u201cIk wil, Jij wilt, Wij willen ons integreren\u201d. De toute mani\u00e8re, je dois m\u2019int\u00e9grer, tu dois t\u2019int\u00e9grer, nous devons nous int\u00e9grer. Sinon on paye des amendes\u00a0!<\/p>\n<p>&nbsp;<\/p>\n<p><strong>Les deux visages d&rsquo;une femme Bamil\u00e9k\u00e9<\/strong> de Rosine Mbakam<\/p>\n<p>Production : T\u00e2ndor Productions<\/p>\n<p>Je m&rsquo;appelle Rosine Mbakam, j&rsquo;ai 34 ans, je suis camerounaise, j&rsquo;ai grandi au Cameroun jusqu&rsquo;\u00e0 mes 27 ans dans le respect des traditions. En 2007, je pars pour la Belgique pour y poursuivre mes \u00e9tudes. C&rsquo;est la premi\u00e8re fois que je quitte mon pays&#8230;<\/p>\n<p>&nbsp;<\/p>\n<p><strong>Traces d&rsquo;un village<\/strong> de Nicolas Graux<\/p>\n<p>Production : D\u00e9rives<\/p>\n<p>Laos, au coeur de la jungle. Viengthong, 20 ans, passe ses journ\u00e9es allong\u00e9 \u00e0 fumer l\u2019opium au son de la techno chinoise, entre son p\u00e8re, chef de ce village aux traditions ancestrales, sa femme qui doit endosser seule les t\u00e2ches du quotidien, et son enfant qui grandit sans lui.<\/p>\n<p>&nbsp;<\/p>\n<p><strong>Un rebelle de la science<\/strong> de David Deroy<\/p>\n<p>Production : Image Cr\u00e9ation.com<\/p>\n<p>\u00abC\u02bcest peut-\u00eatre la plus grande d\u00e9couverte anthropologique de tous les temps, qui va bouleverser compl\u00e8tement la Science, mais aussi sans doute la Philosophie et la Religion.\u00bb Bernard Heuvelmans &#8211; Lettre \u00e0 Alika Lindbergh &#8211; 1er janvier 1969<\/p>\n<p><strong><br \/>\n<\/strong><\/p>\n<p><strong>\u00a0<\/strong><\/p>\n<p><strong>Mon premier r\u00f4le <\/strong>de Marika Piedboeuf<strong> (aide apr\u00e8s r\u00e9alisation)<\/strong><\/p>\n<p>Production : Tarantula<\/p>\n<p>\u00ab\u00a0Mon premier r\u00f4le\u00a0\u00bb tisse les portraits crois\u00e9s de deux amies, Mathilde et Nina, de leurs 17 \u00e0 leurs 20 ans. Le cours de th\u00e9\u00e2tre de leur coll\u00e8ge est une bulle d\u2019air. Elles redoutent la fin du secondaire et craignent de ne pas faire les bons choix pour leur avenir. Aujourd\u2019hui, o\u00f9 tout semble repousser le moment o\u00f9 l\u2019on devient adulte, que signifie cette p\u00e9riode charni\u00e8re pour elles ?<\/p>\n<p>&nbsp;<\/p>\n<h3><strong>2<sup>\u00e8me<\/sup> coll\u00e8ge<\/strong><\/h3>\n<p>&nbsp;<\/p>\n<p><strong>La langue rouge<\/strong> de Violaine de Villers<\/p>\n<p>Production : YC Aligator Films<\/p>\n<p>Walter Swennen est un peintre singulier et marquant. Il est aujourd\u2019hui un artiste reconnu en Belgique et \u00e0 l\u2019\u00e9tranger. Ses ann\u00e9es de jeunesse dans la Belgique de l&rsquo;apr\u00e8s-guerre ne cessent d&rsquo;inspirer les tournures prot\u00e9iformes qu&rsquo;il donne \u00e0 sa peinture. Son lien \u00e0 ses deux langues maternelles, le fran\u00e7ais et le flamand, lui a ouvert des voies cr\u00e9atrices inattendues, dr\u00f4les et f\u00e9condes, donnant \u00e0 jouir et \u00e0 penser.<\/p>\n<p>&nbsp;<\/p>\n<p><strong>Un souffle d&rsquo;art<\/strong> d\u2019Isabelle Rey<\/p>\n<p>Production : Luna Blue Film<\/p>\n<p>L&rsquo;artiste en h\u00f4pital apporte un souffle d&rsquo;air qui aide les uns \u00e0 gu\u00e9rir, les autres \u00e0 travailler. \u00c0 l&rsquo;h\u00f4pital, comme partout ailleurs, l&rsquo;art humanise. Mais \u00e0 l&rsquo;h\u00f4pital, comme partout ailleurs, sa survie est menac\u00e9e. Dans un monde o\u00f9 tout est calcul\u00e9, monnay\u00e9, pes\u00e9, comment justifier son utilit\u00e9 ? Dans ces conditions difficiles, qu&rsquo;est ce qui fait qu&rsquo;un artiste continue de s&rsquo;investir dans ce partage au lieu de se replier sur lui-m\u00eame et sa cr\u00e9ation?<\/p>\n<p>&nbsp;<\/p>\n<h2><strong>Aides \u00e0 la production (CCA-VAF)<\/strong><\/h2>\n<p><strong>Cit\u00e9 invisible<\/strong> de Ruben Desiere<\/p>\n<p>Production : Accattone Films<\/p>\n<p>Cit\u00e9 invisible se concentrera sur le personnage de Vladimir Balas (26) et deux de ses meilleurs amis, Bratislava Vanoy (27) et Thomas Blog (17). Vladimir, un Rom slovaque vivant pour le moment \u00e0 Bruxelles, sans domicile fixe, gagne de l\u2019argent en ramassant des appareils \u00e9lectroniques et de la ferraille qu\u2019il trouve dans les poubelles la nuit. Ruben Desiere, qui le conna\u00eet depuis quelques ans d\u00e9j\u00e0, le consid\u00e8re comme un jeune homme tr\u00e8s intelligent et sensible qui semble ne trouver sa place nulle part, ni dans notre soci\u00e9t\u00e9 ni dans la communaut\u00e9 des Roms dont il fait partie.<\/p>\n<p>\u00ab\u00a0Cit\u00e9 invisible\u00a0\u00bb montrera la fa\u00e7on toute personnelle dont Vladimir utilise l\u2019espace public. Les coins de rue deviennent des endroits d\u2019\u00e9changes commerciales, des d\u00e9chets sont \u00e0 vendre, la Gare du Nord est un endroit o\u00f9 on peut passer la nuit, \u2026 Le film abordera le th\u00e8me de l\u2019argent et la double signification qu\u2019a l\u2019argent pour ces gens l\u00e0. C\u2019est comme si Vladimir et les siens, par leur manque d\u2019argent, m\u00e8nent une existence en marge de la soci\u00e9t\u00e9 tout en y \u00e9tant li\u00e9s inextricablement.<\/p>\n<p>&nbsp;<\/p>\n<p><strong>El color del chamaleon<\/strong> d\u2019Andr\u00e9s Lubbert<\/p>\n<p>Production : Off World<\/p>\n<p>Pendant le r\u00e9gime de Pinochet, Jorge est interpel\u00e9 par les services secrets chiliens qui usent de violence pour le forcer \u00e0 travailler pour eux. Il parvient \u00e0 s&rsquo;\u00e9chapper et devient cam\u00e9raman de guerre. Aujourd&rsquo;hui, son fils r\u00e9alise de lui un portrait psychologique, cherchant \u00e0 reconstruire son pass\u00e9 chilien d\u00e9compos\u00e9.<\/p>\n<p>&nbsp;<\/p>\n","protected":false},"excerpt":{"rendered":"<p>&nbsp; &nbsp; &nbsp; COURTS M\u00c9TRAGES DE FICTION Aides \u00e0 la production (d&rsquo;initiative belge francophone) &nbsp; 1er coll\u00e8ge &nbsp; L\u00e9opold Roi des Belges de C\u00e9dric Vandresse \u00a0 \u00a0 \u00a0 \u00a0 \u00a0 \u00a0 \u00a0 \u00a0 \u00a0 \u00a0 \u00a0 \u00a0 \u00a0 \u00a0 \u00a0 \u00a0 \u00a0 \u00a0 \u00a0 \u00a0 \u00a0 \u00a0 \u00a0 \u00a0 \u00a0 \u00a0 \u00a0 \u00a0 \u00a0 \u00a0 &hellip;<\/p>\n","protected":false},"author":7,"featured_media":77753,"comment_status":"closed","ping_status":"closed","sticky":false,"template":"","format":"standard","meta":{"ngg_post_thumbnail":0,"footnotes":""},"categories":[53,1923,7],"tags":[],"class_list":["post-77751","post","type-post","status-publish","format-standard","has-post-thumbnail","","category-coming-soon","category-en-bref","category-actualites"],"yoast_head":"<!-- This site is optimized with the Yoast SEO plugin v20.4 - https:\/\/yoast.com\/wordpress\/plugins\/seo\/ -->\n<title>Commission de S\u00e9lection des Films - 2e session 2015 : Tous les films soutenus - w-l-c<\/title>\n<meta name=\"robots\" content=\"noindex, follow, max-snippet:-1, max-image-preview:large, max-video-preview:-1\" \/>\n<meta property=\"og:locale\" content=\"fr_FR\" \/>\n<meta property=\"og:type\" content=\"article\" \/>\n<meta property=\"og:title\" content=\"Commission de S\u00e9lection des Films - 2e session 2015 : Tous les films soutenus - w-l-c\" \/>\n<meta property=\"og:description\" content=\"&nbsp; &nbsp; &nbsp; COURTS M\u00c9TRAGES DE FICTION Aides \u00e0 la production (d&rsquo;initiative belge francophone) &nbsp; 1er coll\u00e8ge &nbsp; L\u00e9opold Roi des Belges de C\u00e9dric Vandresse \u00a0 \u00a0 \u00a0 \u00a0 \u00a0 \u00a0 \u00a0 \u00a0 \u00a0 \u00a0 \u00a0 \u00a0 \u00a0 \u00a0 \u00a0 \u00a0 \u00a0 \u00a0 \u00a0 \u00a0 \u00a0 \u00a0 \u00a0 \u00a0 \u00a0 \u00a0 \u00a0 \u00a0 \u00a0 \u00a0 &hellip;\" \/>\n<meta property=\"og:url\" content=\"https:\/\/w-l-c.be\/fr\/tous-les-films-soutenus-lors-de-la-2e-session-2015-de-la-commission-de-selection-des-films\/\" \/>\n<meta property=\"og:site_name\" content=\"w-l-c\" \/>\n<meta property=\"article:published_time\" content=\"2015-09-08T09:59:31+00:00\" \/>\n<meta property=\"article:modified_time\" content=\"2018-04-13T17:39:08+00:00\" \/>\n<meta property=\"og:image\" content=\"https:\/\/w-l-c.be\/wp-content\/uploads\/2015\/09\/logo-fwb-verti-quadri-fwb.jpg\" \/>\n\t<meta property=\"og:image:width\" content=\"530\" \/>\n\t<meta property=\"og:image:height\" content=\"350\" \/>\n\t<meta property=\"og:image:type\" content=\"image\/jpeg\" \/>\n<meta name=\"author\" content=\"Philippe.Pierquin\" \/>\n<meta name=\"twitter:card\" content=\"summary_large_image\" \/>\n<meta name=\"twitter:label1\" content=\"\u00c9crit par\" \/>\n\t<meta name=\"twitter:data1\" content=\"Philippe.Pierquin\" \/>\n\t<meta name=\"twitter:label2\" content=\"Dur\u00e9e de lecture estim\u00e9e\" \/>\n\t<meta name=\"twitter:data2\" content=\"22 minutes\" \/>\n<script type=\"application\/ld+json\" class=\"yoast-schema-graph\">{\"@context\":\"https:\/\/schema.org\",\"@graph\":[{\"@type\":\"WebPage\",\"@id\":\"https:\/\/w-l-c.be\/fr\/tous-les-films-soutenus-lors-de-la-2e-session-2015-de-la-commission-de-selection-des-films\/\",\"url\":\"https:\/\/w-l-c.be\/fr\/tous-les-films-soutenus-lors-de-la-2e-session-2015-de-la-commission-de-selection-des-films\/\",\"name\":\"Commission de S\u00e9lection des Films - 2e session 2015 : Tous les films soutenus - w-l-c\",\"isPartOf\":{\"@id\":\"https:\/\/w-l-c.be\/fr\/#website\"},\"datePublished\":\"2015-09-08T09:59:31+00:00\",\"dateModified\":\"2018-04-13T17:39:08+00:00\",\"author\":{\"@id\":\"https:\/\/w-l-c.be\/fr\/#\/schema\/person\/4b9b1d857f0943453a38a7c2859ef756\"},\"breadcrumb\":{\"@id\":\"https:\/\/w-l-c.be\/fr\/tous-les-films-soutenus-lors-de-la-2e-session-2015-de-la-commission-de-selection-des-films\/#breadcrumb\"},\"inLanguage\":\"fr-FR\",\"potentialAction\":[{\"@type\":\"ReadAction\",\"target\":[\"https:\/\/w-l-c.be\/fr\/tous-les-films-soutenus-lors-de-la-2e-session-2015-de-la-commission-de-selection-des-films\/\"]}]},{\"@type\":\"BreadcrumbList\",\"@id\":\"https:\/\/w-l-c.be\/fr\/tous-les-films-soutenus-lors-de-la-2e-session-2015-de-la-commission-de-selection-des-films\/#breadcrumb\",\"itemListElement\":[{\"@type\":\"ListItem\",\"position\":1,\"name\":\"Accueil\",\"item\":\"https:\/\/w-l-c.be\/fr\/\"},{\"@type\":\"ListItem\",\"position\":2,\"name\":\"Commission de S\u00e9lection des Films &#8211; 2e session 2015 : Tous les films soutenus\"}]},{\"@type\":\"WebSite\",\"@id\":\"https:\/\/w-l-c.be\/fr\/#website\",\"url\":\"https:\/\/w-l-c.be\/fr\/\",\"name\":\"w-l-c\",\"description\":\"Le cin\u00e9ma vu par les belges\",\"potentialAction\":[{\"@type\":\"SearchAction\",\"target\":{\"@type\":\"EntryPoint\",\"urlTemplate\":\"https:\/\/w-l-c.be\/fr\/?s={search_term_string}\"},\"query-input\":\"required name=search_term_string\"}],\"inLanguage\":\"fr-FR\"},{\"@type\":\"Person\",\"@id\":\"https:\/\/w-l-c.be\/fr\/#\/schema\/person\/4b9b1d857f0943453a38a7c2859ef756\",\"name\":\"Philippe.Pierquin\",\"url\":\"https:\/\/w-l-c.be\/fr\/author\/philippe-pierquin\/\"}]}<\/script>\n<!-- \/ Yoast SEO plugin. -->","yoast_head_json":{"title":"Commission de S\u00e9lection des Films - 2e session 2015 : Tous les films soutenus - w-l-c","robots":{"index":"noindex","follow":"follow","max-snippet":"max-snippet:-1","max-image-preview":"max-image-preview:large","max-video-preview":"max-video-preview:-1"},"og_locale":"fr_FR","og_type":"article","og_title":"Commission de S\u00e9lection des Films - 2e session 2015 : Tous les films soutenus - w-l-c","og_description":"&nbsp; &nbsp; &nbsp; COURTS M\u00c9TRAGES DE FICTION Aides \u00e0 la production (d&rsquo;initiative belge francophone) &nbsp; 1er coll\u00e8ge &nbsp; L\u00e9opold Roi des Belges de C\u00e9dric Vandresse \u00a0 \u00a0 \u00a0 \u00a0 \u00a0 \u00a0 \u00a0 \u00a0 \u00a0 \u00a0 \u00a0 \u00a0 \u00a0 \u00a0 \u00a0 \u00a0 \u00a0 \u00a0 \u00a0 \u00a0 \u00a0 \u00a0 \u00a0 \u00a0 \u00a0 \u00a0 \u00a0 \u00a0 \u00a0 \u00a0 &hellip;","og_url":"https:\/\/w-l-c.be\/fr\/tous-les-films-soutenus-lors-de-la-2e-session-2015-de-la-commission-de-selection-des-films\/","og_site_name":"w-l-c","article_published_time":"2015-09-08T09:59:31+00:00","article_modified_time":"2018-04-13T17:39:08+00:00","og_image":[{"width":530,"height":350,"url":"https:\/\/w-l-c.be\/wp-content\/uploads\/2015\/09\/logo-fwb-verti-quadri-fwb.jpg","type":"image\/jpeg"}],"author":"Philippe.Pierquin","twitter_card":"summary_large_image","twitter_misc":{"\u00c9crit par":"Philippe.Pierquin","Dur\u00e9e de lecture estim\u00e9e":"22 minutes"},"schema":{"@context":"https:\/\/schema.org","@graph":[{"@type":"WebPage","@id":"https:\/\/w-l-c.be\/fr\/tous-les-films-soutenus-lors-de-la-2e-session-2015-de-la-commission-de-selection-des-films\/","url":"https:\/\/w-l-c.be\/fr\/tous-les-films-soutenus-lors-de-la-2e-session-2015-de-la-commission-de-selection-des-films\/","name":"Commission de S\u00e9lection des Films - 2e session 2015 : Tous les films soutenus - w-l-c","isPartOf":{"@id":"https:\/\/w-l-c.be\/fr\/#website"},"datePublished":"2015-09-08T09:59:31+00:00","dateModified":"2018-04-13T17:39:08+00:00","author":{"@id":"https:\/\/w-l-c.be\/fr\/#\/schema\/person\/4b9b1d857f0943453a38a7c2859ef756"},"breadcrumb":{"@id":"https:\/\/w-l-c.be\/fr\/tous-les-films-soutenus-lors-de-la-2e-session-2015-de-la-commission-de-selection-des-films\/#breadcrumb"},"inLanguage":"fr-FR","potentialAction":[{"@type":"ReadAction","target":["https:\/\/w-l-c.be\/fr\/tous-les-films-soutenus-lors-de-la-2e-session-2015-de-la-commission-de-selection-des-films\/"]}]},{"@type":"BreadcrumbList","@id":"https:\/\/w-l-c.be\/fr\/tous-les-films-soutenus-lors-de-la-2e-session-2015-de-la-commission-de-selection-des-films\/#breadcrumb","itemListElement":[{"@type":"ListItem","position":1,"name":"Accueil","item":"https:\/\/w-l-c.be\/fr\/"},{"@type":"ListItem","position":2,"name":"Commission de S\u00e9lection des Films &#8211; 2e session 2015 : Tous les films soutenus"}]},{"@type":"WebSite","@id":"https:\/\/w-l-c.be\/fr\/#website","url":"https:\/\/w-l-c.be\/fr\/","name":"w-l-c","description":"Le cin\u00e9ma vu par les belges","potentialAction":[{"@type":"SearchAction","target":{"@type":"EntryPoint","urlTemplate":"https:\/\/w-l-c.be\/fr\/?s={search_term_string}"},"query-input":"required name=search_term_string"}],"inLanguage":"fr-FR"},{"@type":"Person","@id":"https:\/\/w-l-c.be\/fr\/#\/schema\/person\/4b9b1d857f0943453a38a7c2859ef756","name":"Philippe.Pierquin","url":"https:\/\/w-l-c.be\/fr\/author\/philippe-pierquin\/"}]}},"_links":{"self":[{"href":"https:\/\/w-l-c.be\/fr\/wp-json\/wp\/v2\/posts\/77751","targetHints":{"allow":["GET"]}}],"collection":[{"href":"https:\/\/w-l-c.be\/fr\/wp-json\/wp\/v2\/posts"}],"about":[{"href":"https:\/\/w-l-c.be\/fr\/wp-json\/wp\/v2\/types\/post"}],"author":[{"embeddable":true,"href":"https:\/\/w-l-c.be\/fr\/wp-json\/wp\/v2\/users\/7"}],"replies":[{"embeddable":true,"href":"https:\/\/w-l-c.be\/fr\/wp-json\/wp\/v2\/comments?post=77751"}],"version-history":[{"count":0,"href":"https:\/\/w-l-c.be\/fr\/wp-json\/wp\/v2\/posts\/77751\/revisions"}],"wp:featuredmedia":[{"embeddable":true,"href":"https:\/\/w-l-c.be\/fr\/wp-json\/wp\/v2\/media\/77753"}],"wp:attachment":[{"href":"https:\/\/w-l-c.be\/fr\/wp-json\/wp\/v2\/media?parent=77751"}],"wp:term":[{"taxonomy":"category","embeddable":true,"href":"https:\/\/w-l-c.be\/fr\/wp-json\/wp\/v2\/categories?post=77751"},{"taxonomy":"post_tag","embeddable":true,"href":"https:\/\/w-l-c.be\/fr\/wp-json\/wp\/v2\/tags?post=77751"}],"curies":[{"name":"wp","href":"https:\/\/api.w.org\/{rel}","templated":true}]}}