
{"id":78037,"date":"2015-11-02T08:41:37","date_gmt":"2015-11-02T07:41:37","guid":{"rendered":"http:\/\/www.cinevox.be\/?p=78037"},"modified":"2015-10-16T12:17:05","modified_gmt":"2015-10-16T10:17:05","slug":"du-19-au-22-novembre-le-week-end-du-doc","status":"publish","type":"post","link":"https:\/\/w-l-c.be\/fr\/du-19-au-22-novembre-le-week-end-du-doc\/","title":{"rendered":"Du 19 au 22 novembre, le Week-end du doc"},"content":{"rendered":"<p>Durant 4 jours, du 19 au 22 novembre, le documentaire s\u2019invite par le biais de projections publiques dans tous les lieux imaginables de Bruxelles et de Wallonie.<\/p>\n<p>Pour sa 3<sup>e<\/sup> \u00e9dition, le WEEK-END DU DOC propose une programmation d\u2019envergure et s\u2019installe dans des lieux de projection multiples \u00e0 la rencontre de tous les publics.<!--more--><\/p>\n<p>&nbsp;<\/p>\n<p>Le documentaire pour tous :<\/p>\n<p>C\u2019est le rendez-vous incontournable des amoureux et amateurs de ce cin\u00e9ma du r\u00e9el !<\/p>\n<p>Salles de cin\u00e9ma, bien s\u00fbr, mais aussi associations, biblioth\u00e8ques publiques, centres culturels, m\u00e9diath\u00e8ques, caf\u00e9s-restaurants, maisons de jeunes, centres d\u2019art et mus\u00e9es seront au rendez-vous!<\/p>\n<p>Tous se mobilisent, le temps d\u2019un long week-end, pour mettre \u00e0 l\u2019honneur la diversit\u00e9 et la sp\u00e9cificit\u00e9 du documentaire belge.<\/p>\n<p>&nbsp;<\/p>\n<p>Partenaire de l\u2019\u00e9v\u00e9nement, la RTBF propose :<\/p>\n<p>La Nuit du doc en t\u00e9l\u00e9 sur La Trois (19\/11\/15 &#8211; 21h20)<\/p>\n<p>La Nuit\u00a0 du doc en radio sur La Premi\u00e8re (18\/11)<\/p>\n<p>Tout le Baz\u2019Art sur Arte-Belgique (08\/11) et sur La Trois (12\/11)<\/p>\n<p>&nbsp;<\/p>\n<p><a href=\"http:\/\/www.cinevox.be\/wp-content\/uploads\/2015\/09\/we-du-doc-affiche.jpg\"><img loading=\"lazy\" decoding=\"async\" class=\"aligncenter  wp-image-78038\" src=\"http:\/\/www.cinevox.be\/wp-content\/uploads\/2015\/09\/we-du-doc-affiche-423x600.jpg\" alt=\"\" width=\"516\" height=\"732\" srcset=\"https:\/\/w-l-c.be\/wp-content\/uploads\/2015\/09\/we-du-doc-affiche-423x600.jpg 423w, https:\/\/w-l-c.be\/wp-content\/uploads\/2015\/09\/we-du-doc-affiche-190x270.jpg 190w, https:\/\/w-l-c.be\/wp-content\/uploads\/2015\/09\/we-du-doc-affiche.jpg 564w\" sizes=\"auto, (max-width: 516px) 100vw, 516px\" \/><\/a><\/p>\n<p>Le WEEK-END DU DOC est une initiative du Centre du Cin\u00e9ma et de l\u2019Audiovisuel de la F\u00e9d\u00e9ration Wallonie-Bruxelles.<\/p>\n<p>&nbsp;<\/p>\n<p>L\u2019\u00c9DITION 2014 EN CHIFFRES<\/p>\n<p>Pour sa 2<sup>e<\/sup> \u00e9dition, en 2014, le Week-end du doc avait propos\u00e9 au public 135 projections de 100 documentaires belges francophones, dans 80 lieux de diffusion \u00e0 Bruxelles et en Wallonie.<\/p>\n","protected":false},"excerpt":{"rendered":"<p>Durant 4 jours, du 19 au 22 novembre, le documentaire s\u2019invite par le biais de projections publiques dans tous les lieux imaginables de Bruxelles et de Wallonie. Pour sa 3e \u00e9dition, le WEEK-END DU DOC propose une programmation d\u2019envergure et s\u2019installe dans des lieux de projection multiples \u00e0 la rencontre de tous les publics.<\/p>\n","protected":false},"author":7,"featured_media":78040,"comment_status":"closed","ping_status":"closed","sticky":false,"template":"","format":"standard","meta":{"ngg_post_thumbnail":0,"footnotes":""},"categories":[12],"tags":[],"class_list":["post-78037","post","type-post","status-publish","format-standard","has-post-thumbnail","","category-awards"],"yoast_head":"<!-- This site is optimized with the Yoast SEO plugin v20.4 - https:\/\/yoast.com\/wordpress\/plugins\/seo\/ -->\n<title>Du 19 au 22 novembre, le Week-end du doc - w-l-c<\/title>\n<meta name=\"robots\" content=\"noindex, follow, max-snippet:-1, max-image-preview:large, max-video-preview:-1\" \/>\n<meta property=\"og:locale\" content=\"fr_FR\" \/>\n<meta property=\"og:type\" content=\"article\" \/>\n<meta property=\"og:title\" content=\"Du 19 au 22 novembre, le Week-end du doc - w-l-c\" \/>\n<meta property=\"og:description\" content=\"Durant 4 jours, du 19 au 22 novembre, le documentaire s\u2019invite par le biais de projections publiques dans tous les lieux imaginables de Bruxelles et de Wallonie. Pour sa 3e \u00e9dition, le WEEK-END DU DOC propose une programmation d\u2019envergure et s\u2019installe dans des lieux de projection multiples \u00e0 la rencontre de tous les publics.\" \/>\n<meta property=\"og:url\" content=\"https:\/\/w-l-c.be\/fr\/du-19-au-22-novembre-le-week-end-du-doc\/\" \/>\n<meta property=\"og:site_name\" content=\"w-l-c\" \/>\n<meta property=\"article:published_time\" content=\"2015-11-02T07:41:37+00:00\" \/>\n<meta property=\"article:modified_time\" content=\"2015-10-16T10:17:05+00:00\" \/>\n<meta property=\"og:image\" content=\"https:\/\/w-l-c.be\/wp-content\/uploads\/2010\/09\/we-du-doc.jpg\" \/>\n\t<meta property=\"og:image:width\" content=\"1200\" \/>\n\t<meta property=\"og:image:height\" content=\"581\" \/>\n\t<meta property=\"og:image:type\" content=\"image\/jpeg\" \/>\n<meta name=\"author\" content=\"Philippe.Pierquin\" \/>\n<meta name=\"twitter:card\" content=\"summary_large_image\" \/>\n<meta name=\"twitter:label1\" content=\"\u00c9crit par\" \/>\n\t<meta name=\"twitter:data1\" content=\"Philippe.Pierquin\" \/>\n\t<meta name=\"twitter:label2\" content=\"Dur\u00e9e de lecture estim\u00e9e\" \/>\n\t<meta name=\"twitter:data2\" content=\"1 minute\" \/>\n<script type=\"application\/ld+json\" class=\"yoast-schema-graph\">{\"@context\":\"https:\/\/schema.org\",\"@graph\":[{\"@type\":\"WebPage\",\"@id\":\"https:\/\/w-l-c.be\/fr\/du-19-au-22-novembre-le-week-end-du-doc\/\",\"url\":\"https:\/\/w-l-c.be\/fr\/du-19-au-22-novembre-le-week-end-du-doc\/\",\"name\":\"Du 19 au 22 novembre, le Week-end du doc - w-l-c\",\"isPartOf\":{\"@id\":\"https:\/\/w-l-c.be\/fr\/#website\"},\"datePublished\":\"2015-11-02T07:41:37+00:00\",\"dateModified\":\"2015-10-16T10:17:05+00:00\",\"author\":{\"@id\":\"https:\/\/w-l-c.be\/fr\/#\/schema\/person\/4b9b1d857f0943453a38a7c2859ef756\"},\"breadcrumb\":{\"@id\":\"https:\/\/w-l-c.be\/fr\/du-19-au-22-novembre-le-week-end-du-doc\/#breadcrumb\"},\"inLanguage\":\"fr-FR\",\"potentialAction\":[{\"@type\":\"ReadAction\",\"target\":[\"https:\/\/w-l-c.be\/fr\/du-19-au-22-novembre-le-week-end-du-doc\/\"]}]},{\"@type\":\"BreadcrumbList\",\"@id\":\"https:\/\/w-l-c.be\/fr\/du-19-au-22-novembre-le-week-end-du-doc\/#breadcrumb\",\"itemListElement\":[{\"@type\":\"ListItem\",\"position\":1,\"name\":\"Accueil\",\"item\":\"https:\/\/w-l-c.be\/fr\/\"},{\"@type\":\"ListItem\",\"position\":2,\"name\":\"Du 19 au 22 novembre, le Week-end du doc\"}]},{\"@type\":\"WebSite\",\"@id\":\"https:\/\/w-l-c.be\/fr\/#website\",\"url\":\"https:\/\/w-l-c.be\/fr\/\",\"name\":\"w-l-c\",\"description\":\"Le cin\u00e9ma vu par les belges\",\"potentialAction\":[{\"@type\":\"SearchAction\",\"target\":{\"@type\":\"EntryPoint\",\"urlTemplate\":\"https:\/\/w-l-c.be\/fr\/?s={search_term_string}\"},\"query-input\":\"required name=search_term_string\"}],\"inLanguage\":\"fr-FR\"},{\"@type\":\"Person\",\"@id\":\"https:\/\/w-l-c.be\/fr\/#\/schema\/person\/4b9b1d857f0943453a38a7c2859ef756\",\"name\":\"Philippe.Pierquin\",\"url\":\"https:\/\/w-l-c.be\/fr\/author\/philippe-pierquin\/\"}]}<\/script>\n<!-- \/ Yoast SEO plugin. -->","yoast_head_json":{"title":"Du 19 au 22 novembre, le Week-end du doc - w-l-c","robots":{"index":"noindex","follow":"follow","max-snippet":"max-snippet:-1","max-image-preview":"max-image-preview:large","max-video-preview":"max-video-preview:-1"},"og_locale":"fr_FR","og_type":"article","og_title":"Du 19 au 22 novembre, le Week-end du doc - w-l-c","og_description":"Durant 4 jours, du 19 au 22 novembre, le documentaire s\u2019invite par le biais de projections publiques dans tous les lieux imaginables de Bruxelles et de Wallonie. Pour sa 3e \u00e9dition, le WEEK-END DU DOC propose une programmation d\u2019envergure et s\u2019installe dans des lieux de projection multiples \u00e0 la rencontre de tous les publics.","og_url":"https:\/\/w-l-c.be\/fr\/du-19-au-22-novembre-le-week-end-du-doc\/","og_site_name":"w-l-c","article_published_time":"2015-11-02T07:41:37+00:00","article_modified_time":"2015-10-16T10:17:05+00:00","og_image":[{"width":1200,"height":581,"url":"https:\/\/w-l-c.be\/wp-content\/uploads\/2010\/09\/we-du-doc.jpg","type":"image\/jpeg"}],"author":"Philippe.Pierquin","twitter_card":"summary_large_image","twitter_misc":{"\u00c9crit par":"Philippe.Pierquin","Dur\u00e9e de lecture estim\u00e9e":"1 minute"},"schema":{"@context":"https:\/\/schema.org","@graph":[{"@type":"WebPage","@id":"https:\/\/w-l-c.be\/fr\/du-19-au-22-novembre-le-week-end-du-doc\/","url":"https:\/\/w-l-c.be\/fr\/du-19-au-22-novembre-le-week-end-du-doc\/","name":"Du 19 au 22 novembre, le Week-end du doc - w-l-c","isPartOf":{"@id":"https:\/\/w-l-c.be\/fr\/#website"},"datePublished":"2015-11-02T07:41:37+00:00","dateModified":"2015-10-16T10:17:05+00:00","author":{"@id":"https:\/\/w-l-c.be\/fr\/#\/schema\/person\/4b9b1d857f0943453a38a7c2859ef756"},"breadcrumb":{"@id":"https:\/\/w-l-c.be\/fr\/du-19-au-22-novembre-le-week-end-du-doc\/#breadcrumb"},"inLanguage":"fr-FR","potentialAction":[{"@type":"ReadAction","target":["https:\/\/w-l-c.be\/fr\/du-19-au-22-novembre-le-week-end-du-doc\/"]}]},{"@type":"BreadcrumbList","@id":"https:\/\/w-l-c.be\/fr\/du-19-au-22-novembre-le-week-end-du-doc\/#breadcrumb","itemListElement":[{"@type":"ListItem","position":1,"name":"Accueil","item":"https:\/\/w-l-c.be\/fr\/"},{"@type":"ListItem","position":2,"name":"Du 19 au 22 novembre, le Week-end du doc"}]},{"@type":"WebSite","@id":"https:\/\/w-l-c.be\/fr\/#website","url":"https:\/\/w-l-c.be\/fr\/","name":"w-l-c","description":"Le cin\u00e9ma vu par les belges","potentialAction":[{"@type":"SearchAction","target":{"@type":"EntryPoint","urlTemplate":"https:\/\/w-l-c.be\/fr\/?s={search_term_string}"},"query-input":"required name=search_term_string"}],"inLanguage":"fr-FR"},{"@type":"Person","@id":"https:\/\/w-l-c.be\/fr\/#\/schema\/person\/4b9b1d857f0943453a38a7c2859ef756","name":"Philippe.Pierquin","url":"https:\/\/w-l-c.be\/fr\/author\/philippe-pierquin\/"}]}},"_links":{"self":[{"href":"https:\/\/w-l-c.be\/fr\/wp-json\/wp\/v2\/posts\/78037","targetHints":{"allow":["GET"]}}],"collection":[{"href":"https:\/\/w-l-c.be\/fr\/wp-json\/wp\/v2\/posts"}],"about":[{"href":"https:\/\/w-l-c.be\/fr\/wp-json\/wp\/v2\/types\/post"}],"author":[{"embeddable":true,"href":"https:\/\/w-l-c.be\/fr\/wp-json\/wp\/v2\/users\/7"}],"replies":[{"embeddable":true,"href":"https:\/\/w-l-c.be\/fr\/wp-json\/wp\/v2\/comments?post=78037"}],"version-history":[{"count":0,"href":"https:\/\/w-l-c.be\/fr\/wp-json\/wp\/v2\/posts\/78037\/revisions"}],"wp:featuredmedia":[{"embeddable":true,"href":"https:\/\/w-l-c.be\/fr\/wp-json\/wp\/v2\/media\/78040"}],"wp:attachment":[{"href":"https:\/\/w-l-c.be\/fr\/wp-json\/wp\/v2\/media?parent=78037"}],"wp:term":[{"taxonomy":"category","embeddable":true,"href":"https:\/\/w-l-c.be\/fr\/wp-json\/wp\/v2\/categories?post=78037"},{"taxonomy":"post_tag","embeddable":true,"href":"https:\/\/w-l-c.be\/fr\/wp-json\/wp\/v2\/tags?post=78037"}],"curies":[{"name":"wp","href":"https:\/\/api.w.org\/{rel}","templated":true}]}}