
{"id":78129,"date":"2015-09-17T08:05:47","date_gmt":"2015-09-17T06:05:47","guid":{"rendered":"http:\/\/www.cinevox.be\/?p=78129"},"modified":"2015-09-17T10:51:27","modified_gmt":"2015-09-17T08:51:27","slug":"cest-pas-grave-cest-juste-un-casting","status":"publish","type":"post","link":"https:\/\/w-l-c.be\/fr\/cest-pas-grave-cest-juste-un-casting\/","title":{"rendered":"C&rsquo;est pas grave, c&rsquo;est juste un casting"},"content":{"rendered":"<p>Pour <em>Grave<\/em>, le premier long m\u00e9trage de Julia Ducournau qui se tournera en r\u00e9gion li\u00e9geoise \u00e0 partir de novembre, FraKas productions recherche\u00a0:<!--more--><\/p>\n<p>&nbsp;<\/p>\n<p>&nbsp;<\/p>\n<p>&nbsp;<\/p>\n<p>&nbsp;<\/p>\n<p>&nbsp;<\/p>\n<ul>\n<li>Un com\u00e9dien d\u2019environ 50 ans, \u00e9lanc\u00e9, d\u2019origine africaine ou nord africaine pour interpr\u00e9ter un professeur d\u2019universit\u00e9.<\/li>\n<\/ul>\n<p>&nbsp;<\/p>\n<ul>\n<li>Une com\u00e9dienne de plus de 60 ans, d\u00e9gageant une belle \u00e9nergie\u00a0\/un fort caract\u00e8re pour interpr\u00e9ter une pensionn\u00e9e.<\/li>\n<\/ul>\n<p>&nbsp;<\/p>\n<p>Envoyez-nous photos\u00a0 + CV \u00e0 <a href=\"mailto:gravelecasting@gmail.com\">gravelecasting@gmail.com<\/a> en indiquant \u00ab\u00a0com\u00e9dienne 60\u00a0\u00bb ou \u00ab\u00a0com\u00e9dien 50\u00a0\u00bb en objet .<\/p>\n","protected":false},"excerpt":{"rendered":"<p>Pour Grave, le premier long m\u00e9trage de Julia Ducournau qui se tournera en r\u00e9gion li\u00e9geoise \u00e0 partir de novembre, FraKas productions recherche\u00a0:<\/p>\n","protected":false},"author":7,"featured_media":78162,"comment_status":"closed","ping_status":"closed","sticky":false,"template":"","format":"standard","meta":{"ngg_post_thumbnail":0,"footnotes":""},"categories":[20],"tags":[],"class_list":["post-78129","post","type-post","status-publish","format-standard","has-post-thumbnail","","category-cinejobs"],"yoast_head":"<!-- This site is optimized with the Yoast SEO plugin v20.4 - https:\/\/yoast.com\/wordpress\/plugins\/seo\/ -->\n<title>C&#039;est pas grave, c&#039;est juste un casting - w-l-c<\/title>\n<meta name=\"robots\" content=\"noindex, follow, max-snippet:-1, max-image-preview:large, max-video-preview:-1\" \/>\n<meta property=\"og:locale\" content=\"fr_FR\" \/>\n<meta property=\"og:type\" content=\"article\" \/>\n<meta property=\"og:title\" content=\"C&#039;est pas grave, c&#039;est juste un casting - w-l-c\" \/>\n<meta property=\"og:description\" content=\"Pour Grave, le premier long m\u00e9trage de Julia Ducournau qui se tournera en r\u00e9gion li\u00e9geoise \u00e0 partir de novembre, FraKas productions recherche\u00a0:\" \/>\n<meta property=\"og:url\" content=\"https:\/\/w-l-c.be\/fr\/cest-pas-grave-cest-juste-un-casting\/\" \/>\n<meta property=\"og:site_name\" content=\"w-l-c\" \/>\n<meta property=\"article:published_time\" content=\"2015-09-17T06:05:47+00:00\" \/>\n<meta property=\"article:modified_time\" content=\"2015-09-17T08:51:27+00:00\" \/>\n<meta property=\"og:image\" content=\"https:\/\/w-l-c.be\/wp-content\/uploads\/2015\/09\/image.jpg\" \/>\n\t<meta property=\"og:image:width\" content=\"640\" \/>\n\t<meta property=\"og:image:height\" content=\"360\" \/>\n\t<meta property=\"og:image:type\" content=\"image\/jpeg\" \/>\n<meta name=\"author\" content=\"Philippe.Pierquin\" \/>\n<meta name=\"twitter:card\" content=\"summary_large_image\" \/>\n<meta name=\"twitter:label1\" content=\"\u00c9crit par\" \/>\n\t<meta name=\"twitter:data1\" content=\"Philippe.Pierquin\" \/>\n<script type=\"application\/ld+json\" class=\"yoast-schema-graph\">{\"@context\":\"https:\/\/schema.org\",\"@graph\":[{\"@type\":\"WebPage\",\"@id\":\"https:\/\/w-l-c.be\/fr\/cest-pas-grave-cest-juste-un-casting\/\",\"url\":\"https:\/\/w-l-c.be\/fr\/cest-pas-grave-cest-juste-un-casting\/\",\"name\":\"C'est pas grave, c'est juste un casting - w-l-c\",\"isPartOf\":{\"@id\":\"https:\/\/w-l-c.be\/fr\/#website\"},\"datePublished\":\"2015-09-17T06:05:47+00:00\",\"dateModified\":\"2015-09-17T08:51:27+00:00\",\"author\":{\"@id\":\"https:\/\/w-l-c.be\/fr\/#\/schema\/person\/4b9b1d857f0943453a38a7c2859ef756\"},\"breadcrumb\":{\"@id\":\"https:\/\/w-l-c.be\/fr\/cest-pas-grave-cest-juste-un-casting\/#breadcrumb\"},\"inLanguage\":\"fr-FR\",\"potentialAction\":[{\"@type\":\"ReadAction\",\"target\":[\"https:\/\/w-l-c.be\/fr\/cest-pas-grave-cest-juste-un-casting\/\"]}]},{\"@type\":\"BreadcrumbList\",\"@id\":\"https:\/\/w-l-c.be\/fr\/cest-pas-grave-cest-juste-un-casting\/#breadcrumb\",\"itemListElement\":[{\"@type\":\"ListItem\",\"position\":1,\"name\":\"Accueil\",\"item\":\"https:\/\/w-l-c.be\/fr\/\"},{\"@type\":\"ListItem\",\"position\":2,\"name\":\"C&rsquo;est pas grave, c&rsquo;est juste un casting\"}]},{\"@type\":\"WebSite\",\"@id\":\"https:\/\/w-l-c.be\/fr\/#website\",\"url\":\"https:\/\/w-l-c.be\/fr\/\",\"name\":\"w-l-c\",\"description\":\"Le cin\u00e9ma vu par les belges\",\"potentialAction\":[{\"@type\":\"SearchAction\",\"target\":{\"@type\":\"EntryPoint\",\"urlTemplate\":\"https:\/\/w-l-c.be\/fr\/?s={search_term_string}\"},\"query-input\":\"required name=search_term_string\"}],\"inLanguage\":\"fr-FR\"},{\"@type\":\"Person\",\"@id\":\"https:\/\/w-l-c.be\/fr\/#\/schema\/person\/4b9b1d857f0943453a38a7c2859ef756\",\"name\":\"Philippe.Pierquin\",\"url\":\"https:\/\/w-l-c.be\/fr\/author\/philippe-pierquin\/\"}]}<\/script>\n<!-- \/ Yoast SEO plugin. -->","yoast_head_json":{"title":"C'est pas grave, c'est juste un casting - w-l-c","robots":{"index":"noindex","follow":"follow","max-snippet":"max-snippet:-1","max-image-preview":"max-image-preview:large","max-video-preview":"max-video-preview:-1"},"og_locale":"fr_FR","og_type":"article","og_title":"C'est pas grave, c'est juste un casting - w-l-c","og_description":"Pour Grave, le premier long m\u00e9trage de Julia Ducournau qui se tournera en r\u00e9gion li\u00e9geoise \u00e0 partir de novembre, FraKas productions recherche\u00a0:","og_url":"https:\/\/w-l-c.be\/fr\/cest-pas-grave-cest-juste-un-casting\/","og_site_name":"w-l-c","article_published_time":"2015-09-17T06:05:47+00:00","article_modified_time":"2015-09-17T08:51:27+00:00","og_image":[{"width":640,"height":360,"url":"https:\/\/w-l-c.be\/wp-content\/uploads\/2015\/09\/image.jpg","type":"image\/jpeg"}],"author":"Philippe.Pierquin","twitter_card":"summary_large_image","twitter_misc":{"\u00c9crit par":"Philippe.Pierquin"},"schema":{"@context":"https:\/\/schema.org","@graph":[{"@type":"WebPage","@id":"https:\/\/w-l-c.be\/fr\/cest-pas-grave-cest-juste-un-casting\/","url":"https:\/\/w-l-c.be\/fr\/cest-pas-grave-cest-juste-un-casting\/","name":"C'est pas grave, c'est juste un casting - w-l-c","isPartOf":{"@id":"https:\/\/w-l-c.be\/fr\/#website"},"datePublished":"2015-09-17T06:05:47+00:00","dateModified":"2015-09-17T08:51:27+00:00","author":{"@id":"https:\/\/w-l-c.be\/fr\/#\/schema\/person\/4b9b1d857f0943453a38a7c2859ef756"},"breadcrumb":{"@id":"https:\/\/w-l-c.be\/fr\/cest-pas-grave-cest-juste-un-casting\/#breadcrumb"},"inLanguage":"fr-FR","potentialAction":[{"@type":"ReadAction","target":["https:\/\/w-l-c.be\/fr\/cest-pas-grave-cest-juste-un-casting\/"]}]},{"@type":"BreadcrumbList","@id":"https:\/\/w-l-c.be\/fr\/cest-pas-grave-cest-juste-un-casting\/#breadcrumb","itemListElement":[{"@type":"ListItem","position":1,"name":"Accueil","item":"https:\/\/w-l-c.be\/fr\/"},{"@type":"ListItem","position":2,"name":"C&rsquo;est pas grave, c&rsquo;est juste un casting"}]},{"@type":"WebSite","@id":"https:\/\/w-l-c.be\/fr\/#website","url":"https:\/\/w-l-c.be\/fr\/","name":"w-l-c","description":"Le cin\u00e9ma vu par les belges","potentialAction":[{"@type":"SearchAction","target":{"@type":"EntryPoint","urlTemplate":"https:\/\/w-l-c.be\/fr\/?s={search_term_string}"},"query-input":"required name=search_term_string"}],"inLanguage":"fr-FR"},{"@type":"Person","@id":"https:\/\/w-l-c.be\/fr\/#\/schema\/person\/4b9b1d857f0943453a38a7c2859ef756","name":"Philippe.Pierquin","url":"https:\/\/w-l-c.be\/fr\/author\/philippe-pierquin\/"}]}},"_links":{"self":[{"href":"https:\/\/w-l-c.be\/fr\/wp-json\/wp\/v2\/posts\/78129","targetHints":{"allow":["GET"]}}],"collection":[{"href":"https:\/\/w-l-c.be\/fr\/wp-json\/wp\/v2\/posts"}],"about":[{"href":"https:\/\/w-l-c.be\/fr\/wp-json\/wp\/v2\/types\/post"}],"author":[{"embeddable":true,"href":"https:\/\/w-l-c.be\/fr\/wp-json\/wp\/v2\/users\/7"}],"replies":[{"embeddable":true,"href":"https:\/\/w-l-c.be\/fr\/wp-json\/wp\/v2\/comments?post=78129"}],"version-history":[{"count":0,"href":"https:\/\/w-l-c.be\/fr\/wp-json\/wp\/v2\/posts\/78129\/revisions"}],"wp:featuredmedia":[{"embeddable":true,"href":"https:\/\/w-l-c.be\/fr\/wp-json\/wp\/v2\/media\/78162"}],"wp:attachment":[{"href":"https:\/\/w-l-c.be\/fr\/wp-json\/wp\/v2\/media?parent=78129"}],"wp:term":[{"taxonomy":"category","embeddable":true,"href":"https:\/\/w-l-c.be\/fr\/wp-json\/wp\/v2\/categories?post=78129"},{"taxonomy":"post_tag","embeddable":true,"href":"https:\/\/w-l-c.be\/fr\/wp-json\/wp\/v2\/tags?post=78129"}],"curies":[{"name":"wp","href":"https:\/\/api.w.org\/{rel}","templated":true}]}}