
{"id":78690,"date":"2015-09-28T11:10:55","date_gmt":"2015-09-28T09:10:55","guid":{"rendered":"http:\/\/www.cinevox.be\/?p=78690"},"modified":"2015-09-28T12:03:56","modified_gmt":"2015-09-28T10:03:56","slug":"les-realisateurs-de-black-signent-avec-une-top-compagnie-americaine","status":"publish","type":"post","link":"https:\/\/w-l-c.be\/fr\/les-realisateurs-de-black-signent-avec-une-top-compagnie-americaine\/","title":{"rendered":"Les r\u00e9alisateurs de Black signent avec une top compagnie am\u00e9ricaine"},"content":{"rendered":"<p>La premi\u00e8re mondiale de\u00a0<em>Black<\/em>\u00a0au Festival International du Film de Toronto n&rsquo;a pas laiss\u00e9 grand monde indiff\u00e9rent. Au Canada, Adil El Arbi et Bilall Fallah, les r\u00e9alisateurs du film, ont remport\u00e9 le Prix Discovery, s\u00e9duit le public et d\u00e9cha\u00een\u00e9 les convoitises des professionnels qui se sont empress\u00e9s de leur faire des propositions \u00ab\u00a0qu&rsquo;on ne peut pas refuser\u00a0\u00bb.<\/p>\n<p>Cons\u00e9quence de cette vague d&rsquo;enthousiasme: le duo vient d&rsquo;int\u00e9grer l\u2019agence Creative Artists Agency (CAA) et Management 360.Voir Adi let Billal \u00e0 la t\u00eate d&rsquo;un gros projet am\u00e9ricain n&rsquo;est donc plus qu&rsquo;une question de temps.<!--more--><\/p>\n<p>&nbsp;<\/p>\n<p>&nbsp;<\/p>\n<p>Apr\u00e8s la premi\u00e8re mondiale de\u00a0<em>Black<\/em>, toutes les agences les plus prestigieuses d\u2019Am\u00e9rique du Nord se sont bouscul\u00e9es au portillon pour rencontrer El Arbi et Fallah. Ils ont finalement d\u00e9cid\u00e9 de signer avec CAA et Management 360.<\/p>\n<p>&nbsp;<\/p>\n<p><a href=\"http:\/\/www.cinevox.be\/wp-content\/uploads\/2015\/09\/Sequence-01.Still069.jpg\"><img loading=\"lazy\" decoding=\"async\" class=\"aligncenter size-large wp-image-78691\" src=\"http:\/\/www.cinevox.be\/wp-content\/uploads\/2015\/09\/Sequence-01.Still069-800x450.jpg\" alt=\"\" width=\"640\" height=\"360\" srcset=\"https:\/\/w-l-c.be\/wp-content\/uploads\/2015\/09\/Sequence-01.Still069-800x450.jpg 800w, https:\/\/w-l-c.be\/wp-content\/uploads\/2015\/09\/Sequence-01.Still069-200x113.jpg 200w, https:\/\/w-l-c.be\/wp-content\/uploads\/2015\/09\/Sequence-01.Still069-480x270.jpg 480w, https:\/\/w-l-c.be\/wp-content\/uploads\/2015\/09\/Sequence-01.Still069-300x169.jpg 300w, https:\/\/w-l-c.be\/wp-content\/uploads\/2015\/09\/Sequence-01.Still069-620x350.jpg 620w, https:\/\/w-l-c.be\/wp-content\/uploads\/2015\/09\/Sequence-01.Still069.jpg 1920w\" sizes=\"auto, (max-width: 640px) 100vw, 640px\" \/><\/a><br \/>\nCAA est l\u2019une des plus importantes agences am\u00e9ricaines. Elle ne repr\u00e9sente pas\u00a0uniquement des talents issus du monde du cin\u00e9ma, mais \u00e9galement des musiciens et des sportifs.<\/p>\n<p>En cin\u00e9ma, elle d\u00e9fend notamment les int\u00e9r\u00eats de Steven Spielberg, Tom Cruise, Brad Pitt et J.J. Abrams\u00a0mais aussi Matthias Schoenaerts,\u00a0Felix van Groeningen (<em>La Merditude des Choses,\u00a0The Broken Circle Breakdown\/Alabama Monroe<\/em>) et Tom Van Avermaet (<em>Mort d&rsquo;une ombre<\/em>).<\/p>\n<p>&nbsp;<\/p>\n<p>Maha Dakhil (qui s\u2019occupe \u00e9galement de Steven Spielberg,\u00a0Tom Cruise et Natalie Portman pour CAA) dirige l\u2019\u00e9quipe qui va s\u2019occuper du duo de r\u00e9alisateurs.<\/p>\n<p>Celle-ci est compos\u00e9e de Ida\u00a0Ziniti Asst, Jay Baker et Rob Herting.<\/p>\n<p>&nbsp;<\/p>\n<p><a href=\"http:\/\/www.cinevox.be\/wp-content\/uploads\/2015\/09\/Sequence-01.Still070.jpg\"><img loading=\"lazy\" decoding=\"async\" class=\"aligncenter size-large wp-image-78695\" src=\"http:\/\/www.cinevox.be\/wp-content\/uploads\/2015\/09\/Sequence-01.Still070-800x450.jpg\" alt=\"\" width=\"640\" height=\"360\" srcset=\"https:\/\/w-l-c.be\/wp-content\/uploads\/2015\/09\/Sequence-01.Still070-800x450.jpg 800w, https:\/\/w-l-c.be\/wp-content\/uploads\/2015\/09\/Sequence-01.Still070-200x113.jpg 200w, https:\/\/w-l-c.be\/wp-content\/uploads\/2015\/09\/Sequence-01.Still070-480x270.jpg 480w, https:\/\/w-l-c.be\/wp-content\/uploads\/2015\/09\/Sequence-01.Still070-300x169.jpg 300w, https:\/\/w-l-c.be\/wp-content\/uploads\/2015\/09\/Sequence-01.Still070-620x350.jpg 620w, https:\/\/w-l-c.be\/wp-content\/uploads\/2015\/09\/Sequence-01.Still070.jpg 1920w\" sizes=\"auto, (max-width: 640px) 100vw, 640px\" \/><\/a><\/p>\n<p>&nbsp;<\/p>\n<p>F\u00e9lix van Groeningen fait \u00e9galement partie de l\u2019\u00e9curie Management 360. Chez Management 360, El Arbi\u00a0et Fallah seront entour\u00e9s de Daniel Rappaport, l\u2019un des directeurs du bureau, et d&rsquo;Adam Simpson-Marshall, qui s\u2019occupe entre autres de James Mangold. La soci\u00e9t\u00e9\u00a0a \u00e9galement coproduit le nouveau film de\u00a0Danny Boyle,\u00a0<em>Steve Jobs<\/em>.<\/p>\n<p>En signant avec une agence et un bureau de management am\u00e9ricains, les deux r\u00e9alisateurs s\u2019entourent d\u2019une \u00e9quipe de choc pour les guider dans le d\u00e9veloppement de leur carri\u00e8re. Leur manager Ken Lambrechts qui s\u2019occupe aussi entre autres de Matthias Schoenaerts, Micha\u00ebl R. Roskam (<em>Bullhead, Quand vient la nuit<\/em>), Robin Pront (<em>D&rsquo;Ardennen<\/em>), Jakob Verbruggen (<em>The Fall, The Bridge<\/em>) et\u00a0Jonas Govaerts (<em>Welp<\/em>)\u00a0fait \u00e9galement partie de cette \u00e9quipe.<\/p>\n<p>&nbsp;<\/p>\n<p>&nbsp;<\/p>\n<p>&nbsp;<\/p>\n<p>&nbsp;<\/p>\n","protected":false},"excerpt":{"rendered":"<p>La premi\u00e8re mondiale de\u00a0Black\u00a0au Festival International du Film de Toronto n&rsquo;a pas laiss\u00e9 grand monde indiff\u00e9rent. Au Canada, Adil El Arbi et Bilall Fallah, les r\u00e9alisateurs du film, ont remport\u00e9 le Prix Discovery, s\u00e9duit le public et d\u00e9cha\u00een\u00e9 les convoitises des professionnels qui se sont empress\u00e9s de leur faire des propositions \u00ab\u00a0qu&rsquo;on ne peut pas &hellip;<\/p>\n","protected":false},"author":7,"featured_media":78693,"comment_status":"closed","ping_status":"closed","sticky":false,"template":"","format":"standard","meta":{"ngg_post_thumbnail":0,"footnotes":""},"categories":[1923],"tags":[],"class_list":["post-78690","post","type-post","status-publish","format-standard","has-post-thumbnail","","category-en-bref"],"yoast_head":"<!-- This site is optimized with the Yoast SEO plugin v20.4 - https:\/\/yoast.com\/wordpress\/plugins\/seo\/ -->\n<title>Les r\u00e9alisateurs de Black signent avec une top compagnie am\u00e9ricaine - w-l-c<\/title>\n<meta name=\"robots\" content=\"noindex, follow, max-snippet:-1, max-image-preview:large, max-video-preview:-1\" \/>\n<meta property=\"og:locale\" content=\"fr_FR\" \/>\n<meta property=\"og:type\" content=\"article\" \/>\n<meta property=\"og:title\" content=\"Les r\u00e9alisateurs de Black signent avec une top compagnie am\u00e9ricaine - w-l-c\" \/>\n<meta property=\"og:description\" content=\"La premi\u00e8re mondiale de\u00a0Black\u00a0au Festival International du Film de Toronto n&rsquo;a pas laiss\u00e9 grand monde indiff\u00e9rent. Au Canada, Adil El Arbi et Bilall Fallah, les r\u00e9alisateurs du film, ont remport\u00e9 le Prix Discovery, s\u00e9duit le public et d\u00e9cha\u00een\u00e9 les convoitises des professionnels qui se sont empress\u00e9s de leur faire des propositions \u00ab\u00a0qu&rsquo;on ne peut pas &hellip;\" \/>\n<meta property=\"og:url\" content=\"https:\/\/w-l-c.be\/fr\/les-realisateurs-de-black-signent-avec-une-top-compagnie-americaine\/\" \/>\n<meta property=\"og:site_name\" content=\"w-l-c\" \/>\n<meta property=\"article:published_time\" content=\"2015-09-28T09:10:55+00:00\" \/>\n<meta property=\"article:modified_time\" content=\"2015-09-28T10:03:56+00:00\" \/>\n<meta property=\"og:image\" content=\"https:\/\/w-l-c.be\/wp-content\/uploads\/2015\/09\/Sequence-01.Still064.jpg\" \/>\n\t<meta property=\"og:image:width\" content=\"1920\" \/>\n\t<meta property=\"og:image:height\" content=\"1080\" \/>\n\t<meta property=\"og:image:type\" content=\"image\/jpeg\" \/>\n<meta name=\"author\" content=\"Philippe.Pierquin\" \/>\n<meta name=\"twitter:card\" content=\"summary_large_image\" \/>\n<meta name=\"twitter:label1\" content=\"\u00c9crit par\" \/>\n\t<meta name=\"twitter:data1\" content=\"Philippe.Pierquin\" \/>\n\t<meta name=\"twitter:label2\" content=\"Dur\u00e9e de lecture estim\u00e9e\" \/>\n\t<meta name=\"twitter:data2\" content=\"2 minutes\" \/>\n<script type=\"application\/ld+json\" class=\"yoast-schema-graph\">{\"@context\":\"https:\/\/schema.org\",\"@graph\":[{\"@type\":\"WebPage\",\"@id\":\"https:\/\/w-l-c.be\/fr\/les-realisateurs-de-black-signent-avec-une-top-compagnie-americaine\/\",\"url\":\"https:\/\/w-l-c.be\/fr\/les-realisateurs-de-black-signent-avec-une-top-compagnie-americaine\/\",\"name\":\"Les r\u00e9alisateurs de Black signent avec une top compagnie am\u00e9ricaine - w-l-c\",\"isPartOf\":{\"@id\":\"https:\/\/w-l-c.be\/fr\/#website\"},\"datePublished\":\"2015-09-28T09:10:55+00:00\",\"dateModified\":\"2015-09-28T10:03:56+00:00\",\"author\":{\"@id\":\"https:\/\/w-l-c.be\/fr\/#\/schema\/person\/4b9b1d857f0943453a38a7c2859ef756\"},\"breadcrumb\":{\"@id\":\"https:\/\/w-l-c.be\/fr\/les-realisateurs-de-black-signent-avec-une-top-compagnie-americaine\/#breadcrumb\"},\"inLanguage\":\"fr-FR\",\"potentialAction\":[{\"@type\":\"ReadAction\",\"target\":[\"https:\/\/w-l-c.be\/fr\/les-realisateurs-de-black-signent-avec-une-top-compagnie-americaine\/\"]}]},{\"@type\":\"BreadcrumbList\",\"@id\":\"https:\/\/w-l-c.be\/fr\/les-realisateurs-de-black-signent-avec-une-top-compagnie-americaine\/#breadcrumb\",\"itemListElement\":[{\"@type\":\"ListItem\",\"position\":1,\"name\":\"Accueil\",\"item\":\"https:\/\/w-l-c.be\/fr\/\"},{\"@type\":\"ListItem\",\"position\":2,\"name\":\"Les r\u00e9alisateurs de Black signent avec une top compagnie am\u00e9ricaine\"}]},{\"@type\":\"WebSite\",\"@id\":\"https:\/\/w-l-c.be\/fr\/#website\",\"url\":\"https:\/\/w-l-c.be\/fr\/\",\"name\":\"w-l-c\",\"description\":\"Le cin\u00e9ma vu par les belges\",\"potentialAction\":[{\"@type\":\"SearchAction\",\"target\":{\"@type\":\"EntryPoint\",\"urlTemplate\":\"https:\/\/w-l-c.be\/fr\/?s={search_term_string}\"},\"query-input\":\"required name=search_term_string\"}],\"inLanguage\":\"fr-FR\"},{\"@type\":\"Person\",\"@id\":\"https:\/\/w-l-c.be\/fr\/#\/schema\/person\/4b9b1d857f0943453a38a7c2859ef756\",\"name\":\"Philippe.Pierquin\",\"url\":\"https:\/\/w-l-c.be\/fr\/author\/philippe-pierquin\/\"}]}<\/script>\n<!-- \/ Yoast SEO plugin. -->","yoast_head_json":{"title":"Les r\u00e9alisateurs de Black signent avec une top compagnie am\u00e9ricaine - w-l-c","robots":{"index":"noindex","follow":"follow","max-snippet":"max-snippet:-1","max-image-preview":"max-image-preview:large","max-video-preview":"max-video-preview:-1"},"og_locale":"fr_FR","og_type":"article","og_title":"Les r\u00e9alisateurs de Black signent avec une top compagnie am\u00e9ricaine - w-l-c","og_description":"La premi\u00e8re mondiale de\u00a0Black\u00a0au Festival International du Film de Toronto n&rsquo;a pas laiss\u00e9 grand monde indiff\u00e9rent. Au Canada, Adil El Arbi et Bilall Fallah, les r\u00e9alisateurs du film, ont remport\u00e9 le Prix Discovery, s\u00e9duit le public et d\u00e9cha\u00een\u00e9 les convoitises des professionnels qui se sont empress\u00e9s de leur faire des propositions \u00ab\u00a0qu&rsquo;on ne peut pas &hellip;","og_url":"https:\/\/w-l-c.be\/fr\/les-realisateurs-de-black-signent-avec-une-top-compagnie-americaine\/","og_site_name":"w-l-c","article_published_time":"2015-09-28T09:10:55+00:00","article_modified_time":"2015-09-28T10:03:56+00:00","og_image":[{"width":1920,"height":1080,"url":"https:\/\/w-l-c.be\/wp-content\/uploads\/2015\/09\/Sequence-01.Still064.jpg","type":"image\/jpeg"}],"author":"Philippe.Pierquin","twitter_card":"summary_large_image","twitter_misc":{"\u00c9crit par":"Philippe.Pierquin","Dur\u00e9e de lecture estim\u00e9e":"2 minutes"},"schema":{"@context":"https:\/\/schema.org","@graph":[{"@type":"WebPage","@id":"https:\/\/w-l-c.be\/fr\/les-realisateurs-de-black-signent-avec-une-top-compagnie-americaine\/","url":"https:\/\/w-l-c.be\/fr\/les-realisateurs-de-black-signent-avec-une-top-compagnie-americaine\/","name":"Les r\u00e9alisateurs de Black signent avec une top compagnie am\u00e9ricaine - w-l-c","isPartOf":{"@id":"https:\/\/w-l-c.be\/fr\/#website"},"datePublished":"2015-09-28T09:10:55+00:00","dateModified":"2015-09-28T10:03:56+00:00","author":{"@id":"https:\/\/w-l-c.be\/fr\/#\/schema\/person\/4b9b1d857f0943453a38a7c2859ef756"},"breadcrumb":{"@id":"https:\/\/w-l-c.be\/fr\/les-realisateurs-de-black-signent-avec-une-top-compagnie-americaine\/#breadcrumb"},"inLanguage":"fr-FR","potentialAction":[{"@type":"ReadAction","target":["https:\/\/w-l-c.be\/fr\/les-realisateurs-de-black-signent-avec-une-top-compagnie-americaine\/"]}]},{"@type":"BreadcrumbList","@id":"https:\/\/w-l-c.be\/fr\/les-realisateurs-de-black-signent-avec-une-top-compagnie-americaine\/#breadcrumb","itemListElement":[{"@type":"ListItem","position":1,"name":"Accueil","item":"https:\/\/w-l-c.be\/fr\/"},{"@type":"ListItem","position":2,"name":"Les r\u00e9alisateurs de Black signent avec une top compagnie am\u00e9ricaine"}]},{"@type":"WebSite","@id":"https:\/\/w-l-c.be\/fr\/#website","url":"https:\/\/w-l-c.be\/fr\/","name":"w-l-c","description":"Le cin\u00e9ma vu par les belges","potentialAction":[{"@type":"SearchAction","target":{"@type":"EntryPoint","urlTemplate":"https:\/\/w-l-c.be\/fr\/?s={search_term_string}"},"query-input":"required name=search_term_string"}],"inLanguage":"fr-FR"},{"@type":"Person","@id":"https:\/\/w-l-c.be\/fr\/#\/schema\/person\/4b9b1d857f0943453a38a7c2859ef756","name":"Philippe.Pierquin","url":"https:\/\/w-l-c.be\/fr\/author\/philippe-pierquin\/"}]}},"_links":{"self":[{"href":"https:\/\/w-l-c.be\/fr\/wp-json\/wp\/v2\/posts\/78690","targetHints":{"allow":["GET"]}}],"collection":[{"href":"https:\/\/w-l-c.be\/fr\/wp-json\/wp\/v2\/posts"}],"about":[{"href":"https:\/\/w-l-c.be\/fr\/wp-json\/wp\/v2\/types\/post"}],"author":[{"embeddable":true,"href":"https:\/\/w-l-c.be\/fr\/wp-json\/wp\/v2\/users\/7"}],"replies":[{"embeddable":true,"href":"https:\/\/w-l-c.be\/fr\/wp-json\/wp\/v2\/comments?post=78690"}],"version-history":[{"count":0,"href":"https:\/\/w-l-c.be\/fr\/wp-json\/wp\/v2\/posts\/78690\/revisions"}],"wp:featuredmedia":[{"embeddable":true,"href":"https:\/\/w-l-c.be\/fr\/wp-json\/wp\/v2\/media\/78693"}],"wp:attachment":[{"href":"https:\/\/w-l-c.be\/fr\/wp-json\/wp\/v2\/media?parent=78690"}],"wp:term":[{"taxonomy":"category","embeddable":true,"href":"https:\/\/w-l-c.be\/fr\/wp-json\/wp\/v2\/categories?post=78690"},{"taxonomy":"post_tag","embeddable":true,"href":"https:\/\/w-l-c.be\/fr\/wp-json\/wp\/v2\/tags?post=78690"}],"curies":[{"name":"wp","href":"https:\/\/api.w.org\/{rel}","templated":true}]}}