
{"id":78769,"date":"2015-09-29T13:14:25","date_gmt":"2015-09-29T11:14:25","guid":{"rendered":"http:\/\/www.cinevox.be\/?p=78769"},"modified":"2015-09-29T13:19:16","modified_gmt":"2015-09-29T11:19:16","slug":"laurent-delia-showreel","status":"publish","type":"post","link":"https:\/\/w-l-c.be\/fr\/laurent-delia-showreel\/","title":{"rendered":"Laurent D&rsquo;Elia &#8211; Showreel"},"content":{"rendered":"<p>Laurent D&rsquo;Elia est un gentleman et un ami de la maison. Mais pas que..<\/p>\n<p>C&rsquo;est le papa le plus connu de Belgique gr\u00e2ce aux pubs Voo. Mais pas que&#8230;<\/p>\n<p>C&rsquo;est un bel homme aussi. Mais pas que&#8230;<!--more--><\/p>\n<p>&nbsp;<\/p>\n<p>Sympa et discret, charismatique et s\u00e9ducteur, Laurent D&rsquo;Elia est un com\u00e9dien appr\u00e9ci\u00e9 de la jeune g\u00e9n\u00e9ration \u00e0 qui il est toujours pr\u00eat \u00e0 donner un coup de main.<\/p>\n<p>Comme on aimerait franchement le voir plus souvent sur le grand \u00e9cran, on vous offre ici sa toute nouvelle bande-d\u00e9mo.<\/p>\n<p>Si \u00e7a donne des id\u00e9es \u00e0 quelques r\u00e9als, on n&rsquo;aura pas tout \u00e0 fait perdu notre journ\u00e9e.<\/p>\n<p>&nbsp;<br \/>\nLaurent D&rsquo;Elia : laurentdelia@hotmail.fr<br \/>\nAgent : Catherine Davray : www.davray.fr<\/p>\n","protected":false},"excerpt":{"rendered":"<p>Laurent D&rsquo;Elia est un gentleman et un ami de la maison. Mais pas que.. C&rsquo;est le papa le plus connu de Belgique gr\u00e2ce aux pubs Voo. Mais pas que&#8230; C&rsquo;est un bel homme aussi. Mais pas que&#8230;<\/p>\n","protected":false},"author":7,"featured_media":78772,"comment_status":"closed","ping_status":"closed","sticky":false,"template":"","format":"standard","meta":{"ngg_post_thumbnail":0,"footnotes":""},"categories":[1923],"tags":[],"class_list":["post-78769","post","type-post","status-publish","format-standard","has-post-thumbnail","","category-en-bref"],"yoast_head":"<!-- This site is optimized with the Yoast SEO plugin v20.4 - https:\/\/yoast.com\/wordpress\/plugins\/seo\/ -->\n<title>Laurent D&#039;Elia - Showreel - w-l-c<\/title>\n<meta name=\"robots\" content=\"noindex, follow, max-snippet:-1, max-image-preview:large, max-video-preview:-1\" \/>\n<meta property=\"og:locale\" content=\"fr_FR\" \/>\n<meta property=\"og:type\" content=\"article\" \/>\n<meta property=\"og:title\" content=\"Laurent D&#039;Elia - Showreel - w-l-c\" \/>\n<meta property=\"og:description\" content=\"Laurent D&rsquo;Elia est un gentleman et un ami de la maison. Mais pas que.. C&rsquo;est le papa le plus connu de Belgique gr\u00e2ce aux pubs Voo. Mais pas que&#8230; C&rsquo;est un bel homme aussi. Mais pas que&#8230;\" \/>\n<meta property=\"og:url\" content=\"https:\/\/w-l-c.be\/fr\/laurent-delia-showreel\/\" \/>\n<meta property=\"og:site_name\" content=\"w-l-c\" \/>\n<meta property=\"article:published_time\" content=\"2015-09-29T11:14:25+00:00\" \/>\n<meta property=\"article:modified_time\" content=\"2015-09-29T11:19:16+00:00\" \/>\n<meta property=\"og:image\" content=\"https:\/\/w-l-c.be\/wp-content\/uploads\/2015\/09\/laurent.jpg\" \/>\n\t<meta property=\"og:image:width\" content=\"1100\" \/>\n\t<meta property=\"og:image:height\" content=\"669\" \/>\n\t<meta property=\"og:image:type\" content=\"image\/jpeg\" \/>\n<meta name=\"author\" content=\"Philippe.Pierquin\" \/>\n<meta name=\"twitter:card\" content=\"summary_large_image\" \/>\n<meta name=\"twitter:label1\" content=\"\u00c9crit par\" \/>\n\t<meta name=\"twitter:data1\" content=\"Philippe.Pierquin\" \/>\n\t<meta name=\"twitter:label2\" content=\"Dur\u00e9e de lecture estim\u00e9e\" \/>\n\t<meta name=\"twitter:data2\" content=\"1 minute\" \/>\n<script type=\"application\/ld+json\" class=\"yoast-schema-graph\">{\"@context\":\"https:\/\/schema.org\",\"@graph\":[{\"@type\":\"WebPage\",\"@id\":\"https:\/\/w-l-c.be\/fr\/laurent-delia-showreel\/\",\"url\":\"https:\/\/w-l-c.be\/fr\/laurent-delia-showreel\/\",\"name\":\"Laurent D'Elia - Showreel - w-l-c\",\"isPartOf\":{\"@id\":\"https:\/\/w-l-c.be\/fr\/#website\"},\"datePublished\":\"2015-09-29T11:14:25+00:00\",\"dateModified\":\"2015-09-29T11:19:16+00:00\",\"author\":{\"@id\":\"https:\/\/w-l-c.be\/fr\/#\/schema\/person\/4b9b1d857f0943453a38a7c2859ef756\"},\"breadcrumb\":{\"@id\":\"https:\/\/w-l-c.be\/fr\/laurent-delia-showreel\/#breadcrumb\"},\"inLanguage\":\"fr-FR\",\"potentialAction\":[{\"@type\":\"ReadAction\",\"target\":[\"https:\/\/w-l-c.be\/fr\/laurent-delia-showreel\/\"]}]},{\"@type\":\"BreadcrumbList\",\"@id\":\"https:\/\/w-l-c.be\/fr\/laurent-delia-showreel\/#breadcrumb\",\"itemListElement\":[{\"@type\":\"ListItem\",\"position\":1,\"name\":\"Accueil\",\"item\":\"https:\/\/w-l-c.be\/fr\/\"},{\"@type\":\"ListItem\",\"position\":2,\"name\":\"Laurent D&rsquo;Elia &#8211; Showreel\"}]},{\"@type\":\"WebSite\",\"@id\":\"https:\/\/w-l-c.be\/fr\/#website\",\"url\":\"https:\/\/w-l-c.be\/fr\/\",\"name\":\"w-l-c\",\"description\":\"Le cin\u00e9ma vu par les belges\",\"potentialAction\":[{\"@type\":\"SearchAction\",\"target\":{\"@type\":\"EntryPoint\",\"urlTemplate\":\"https:\/\/w-l-c.be\/fr\/?s={search_term_string}\"},\"query-input\":\"required name=search_term_string\"}],\"inLanguage\":\"fr-FR\"},{\"@type\":\"Person\",\"@id\":\"https:\/\/w-l-c.be\/fr\/#\/schema\/person\/4b9b1d857f0943453a38a7c2859ef756\",\"name\":\"Philippe.Pierquin\",\"url\":\"https:\/\/w-l-c.be\/fr\/author\/philippe-pierquin\/\"}]}<\/script>\n<!-- \/ Yoast SEO plugin. -->","yoast_head_json":{"title":"Laurent D'Elia - Showreel - w-l-c","robots":{"index":"noindex","follow":"follow","max-snippet":"max-snippet:-1","max-image-preview":"max-image-preview:large","max-video-preview":"max-video-preview:-1"},"og_locale":"fr_FR","og_type":"article","og_title":"Laurent D'Elia - Showreel - w-l-c","og_description":"Laurent D&rsquo;Elia est un gentleman et un ami de la maison. Mais pas que.. C&rsquo;est le papa le plus connu de Belgique gr\u00e2ce aux pubs Voo. Mais pas que&#8230; C&rsquo;est un bel homme aussi. Mais pas que&#8230;","og_url":"https:\/\/w-l-c.be\/fr\/laurent-delia-showreel\/","og_site_name":"w-l-c","article_published_time":"2015-09-29T11:14:25+00:00","article_modified_time":"2015-09-29T11:19:16+00:00","og_image":[{"width":1100,"height":669,"url":"https:\/\/w-l-c.be\/wp-content\/uploads\/2015\/09\/laurent.jpg","type":"image\/jpeg"}],"author":"Philippe.Pierquin","twitter_card":"summary_large_image","twitter_misc":{"\u00c9crit par":"Philippe.Pierquin","Dur\u00e9e de lecture estim\u00e9e":"1 minute"},"schema":{"@context":"https:\/\/schema.org","@graph":[{"@type":"WebPage","@id":"https:\/\/w-l-c.be\/fr\/laurent-delia-showreel\/","url":"https:\/\/w-l-c.be\/fr\/laurent-delia-showreel\/","name":"Laurent D'Elia - Showreel - w-l-c","isPartOf":{"@id":"https:\/\/w-l-c.be\/fr\/#website"},"datePublished":"2015-09-29T11:14:25+00:00","dateModified":"2015-09-29T11:19:16+00:00","author":{"@id":"https:\/\/w-l-c.be\/fr\/#\/schema\/person\/4b9b1d857f0943453a38a7c2859ef756"},"breadcrumb":{"@id":"https:\/\/w-l-c.be\/fr\/laurent-delia-showreel\/#breadcrumb"},"inLanguage":"fr-FR","potentialAction":[{"@type":"ReadAction","target":["https:\/\/w-l-c.be\/fr\/laurent-delia-showreel\/"]}]},{"@type":"BreadcrumbList","@id":"https:\/\/w-l-c.be\/fr\/laurent-delia-showreel\/#breadcrumb","itemListElement":[{"@type":"ListItem","position":1,"name":"Accueil","item":"https:\/\/w-l-c.be\/fr\/"},{"@type":"ListItem","position":2,"name":"Laurent D&rsquo;Elia &#8211; Showreel"}]},{"@type":"WebSite","@id":"https:\/\/w-l-c.be\/fr\/#website","url":"https:\/\/w-l-c.be\/fr\/","name":"w-l-c","description":"Le cin\u00e9ma vu par les belges","potentialAction":[{"@type":"SearchAction","target":{"@type":"EntryPoint","urlTemplate":"https:\/\/w-l-c.be\/fr\/?s={search_term_string}"},"query-input":"required name=search_term_string"}],"inLanguage":"fr-FR"},{"@type":"Person","@id":"https:\/\/w-l-c.be\/fr\/#\/schema\/person\/4b9b1d857f0943453a38a7c2859ef756","name":"Philippe.Pierquin","url":"https:\/\/w-l-c.be\/fr\/author\/philippe-pierquin\/"}]}},"_links":{"self":[{"href":"https:\/\/w-l-c.be\/fr\/wp-json\/wp\/v2\/posts\/78769","targetHints":{"allow":["GET"]}}],"collection":[{"href":"https:\/\/w-l-c.be\/fr\/wp-json\/wp\/v2\/posts"}],"about":[{"href":"https:\/\/w-l-c.be\/fr\/wp-json\/wp\/v2\/types\/post"}],"author":[{"embeddable":true,"href":"https:\/\/w-l-c.be\/fr\/wp-json\/wp\/v2\/users\/7"}],"replies":[{"embeddable":true,"href":"https:\/\/w-l-c.be\/fr\/wp-json\/wp\/v2\/comments?post=78769"}],"version-history":[{"count":0,"href":"https:\/\/w-l-c.be\/fr\/wp-json\/wp\/v2\/posts\/78769\/revisions"}],"wp:featuredmedia":[{"embeddable":true,"href":"https:\/\/w-l-c.be\/fr\/wp-json\/wp\/v2\/media\/78772"}],"wp:attachment":[{"href":"https:\/\/w-l-c.be\/fr\/wp-json\/wp\/v2\/media?parent=78769"}],"wp:term":[{"taxonomy":"category","embeddable":true,"href":"https:\/\/w-l-c.be\/fr\/wp-json\/wp\/v2\/categories?post=78769"},{"taxonomy":"post_tag","embeddable":true,"href":"https:\/\/w-l-c.be\/fr\/wp-json\/wp\/v2\/tags?post=78769"}],"curies":[{"name":"wp","href":"https:\/\/api.w.org\/{rel}","templated":true}]}}