
{"id":78774,"date":"2015-09-29T16:26:34","date_gmt":"2015-09-29T14:26:34","guid":{"rendered":"http:\/\/www.cinevox.be\/?p=78774"},"modified":"2015-09-29T16:34:05","modified_gmt":"2015-09-29T14:34:05","slug":"documentaires-belges-la-selection-officielle-des-magritte-du-cinema-2016","status":"publish","type":"post","link":"https:\/\/w-l-c.be\/fr\/documentaires-belges-la-selection-officielle-des-magritte-du-cinema-2016\/","title":{"rendered":"Documentaires belges : la s\u00e9lection officielle des Magritte du Cin\u00e9ma 2016"},"content":{"rendered":"<p>Le Comit\u00e9 Documentaire de l\u2019Acad\u00e9mie Andr\u00e9 Delvaux a s\u00e9lectionn\u00e9 les 10 films documentaires qui vont concourir aux Magritte du Cin\u00e9ma 2016.<\/p>\n<p>Le comit\u00e9, compos\u00e9 de neuf membres d\u00e9sign\u00e9s par le CA de l\u2019Acad\u00e9mie Andr\u00e9 Delvaux, avait pour mission de retenir au moins huit films sur la quarantaine de titres r\u00e9pondant aux conditions d\u2019\u00e9ligibilit\u00e9 de cette s\u00e9lection, qui, pour la premi\u00e8re fois depuis la cr\u00e9ation des Magritte du Cin\u00e9ma, \u00e9tait ouverte \u00e0 des films de moins de soixante minutes. Le comit\u00e9 a finalement choisi d\u2019en retenir dix afin de mieux rendre compte de la qualit\u00e9 et de la diversit\u00e9 de notre production documentaire.<\/p>\n<p>&nbsp;<\/p>\n<p style=\"text-align: right;\"><em>(la photo de Yael Andr\u00e9, laur\u00e9ate 2015 pour Quand je serai dictateur, est sign\u00e9e Rudy Lamboray)<\/em><\/p>\n<p><!--more--><\/p>\n<p>&nbsp;<\/p>\n<p>&nbsp;<\/p>\n<p>Bureau de ch\u00f4mage d\u2019Anne Schiltz et Charlotte Gr\u00e9goire<\/p>\n<p>I comme Iran de Sanaz Azari<\/p>\n<p>I don\u2019t belong anywhere &#8211; Le cin\u00e9ma de Chantal Akerman de Marianne Lambert<\/p>\n<p>Killing time de Lydie Wisshaupt-Claudel<\/p>\n<p>L\u2019homme qui r\u00e9pare les femmes &#8211; la col\u00e8re d\u2019Hippocrate de Thierry Michel<\/p>\n<p>La corde du diable de Sophie Bruneau<\/p>\n<p>La nef des fous d\u2019Eric d\u2019Agostino et Patrick Lemy<\/p>\n<p>Noche herida de Nicol\u00e1s Rinc\u00f3n Gille<\/p>\n<p>Our city de Maria Tarantino<\/p>\n<p>Yaar de Simon Gillard<\/p>\n<p>&nbsp;<\/p>\n<p>Le\u00a0Comit\u00e9 de s\u00e9lection \u00e9tait compos\u00e9 des membres suivants: Andr\u00e9 Buytaers (auteur-r\u00e9alisateur), Claire Colart (ex-acheteuse RTBF), Dan Cukier (secr\u00e9taire g\u00e9n\u00e9ral de l\u2019Acad\u00e9mie Andr\u00e9 Delvaux), Sergio Ghizzardi (producteur), Nicole Gillet (FIFF), Zlatina Rousseva (Mill\u00e9nium), Marylin Watelet (productrice), Alexander Weiss (Filmer \u00e0 tout prix) et Olivia Welke (Festival des Libert\u00e9s).<\/p>\n<p>&nbsp;<\/p>\n<p>La 6\u00e8me \u00e9dition des Magritte du Cin\u00e9ma se d\u00e9roulera au SQUARE le 6 f\u00e9vrier 2016.<\/p>\n<p>D\u2019ici l\u00e0, les membres de l\u2019Acad\u00e9mie (plus de 800 professionnels du cin\u00e9ma) seront appel\u00e9s \u00e0 se prononcer, en deux tours de votes, pour d\u00e9signer les nomin\u00e9s d\u2019abord, puis les laur\u00e9ats de la 6<sup>e<\/sup> c\u00e9r\u00e9monie.<\/p>\n","protected":false},"excerpt":{"rendered":"<p>Le Comit\u00e9 Documentaire de l\u2019Acad\u00e9mie Andr\u00e9 Delvaux a s\u00e9lectionn\u00e9 les 10 films documentaires qui vont concourir aux Magritte du Cin\u00e9ma 2016. Le comit\u00e9, compos\u00e9 de neuf membres d\u00e9sign\u00e9s par le CA de l\u2019Acad\u00e9mie Andr\u00e9 Delvaux, avait pour mission de retenir au moins huit films sur la quarantaine de titres r\u00e9pondant aux conditions d\u2019\u00e9ligibilit\u00e9 de cette &hellip;<\/p>\n","protected":false},"author":7,"featured_media":78776,"comment_status":"closed","ping_status":"closed","sticky":false,"template":"","format":"standard","meta":{"ngg_post_thumbnail":0,"footnotes":""},"categories":[12],"tags":[],"class_list":["post-78774","post","type-post","status-publish","format-standard","has-post-thumbnail","","category-awards"],"yoast_head":"<!-- This site is optimized with the Yoast SEO plugin v20.4 - https:\/\/yoast.com\/wordpress\/plugins\/seo\/ -->\n<title>Documentaires belges : la s\u00e9lection officielle des Magritte du Cin\u00e9ma 2016 - w-l-c<\/title>\n<meta name=\"robots\" content=\"noindex, follow, max-snippet:-1, max-image-preview:large, max-video-preview:-1\" \/>\n<meta property=\"og:locale\" content=\"fr_FR\" \/>\n<meta property=\"og:type\" content=\"article\" \/>\n<meta property=\"og:title\" content=\"Documentaires belges : la s\u00e9lection officielle des Magritte du Cin\u00e9ma 2016 - w-l-c\" \/>\n<meta property=\"og:description\" content=\"Le Comit\u00e9 Documentaire de l\u2019Acad\u00e9mie Andr\u00e9 Delvaux a s\u00e9lectionn\u00e9 les 10 films documentaires qui vont concourir aux Magritte du Cin\u00e9ma 2016. Le comit\u00e9, compos\u00e9 de neuf membres d\u00e9sign\u00e9s par le CA de l\u2019Acad\u00e9mie Andr\u00e9 Delvaux, avait pour mission de retenir au moins huit films sur la quarantaine de titres r\u00e9pondant aux conditions d\u2019\u00e9ligibilit\u00e9 de cette &hellip;\" \/>\n<meta property=\"og:url\" content=\"https:\/\/w-l-c.be\/fr\/documentaires-belges-la-selection-officielle-des-magritte-du-cinema-2016\/\" \/>\n<meta property=\"og:site_name\" content=\"w-l-c\" \/>\n<meta property=\"article:published_time\" content=\"2015-09-29T14:26:34+00:00\" \/>\n<meta property=\"article:modified_time\" content=\"2015-09-29T14:34:05+00:00\" \/>\n<meta property=\"og:image\" content=\"https:\/\/w-l-c.be\/wp-content\/uploads\/2015\/09\/10967372_10153091651754803_270035130_o.jpg\" \/>\n\t<meta property=\"og:image:width\" content=\"1498\" \/>\n\t<meta property=\"og:image:height\" content=\"1000\" \/>\n\t<meta property=\"og:image:type\" content=\"image\/jpeg\" \/>\n<meta name=\"author\" content=\"Philippe.Pierquin\" \/>\n<meta name=\"twitter:card\" content=\"summary_large_image\" \/>\n<meta name=\"twitter:label1\" content=\"\u00c9crit par\" \/>\n\t<meta name=\"twitter:data1\" content=\"Philippe.Pierquin\" \/>\n\t<meta name=\"twitter:label2\" content=\"Dur\u00e9e de lecture estim\u00e9e\" \/>\n\t<meta name=\"twitter:data2\" content=\"2 minutes\" \/>\n<script type=\"application\/ld+json\" class=\"yoast-schema-graph\">{\"@context\":\"https:\/\/schema.org\",\"@graph\":[{\"@type\":\"WebPage\",\"@id\":\"https:\/\/w-l-c.be\/fr\/documentaires-belges-la-selection-officielle-des-magritte-du-cinema-2016\/\",\"url\":\"https:\/\/w-l-c.be\/fr\/documentaires-belges-la-selection-officielle-des-magritte-du-cinema-2016\/\",\"name\":\"Documentaires belges : la s\u00e9lection officielle des Magritte du Cin\u00e9ma 2016 - w-l-c\",\"isPartOf\":{\"@id\":\"https:\/\/w-l-c.be\/fr\/#website\"},\"datePublished\":\"2015-09-29T14:26:34+00:00\",\"dateModified\":\"2015-09-29T14:34:05+00:00\",\"author\":{\"@id\":\"https:\/\/w-l-c.be\/fr\/#\/schema\/person\/4b9b1d857f0943453a38a7c2859ef756\"},\"breadcrumb\":{\"@id\":\"https:\/\/w-l-c.be\/fr\/documentaires-belges-la-selection-officielle-des-magritte-du-cinema-2016\/#breadcrumb\"},\"inLanguage\":\"fr-FR\",\"potentialAction\":[{\"@type\":\"ReadAction\",\"target\":[\"https:\/\/w-l-c.be\/fr\/documentaires-belges-la-selection-officielle-des-magritte-du-cinema-2016\/\"]}]},{\"@type\":\"BreadcrumbList\",\"@id\":\"https:\/\/w-l-c.be\/fr\/documentaires-belges-la-selection-officielle-des-magritte-du-cinema-2016\/#breadcrumb\",\"itemListElement\":[{\"@type\":\"ListItem\",\"position\":1,\"name\":\"Accueil\",\"item\":\"https:\/\/w-l-c.be\/fr\/\"},{\"@type\":\"ListItem\",\"position\":2,\"name\":\"Documentaires belges : la s\u00e9lection officielle des Magritte du Cin\u00e9ma 2016\"}]},{\"@type\":\"WebSite\",\"@id\":\"https:\/\/w-l-c.be\/fr\/#website\",\"url\":\"https:\/\/w-l-c.be\/fr\/\",\"name\":\"w-l-c\",\"description\":\"Le cin\u00e9ma vu par les belges\",\"potentialAction\":[{\"@type\":\"SearchAction\",\"target\":{\"@type\":\"EntryPoint\",\"urlTemplate\":\"https:\/\/w-l-c.be\/fr\/?s={search_term_string}\"},\"query-input\":\"required name=search_term_string\"}],\"inLanguage\":\"fr-FR\"},{\"@type\":\"Person\",\"@id\":\"https:\/\/w-l-c.be\/fr\/#\/schema\/person\/4b9b1d857f0943453a38a7c2859ef756\",\"name\":\"Philippe.Pierquin\",\"url\":\"https:\/\/w-l-c.be\/fr\/author\/philippe-pierquin\/\"}]}<\/script>\n<!-- \/ Yoast SEO plugin. -->","yoast_head_json":{"title":"Documentaires belges : la s\u00e9lection officielle des Magritte du Cin\u00e9ma 2016 - w-l-c","robots":{"index":"noindex","follow":"follow","max-snippet":"max-snippet:-1","max-image-preview":"max-image-preview:large","max-video-preview":"max-video-preview:-1"},"og_locale":"fr_FR","og_type":"article","og_title":"Documentaires belges : la s\u00e9lection officielle des Magritte du Cin\u00e9ma 2016 - w-l-c","og_description":"Le Comit\u00e9 Documentaire de l\u2019Acad\u00e9mie Andr\u00e9 Delvaux a s\u00e9lectionn\u00e9 les 10 films documentaires qui vont concourir aux Magritte du Cin\u00e9ma 2016. Le comit\u00e9, compos\u00e9 de neuf membres d\u00e9sign\u00e9s par le CA de l\u2019Acad\u00e9mie Andr\u00e9 Delvaux, avait pour mission de retenir au moins huit films sur la quarantaine de titres r\u00e9pondant aux conditions d\u2019\u00e9ligibilit\u00e9 de cette &hellip;","og_url":"https:\/\/w-l-c.be\/fr\/documentaires-belges-la-selection-officielle-des-magritte-du-cinema-2016\/","og_site_name":"w-l-c","article_published_time":"2015-09-29T14:26:34+00:00","article_modified_time":"2015-09-29T14:34:05+00:00","og_image":[{"width":1498,"height":1000,"url":"https:\/\/w-l-c.be\/wp-content\/uploads\/2015\/09\/10967372_10153091651754803_270035130_o.jpg","type":"image\/jpeg"}],"author":"Philippe.Pierquin","twitter_card":"summary_large_image","twitter_misc":{"\u00c9crit par":"Philippe.Pierquin","Dur\u00e9e de lecture estim\u00e9e":"2 minutes"},"schema":{"@context":"https:\/\/schema.org","@graph":[{"@type":"WebPage","@id":"https:\/\/w-l-c.be\/fr\/documentaires-belges-la-selection-officielle-des-magritte-du-cinema-2016\/","url":"https:\/\/w-l-c.be\/fr\/documentaires-belges-la-selection-officielle-des-magritte-du-cinema-2016\/","name":"Documentaires belges : la s\u00e9lection officielle des Magritte du Cin\u00e9ma 2016 - w-l-c","isPartOf":{"@id":"https:\/\/w-l-c.be\/fr\/#website"},"datePublished":"2015-09-29T14:26:34+00:00","dateModified":"2015-09-29T14:34:05+00:00","author":{"@id":"https:\/\/w-l-c.be\/fr\/#\/schema\/person\/4b9b1d857f0943453a38a7c2859ef756"},"breadcrumb":{"@id":"https:\/\/w-l-c.be\/fr\/documentaires-belges-la-selection-officielle-des-magritte-du-cinema-2016\/#breadcrumb"},"inLanguage":"fr-FR","potentialAction":[{"@type":"ReadAction","target":["https:\/\/w-l-c.be\/fr\/documentaires-belges-la-selection-officielle-des-magritte-du-cinema-2016\/"]}]},{"@type":"BreadcrumbList","@id":"https:\/\/w-l-c.be\/fr\/documentaires-belges-la-selection-officielle-des-magritte-du-cinema-2016\/#breadcrumb","itemListElement":[{"@type":"ListItem","position":1,"name":"Accueil","item":"https:\/\/w-l-c.be\/fr\/"},{"@type":"ListItem","position":2,"name":"Documentaires belges : la s\u00e9lection officielle des Magritte du Cin\u00e9ma 2016"}]},{"@type":"WebSite","@id":"https:\/\/w-l-c.be\/fr\/#website","url":"https:\/\/w-l-c.be\/fr\/","name":"w-l-c","description":"Le cin\u00e9ma vu par les belges","potentialAction":[{"@type":"SearchAction","target":{"@type":"EntryPoint","urlTemplate":"https:\/\/w-l-c.be\/fr\/?s={search_term_string}"},"query-input":"required name=search_term_string"}],"inLanguage":"fr-FR"},{"@type":"Person","@id":"https:\/\/w-l-c.be\/fr\/#\/schema\/person\/4b9b1d857f0943453a38a7c2859ef756","name":"Philippe.Pierquin","url":"https:\/\/w-l-c.be\/fr\/author\/philippe-pierquin\/"}]}},"_links":{"self":[{"href":"https:\/\/w-l-c.be\/fr\/wp-json\/wp\/v2\/posts\/78774","targetHints":{"allow":["GET"]}}],"collection":[{"href":"https:\/\/w-l-c.be\/fr\/wp-json\/wp\/v2\/posts"}],"about":[{"href":"https:\/\/w-l-c.be\/fr\/wp-json\/wp\/v2\/types\/post"}],"author":[{"embeddable":true,"href":"https:\/\/w-l-c.be\/fr\/wp-json\/wp\/v2\/users\/7"}],"replies":[{"embeddable":true,"href":"https:\/\/w-l-c.be\/fr\/wp-json\/wp\/v2\/comments?post=78774"}],"version-history":[{"count":0,"href":"https:\/\/w-l-c.be\/fr\/wp-json\/wp\/v2\/posts\/78774\/revisions"}],"wp:featuredmedia":[{"embeddable":true,"href":"https:\/\/w-l-c.be\/fr\/wp-json\/wp\/v2\/media\/78776"}],"wp:attachment":[{"href":"https:\/\/w-l-c.be\/fr\/wp-json\/wp\/v2\/media?parent=78774"}],"wp:term":[{"taxonomy":"category","embeddable":true,"href":"https:\/\/w-l-c.be\/fr\/wp-json\/wp\/v2\/categories?post=78774"},{"taxonomy":"post_tag","embeddable":true,"href":"https:\/\/w-l-c.be\/fr\/wp-json\/wp\/v2\/tags?post=78774"}],"curies":[{"name":"wp","href":"https:\/\/api.w.org\/{rel}","templated":true}]}}