
{"id":78801,"date":"2015-10-01T08:25:16","date_gmt":"2015-10-01T06:25:16","guid":{"rendered":"http:\/\/www.cinevox.be\/?p=78801"},"modified":"2015-09-30T12:38:50","modified_gmt":"2015-09-30T10:38:50","slug":"fiff-2015-lagenda-belge","status":"publish","type":"post","link":"https:\/\/w-l-c.be\/fr\/fiff-2015-lagenda-belge\/","title":{"rendered":"FIFF 2015 : l&rsquo;agenda belge"},"content":{"rendered":"<p>Le FIFF, \u00e7a commence\u00a0ce vendredi 2 octobre<\/p>\n<p>Pendant huit jours, la ville de Namur va vivre sous l&#8217;emprise d&rsquo;une fi\u00e8vre cin\u00e9matographique qui va faire rougir les cin\u00e9philes\u2026 de plaisir. Cinevox sera bien s\u00fbr sur place pour (vous faire) d\u00e9couvrir les longs m\u00e9trages belges francophones et flamands propos\u00e9s en premi\u00e8re Belge entre l&rsquo;Eldorado, la Maison de la Culture, l&rsquo;Acinapolis et le Palais des Congr\u00e8s.<\/p>\n<p>Mais aussi pour d\u00e9vorer la s\u00e9lection de courts, rencontrer les acteurs du cin\u00e9ma belge, assister \u00e0 quelques r\u00e9unions, visiter l&rsquo;exposition consacr\u00e9es aux femmes de cin\u00e9ma de Val\u00e9rie Nagant etc.<\/p>\n<p>Bref, pour vous faire vivre les faits majeurs de la semaine : soir\u00e9e, invit\u00e9s de prestige,\u2026 et vous rapporter les derniers bruits de couloir qui anime le petit monde du cin\u00e9ma Belch&rsquo;. Parce que du 2 au 9 octobre, Namur is the place to be si vous aimez le cin\u00e9ma.<\/p>\n<p>Pour tous ceux qui s&rsquo;int\u00e9ressent particuli\u00e8rement au cin\u00e9ma belge (vous \u00eates au bon endroit), voici un agenda qui devrait vous aider \u00e0 vous frayer un chemin fort agr\u00e9able dans la jungle dense du festival.<!--more--><\/p>\n<p>&nbsp;<\/p>\n<p><a href=\"http:\/\/www.cinevox.be\/wp-content\/uploads\/2015\/09\/Prejudice_02.jpg\"><img loading=\"lazy\" decoding=\"async\" class=\"aligncenter size-large wp-image-78802\" src=\"http:\/\/www.cinevox.be\/wp-content\/uploads\/2015\/09\/Prejudice_02-800x340.jpg\" alt=\"\" width=\"640\" height=\"272\" srcset=\"https:\/\/w-l-c.be\/wp-content\/uploads\/2015\/09\/Prejudice_02-800x340.jpg 800w, https:\/\/w-l-c.be\/wp-content\/uploads\/2015\/09\/Prejudice_02-480x204.jpg 480w\" sizes=\"auto, (max-width: 640px) 100vw, 640px\" \/><\/a><\/p>\n<p>&nbsp;<\/p>\n<h2><strong>VENDREDI 2 OCTOBRE<\/strong><\/h2>\n<p>09:30\u00a0\u00a0\u00a0\u00a0 Les Oiseaux de passage d&rsquo;Olivier Ringer &#8211; Eldo 1<\/p>\n<p>20:00\u00a0\u00a0\u00a0\u00a0 Gala d&rsquo;ouverture : Pr\u00e9judice d&rsquo;Antoine Cuypers &#8211; Eldo 1 (20h45 Maison de la Culture, 21h15 Acinapolis 1)<\/p>\n<p>&nbsp;<\/p>\n<p><a href=\"http:\/\/www.cinevox.be\/wp-content\/uploads\/2015\/09\/\u00a9-ChristopheBrachet.jpg\"><img loading=\"lazy\" decoding=\"async\" class=\"aligncenter size-large wp-image-78803\" src=\"http:\/\/www.cinevox.be\/wp-content\/uploads\/2015\/09\/\u00a9-ChristopheBrachet-800x533.jpg\" alt=\"\" width=\"640\" height=\"426\" srcset=\"https:\/\/w-l-c.be\/wp-content\/uploads\/2015\/09\/\u00a9-ChristopheBrachet-800x533.jpg 800w, https:\/\/w-l-c.be\/wp-content\/uploads\/2015\/09\/\u00a9-ChristopheBrachet-404x270.jpg 404w, https:\/\/w-l-c.be\/wp-content\/uploads\/2015\/09\/\u00a9-ChristopheBrachet.jpg 1600w\" sizes=\"auto, (max-width: 640px) 100vw, 640px\" \/><\/a><\/p>\n<p>&nbsp;<\/p>\n<h2><strong>SAMEDI 3 OCTOBRE<\/strong><\/h2>\n<p>10:00\u00a0\u00a0\u00a0\u00a0 Si le vent soul\u00e8ve les sables de\u00a0 Marion H\u00e4nsel (Palais de Congr\u00e8s)<\/p>\n<p>12:00\u00a0\u00a0\u00a0\u00a0 Ap\u00e9ro du 30\u00e8me FIFF<\/p>\n<p>15:30\u00a0\u00a0\u00a0\u00a0 Un d\u00e9but prometteur avec Veerle Baetens &#8211; Eldo 1<\/p>\n<p>16:00\u00a0\u00a0\u00a0\u00a0 Casting de figurants<\/p>\n<p>18:15\u00a0\u00a0\u00a0\u00a0 Je suis un Soldat avec Laurent Capelluto\u00a0&#8211; Eldo 1<\/p>\n<p>18:30\u00a0\u00a0\u00a0\u00a0 La Volante avec Johan Leysen \u00a0&#8211; PDC<\/p>\n<p>Et surtout, de 9 \u00e0 23h \u00e0 la Maison de la Culture, cinq s\u00e9ances de courts m\u00e9trages belges en comp\u00e9tition. S\u00e9ances \u00e0 11h, 13h30, 16h, 18h15, 21h<\/p>\n<p>&nbsp;<\/p>\n<p><a href=\"http:\/\/www.cinevox.be\/wp-content\/uploads\/2015\/09\/1468714_616339405100673_925408731_n.jpg\"><img loading=\"lazy\" decoding=\"async\" class=\"aligncenter size-large wp-image-78804\" src=\"http:\/\/www.cinevox.be\/wp-content\/uploads\/2015\/09\/1468714_616339405100673_925408731_n-800x517.jpg\" alt=\"\" width=\"640\" height=\"413\" srcset=\"https:\/\/w-l-c.be\/wp-content\/uploads\/2015\/09\/1468714_616339405100673_925408731_n-800x517.jpg 800w, https:\/\/w-l-c.be\/wp-content\/uploads\/2015\/09\/1468714_616339405100673_925408731_n-417x270.jpg 417w, https:\/\/w-l-c.be\/wp-content\/uploads\/2015\/09\/1468714_616339405100673_925408731_n.jpg 960w\" sizes=\"auto, (max-width: 640px) 100vw, 640px\" \/><\/a><\/p>\n<p>&nbsp;<\/p>\n<h2><strong>DIMANCHE 4 OCTOBRE<\/strong><\/h2>\n<p>18:15\u00a0\u00a0\u00a0\u00a0 Je me tue \u00e0 le dire de Xavier Seron &#8211; Eldo 1<\/p>\n<p>18:30\u00a0\u00a0\u00a0\u00a0 \u00c9claireurs de Christophe Hermans &#8211; Eldo 5<\/p>\n<p>20:30\u00a0\u00a0\u00a0\u00a0 La \u00a0Volante avec Johan Leysen &#8211; Acina 7<\/p>\n<p>21:00\u00a0\u00a0\u00a0\u00a0 Ni le ciel ni la terre avec J\u00e9r\u00e9mie Renier \u2013 Eldo 1<\/p>\n<p>21:15\u00a0\u00a0\u00a0\u00a0 Parasol de Val\u00e9ry Rosier &#8211; PDC<\/p>\n<p>&nbsp;<\/p>\n<p><a href=\"http:\/\/www.cinevox.be\/wp-content\/uploads\/2015\/09\/2014-11-09_09h17_541.jpg\"><img loading=\"lazy\" decoding=\"async\" class=\"aligncenter size-large wp-image-78805\" src=\"http:\/\/www.cinevox.be\/wp-content\/uploads\/2015\/09\/2014-11-09_09h17_541-800x446.jpg\" alt=\"\" width=\"640\" height=\"356\" srcset=\"https:\/\/w-l-c.be\/wp-content\/uploads\/2015\/09\/2014-11-09_09h17_541-800x446.jpg 800w, https:\/\/w-l-c.be\/wp-content\/uploads\/2015\/09\/2014-11-09_09h17_541-480x267.jpg 480w, https:\/\/w-l-c.be\/wp-content\/uploads\/2015\/09\/2014-11-09_09h17_541.jpg 1380w\" sizes=\"auto, (max-width: 640px) 100vw, 640px\" \/><\/a><\/p>\n<p>&nbsp;<\/p>\n<h2><strong>LUNDI 5 OCTOBRE<\/strong><\/h2>\n<p>09:30\u00a0\u00a0\u00a0\u00a0 Melody de Bernard Bellefroid &#8211; Eldo 1<\/p>\n<p>09:45\u00a0\u00a0\u00a0\u00a0 Paradise Trips de Raf Reyntjens &#8211; Eldo 2<\/p>\n<p>13:00\u00a0\u00a0\u00a0\u00a0 CM Flamands\u00a0\u00a0\u00a0 PDC<\/p>\n<p>13:00\u00a0\u00a0\u00a0\u00a0 Caf\u00e9 Derby de Lenny Van Wesemael &#8211; MDC<\/p>\n<p>15:30\u00a0\u00a0\u00a0\u00a0 Je suis un Soldat avec Laurent Capelluto &#8211; Eldo 1<\/p>\n<p>16:00\u00a0\u00a0\u00a0\u00a0 Je me tue \u00e0 le dire de Xavier Seron &#8211; Eldo 2<\/p>\n<p>18:15\u00a0\u00a0\u00a0\u00a0 S\u00e9ance en audiodescription : Tous les chats sont gris de Savina Dellicour &#8211; Eldo 1<\/p>\n<p>18:15\u00a0\u00a0\u00a0\u00a0 Terug Naar Morgen de Lukas Bossuyt \u2013 MDC<\/p>\n<p>18:30\u00a0\u00a0\u00a0\u00a0 Bureau de Ch\u00f4mage d&rsquo;Anne Schiltz et Charlotte Gr\u00e9goire \u2013 Eldo 5<\/p>\n<p>20:30\u00a0\u00a0\u00a0\u00a0 Ni le ciel ni la terre de Cl\u00e9ment Cogitore &#8211; Acina 7<\/p>\n<p>21:00\u00a0\u00a0\u00a0\u00a0 Black d&rsquo;Adil El Arbi et Bilall Fallah \u2013 MDC<\/p>\n<p>21:15\u00a0\u00a0\u00a0\u00a0 Outre Ici &#8211; Hugo Bousquet &#8211; PDC<\/p>\n<p>&nbsp;<\/p>\n<p><a href=\"http:\/\/www.cinevox.be\/wp-content\/uploads\/2015\/09\/2015-09-07_18h31_112.jpg\"><img loading=\"lazy\" decoding=\"async\" class=\"aligncenter size-large wp-image-78806\" src=\"http:\/\/www.cinevox.be\/wp-content\/uploads\/2015\/09\/2015-09-07_18h31_112-800x351.jpg\" alt=\"\" width=\"640\" height=\"280\" srcset=\"https:\/\/w-l-c.be\/wp-content\/uploads\/2015\/09\/2015-09-07_18h31_112-800x351.jpg 800w, https:\/\/w-l-c.be\/wp-content\/uploads\/2015\/09\/2015-09-07_18h31_112-480x210.jpg 480w, https:\/\/w-l-c.be\/wp-content\/uploads\/2015\/09\/2015-09-07_18h31_112.jpg 1806w\" sizes=\"auto, (max-width: 640px) 100vw, 640px\" \/><\/a><\/p>\n<p>&nbsp;<\/p>\n<h2><strong>MARDI 6 OCTOBRE<\/strong><\/h2>\n<p>09:30\u00a0\u00a0\u00a0\u00a0 Tokyo fianc\u00e9e &#8211; Stefan Liberski &#8211; Eldo 1<\/p>\n<p>15:30\u00a0\u00a0\u00a0\u00a0 Outre Ici &#8211; Hugo Bousquet &#8211; PDC<\/p>\n<p>18:30\u00a0\u00a0\u00a0\u00a0 I Don&rsquo;t Belong Anywhere &#8211; Le cin\u00e9ma de Chantal Akerman de Marianne Lambert \u2013 Eldo 5<\/p>\n<p>20:30\u00a0\u00a0\u00a0\u00a0 Gala de la FWB et de la RTBF (sur invitation) : Keeper de Guillaume Senez \u2013 Eldo 1<\/p>\n<p>21:15\u00a0\u00a0\u00a0\u00a0 Keeper de Guillaume Senez &#8211; Eldo 2<\/p>\n<p>&nbsp;<\/p>\n<p><a href=\"http:\/\/www.cinevox.be\/wp-content\/uploads\/2015\/09\/timthumb1.jpg\"><img loading=\"lazy\" decoding=\"async\" class=\"aligncenter size-large wp-image-78807\" src=\"http:\/\/www.cinevox.be\/wp-content\/uploads\/2015\/09\/timthumb1-800x334.jpg\" alt=\"\" width=\"640\" height=\"267\" srcset=\"https:\/\/w-l-c.be\/wp-content\/uploads\/2015\/09\/timthumb1-800x334.jpg 800w, https:\/\/w-l-c.be\/wp-content\/uploads\/2015\/09\/timthumb1-480x200.jpg 480w, https:\/\/w-l-c.be\/wp-content\/uploads\/2015\/09\/timthumb1.jpg 940w\" sizes=\"auto, (max-width: 640px) 100vw, 640px\" \/><\/a><\/p>\n<p>&nbsp;<\/p>\n<h2><strong>MERCREDI 7 OCTOBRE<\/strong><\/h2>\n<p>09:30\u00a0\u00a0\u00a0\u00a0 Je suis mort mais j&rsquo;ai des amis de Guillaume et St\u00e9phane Malandrin &#8211; Eldo 1<\/p>\n<p>09:30\u00a0\u00a0\u00a0\u00a0 Avril et le monde truqu\u00e9 de Christian Demares et Franck Ekinci &#8211; PDC<\/p>\n<p>15:30\u00a0\u00a0\u00a0\u00a0 Parasol de Val\u00e9ry Rosier \u2013 PDC<\/p>\n<p>21:00\u00a0\u00a0\u00a0\u00a0 Demain, apr\u00e8s la guerre (Eng nei Z\u00e4it) &#8211; Christophe Wagner (coprod Artemis) \u2013 MDC<\/p>\n<p>21:15\u00a0\u00a0\u00a0\u00a0 Our city de Maria Tarantino &#8211; Eldo 2<\/p>\n<p>&nbsp;<\/p>\n<p><a href=\"http:\/\/www.cinevox.be\/wp-content\/uploads\/2015\/09\/12000925_933292366708847_5778043355613055380_o.jpg\"><img loading=\"lazy\" decoding=\"async\" class=\"aligncenter size-large wp-image-78808\" src=\"http:\/\/www.cinevox.be\/wp-content\/uploads\/2015\/09\/12000925_933292366708847_5778043355613055380_o-800x533.jpg\" alt=\"\" width=\"640\" height=\"426\" srcset=\"https:\/\/w-l-c.be\/wp-content\/uploads\/2015\/09\/12000925_933292366708847_5778043355613055380_o-800x533.jpg 800w, https:\/\/w-l-c.be\/wp-content\/uploads\/2015\/09\/12000925_933292366708847_5778043355613055380_o-405x270.jpg 405w, https:\/\/w-l-c.be\/wp-content\/uploads\/2015\/09\/12000925_933292366708847_5778043355613055380_o.jpg 2048w\" sizes=\"auto, (max-width: 640px) 100vw, 640px\" \/><\/a><\/p>\n<p>&nbsp;<\/p>\n<h2><strong>JEUDI 8 OCTOBRE<\/strong><\/h2>\n<p>09:30\u00a0\u00a0\u00a0\u00a0 L&rsquo;Homme qui r\u00e9pare les femmes, la col\u00e8re d&rsquo;Hippocrate de Thierry Michel &#8211; Eldo 1<\/p>\n<p>18:15\u00a0\u00a0\u00a0\u00a0 Welcome Home de Philippe De Pierpont &#8211; Eldo 1<\/p>\n<p>20:00 \u2013 Remise du prix Cinevox (chapiteau)<\/p>\n<p>21.00 \u2013 En mai fais ce qu&rsquo;il te plait avec Olivier Gourmet \u2013 Eldo 1<\/p>\n<p>&nbsp;<\/p>\n<p><a href=\"http:\/\/www.cinevox.be\/wp-content\/uploads\/2015\/09\/PrixEtBayards01.jpg\"><img loading=\"lazy\" decoding=\"async\" class=\"aligncenter size-large wp-image-78809\" src=\"http:\/\/www.cinevox.be\/wp-content\/uploads\/2015\/09\/PrixEtBayards01-800x535.jpg\" alt=\"\" width=\"640\" height=\"428\" srcset=\"https:\/\/w-l-c.be\/wp-content\/uploads\/2015\/09\/PrixEtBayards01-800x535.jpg 800w, https:\/\/w-l-c.be\/wp-content\/uploads\/2015\/09\/PrixEtBayards01-403x270.jpg 403w\" sizes=\"auto, (max-width: 640px) 100vw, 640px\" \/><\/a><\/p>\n<p>&nbsp;<\/p>\n<h2><strong>VENDREDI 9 OCTOBRE<\/strong><\/h2>\n<p>09:30\u00a0\u00a0\u00a0\u00a0 Tous les chats sont gris de Savina Dellicour &#8211; Eldo 1<\/p>\n<p>18:30\u00a0\u00a0\u00a0\u00a0 Welcome Home de Philippe De Pierpont &#8211; Eldo 2<\/p>\n<p>18.30 \u00a0\u00a0\u00a0 C\u00e9r\u00e9monie des Bayards \u2013 Th\u00e9\u00e2tre de Namur<\/p>\n","protected":false},"excerpt":{"rendered":"<p>Le FIFF, \u00e7a commence\u00a0ce vendredi 2 octobre Pendant huit jours, la ville de Namur va vivre sous l&#8217;emprise d&rsquo;une fi\u00e8vre cin\u00e9matographique qui va faire rougir les cin\u00e9philes\u2026 de plaisir. Cinevox sera bien s\u00fbr sur place pour (vous faire) d\u00e9couvrir les longs m\u00e9trages belges francophones et flamands propos\u00e9s en premi\u00e8re Belge entre l&rsquo;Eldorado, la Maison de &hellip;<\/p>\n","protected":false},"author":7,"featured_media":78811,"comment_status":"closed","ping_status":"closed","sticky":false,"template":"","format":"standard","meta":{"ngg_post_thumbnail":0,"footnotes":""},"categories":[12],"tags":[],"class_list":["post-78801","post","type-post","status-publish","format-standard","has-post-thumbnail","","category-awards"],"yoast_head":"<!-- This site is optimized with the Yoast SEO plugin v20.4 - https:\/\/yoast.com\/wordpress\/plugins\/seo\/ -->\n<title>FIFF 2015 : l&#039;agenda belge - w-l-c<\/title>\n<meta name=\"robots\" content=\"noindex, follow, max-snippet:-1, max-image-preview:large, max-video-preview:-1\" \/>\n<meta property=\"og:locale\" content=\"fr_FR\" \/>\n<meta property=\"og:type\" content=\"article\" \/>\n<meta property=\"og:title\" content=\"FIFF 2015 : l&#039;agenda belge - w-l-c\" \/>\n<meta property=\"og:description\" content=\"Le FIFF, \u00e7a commence\u00a0ce vendredi 2 octobre Pendant huit jours, la ville de Namur va vivre sous l&#8217;emprise d&rsquo;une fi\u00e8vre cin\u00e9matographique qui va faire rougir les cin\u00e9philes\u2026 de plaisir. Cinevox sera bien s\u00fbr sur place pour (vous faire) d\u00e9couvrir les longs m\u00e9trages belges francophones et flamands propos\u00e9s en premi\u00e8re Belge entre l&rsquo;Eldorado, la Maison de &hellip;\" \/>\n<meta property=\"og:url\" content=\"https:\/\/w-l-c.be\/fr\/fiff-2015-lagenda-belge\/\" \/>\n<meta property=\"og:site_name\" content=\"w-l-c\" \/>\n<meta property=\"article:published_time\" content=\"2015-10-01T06:25:16+00:00\" \/>\n<meta property=\"article:modified_time\" content=\"2015-09-30T10:38:50+00:00\" \/>\n<meta property=\"og:image\" content=\"https:\/\/w-l-c.be\/wp-content\/uploads\/2010\/10\/15249339840_bf2d0de66a_o.jpg\" \/>\n\t<meta property=\"og:image:width\" content=\"3280\" \/>\n\t<meta property=\"og:image:height\" content=\"2224\" \/>\n\t<meta property=\"og:image:type\" content=\"image\/jpeg\" \/>\n<meta name=\"author\" content=\"Philippe.Pierquin\" \/>\n<meta name=\"twitter:card\" content=\"summary_large_image\" \/>\n<meta name=\"twitter:label1\" content=\"\u00c9crit par\" \/>\n\t<meta name=\"twitter:data1\" content=\"Philippe.Pierquin\" \/>\n\t<meta name=\"twitter:label2\" content=\"Dur\u00e9e de lecture estim\u00e9e\" \/>\n\t<meta name=\"twitter:data2\" content=\"3 minutes\" \/>\n<script type=\"application\/ld+json\" class=\"yoast-schema-graph\">{\"@context\":\"https:\/\/schema.org\",\"@graph\":[{\"@type\":\"WebPage\",\"@id\":\"https:\/\/w-l-c.be\/fr\/fiff-2015-lagenda-belge\/\",\"url\":\"https:\/\/w-l-c.be\/fr\/fiff-2015-lagenda-belge\/\",\"name\":\"FIFF 2015 : l'agenda belge - w-l-c\",\"isPartOf\":{\"@id\":\"https:\/\/w-l-c.be\/fr\/#website\"},\"datePublished\":\"2015-10-01T06:25:16+00:00\",\"dateModified\":\"2015-09-30T10:38:50+00:00\",\"author\":{\"@id\":\"https:\/\/w-l-c.be\/fr\/#\/schema\/person\/4b9b1d857f0943453a38a7c2859ef756\"},\"breadcrumb\":{\"@id\":\"https:\/\/w-l-c.be\/fr\/fiff-2015-lagenda-belge\/#breadcrumb\"},\"inLanguage\":\"fr-FR\",\"potentialAction\":[{\"@type\":\"ReadAction\",\"target\":[\"https:\/\/w-l-c.be\/fr\/fiff-2015-lagenda-belge\/\"]}]},{\"@type\":\"BreadcrumbList\",\"@id\":\"https:\/\/w-l-c.be\/fr\/fiff-2015-lagenda-belge\/#breadcrumb\",\"itemListElement\":[{\"@type\":\"ListItem\",\"position\":1,\"name\":\"Accueil\",\"item\":\"https:\/\/w-l-c.be\/fr\/\"},{\"@type\":\"ListItem\",\"position\":2,\"name\":\"FIFF 2015 : l&rsquo;agenda belge\"}]},{\"@type\":\"WebSite\",\"@id\":\"https:\/\/w-l-c.be\/fr\/#website\",\"url\":\"https:\/\/w-l-c.be\/fr\/\",\"name\":\"w-l-c\",\"description\":\"Le cin\u00e9ma vu par les belges\",\"potentialAction\":[{\"@type\":\"SearchAction\",\"target\":{\"@type\":\"EntryPoint\",\"urlTemplate\":\"https:\/\/w-l-c.be\/fr\/?s={search_term_string}\"},\"query-input\":\"required name=search_term_string\"}],\"inLanguage\":\"fr-FR\"},{\"@type\":\"Person\",\"@id\":\"https:\/\/w-l-c.be\/fr\/#\/schema\/person\/4b9b1d857f0943453a38a7c2859ef756\",\"name\":\"Philippe.Pierquin\",\"url\":\"https:\/\/w-l-c.be\/fr\/author\/philippe-pierquin\/\"}]}<\/script>\n<!-- \/ Yoast SEO plugin. -->","yoast_head_json":{"title":"FIFF 2015 : l'agenda belge - w-l-c","robots":{"index":"noindex","follow":"follow","max-snippet":"max-snippet:-1","max-image-preview":"max-image-preview:large","max-video-preview":"max-video-preview:-1"},"og_locale":"fr_FR","og_type":"article","og_title":"FIFF 2015 : l'agenda belge - w-l-c","og_description":"Le FIFF, \u00e7a commence\u00a0ce vendredi 2 octobre Pendant huit jours, la ville de Namur va vivre sous l&#8217;emprise d&rsquo;une fi\u00e8vre cin\u00e9matographique qui va faire rougir les cin\u00e9philes\u2026 de plaisir. Cinevox sera bien s\u00fbr sur place pour (vous faire) d\u00e9couvrir les longs m\u00e9trages belges francophones et flamands propos\u00e9s en premi\u00e8re Belge entre l&rsquo;Eldorado, la Maison de &hellip;","og_url":"https:\/\/w-l-c.be\/fr\/fiff-2015-lagenda-belge\/","og_site_name":"w-l-c","article_published_time":"2015-10-01T06:25:16+00:00","article_modified_time":"2015-09-30T10:38:50+00:00","og_image":[{"width":3280,"height":2224,"url":"https:\/\/w-l-c.be\/wp-content\/uploads\/2010\/10\/15249339840_bf2d0de66a_o.jpg","type":"image\/jpeg"}],"author":"Philippe.Pierquin","twitter_card":"summary_large_image","twitter_misc":{"\u00c9crit par":"Philippe.Pierquin","Dur\u00e9e de lecture estim\u00e9e":"3 minutes"},"schema":{"@context":"https:\/\/schema.org","@graph":[{"@type":"WebPage","@id":"https:\/\/w-l-c.be\/fr\/fiff-2015-lagenda-belge\/","url":"https:\/\/w-l-c.be\/fr\/fiff-2015-lagenda-belge\/","name":"FIFF 2015 : l'agenda belge - w-l-c","isPartOf":{"@id":"https:\/\/w-l-c.be\/fr\/#website"},"datePublished":"2015-10-01T06:25:16+00:00","dateModified":"2015-09-30T10:38:50+00:00","author":{"@id":"https:\/\/w-l-c.be\/fr\/#\/schema\/person\/4b9b1d857f0943453a38a7c2859ef756"},"breadcrumb":{"@id":"https:\/\/w-l-c.be\/fr\/fiff-2015-lagenda-belge\/#breadcrumb"},"inLanguage":"fr-FR","potentialAction":[{"@type":"ReadAction","target":["https:\/\/w-l-c.be\/fr\/fiff-2015-lagenda-belge\/"]}]},{"@type":"BreadcrumbList","@id":"https:\/\/w-l-c.be\/fr\/fiff-2015-lagenda-belge\/#breadcrumb","itemListElement":[{"@type":"ListItem","position":1,"name":"Accueil","item":"https:\/\/w-l-c.be\/fr\/"},{"@type":"ListItem","position":2,"name":"FIFF 2015 : l&rsquo;agenda belge"}]},{"@type":"WebSite","@id":"https:\/\/w-l-c.be\/fr\/#website","url":"https:\/\/w-l-c.be\/fr\/","name":"w-l-c","description":"Le cin\u00e9ma vu par les belges","potentialAction":[{"@type":"SearchAction","target":{"@type":"EntryPoint","urlTemplate":"https:\/\/w-l-c.be\/fr\/?s={search_term_string}"},"query-input":"required name=search_term_string"}],"inLanguage":"fr-FR"},{"@type":"Person","@id":"https:\/\/w-l-c.be\/fr\/#\/schema\/person\/4b9b1d857f0943453a38a7c2859ef756","name":"Philippe.Pierquin","url":"https:\/\/w-l-c.be\/fr\/author\/philippe-pierquin\/"}]}},"_links":{"self":[{"href":"https:\/\/w-l-c.be\/fr\/wp-json\/wp\/v2\/posts\/78801","targetHints":{"allow":["GET"]}}],"collection":[{"href":"https:\/\/w-l-c.be\/fr\/wp-json\/wp\/v2\/posts"}],"about":[{"href":"https:\/\/w-l-c.be\/fr\/wp-json\/wp\/v2\/types\/post"}],"author":[{"embeddable":true,"href":"https:\/\/w-l-c.be\/fr\/wp-json\/wp\/v2\/users\/7"}],"replies":[{"embeddable":true,"href":"https:\/\/w-l-c.be\/fr\/wp-json\/wp\/v2\/comments?post=78801"}],"version-history":[{"count":0,"href":"https:\/\/w-l-c.be\/fr\/wp-json\/wp\/v2\/posts\/78801\/revisions"}],"wp:featuredmedia":[{"embeddable":true,"href":"https:\/\/w-l-c.be\/fr\/wp-json\/wp\/v2\/media\/78811"}],"wp:attachment":[{"href":"https:\/\/w-l-c.be\/fr\/wp-json\/wp\/v2\/media?parent=78801"}],"wp:term":[{"taxonomy":"category","embeddable":true,"href":"https:\/\/w-l-c.be\/fr\/wp-json\/wp\/v2\/categories?post=78801"},{"taxonomy":"post_tag","embeddable":true,"href":"https:\/\/w-l-c.be\/fr\/wp-json\/wp\/v2\/tags?post=78801"}],"curies":[{"name":"wp","href":"https:\/\/api.w.org\/{rel}","templated":true}]}}