
{"id":78823,"date":"2015-09-30T18:14:09","date_gmt":"2015-09-30T16:14:09","guid":{"rendered":"http:\/\/www.cinevox.be\/?p=78823"},"modified":"2015-09-30T18:14:09","modified_gmt":"2015-09-30T16:14:09","slug":"7-rue-de-la-folie-le-chanson-du-film-par-beverly-jo-scott","status":"publish","type":"post","link":"https:\/\/w-l-c.be\/fr\/7-rue-de-la-folie-le-chanson-du-film-par-beverly-jo-scott\/","title":{"rendered":"7 rue de la Folie : le chanson du film par Beverly Jo Scott"},"content":{"rendered":"<p>lors qu&rsquo;il a d\u00e9j\u00e0 termin\u00e9 la postproduction de\u00a0<em>l\u2019Insoumise, <\/em><strong>Jawad Rhalib<\/strong>\u00a0nous proposera le 7 octobre\u00a0l\u2019explosif\u00a0<em>7 rue de la folie.<\/em><!--more--><\/p>\n<p>Le sujet du film est touchy : trois s\u0153urs marocaines vivent \u00e0 la campagne dans une ferme d\u00e9glingu\u00e9e. L\u2019a\u00een\u00e9e y a accueilli sa petite amie. Ces deux-l\u00e0, pour autant que le mot ait un sens ici, sont les plus \u00ab normales \u00bb du quatuor. \u00ab Normales \u00bb, \u00e9tant pris ici dans le sens \u00e9tymologique de la norme g\u00e9n\u00e9ralement accept\u00e9e.<\/p>\n<p>Les deux plus jeunes sont, comment dire, plus\u2026 originales. Voire carr\u00e9ment schtarb\u00e9es. Borderline comme on dit assez justement en anglais.<\/p>\n<p>On s\u2019apercevra progressivement qu\u2019elles ont pas mal d\u2019excuses. M\u00eame si le r\u00e9alisateur, adepte de l&rsquo;electro-choc, ne cherche jamais \u00e0 moraliser son propos.<\/p>\n<p>Le traitement est \u00e0 l&rsquo;avenant: tr\u00e8s remuant, toujours surprenant. Pas mal pour un OVNI sans le sou. Pr\u00e9sent\u00e9 au FIFF l&rsquo;an dernier, ce (tout) petit budget qui divise (et c\u2019est tant mieux) nous a vraiment captiv\u00e9s.<\/p>\n<p>&nbsp;<\/p>\n<p>&nbsp;<\/p>\n","protected":false},"excerpt":{"rendered":"<p>lors qu&rsquo;il a d\u00e9j\u00e0 termin\u00e9 la postproduction de\u00a0l\u2019Insoumise, Jawad Rhalib\u00a0nous proposera le 7 octobre\u00a0l\u2019explosif\u00a07 rue de la folie.<\/p>\n","protected":false},"author":7,"featured_media":78824,"comment_status":"closed","ping_status":"closed","sticky":false,"template":"","format":"standard","meta":{"ngg_post_thumbnail":0,"footnotes":""},"categories":[1923],"tags":[],"class_list":["post-78823","post","type-post","status-publish","format-standard","has-post-thumbnail","","category-en-bref"],"yoast_head":"<!-- This site is optimized with the Yoast SEO plugin v20.4 - https:\/\/yoast.com\/wordpress\/plugins\/seo\/ -->\n<title>7 rue de la Folie : le chanson du film par Beverly Jo Scott - w-l-c<\/title>\n<meta name=\"robots\" content=\"noindex, follow, max-snippet:-1, max-image-preview:large, max-video-preview:-1\" \/>\n<meta property=\"og:locale\" content=\"fr_FR\" \/>\n<meta property=\"og:type\" content=\"article\" \/>\n<meta property=\"og:title\" content=\"7 rue de la Folie : le chanson du film par Beverly Jo Scott - w-l-c\" \/>\n<meta property=\"og:description\" content=\"lors qu&rsquo;il a d\u00e9j\u00e0 termin\u00e9 la postproduction de\u00a0l\u2019Insoumise, Jawad Rhalib\u00a0nous proposera le 7 octobre\u00a0l\u2019explosif\u00a07 rue de la folie.\" \/>\n<meta property=\"og:url\" content=\"https:\/\/w-l-c.be\/fr\/7-rue-de-la-folie-le-chanson-du-film-par-beverly-jo-scott\/\" \/>\n<meta property=\"og:site_name\" content=\"w-l-c\" \/>\n<meta property=\"article:published_time\" content=\"2015-09-30T16:14:09+00:00\" \/>\n<meta property=\"og:image\" content=\"https:\/\/w-l-c.be\/wp-content\/uploads\/2015\/09\/2015-09-30_18h10_52.jpg\" \/>\n\t<meta property=\"og:image:width\" content=\"1258\" \/>\n\t<meta property=\"og:image:height\" content=\"535\" \/>\n\t<meta property=\"og:image:type\" content=\"image\/jpeg\" \/>\n<meta name=\"author\" content=\"Philippe.Pierquin\" \/>\n<meta name=\"twitter:card\" content=\"summary_large_image\" \/>\n<meta name=\"twitter:label1\" content=\"\u00c9crit par\" \/>\n\t<meta name=\"twitter:data1\" content=\"Philippe.Pierquin\" \/>\n\t<meta name=\"twitter:label2\" content=\"Dur\u00e9e de lecture estim\u00e9e\" \/>\n\t<meta name=\"twitter:data2\" content=\"1 minute\" \/>\n<script type=\"application\/ld+json\" class=\"yoast-schema-graph\">{\"@context\":\"https:\/\/schema.org\",\"@graph\":[{\"@type\":\"WebPage\",\"@id\":\"https:\/\/w-l-c.be\/fr\/7-rue-de-la-folie-le-chanson-du-film-par-beverly-jo-scott\/\",\"url\":\"https:\/\/w-l-c.be\/fr\/7-rue-de-la-folie-le-chanson-du-film-par-beverly-jo-scott\/\",\"name\":\"7 rue de la Folie : le chanson du film par Beverly Jo Scott - w-l-c\",\"isPartOf\":{\"@id\":\"https:\/\/w-l-c.be\/fr\/#website\"},\"datePublished\":\"2015-09-30T16:14:09+00:00\",\"dateModified\":\"2015-09-30T16:14:09+00:00\",\"author\":{\"@id\":\"https:\/\/w-l-c.be\/fr\/#\/schema\/person\/4b9b1d857f0943453a38a7c2859ef756\"},\"breadcrumb\":{\"@id\":\"https:\/\/w-l-c.be\/fr\/7-rue-de-la-folie-le-chanson-du-film-par-beverly-jo-scott\/#breadcrumb\"},\"inLanguage\":\"fr-FR\",\"potentialAction\":[{\"@type\":\"ReadAction\",\"target\":[\"https:\/\/w-l-c.be\/fr\/7-rue-de-la-folie-le-chanson-du-film-par-beverly-jo-scott\/\"]}]},{\"@type\":\"BreadcrumbList\",\"@id\":\"https:\/\/w-l-c.be\/fr\/7-rue-de-la-folie-le-chanson-du-film-par-beverly-jo-scott\/#breadcrumb\",\"itemListElement\":[{\"@type\":\"ListItem\",\"position\":1,\"name\":\"Accueil\",\"item\":\"https:\/\/w-l-c.be\/fr\/\"},{\"@type\":\"ListItem\",\"position\":2,\"name\":\"7 rue de la Folie : le chanson du film par Beverly Jo Scott\"}]},{\"@type\":\"WebSite\",\"@id\":\"https:\/\/w-l-c.be\/fr\/#website\",\"url\":\"https:\/\/w-l-c.be\/fr\/\",\"name\":\"w-l-c\",\"description\":\"Le cin\u00e9ma vu par les belges\",\"potentialAction\":[{\"@type\":\"SearchAction\",\"target\":{\"@type\":\"EntryPoint\",\"urlTemplate\":\"https:\/\/w-l-c.be\/fr\/?s={search_term_string}\"},\"query-input\":\"required name=search_term_string\"}],\"inLanguage\":\"fr-FR\"},{\"@type\":\"Person\",\"@id\":\"https:\/\/w-l-c.be\/fr\/#\/schema\/person\/4b9b1d857f0943453a38a7c2859ef756\",\"name\":\"Philippe.Pierquin\",\"url\":\"https:\/\/w-l-c.be\/fr\/author\/philippe-pierquin\/\"}]}<\/script>\n<!-- \/ Yoast SEO plugin. -->","yoast_head_json":{"title":"7 rue de la Folie : le chanson du film par Beverly Jo Scott - w-l-c","robots":{"index":"noindex","follow":"follow","max-snippet":"max-snippet:-1","max-image-preview":"max-image-preview:large","max-video-preview":"max-video-preview:-1"},"og_locale":"fr_FR","og_type":"article","og_title":"7 rue de la Folie : le chanson du film par Beverly Jo Scott - w-l-c","og_description":"lors qu&rsquo;il a d\u00e9j\u00e0 termin\u00e9 la postproduction de\u00a0l\u2019Insoumise, Jawad Rhalib\u00a0nous proposera le 7 octobre\u00a0l\u2019explosif\u00a07 rue de la folie.","og_url":"https:\/\/w-l-c.be\/fr\/7-rue-de-la-folie-le-chanson-du-film-par-beverly-jo-scott\/","og_site_name":"w-l-c","article_published_time":"2015-09-30T16:14:09+00:00","og_image":[{"width":1258,"height":535,"url":"https:\/\/w-l-c.be\/wp-content\/uploads\/2015\/09\/2015-09-30_18h10_52.jpg","type":"image\/jpeg"}],"author":"Philippe.Pierquin","twitter_card":"summary_large_image","twitter_misc":{"\u00c9crit par":"Philippe.Pierquin","Dur\u00e9e de lecture estim\u00e9e":"1 minute"},"schema":{"@context":"https:\/\/schema.org","@graph":[{"@type":"WebPage","@id":"https:\/\/w-l-c.be\/fr\/7-rue-de-la-folie-le-chanson-du-film-par-beverly-jo-scott\/","url":"https:\/\/w-l-c.be\/fr\/7-rue-de-la-folie-le-chanson-du-film-par-beverly-jo-scott\/","name":"7 rue de la Folie : le chanson du film par Beverly Jo Scott - w-l-c","isPartOf":{"@id":"https:\/\/w-l-c.be\/fr\/#website"},"datePublished":"2015-09-30T16:14:09+00:00","dateModified":"2015-09-30T16:14:09+00:00","author":{"@id":"https:\/\/w-l-c.be\/fr\/#\/schema\/person\/4b9b1d857f0943453a38a7c2859ef756"},"breadcrumb":{"@id":"https:\/\/w-l-c.be\/fr\/7-rue-de-la-folie-le-chanson-du-film-par-beverly-jo-scott\/#breadcrumb"},"inLanguage":"fr-FR","potentialAction":[{"@type":"ReadAction","target":["https:\/\/w-l-c.be\/fr\/7-rue-de-la-folie-le-chanson-du-film-par-beverly-jo-scott\/"]}]},{"@type":"BreadcrumbList","@id":"https:\/\/w-l-c.be\/fr\/7-rue-de-la-folie-le-chanson-du-film-par-beverly-jo-scott\/#breadcrumb","itemListElement":[{"@type":"ListItem","position":1,"name":"Accueil","item":"https:\/\/w-l-c.be\/fr\/"},{"@type":"ListItem","position":2,"name":"7 rue de la Folie : le chanson du film par Beverly Jo Scott"}]},{"@type":"WebSite","@id":"https:\/\/w-l-c.be\/fr\/#website","url":"https:\/\/w-l-c.be\/fr\/","name":"w-l-c","description":"Le cin\u00e9ma vu par les belges","potentialAction":[{"@type":"SearchAction","target":{"@type":"EntryPoint","urlTemplate":"https:\/\/w-l-c.be\/fr\/?s={search_term_string}"},"query-input":"required name=search_term_string"}],"inLanguage":"fr-FR"},{"@type":"Person","@id":"https:\/\/w-l-c.be\/fr\/#\/schema\/person\/4b9b1d857f0943453a38a7c2859ef756","name":"Philippe.Pierquin","url":"https:\/\/w-l-c.be\/fr\/author\/philippe-pierquin\/"}]}},"_links":{"self":[{"href":"https:\/\/w-l-c.be\/fr\/wp-json\/wp\/v2\/posts\/78823","targetHints":{"allow":["GET"]}}],"collection":[{"href":"https:\/\/w-l-c.be\/fr\/wp-json\/wp\/v2\/posts"}],"about":[{"href":"https:\/\/w-l-c.be\/fr\/wp-json\/wp\/v2\/types\/post"}],"author":[{"embeddable":true,"href":"https:\/\/w-l-c.be\/fr\/wp-json\/wp\/v2\/users\/7"}],"replies":[{"embeddable":true,"href":"https:\/\/w-l-c.be\/fr\/wp-json\/wp\/v2\/comments?post=78823"}],"version-history":[{"count":0,"href":"https:\/\/w-l-c.be\/fr\/wp-json\/wp\/v2\/posts\/78823\/revisions"}],"wp:featuredmedia":[{"embeddable":true,"href":"https:\/\/w-l-c.be\/fr\/wp-json\/wp\/v2\/media\/78824"}],"wp:attachment":[{"href":"https:\/\/w-l-c.be\/fr\/wp-json\/wp\/v2\/media?parent=78823"}],"wp:term":[{"taxonomy":"category","embeddable":true,"href":"https:\/\/w-l-c.be\/fr\/wp-json\/wp\/v2\/categories?post=78823"},{"taxonomy":"post_tag","embeddable":true,"href":"https:\/\/w-l-c.be\/fr\/wp-json\/wp\/v2\/tags?post=78823"}],"curies":[{"name":"wp","href":"https:\/\/api.w.org\/{rel}","templated":true}]}}