
{"id":78825,"date":"2015-09-30T18:29:46","date_gmt":"2015-09-30T16:29:46","guid":{"rendered":"http:\/\/www.cinevox.be\/?p=78825"},"modified":"2015-09-30T18:29:46","modified_gmt":"2015-09-30T16:29:46","slug":"trois-films-belges-a-hambourg","status":"publish","type":"post","link":"https:\/\/w-l-c.be\/fr\/trois-films-belges-a-hambourg\/","title":{"rendered":"Trois films belges \u00e0 Hambourg"},"content":{"rendered":"<p>Trois longs m\u00e9trages \u00a0poursuivent leur tour des festivals internationaux de renom et feront une halte d\u00e8s cette semaine \u00e0 Hambourg.<!--more--><\/p>\n<p>&nbsp;<\/p>\n<p>Pr\u00e9sent\u00e9 dans la section Voil\u00e0!, \u00a0d\u00e9di\u00e9e au cin\u00e9ma francophone, <em>Le Tout Nouveau Testament <\/em>ouvrira la 23\u00e8me \u00e9dition du Festival de Hambourg le 1er octobre. Le r\u00e9alisateur belge <strong>Jaco Van Dormael<\/strong> et ses acteurs sont attendus pour cette premi\u00e8re pr\u00e9sentation du film en Allemagne.<\/p>\n<p>&nbsp;<\/p>\n<p><a href=\"http:\/\/www.cinevox.be\/wp-content\/uploads\/2015\/09\/10631102_672335096195525_5378915859799931523_o1.jpg\"><img loading=\"lazy\" decoding=\"async\" class=\"aligncenter size-large wp-image-78826\" src=\"http:\/\/www.cinevox.be\/wp-content\/uploads\/2015\/09\/10631102_672335096195525_5378915859799931523_o1-800x325.jpg\" alt=\"\" width=\"640\" height=\"260\" srcset=\"https:\/\/w-l-c.be\/wp-content\/uploads\/2015\/09\/10631102_672335096195525_5378915859799931523_o1-800x325.jpg 800w, https:\/\/w-l-c.be\/wp-content\/uploads\/2015\/09\/10631102_672335096195525_5378915859799931523_o1-480x195.jpg 480w, https:\/\/w-l-c.be\/wp-content\/uploads\/2015\/09\/10631102_672335096195525_5378915859799931523_o1.jpg 1914w\" sizes=\"auto, (max-width: 640px) 100vw, 640px\" \/><\/a><\/p>\n<p>&nbsp;<\/p>\n<p>\u00c9galement pr\u00e9sent\u00e9s pour la premi\u00e8re fois au public allemand dans cette section, <em>Parasol<\/em> de <strong>Valery Rosier<\/strong> et <em>Keeper<\/em> de <strong>Guillaume Senez, <\/strong>deux \u0153uvres de jeunes r\u00e9alisateurs prometteurs qui seront \u00e9galement propos\u00e9s au FIFF<\/p>\n<p>&nbsp;<\/p>\n<p><a href=\"http:\/\/www.cinevox.be\/wp-content\/uploads\/2015\/09\/timthumb2.jpg\"><img loading=\"lazy\" decoding=\"async\" class=\"aligncenter size-large wp-image-78827\" src=\"http:\/\/www.cinevox.be\/wp-content\/uploads\/2015\/09\/timthumb2-800x334.jpg\" alt=\"\" width=\"640\" height=\"267\" srcset=\"https:\/\/w-l-c.be\/wp-content\/uploads\/2015\/09\/timthumb2-800x334.jpg 800w, https:\/\/w-l-c.be\/wp-content\/uploads\/2015\/09\/timthumb2-480x200.jpg 480w, https:\/\/w-l-c.be\/wp-content\/uploads\/2015\/09\/timthumb2.jpg 940w\" sizes=\"auto, (max-width: 640px) 100vw, 640px\" \/><\/a><\/p>\n<p>&nbsp;<\/p>\n<p>A noter \u00e9galement la projection du <em>Chant de la Mer<\/em> de l&rsquo;irlandais Tom Moore dans la section Michel consacr\u00e9e aux films pour enfants. Le film d&rsquo;animation a \u00e9t\u00e9 coproduit en Belgique par Big Farm et soutenu par le Centre du Cin\u00e9ma.<\/p>\n","protected":false},"excerpt":{"rendered":"<p>Trois longs m\u00e9trages \u00a0poursuivent leur tour des festivals internationaux de renom et feront une halte d\u00e8s cette semaine \u00e0 Hambourg.<\/p>\n","protected":false},"author":7,"featured_media":78829,"comment_status":"closed","ping_status":"closed","sticky":false,"template":"","format":"standard","meta":{"ngg_post_thumbnail":0,"footnotes":""},"categories":[12],"tags":[],"class_list":["post-78825","post","type-post","status-publish","format-standard","has-post-thumbnail","","category-awards"],"yoast_head":"<!-- This site is optimized with the Yoast SEO plugin v20.4 - https:\/\/yoast.com\/wordpress\/plugins\/seo\/ -->\n<title>Trois films belges \u00e0 Hambourg - w-l-c<\/title>\n<meta name=\"robots\" content=\"noindex, follow, max-snippet:-1, max-image-preview:large, max-video-preview:-1\" \/>\n<meta property=\"og:locale\" content=\"fr_FR\" \/>\n<meta property=\"og:type\" content=\"article\" \/>\n<meta property=\"og:title\" content=\"Trois films belges \u00e0 Hambourg - w-l-c\" \/>\n<meta property=\"og:description\" content=\"Trois longs m\u00e9trages \u00a0poursuivent leur tour des festivals internationaux de renom et feront une halte d\u00e8s cette semaine \u00e0 Hambourg.\" \/>\n<meta property=\"og:url\" content=\"https:\/\/w-l-c.be\/fr\/trois-films-belges-a-hambourg\/\" \/>\n<meta property=\"og:site_name\" content=\"w-l-c\" \/>\n<meta property=\"article:published_time\" content=\"2015-09-30T16:29:46+00:00\" \/>\n<meta property=\"og:image\" content=\"https:\/\/w-l-c.be\/wp-content\/uploads\/2015\/09\/le_tout_nouveau_testament__copyright_Climax-Films.jpg\" \/>\n\t<meta property=\"og:image:width\" content=\"5104\" \/>\n\t<meta property=\"og:image:height\" content=\"3340\" \/>\n\t<meta property=\"og:image:type\" content=\"image\/jpeg\" \/>\n<meta name=\"author\" content=\"Philippe.Pierquin\" \/>\n<meta name=\"twitter:card\" content=\"summary_large_image\" \/>\n<meta name=\"twitter:label1\" content=\"\u00c9crit par\" \/>\n\t<meta name=\"twitter:data1\" content=\"Philippe.Pierquin\" \/>\n\t<meta name=\"twitter:label2\" content=\"Dur\u00e9e de lecture estim\u00e9e\" \/>\n\t<meta name=\"twitter:data2\" content=\"1 minute\" \/>\n<script type=\"application\/ld+json\" class=\"yoast-schema-graph\">{\"@context\":\"https:\/\/schema.org\",\"@graph\":[{\"@type\":\"WebPage\",\"@id\":\"https:\/\/w-l-c.be\/fr\/trois-films-belges-a-hambourg\/\",\"url\":\"https:\/\/w-l-c.be\/fr\/trois-films-belges-a-hambourg\/\",\"name\":\"Trois films belges \u00e0 Hambourg - w-l-c\",\"isPartOf\":{\"@id\":\"https:\/\/w-l-c.be\/fr\/#website\"},\"datePublished\":\"2015-09-30T16:29:46+00:00\",\"dateModified\":\"2015-09-30T16:29:46+00:00\",\"author\":{\"@id\":\"https:\/\/w-l-c.be\/fr\/#\/schema\/person\/4b9b1d857f0943453a38a7c2859ef756\"},\"breadcrumb\":{\"@id\":\"https:\/\/w-l-c.be\/fr\/trois-films-belges-a-hambourg\/#breadcrumb\"},\"inLanguage\":\"fr-FR\",\"potentialAction\":[{\"@type\":\"ReadAction\",\"target\":[\"https:\/\/w-l-c.be\/fr\/trois-films-belges-a-hambourg\/\"]}]},{\"@type\":\"BreadcrumbList\",\"@id\":\"https:\/\/w-l-c.be\/fr\/trois-films-belges-a-hambourg\/#breadcrumb\",\"itemListElement\":[{\"@type\":\"ListItem\",\"position\":1,\"name\":\"Accueil\",\"item\":\"https:\/\/w-l-c.be\/fr\/\"},{\"@type\":\"ListItem\",\"position\":2,\"name\":\"Trois films belges \u00e0 Hambourg\"}]},{\"@type\":\"WebSite\",\"@id\":\"https:\/\/w-l-c.be\/fr\/#website\",\"url\":\"https:\/\/w-l-c.be\/fr\/\",\"name\":\"w-l-c\",\"description\":\"Le cin\u00e9ma vu par les belges\",\"potentialAction\":[{\"@type\":\"SearchAction\",\"target\":{\"@type\":\"EntryPoint\",\"urlTemplate\":\"https:\/\/w-l-c.be\/fr\/?s={search_term_string}\"},\"query-input\":\"required name=search_term_string\"}],\"inLanguage\":\"fr-FR\"},{\"@type\":\"Person\",\"@id\":\"https:\/\/w-l-c.be\/fr\/#\/schema\/person\/4b9b1d857f0943453a38a7c2859ef756\",\"name\":\"Philippe.Pierquin\",\"url\":\"https:\/\/w-l-c.be\/fr\/author\/philippe-pierquin\/\"}]}<\/script>\n<!-- \/ Yoast SEO plugin. -->","yoast_head_json":{"title":"Trois films belges \u00e0 Hambourg - w-l-c","robots":{"index":"noindex","follow":"follow","max-snippet":"max-snippet:-1","max-image-preview":"max-image-preview:large","max-video-preview":"max-video-preview:-1"},"og_locale":"fr_FR","og_type":"article","og_title":"Trois films belges \u00e0 Hambourg - w-l-c","og_description":"Trois longs m\u00e9trages \u00a0poursuivent leur tour des festivals internationaux de renom et feront une halte d\u00e8s cette semaine \u00e0 Hambourg.","og_url":"https:\/\/w-l-c.be\/fr\/trois-films-belges-a-hambourg\/","og_site_name":"w-l-c","article_published_time":"2015-09-30T16:29:46+00:00","og_image":[{"width":5104,"height":3340,"url":"https:\/\/w-l-c.be\/wp-content\/uploads\/2015\/09\/le_tout_nouveau_testament__copyright_Climax-Films.jpg","type":"image\/jpeg"}],"author":"Philippe.Pierquin","twitter_card":"summary_large_image","twitter_misc":{"\u00c9crit par":"Philippe.Pierquin","Dur\u00e9e de lecture estim\u00e9e":"1 minute"},"schema":{"@context":"https:\/\/schema.org","@graph":[{"@type":"WebPage","@id":"https:\/\/w-l-c.be\/fr\/trois-films-belges-a-hambourg\/","url":"https:\/\/w-l-c.be\/fr\/trois-films-belges-a-hambourg\/","name":"Trois films belges \u00e0 Hambourg - w-l-c","isPartOf":{"@id":"https:\/\/w-l-c.be\/fr\/#website"},"datePublished":"2015-09-30T16:29:46+00:00","dateModified":"2015-09-30T16:29:46+00:00","author":{"@id":"https:\/\/w-l-c.be\/fr\/#\/schema\/person\/4b9b1d857f0943453a38a7c2859ef756"},"breadcrumb":{"@id":"https:\/\/w-l-c.be\/fr\/trois-films-belges-a-hambourg\/#breadcrumb"},"inLanguage":"fr-FR","potentialAction":[{"@type":"ReadAction","target":["https:\/\/w-l-c.be\/fr\/trois-films-belges-a-hambourg\/"]}]},{"@type":"BreadcrumbList","@id":"https:\/\/w-l-c.be\/fr\/trois-films-belges-a-hambourg\/#breadcrumb","itemListElement":[{"@type":"ListItem","position":1,"name":"Accueil","item":"https:\/\/w-l-c.be\/fr\/"},{"@type":"ListItem","position":2,"name":"Trois films belges \u00e0 Hambourg"}]},{"@type":"WebSite","@id":"https:\/\/w-l-c.be\/fr\/#website","url":"https:\/\/w-l-c.be\/fr\/","name":"w-l-c","description":"Le cin\u00e9ma vu par les belges","potentialAction":[{"@type":"SearchAction","target":{"@type":"EntryPoint","urlTemplate":"https:\/\/w-l-c.be\/fr\/?s={search_term_string}"},"query-input":"required name=search_term_string"}],"inLanguage":"fr-FR"},{"@type":"Person","@id":"https:\/\/w-l-c.be\/fr\/#\/schema\/person\/4b9b1d857f0943453a38a7c2859ef756","name":"Philippe.Pierquin","url":"https:\/\/w-l-c.be\/fr\/author\/philippe-pierquin\/"}]}},"_links":{"self":[{"href":"https:\/\/w-l-c.be\/fr\/wp-json\/wp\/v2\/posts\/78825","targetHints":{"allow":["GET"]}}],"collection":[{"href":"https:\/\/w-l-c.be\/fr\/wp-json\/wp\/v2\/posts"}],"about":[{"href":"https:\/\/w-l-c.be\/fr\/wp-json\/wp\/v2\/types\/post"}],"author":[{"embeddable":true,"href":"https:\/\/w-l-c.be\/fr\/wp-json\/wp\/v2\/users\/7"}],"replies":[{"embeddable":true,"href":"https:\/\/w-l-c.be\/fr\/wp-json\/wp\/v2\/comments?post=78825"}],"version-history":[{"count":0,"href":"https:\/\/w-l-c.be\/fr\/wp-json\/wp\/v2\/posts\/78825\/revisions"}],"wp:featuredmedia":[{"embeddable":true,"href":"https:\/\/w-l-c.be\/fr\/wp-json\/wp\/v2\/media\/78829"}],"wp:attachment":[{"href":"https:\/\/w-l-c.be\/fr\/wp-json\/wp\/v2\/media?parent=78825"}],"wp:term":[{"taxonomy":"category","embeddable":true,"href":"https:\/\/w-l-c.be\/fr\/wp-json\/wp\/v2\/categories?post=78825"},{"taxonomy":"post_tag","embeddable":true,"href":"https:\/\/w-l-c.be\/fr\/wp-json\/wp\/v2\/tags?post=78825"}],"curies":[{"name":"wp","href":"https:\/\/api.w.org\/{rel}","templated":true}]}}