
{"id":78852,"date":"2015-10-02T07:47:20","date_gmt":"2015-10-02T05:47:20","guid":{"rendered":"http:\/\/www.cinevox.be\/?p=78852"},"modified":"2015-10-02T10:40:09","modified_gmt":"2015-10-02T08:40:09","slug":"valerie-nagant-et-ces-femmes-qui-nous-font-rever","status":"publish","type":"post","link":"https:\/\/w-l-c.be\/fr\/valerie-nagant-et-ces-femmes-qui-nous-font-rever\/","title":{"rendered":"Val\u00e9rie Nagant et ces femmes qui nous font r\u00eaver"},"content":{"rendered":"<p>En 2013 et 2014, Cinevox a suivi avec passion le travail de Rudy Lamboray, l&rsquo;homme qui a fait des acteurs belges de vrais salopards de cin\u00e9ma: noir et blanc contrast\u00e9, regards glaciaux, le parti-pris a pu d\u00e9router au d\u00e9but, mais l&rsquo;exposition itin\u00e9rante qui en a \u00e9t\u00e9 tir\u00e9e a fascin\u00e9 des milliers de spectateurs et le somptueux livre sorti fin 2014 (et toujours en vente dans les bonnes \u00e9piceries) est vite devenu un objet culte.<\/p>\n<p>&nbsp;<\/p>\n<p>Un an plus tard, une photographe scrute \u00e0 son tour le cin\u00e9ma belge. Mais avec son regard \u00e0 elle.\u00a0 Un regard de femme, complice et admiratif. \u00a0Et une d\u00e9marche tr\u00e8s diff\u00e9rente.<br \/>\n<strong>Val\u00e9rie Nagant<\/strong> a rencontr\u00e9, une \u00e0 une, les femmes du cin\u00e9ma belge et les a immortalis\u00e9es dans un livre qui vient de sortir en librairie. Un joli objet qui fera un merveilleux cadeau pour les f\u00eates de fin d&rsquo;ann\u00e9e de tous les cin\u00e9philes.<!--more--><\/p>\n<p>&nbsp;<\/p>\n<p><a href=\"http:\/\/www.cinevox.be\/wp-content\/uploads\/2015\/10\/FFA-christophe-Brachet.jpg\"><img loading=\"lazy\" decoding=\"async\" class=\"aligncenter size-large wp-image-78855\" src=\"http:\/\/www.cinevox.be\/wp-content\/uploads\/2015\/10\/FFA-christophe-Brachet-800x533.jpg\" alt=\"\" width=\"640\" height=\"426\" srcset=\"https:\/\/w-l-c.be\/wp-content\/uploads\/2015\/10\/FFA-christophe-Brachet-800x533.jpg 800w, https:\/\/w-l-c.be\/wp-content\/uploads\/2015\/10\/FFA-christophe-Brachet-405x270.jpg 405w, https:\/\/w-l-c.be\/wp-content\/uploads\/2015\/10\/FFA-christophe-Brachet.jpg 960w\" sizes=\"auto, (max-width: 640px) 100vw, 640px\" \/><\/a><\/p>\n<p style=\"text-align: right;\"><em>L&rsquo;exposition de Val\u00e9rie Nagant a \u00e9t\u00e9 pr\u00e9sent\u00e9e en avant-premi\u00e8re au festival d&rsquo;Angoul\u00e8me (photo : Christophe Brachet)<\/em><\/p>\n<p>&nbsp;<\/p>\n<p>Aujourd&rsquo;hui, d\u00e9bute pour l&rsquo;artiste une nouvelle \u00e9tape de son long p\u00e9riple: rencontres avec la presse et les cin\u00e9philes, expositions itin\u00e9rantes, s\u00e9ances de d\u00e9dicaces. Un tout nouveau m\u00e9tier pour cet artiste plut\u00f4t timide, mais d\u00e9cid\u00e9e \u00e0 accompagner ses photos vers le public. Parce qu&rsquo;elles le m\u00e9ritent.<\/p>\n<p>\u00ab\u00a0Je me sens beaucoup mieux derri\u00e8re un appareil photo que devant une salle pleine de journalistes ou de visiteurs \u00e0 qui je dois m&rsquo;adresser\u00a0\u00bb, admet Val\u00e9rie. \u00ab\u00a0En m\u00eame temps, je trouve que je dois porter ce projet jusqu&rsquo;au bout, promo comprise, parce qu&rsquo;il m&rsquo;a fait beaucoup de bien dans ma vie et que toutes ces femmes que j&rsquo;ai rencontr\u00e9es ont \u00e9t\u00e9 importantes pour moi.\u00a0\u00bb<\/p>\n<p>Quelques-unes sont connues mais peu finalement. J&rsquo;esp\u00e8re donc, modestement, donner envie au public belge de d\u00e9couvrir tous ces films que j&rsquo;ai d\u00e9couverts en r\u00e9alisant ce livre et \u00e0 travers eux, toutes ces femmes formidables, actrices, r\u00e9alisatrices ou techniciennes qui comblent notre cin\u00e9ma de leur talent.<br \/>\nLe bon c\u00f4t\u00e9 de ce travail de promo est de rencontrer des gens qui viennent me parler parce qu&rsquo;ils ont compris le sens de mon travail ou ont \u00e9t\u00e9 marqu\u00e9s\u00a0par telle ou telle photo. C&rsquo;est \u00e9videmment touchant.\u00a0\u00bb<\/p>\n<p>&nbsp;<\/p>\n<p><a href=\"http:\/\/www.cinevox.be\/wp-content\/uploads\/2015\/10\/10410314_1546982935573209_6047612130643819237_n.jpg\"><img loading=\"lazy\" decoding=\"async\" class=\"aligncenter size-large wp-image-78856\" src=\"http:\/\/www.cinevox.be\/wp-content\/uploads\/2015\/10\/10410314_1546982935573209_6047612130643819237_n-800x531.jpg\" alt=\"\" width=\"640\" height=\"424\" srcset=\"https:\/\/w-l-c.be\/wp-content\/uploads\/2015\/10\/10410314_1546982935573209_6047612130643819237_n-800x531.jpg 800w, https:\/\/w-l-c.be\/wp-content\/uploads\/2015\/10\/10410314_1546982935573209_6047612130643819237_n-406x270.jpg 406w, https:\/\/w-l-c.be\/wp-content\/uploads\/2015\/10\/10410314_1546982935573209_6047612130643819237_n.jpg 960w\" sizes=\"auto, (max-width: 640px) 100vw, 640px\" \/><\/a><\/p>\n<p>&nbsp;<\/p>\n<p>Contrairement au travail de Rudy Lamboray qui d\u00e9cline un th\u00e8me pr\u00e9cis (un acteur, un fond blanc, un noir et blanc dur), la d\u00e9marche de la blonde photographe est multiple, bas\u00e9e sur la rencontre et la discussion, les \u00e9motions\u2026<\/p>\n<p>&nbsp;<\/p>\n<p>\u00ab\u00a0Il n&rsquo;y avait pas de fil conducteur. Moi j&rsquo;ai plein d&rsquo;images dans la t\u00eate et il faut que \u00e7a sorte. \u00c9videmment, elles m&rsquo;ont aid\u00e9e: qui mieux que des femmes de cin\u00e9ma sont capables de me faire renouer, moi, avec des \u00e9motions que j&rsquo;avais un peu perdues. Elles sont toutes diff\u00e9rentes et je ne tenais absolument pas \u00e0 uniformiser le travail. Je suis m\u00eame persuad\u00e9e que la m\u00eame rencontre avec la m\u00eame personne trois semaines plus tard aurait pu donner tout autre chose : on change tous les jours, on a des humeurs diff\u00e9rentes.\u00a0\u00bb<\/p>\n<p>&nbsp;<\/p>\n<p><a href=\"http:\/\/www.cinevox.be\/wp-content\/uploads\/2015\/10\/11035456_1567667093504793_6520701150180437169_o.jpg\"><img loading=\"lazy\" decoding=\"async\" class=\"aligncenter size-large wp-image-78857\" src=\"http:\/\/www.cinevox.be\/wp-content\/uploads\/2015\/10\/11035456_1567667093504793_6520701150180437169_o-800x532.jpg\" alt=\"\" width=\"640\" height=\"425\" srcset=\"https:\/\/w-l-c.be\/wp-content\/uploads\/2015\/10\/11035456_1567667093504793_6520701150180437169_o-800x532.jpg 800w, https:\/\/w-l-c.be\/wp-content\/uploads\/2015\/10\/11035456_1567667093504793_6520701150180437169_o-405x270.jpg 405w, https:\/\/w-l-c.be\/wp-content\/uploads\/2015\/10\/11035456_1567667093504793_6520701150180437169_o.jpg 1277w\" sizes=\"auto, (max-width: 640px) 100vw, 640px\" \/><\/a><\/p>\n<p>&nbsp;<\/p>\n<p>Tr\u00e8s diff\u00e9rentes les unes des autres, les photos \u00e9patent par leur atmosph\u00e8re, la technique mise en oeuvre, mais aussi par l&rsquo;intensit\u00e9 de la pr\u00e9sence de l&rsquo;actrice devant l&rsquo;objectif de Val\u00e9rie. Si le livre alterne les styles et les mises en situation, toujours personnalis\u00e9es, on ne peut s&#8217;emp\u00eacher de frissonner en croisant le regard des mod\u00e8les qu&rsquo;on sent si totalement en confiance qu&rsquo;elles se livrent totalement. S&rsquo;il y a un fil conducteur quelque part dans le travail qui nous est ici propos\u00e9, c&rsquo;est bien celui-l\u00e0: l&rsquo;actrice nous offre une partie de son \u00e2me et certains visages\u00a0sont tout simplement bouleversants.<\/p>\n<p>&nbsp;<\/p>\n<p><a href=\"http:\/\/www.cinevox.be\/wp-content\/uploads\/2015\/10\/1441275_1509334382671398_1873486560019040721_n.jpg\"><img loading=\"lazy\" decoding=\"async\" class=\"aligncenter size-large wp-image-78862\" src=\"http:\/\/www.cinevox.be\/wp-content\/uploads\/2015\/10\/1441275_1509334382671398_1873486560019040721_n-800x532.jpg\" alt=\"\" width=\"640\" height=\"425\" srcset=\"https:\/\/w-l-c.be\/wp-content\/uploads\/2015\/10\/1441275_1509334382671398_1873486560019040721_n-800x532.jpg 800w, https:\/\/w-l-c.be\/wp-content\/uploads\/2015\/10\/1441275_1509334382671398_1873486560019040721_n-405x270.jpg 405w, https:\/\/w-l-c.be\/wp-content\/uploads\/2015\/10\/1441275_1509334382671398_1873486560019040721_n.jpg 960w\" sizes=\"auto, (max-width: 640px) 100vw, 640px\" \/><\/a><\/p>\n<p>&nbsp;<\/p>\n<p>\u00ab\u00a0La mise en contexte se passe au moment de la rencontre : je laisse mes mod\u00e8les tr\u00e8s libres. Il n&rsquo;y avait pas de maquilleuse ou de coiffeuse. Tr\u00e8s rarement en tous cas. Seules quatre personnes me l&rsquo;ont demand\u00e9. Avant chaque s\u00e9ance, le mod\u00e8le et moi avons parl\u00e9 assez longtemps. Et deux femmes seules dans une pi\u00e8ce \u00e7a donne des choses assez hallucinantes parfois. On s&rsquo;est confi\u00e9e, on a ri, on a pleur\u00e9 aussi. Quelque part, il n&rsquo;y avait pas d&rsquo;avant et pas d&rsquo;apr\u00e8s. Il y avait donc une esp\u00e8ce de libert\u00e9 qui donne des r\u00e9sultats assez intenses parfois. Les photos viennent de l\u00e0. Parfois les gens me disent qu&rsquo;ils n&rsquo;ont pas reconnu une actrice tout de suite. M\u00eame s&rsquo;ils savent tout \u00e0 fait qui elle est. J&rsquo;aime bien \u00e7a. J&rsquo;ai l&rsquo;impression d&rsquo;\u00eatre all\u00e9e un peu plus loin que l&rsquo;\u00e9vidence.\u00a0\u00bb<\/p>\n<p>&nbsp;<\/p>\n<p><a href=\"http:\/\/www.cinevox.be\/wp-content\/uploads\/2015\/10\/10676325_1556111747993661_8341423353778323298_n.jpg\"><img loading=\"lazy\" decoding=\"async\" class=\"aligncenter size-large wp-image-78858\" src=\"http:\/\/www.cinevox.be\/wp-content\/uploads\/2015\/10\/10676325_1556111747993661_8341423353778323298_n-800x531.jpg\" alt=\"\" width=\"640\" height=\"424\" srcset=\"https:\/\/w-l-c.be\/wp-content\/uploads\/2015\/10\/10676325_1556111747993661_8341423353778323298_n-800x531.jpg 800w, https:\/\/w-l-c.be\/wp-content\/uploads\/2015\/10\/10676325_1556111747993661_8341423353778323298_n-406x270.jpg 406w, https:\/\/w-l-c.be\/wp-content\/uploads\/2015\/10\/10676325_1556111747993661_8341423353778323298_n.jpg 960w\" sizes=\"auto, (max-width: 640px) 100vw, 640px\" \/><\/a><\/p>\n<p>&nbsp;<\/p>\n<p>Il faut effectivement plusieurs secondes pour reconna\u00eetre des com\u00e9diennes qu&rsquo;on suit pourtant depuis longtemps. Emilie Dequenne se livre en version retro, surprenante, Marijke Pinoy l&rsquo;actrice la plus engag\u00e9e du cin\u00e9ma belge se la joue presque glamour tandis que Pauline Etienne nous offre un instantan\u00e9 de sa maternit\u00e9.<\/p>\n<p>&nbsp;<\/p>\n<p><a href=\"http:\/\/www.cinevox.be\/wp-content\/uploads\/2010\/10\/11025301_1554308714840631_1147469596377547898_o.jpg\"><img loading=\"lazy\" decoding=\"async\" class=\"aligncenter size-large wp-image-78864\" src=\"http:\/\/www.cinevox.be\/wp-content\/uploads\/2010\/10\/11025301_1554308714840631_1147469596377547898_o-800x532.jpg\" alt=\"\" width=\"640\" height=\"425\" srcset=\"https:\/\/w-l-c.be\/wp-content\/uploads\/2010\/10\/11025301_1554308714840631_1147469596377547898_o-800x532.jpg 800w, https:\/\/w-l-c.be\/wp-content\/uploads\/2010\/10\/11025301_1554308714840631_1147469596377547898_o-405x270.jpg 405w, https:\/\/w-l-c.be\/wp-content\/uploads\/2010\/10\/11025301_1554308714840631_1147469596377547898_o.jpg 1277w\" sizes=\"auto, (max-width: 640px) 100vw, 640px\" \/><\/a><\/p>\n<p>&nbsp;<\/p>\n<p>Loin de se cantonner aux visages les plus connus de notre cin\u00e9ma, Val\u00e9rie Nagant photographie aussi les r\u00e9alisatrices ou des techniciennes, des femmes\u00a0que, nous journalistes croisons sur les plateaux mais qui ne sont pas forc\u00e9ment familiers pour le grand public.<br \/>\n<em>Femmes de cin\u00e9ma<\/em> est ainsi une plong\u00e9e en apn\u00e9e dans les coulisses de notre cin\u00e9ma. Ce qui ne veut pas dire que la photographe baigne dans ce milieu depuis des ann\u00e9es<\/p>\n<p>&nbsp;<\/p>\n<p><a href=\"http:\/\/www.cinevox.be\/wp-content\/uploads\/2015\/10\/10259026_1566746540263515_4291685452532086488_o.jpg\"><img loading=\"lazy\" decoding=\"async\" class=\"aligncenter size-large wp-image-78861\" src=\"http:\/\/www.cinevox.be\/wp-content\/uploads\/2015\/10\/10259026_1566746540263515_4291685452532086488_o-800x532.jpg\" alt=\"\" width=\"640\" height=\"425\" srcset=\"https:\/\/w-l-c.be\/wp-content\/uploads\/2015\/10\/10259026_1566746540263515_4291685452532086488_o-800x532.jpg 800w, https:\/\/w-l-c.be\/wp-content\/uploads\/2015\/10\/10259026_1566746540263515_4291685452532086488_o-405x270.jpg 405w, https:\/\/w-l-c.be\/wp-content\/uploads\/2015\/10\/10259026_1566746540263515_4291685452532086488_o.jpg 1276w\" sizes=\"auto, (max-width: 640px) 100vw, 640px\" \/><\/a><\/p>\n<p>&nbsp;<\/p>\n<p>\u00ab\u00a0Loin de l\u00e0, m\u00eame\u00a0\u00bb, sourit-elle. \u00ab\u00a0Avant j&rsquo;habitais loin d&rsquo;ici. C&rsquo;est d\u00e9j\u00e0 difficile de voir les films belges quand on habite en Belgique mais \u00e0 plusieurs milliers de kilom\u00e8tres, c&rsquo;est carr\u00e9ment impossible. Lorsque je suis revenue et que j&rsquo;ai eu envie de photographier ces femmes qui me semblaient captivantes, je me suis mis \u00e0 beaucoup les regarder, essentiellement \u00e0 travers les films qu&rsquo;elles avaient tourn\u00e9s. J&rsquo;avais besoin de les cerner et de tenter de les comprendre. De voir ce que je pouvais mettre en \u00e9vidence chez chacune d&rsquo;elles. J&rsquo;ai d\u00e9couvert des tas de films, je les ai toutes regard\u00e9es. Je les ai aussi lues dans leurs interviews. M\u00eame si je ne pr\u00e9pare pas et que je ne con\u00e7ois pas pr\u00e9alablement de mise en sc\u00e8ne, j&rsquo;aime bien les scruter. Si tout ce travail a eu une cons\u00e9quence que je n&rsquo;attendais pas vraiment c&rsquo;est de me rendre accro au cin\u00e9ma belge.\u00a0\u00bb<\/p>\n<p>&nbsp;<\/p>\n<p><a href=\"http:\/\/www.cinevox.be\/wp-content\/uploads\/2015\/10\/10841906_1601606596777509_2116154474619046200_o.jpg\"><img loading=\"lazy\" decoding=\"async\" class=\"aligncenter size-large wp-image-78859\" src=\"http:\/\/www.cinevox.be\/wp-content\/uploads\/2015\/10\/10841906_1601606596777509_2116154474619046200_o-800x532.jpg\" alt=\"\" width=\"640\" height=\"425\" srcset=\"https:\/\/w-l-c.be\/wp-content\/uploads\/2015\/10\/10841906_1601606596777509_2116154474619046200_o-800x532.jpg 800w, https:\/\/w-l-c.be\/wp-content\/uploads\/2015\/10\/10841906_1601606596777509_2116154474619046200_o-405x270.jpg 405w, https:\/\/w-l-c.be\/wp-content\/uploads\/2015\/10\/10841906_1601606596777509_2116154474619046200_o.jpg 1277w\" sizes=\"auto, (max-width: 640px) 100vw, 640px\" \/><\/a><\/p>\n<p>&nbsp;<\/p>\n<p>Plut\u00f4t m\u00e9pris\u00e9 il y a quelques ann\u00e9es par un public adepte du bashing, notre cin\u00e9ma vit aujourd&rsquo;hui une v\u00e9ritable r\u00e9volution de fond. Qui passe forc\u00e9ment \u2026 par l&rsquo;image. \u00c0 c\u00f4t\u00e9 de Cinevox et des Magritte, il n&rsquo;est sans doute pas innocent que deux photographes se penchent simultan\u00e9ment ou presque sur celles et ceux qui proposent leur pr\u00e9sence et leur talent \u00e0 des entreprises qui sortent r\u00e9guli\u00e8rement des sentiers battus.<\/p>\n<p><a href=\"http:\/\/www.cinevox.be\/wp-content\/uploads\/2010\/10\/1523552_1497060737232096_8575883520884014594_o.jpg\"><img loading=\"lazy\" decoding=\"async\" class=\"aligncenter size-large wp-image-78866\" src=\"http:\/\/www.cinevox.be\/wp-content\/uploads\/2010\/10\/1523552_1497060737232096_8575883520884014594_o-800x461.jpg\" alt=\"\" width=\"640\" height=\"368\" srcset=\"https:\/\/w-l-c.be\/wp-content\/uploads\/2010\/10\/1523552_1497060737232096_8575883520884014594_o-800x461.jpg 800w, https:\/\/w-l-c.be\/wp-content\/uploads\/2010\/10\/1523552_1497060737232096_8575883520884014594_o-467x270.jpg 467w, https:\/\/w-l-c.be\/wp-content\/uploads\/2010\/10\/1523552_1497060737232096_8575883520884014594_o.jpg 2048w\" sizes=\"auto, (max-width: 640px) 100vw, 640px\" \/><\/a><\/p>\n<p>&nbsp;<\/p>\n<p>Quand on les regarde et qu&rsquo;on scrute leur travail, on ne peut que conclure que Rudy Lamboray et Val\u00e9rie Nagant, sont une variation sur le th\u00e8me de la b\u00eate et la belle. Ces deux-l\u00e0 n&rsquo;\u00e9taient pas forc\u00e9ment fait pour se rencontrer. Alors qu&rsquo;en fait, ils ont bien plus de points communs qu&rsquo;on pourrait l&rsquo;imaginer de prime abord.<\/p>\n<p>&nbsp;<\/p>\n<p><a href=\"http:\/\/www.cinevox.be\/wp-content\/uploads\/2015\/10\/10426092_1601627990108703_115878906269488684_n.jpg\"><img loading=\"lazy\" decoding=\"async\" class=\"aligncenter size-large wp-image-78860\" src=\"http:\/\/www.cinevox.be\/wp-content\/uploads\/2015\/10\/10426092_1601627990108703_115878906269488684_n-800x532.jpg\" alt=\"\" width=\"640\" height=\"425\" srcset=\"https:\/\/w-l-c.be\/wp-content\/uploads\/2015\/10\/10426092_1601627990108703_115878906269488684_n-800x532.jpg 800w, https:\/\/w-l-c.be\/wp-content\/uploads\/2015\/10\/10426092_1601627990108703_115878906269488684_n-405x270.jpg 405w, https:\/\/w-l-c.be\/wp-content\/uploads\/2015\/10\/10426092_1601627990108703_115878906269488684_n.jpg 960w\" sizes=\"auto, (max-width: 640px) 100vw, 640px\" \/><\/a><\/p>\n<p>&nbsp;<\/p>\n<p>\u00ab\u00a0Rudy r\u00e9alisait en fait son projet en m\u00eame temps que moi. Il avait commenc\u00e9 avant, mais \u00e7a lui a pris plus de temps. J&rsquo;avais d\u00e9j\u00e0 largement entam\u00e9 mes d\u00e9marches quand j&rsquo;ai d\u00e9couvert son travail. J&rsquo;ai eu imm\u00e9diatement envie de le rencontrer. Je me demandais s&rsquo;il serait d&rsquo;accord car en Belgique parfois les gens n&rsquo;ont pas tr\u00e8s envie de croiser d&rsquo;autres personnes qui font le m\u00eame m\u00e9tier.<br \/>\nMais Rudy n&rsquo;est absolument pas de ce genre-l\u00e0. Il est compl\u00e8tement atypique. (Elle rit) Atypique, c&rsquo;est d&rsquo;ailleurs aussi le mot qu&rsquo;on emploie tout le temps pour moi.<br \/>\nEn fait, je l&rsquo;ai finalement rencontr\u00e9 gr\u00e2ce \u00e0 une amie commune.<\/p>\n<p>On a deux mani\u00e8res de travailler tr\u00e8s diff\u00e9rentes pour des r\u00e9sultats qui n&rsquo;ont rien \u00e0 voir. Ses photos sont extr\u00eamement masculines tandis que les miennes sont, je pense, tr\u00e8s f\u00e9minines. On a quand m\u00eame le point commun d&rsquo;\u00eatre deux \u00e9corch\u00e9s vifs cr\u00e9atifs.<\/p>\n<p>Tr\u00e8s vite je lui ai propos\u00e9 l&rsquo;id\u00e9e, si l&rsquo;occasion se pr\u00e9sentait d&rsquo;exposer \u00e0 New York, de partir ensemble avec nos deux expositions et il a \u00e9t\u00e9 enthousiasm\u00e9. Je ne sais pas quand ni m\u00eame si ce projet va se r\u00e9aliser, mais je suis persuad\u00e9e que nos travaux sont totalement compl\u00e9mentaires. Ce sont deux visages d&rsquo;un m\u00eame cin\u00e9ma. Deux regards sur un m\u00eame univers.\u00a0\u00bb<\/p>\n<p>&nbsp;<\/p>\n<p>Le FIFF ouvre ses portes aujourd&rsquo;hui et les <em>Femmes de cin\u00e9ma<\/em> de Val\u00e9rie Nagant vous y attendent \u00e0 la Galerie du Beffroi (\u00e0 deux pas de la place d&rsquo;armes) jusqu&rsquo;au 9 octobre.<br \/>\nIl s&rsquo;agit tout simplement d&rsquo;un des rendez-vous incontournables de la manifestation namuroise. Et, bien s\u00fbr, le livre est en vente\u00a0dans les meilleures librairies.<\/p>\n<p>&nbsp;<\/p>\n<p><a href=\"http:\/\/www.cinevox.be\/wp-content\/uploads\/2010\/10\/11888021_1627726794165489_3574168498788301976_n.jpg\"><img loading=\"lazy\" decoding=\"async\" class=\"aligncenter size-large wp-image-78867\" src=\"http:\/\/www.cinevox.be\/wp-content\/uploads\/2010\/10\/11888021_1627726794165489_3574168498788301976_n-800x597.jpg\" alt=\"\" width=\"640\" height=\"477\" srcset=\"https:\/\/w-l-c.be\/wp-content\/uploads\/2010\/10\/11888021_1627726794165489_3574168498788301976_n-800x597.jpg 800w, https:\/\/w-l-c.be\/wp-content\/uploads\/2010\/10\/11888021_1627726794165489_3574168498788301976_n-361x270.jpg 361w, https:\/\/w-l-c.be\/wp-content\/uploads\/2010\/10\/11888021_1627726794165489_3574168498788301976_n-300x225.jpg 300w, https:\/\/w-l-c.be\/wp-content\/uploads\/2010\/10\/11888021_1627726794165489_3574168498788301976_n.jpg 960w\" sizes=\"auto, (max-width: 640px) 100vw, 640px\" \/><\/a><\/p>\n<p>&nbsp;<\/p>\n<p>&nbsp;<\/p>\n<p>&nbsp;<\/p>\n<p>&nbsp;<\/p>\n<p>&nbsp;<\/p>\n<p>&nbsp;<\/p>\n","protected":false},"excerpt":{"rendered":"<p>En 2013 et 2014, Cinevox a suivi avec passion le travail de Rudy Lamboray, l&rsquo;homme qui a fait des acteurs belges de vrais salopards de cin\u00e9ma: noir et blanc contrast\u00e9, regards glaciaux, le parti-pris a pu d\u00e9router au d\u00e9but, mais l&rsquo;exposition itin\u00e9rante qui en a \u00e9t\u00e9 tir\u00e9e a fascin\u00e9 des milliers de spectateurs et le &hellip;<\/p>\n","protected":false},"author":7,"featured_media":78869,"comment_status":"closed","ping_status":"closed","sticky":false,"template":"","format":"standard","meta":{"ngg_post_thumbnail":0,"footnotes":""},"categories":[1923,7],"tags":[],"class_list":["post-78852","post","type-post","status-publish","format-standard","has-post-thumbnail","","category-en-bref","category-actualites"],"yoast_head":"<!-- This site is optimized with the Yoast SEO plugin v20.4 - https:\/\/yoast.com\/wordpress\/plugins\/seo\/ -->\n<title>Val\u00e9rie Nagant et ces femmes qui nous font r\u00eaver - w-l-c<\/title>\n<meta name=\"robots\" content=\"noindex, follow, max-snippet:-1, max-image-preview:large, max-video-preview:-1\" \/>\n<meta property=\"og:locale\" content=\"fr_FR\" \/>\n<meta property=\"og:type\" content=\"article\" \/>\n<meta property=\"og:title\" content=\"Val\u00e9rie Nagant et ces femmes qui nous font r\u00eaver - w-l-c\" \/>\n<meta property=\"og:description\" content=\"En 2013 et 2014, Cinevox a suivi avec passion le travail de Rudy Lamboray, l&rsquo;homme qui a fait des acteurs belges de vrais salopards de cin\u00e9ma: noir et blanc contrast\u00e9, regards glaciaux, le parti-pris a pu d\u00e9router au d\u00e9but, mais l&rsquo;exposition itin\u00e9rante qui en a \u00e9t\u00e9 tir\u00e9e a fascin\u00e9 des milliers de spectateurs et le &hellip;\" \/>\n<meta property=\"og:url\" content=\"https:\/\/w-l-c.be\/fr\/valerie-nagant-et-ces-femmes-qui-nous-font-rever\/\" \/>\n<meta property=\"og:site_name\" content=\"w-l-c\" \/>\n<meta property=\"article:published_time\" content=\"2015-10-02T05:47:20+00:00\" \/>\n<meta property=\"article:modified_time\" content=\"2015-10-02T08:40:09+00:00\" \/>\n<meta property=\"og:image\" content=\"https:\/\/w-l-c.be\/wp-content\/uploads\/2010\/10\/11898930_1627726807498821_2021182609137435029_n.jpg\" \/>\n\t<meta property=\"og:image:width\" content=\"960\" \/>\n\t<meta property=\"og:image:height\" content=\"640\" \/>\n\t<meta property=\"og:image:type\" content=\"image\/jpeg\" \/>\n<meta name=\"author\" content=\"Philippe.Pierquin\" \/>\n<meta name=\"twitter:card\" content=\"summary_large_image\" \/>\n<meta name=\"twitter:label1\" content=\"\u00c9crit par\" \/>\n\t<meta name=\"twitter:data1\" content=\"Philippe.Pierquin\" \/>\n\t<meta name=\"twitter:label2\" content=\"Dur\u00e9e de lecture estim\u00e9e\" \/>\n\t<meta name=\"twitter:data2\" content=\"8 minutes\" \/>\n<script type=\"application\/ld+json\" class=\"yoast-schema-graph\">{\"@context\":\"https:\/\/schema.org\",\"@graph\":[{\"@type\":\"WebPage\",\"@id\":\"https:\/\/w-l-c.be\/fr\/valerie-nagant-et-ces-femmes-qui-nous-font-rever\/\",\"url\":\"https:\/\/w-l-c.be\/fr\/valerie-nagant-et-ces-femmes-qui-nous-font-rever\/\",\"name\":\"Val\u00e9rie Nagant et ces femmes qui nous font r\u00eaver - w-l-c\",\"isPartOf\":{\"@id\":\"https:\/\/w-l-c.be\/fr\/#website\"},\"datePublished\":\"2015-10-02T05:47:20+00:00\",\"dateModified\":\"2015-10-02T08:40:09+00:00\",\"author\":{\"@id\":\"https:\/\/w-l-c.be\/fr\/#\/schema\/person\/4b9b1d857f0943453a38a7c2859ef756\"},\"breadcrumb\":{\"@id\":\"https:\/\/w-l-c.be\/fr\/valerie-nagant-et-ces-femmes-qui-nous-font-rever\/#breadcrumb\"},\"inLanguage\":\"fr-FR\",\"potentialAction\":[{\"@type\":\"ReadAction\",\"target\":[\"https:\/\/w-l-c.be\/fr\/valerie-nagant-et-ces-femmes-qui-nous-font-rever\/\"]}]},{\"@type\":\"BreadcrumbList\",\"@id\":\"https:\/\/w-l-c.be\/fr\/valerie-nagant-et-ces-femmes-qui-nous-font-rever\/#breadcrumb\",\"itemListElement\":[{\"@type\":\"ListItem\",\"position\":1,\"name\":\"Accueil\",\"item\":\"https:\/\/w-l-c.be\/fr\/\"},{\"@type\":\"ListItem\",\"position\":2,\"name\":\"Val\u00e9rie Nagant et ces femmes qui nous font r\u00eaver\"}]},{\"@type\":\"WebSite\",\"@id\":\"https:\/\/w-l-c.be\/fr\/#website\",\"url\":\"https:\/\/w-l-c.be\/fr\/\",\"name\":\"w-l-c\",\"description\":\"Le cin\u00e9ma vu par les belges\",\"potentialAction\":[{\"@type\":\"SearchAction\",\"target\":{\"@type\":\"EntryPoint\",\"urlTemplate\":\"https:\/\/w-l-c.be\/fr\/?s={search_term_string}\"},\"query-input\":\"required name=search_term_string\"}],\"inLanguage\":\"fr-FR\"},{\"@type\":\"Person\",\"@id\":\"https:\/\/w-l-c.be\/fr\/#\/schema\/person\/4b9b1d857f0943453a38a7c2859ef756\",\"name\":\"Philippe.Pierquin\",\"url\":\"https:\/\/w-l-c.be\/fr\/author\/philippe-pierquin\/\"}]}<\/script>\n<!-- \/ Yoast SEO plugin. -->","yoast_head_json":{"title":"Val\u00e9rie Nagant et ces femmes qui nous font r\u00eaver - w-l-c","robots":{"index":"noindex","follow":"follow","max-snippet":"max-snippet:-1","max-image-preview":"max-image-preview:large","max-video-preview":"max-video-preview:-1"},"og_locale":"fr_FR","og_type":"article","og_title":"Val\u00e9rie Nagant et ces femmes qui nous font r\u00eaver - w-l-c","og_description":"En 2013 et 2014, Cinevox a suivi avec passion le travail de Rudy Lamboray, l&rsquo;homme qui a fait des acteurs belges de vrais salopards de cin\u00e9ma: noir et blanc contrast\u00e9, regards glaciaux, le parti-pris a pu d\u00e9router au d\u00e9but, mais l&rsquo;exposition itin\u00e9rante qui en a \u00e9t\u00e9 tir\u00e9e a fascin\u00e9 des milliers de spectateurs et le &hellip;","og_url":"https:\/\/w-l-c.be\/fr\/valerie-nagant-et-ces-femmes-qui-nous-font-rever\/","og_site_name":"w-l-c","article_published_time":"2015-10-02T05:47:20+00:00","article_modified_time":"2015-10-02T08:40:09+00:00","og_image":[{"width":960,"height":640,"url":"https:\/\/w-l-c.be\/wp-content\/uploads\/2010\/10\/11898930_1627726807498821_2021182609137435029_n.jpg","type":"image\/jpeg"}],"author":"Philippe.Pierquin","twitter_card":"summary_large_image","twitter_misc":{"\u00c9crit par":"Philippe.Pierquin","Dur\u00e9e de lecture estim\u00e9e":"8 minutes"},"schema":{"@context":"https:\/\/schema.org","@graph":[{"@type":"WebPage","@id":"https:\/\/w-l-c.be\/fr\/valerie-nagant-et-ces-femmes-qui-nous-font-rever\/","url":"https:\/\/w-l-c.be\/fr\/valerie-nagant-et-ces-femmes-qui-nous-font-rever\/","name":"Val\u00e9rie Nagant et ces femmes qui nous font r\u00eaver - w-l-c","isPartOf":{"@id":"https:\/\/w-l-c.be\/fr\/#website"},"datePublished":"2015-10-02T05:47:20+00:00","dateModified":"2015-10-02T08:40:09+00:00","author":{"@id":"https:\/\/w-l-c.be\/fr\/#\/schema\/person\/4b9b1d857f0943453a38a7c2859ef756"},"breadcrumb":{"@id":"https:\/\/w-l-c.be\/fr\/valerie-nagant-et-ces-femmes-qui-nous-font-rever\/#breadcrumb"},"inLanguage":"fr-FR","potentialAction":[{"@type":"ReadAction","target":["https:\/\/w-l-c.be\/fr\/valerie-nagant-et-ces-femmes-qui-nous-font-rever\/"]}]},{"@type":"BreadcrumbList","@id":"https:\/\/w-l-c.be\/fr\/valerie-nagant-et-ces-femmes-qui-nous-font-rever\/#breadcrumb","itemListElement":[{"@type":"ListItem","position":1,"name":"Accueil","item":"https:\/\/w-l-c.be\/fr\/"},{"@type":"ListItem","position":2,"name":"Val\u00e9rie Nagant et ces femmes qui nous font r\u00eaver"}]},{"@type":"WebSite","@id":"https:\/\/w-l-c.be\/fr\/#website","url":"https:\/\/w-l-c.be\/fr\/","name":"w-l-c","description":"Le cin\u00e9ma vu par les belges","potentialAction":[{"@type":"SearchAction","target":{"@type":"EntryPoint","urlTemplate":"https:\/\/w-l-c.be\/fr\/?s={search_term_string}"},"query-input":"required name=search_term_string"}],"inLanguage":"fr-FR"},{"@type":"Person","@id":"https:\/\/w-l-c.be\/fr\/#\/schema\/person\/4b9b1d857f0943453a38a7c2859ef756","name":"Philippe.Pierquin","url":"https:\/\/w-l-c.be\/fr\/author\/philippe-pierquin\/"}]}},"_links":{"self":[{"href":"https:\/\/w-l-c.be\/fr\/wp-json\/wp\/v2\/posts\/78852","targetHints":{"allow":["GET"]}}],"collection":[{"href":"https:\/\/w-l-c.be\/fr\/wp-json\/wp\/v2\/posts"}],"about":[{"href":"https:\/\/w-l-c.be\/fr\/wp-json\/wp\/v2\/types\/post"}],"author":[{"embeddable":true,"href":"https:\/\/w-l-c.be\/fr\/wp-json\/wp\/v2\/users\/7"}],"replies":[{"embeddable":true,"href":"https:\/\/w-l-c.be\/fr\/wp-json\/wp\/v2\/comments?post=78852"}],"version-history":[{"count":0,"href":"https:\/\/w-l-c.be\/fr\/wp-json\/wp\/v2\/posts\/78852\/revisions"}],"wp:featuredmedia":[{"embeddable":true,"href":"https:\/\/w-l-c.be\/fr\/wp-json\/wp\/v2\/media\/78869"}],"wp:attachment":[{"href":"https:\/\/w-l-c.be\/fr\/wp-json\/wp\/v2\/media?parent=78852"}],"wp:term":[{"taxonomy":"category","embeddable":true,"href":"https:\/\/w-l-c.be\/fr\/wp-json\/wp\/v2\/categories?post=78852"},{"taxonomy":"post_tag","embeddable":true,"href":"https:\/\/w-l-c.be\/fr\/wp-json\/wp\/v2\/tags?post=78852"}],"curies":[{"name":"wp","href":"https:\/\/api.w.org\/{rel}","templated":true}]}}