
{"id":78885,"date":"2015-10-02T08:51:37","date_gmt":"2015-10-02T06:51:37","guid":{"rendered":"http:\/\/www.cinevox.be\/?p=78885"},"modified":"2015-10-02T08:51:37","modified_gmt":"2015-10-02T06:51:37","slug":"ils-iront-voir-7-rue-de-la-folie","status":"publish","type":"post","link":"https:\/\/w-l-c.be\/fr\/ils-iront-voir-7-rue-de-la-folie\/","title":{"rendered":"Ils iront voir 7 rue de la Folie"},"content":{"rendered":"<p>Gr\u00e2ce \u00e0 notre dernier concours, vous aviez la possibilit\u00e9 de remporter des places pour des s\u00e9ances sp\u00e9ciales de <em>7 rue de la Folie<\/em> de Jawad Rhalib en pr\u00e9sence de l&rsquo;\u00e9quipe.<br \/>\nLe film sort mercredi prochain et le r\u00e9alisateur, qui emm\u00e8nera avec lui d&rsquo;autres personnes, qui ont particip\u00e9 \u00e0 ce projet d\u00e9jant\u00e9, a d\u00e9cid\u00e9 de l&rsquo;accompagner dans quelques salles. Notamment \u00e0 Bruxelles et Waremme<!--more--><\/p>\n<p>&nbsp;<\/p>\n<p>Comme d&rsquo;habitude, nous vous posions d&rsquo;abord une question cin\u00e9<\/p>\n<p>Depuis <em>7 rue de la Folie<\/em> Jawad Rhalib a d\u00e9j\u00e0 tourn\u00e9 un nouveau long m\u00e9trage. Comment s&rsquo;appelle-t-il ?<\/p>\n<p>La r\u00e9ponse \u00e9tait bien s\u00fbr <em>L&rsquo;insoumise<\/em> dont nous vous avons d\u00e9j\u00e0 beaucoup parl\u00e9 sur le site<\/p>\n<p>&nbsp;<\/p>\n<p>Pour la question subsidiaire, on vous demandait d&rsquo;\u00e9valuer l&rsquo;audience du site de Cinevox pour la semaine du vendredi 25 septembre 0h au jeudi 1er octobre \u00e0 minuit?<\/p>\n<p>Pendant cette p\u00e9riode, nous avons eu 13719 visites<\/p>\n<p>A partir de ces deux r\u00e9ponses, nous pouvons vous annoncer le nom des gagnants<\/p>\n<p>&nbsp;<\/p>\n<p><a href=\"http:\/\/www.cinevox.be\/wp-content\/uploads\/2015\/10\/2014-09-28_19h55_00.jpg\"><img loading=\"lazy\" decoding=\"async\" class=\"aligncenter size-full wp-image-78886\" src=\"http:\/\/www.cinevox.be\/wp-content\/uploads\/2015\/10\/2014-09-28_19h55_00.jpg\" alt=\"\" width=\"794\" height=\"334\" srcset=\"https:\/\/w-l-c.be\/wp-content\/uploads\/2015\/10\/2014-09-28_19h55_00.jpg 794w, https:\/\/w-l-c.be\/wp-content\/uploads\/2015\/10\/2014-09-28_19h55_00-480x201.jpg 480w\" sizes=\"auto, (max-width: 794px) 100vw, 794px\" \/><\/a><\/p>\n<p>&nbsp;<\/p>\n<p><strong>7 octobre &#8211; Cin\u00e9ma Galeries \u00e0 19h00 &#8211; 5X2 invitations<\/strong><\/p>\n<p>Morgane vandamme de Bruxelles<\/p>\n<p>Quentin Gyselinck de Braine l&rsquo;Alleud<\/p>\n<p>Isabelle Vandewynckel de 1200\u00a0 Bruxelles<\/p>\n<p>Hanan Asli de 1020 Bruxelles<\/p>\n<p>Nicole Romal de Braine l&rsquo;Alleud<\/p>\n<p>&nbsp;<\/p>\n<p><strong>8 octobre \u2013 Cin\u00e9ma les Vari\u00e9t\u00e9s \u00e0 Waremme &#8211; 3X2 invitations<\/strong><\/p>\n<p>Angela Hick de 1 4900 Spa<\/p>\n<p>Alain Demanet de \u00a0Meux<\/p>\n<p>K\u00e9vin Meunier de Bastogne<\/p>\n<p>&nbsp;<\/p>\n<p>Votre nom sera au guichet et vous recevrez deux places pour la soir\u00e9e.<br \/>\nBonne projection !<\/p>\n<p>&nbsp;<\/p>\n<p>Un nouveau concours est en ligne<\/p>\n","protected":false},"excerpt":{"rendered":"<p>Gr\u00e2ce \u00e0 notre dernier concours, vous aviez la possibilit\u00e9 de remporter des places pour des s\u00e9ances sp\u00e9ciales de 7 rue de la Folie de Jawad Rhalib en pr\u00e9sence de l&rsquo;\u00e9quipe. Le film sort mercredi prochain et le r\u00e9alisateur, qui emm\u00e8nera avec lui d&rsquo;autres personnes, qui ont particip\u00e9 \u00e0 ce projet d\u00e9jant\u00e9, a d\u00e9cid\u00e9 de l&rsquo;accompagner &hellip;<\/p>\n","protected":false},"author":7,"featured_media":78888,"comment_status":"closed","ping_status":"closed","sticky":false,"template":"","format":"standard","meta":{"ngg_post_thumbnail":0,"footnotes":""},"categories":[1923],"tags":[],"class_list":["post-78885","post","type-post","status-publish","format-standard","has-post-thumbnail","","category-en-bref"],"yoast_head":"<!-- This site is optimized with the Yoast SEO plugin v20.4 - https:\/\/yoast.com\/wordpress\/plugins\/seo\/ -->\n<title>Ils iront voir 7 rue de la Folie - w-l-c<\/title>\n<meta name=\"robots\" content=\"noindex, follow, max-snippet:-1, max-image-preview:large, max-video-preview:-1\" \/>\n<meta property=\"og:locale\" content=\"fr_FR\" \/>\n<meta property=\"og:type\" content=\"article\" \/>\n<meta property=\"og:title\" content=\"Ils iront voir 7 rue de la Folie - w-l-c\" \/>\n<meta property=\"og:description\" content=\"Gr\u00e2ce \u00e0 notre dernier concours, vous aviez la possibilit\u00e9 de remporter des places pour des s\u00e9ances sp\u00e9ciales de 7 rue de la Folie de Jawad Rhalib en pr\u00e9sence de l&rsquo;\u00e9quipe. Le film sort mercredi prochain et le r\u00e9alisateur, qui emm\u00e8nera avec lui d&rsquo;autres personnes, qui ont particip\u00e9 \u00e0 ce projet d\u00e9jant\u00e9, a d\u00e9cid\u00e9 de l&rsquo;accompagner &hellip;\" \/>\n<meta property=\"og:url\" content=\"https:\/\/w-l-c.be\/fr\/ils-iront-voir-7-rue-de-la-folie\/\" \/>\n<meta property=\"og:site_name\" content=\"w-l-c\" \/>\n<meta property=\"article:published_time\" content=\"2015-10-02T06:51:37+00:00\" \/>\n<meta property=\"og:image\" content=\"https:\/\/w-l-c.be\/wp-content\/uploads\/2015\/10\/2014-09-28_19h55_25.jpg\" \/>\n\t<meta property=\"og:image:width\" content=\"796\" \/>\n\t<meta property=\"og:image:height\" content=\"336\" \/>\n\t<meta property=\"og:image:type\" content=\"image\/jpeg\" \/>\n<meta name=\"author\" content=\"Philippe.Pierquin\" \/>\n<meta name=\"twitter:card\" content=\"summary_large_image\" \/>\n<meta name=\"twitter:label1\" content=\"\u00c9crit par\" \/>\n\t<meta name=\"twitter:data1\" content=\"Philippe.Pierquin\" \/>\n\t<meta name=\"twitter:label2\" content=\"Dur\u00e9e de lecture estim\u00e9e\" \/>\n\t<meta name=\"twitter:data2\" content=\"1 minute\" \/>\n<script type=\"application\/ld+json\" class=\"yoast-schema-graph\">{\"@context\":\"https:\/\/schema.org\",\"@graph\":[{\"@type\":\"WebPage\",\"@id\":\"https:\/\/w-l-c.be\/fr\/ils-iront-voir-7-rue-de-la-folie\/\",\"url\":\"https:\/\/w-l-c.be\/fr\/ils-iront-voir-7-rue-de-la-folie\/\",\"name\":\"Ils iront voir 7 rue de la Folie - w-l-c\",\"isPartOf\":{\"@id\":\"https:\/\/w-l-c.be\/fr\/#website\"},\"datePublished\":\"2015-10-02T06:51:37+00:00\",\"dateModified\":\"2015-10-02T06:51:37+00:00\",\"author\":{\"@id\":\"https:\/\/w-l-c.be\/fr\/#\/schema\/person\/4b9b1d857f0943453a38a7c2859ef756\"},\"breadcrumb\":{\"@id\":\"https:\/\/w-l-c.be\/fr\/ils-iront-voir-7-rue-de-la-folie\/#breadcrumb\"},\"inLanguage\":\"fr-FR\",\"potentialAction\":[{\"@type\":\"ReadAction\",\"target\":[\"https:\/\/w-l-c.be\/fr\/ils-iront-voir-7-rue-de-la-folie\/\"]}]},{\"@type\":\"BreadcrumbList\",\"@id\":\"https:\/\/w-l-c.be\/fr\/ils-iront-voir-7-rue-de-la-folie\/#breadcrumb\",\"itemListElement\":[{\"@type\":\"ListItem\",\"position\":1,\"name\":\"Accueil\",\"item\":\"https:\/\/w-l-c.be\/fr\/\"},{\"@type\":\"ListItem\",\"position\":2,\"name\":\"Ils iront voir 7 rue de la Folie\"}]},{\"@type\":\"WebSite\",\"@id\":\"https:\/\/w-l-c.be\/fr\/#website\",\"url\":\"https:\/\/w-l-c.be\/fr\/\",\"name\":\"w-l-c\",\"description\":\"Le cin\u00e9ma vu par les belges\",\"potentialAction\":[{\"@type\":\"SearchAction\",\"target\":{\"@type\":\"EntryPoint\",\"urlTemplate\":\"https:\/\/w-l-c.be\/fr\/?s={search_term_string}\"},\"query-input\":\"required name=search_term_string\"}],\"inLanguage\":\"fr-FR\"},{\"@type\":\"Person\",\"@id\":\"https:\/\/w-l-c.be\/fr\/#\/schema\/person\/4b9b1d857f0943453a38a7c2859ef756\",\"name\":\"Philippe.Pierquin\",\"url\":\"https:\/\/w-l-c.be\/fr\/author\/philippe-pierquin\/\"}]}<\/script>\n<!-- \/ Yoast SEO plugin. -->","yoast_head_json":{"title":"Ils iront voir 7 rue de la Folie - w-l-c","robots":{"index":"noindex","follow":"follow","max-snippet":"max-snippet:-1","max-image-preview":"max-image-preview:large","max-video-preview":"max-video-preview:-1"},"og_locale":"fr_FR","og_type":"article","og_title":"Ils iront voir 7 rue de la Folie - w-l-c","og_description":"Gr\u00e2ce \u00e0 notre dernier concours, vous aviez la possibilit\u00e9 de remporter des places pour des s\u00e9ances sp\u00e9ciales de 7 rue de la Folie de Jawad Rhalib en pr\u00e9sence de l&rsquo;\u00e9quipe. Le film sort mercredi prochain et le r\u00e9alisateur, qui emm\u00e8nera avec lui d&rsquo;autres personnes, qui ont particip\u00e9 \u00e0 ce projet d\u00e9jant\u00e9, a d\u00e9cid\u00e9 de l&rsquo;accompagner &hellip;","og_url":"https:\/\/w-l-c.be\/fr\/ils-iront-voir-7-rue-de-la-folie\/","og_site_name":"w-l-c","article_published_time":"2015-10-02T06:51:37+00:00","og_image":[{"width":796,"height":336,"url":"https:\/\/w-l-c.be\/wp-content\/uploads\/2015\/10\/2014-09-28_19h55_25.jpg","type":"image\/jpeg"}],"author":"Philippe.Pierquin","twitter_card":"summary_large_image","twitter_misc":{"\u00c9crit par":"Philippe.Pierquin","Dur\u00e9e de lecture estim\u00e9e":"1 minute"},"schema":{"@context":"https:\/\/schema.org","@graph":[{"@type":"WebPage","@id":"https:\/\/w-l-c.be\/fr\/ils-iront-voir-7-rue-de-la-folie\/","url":"https:\/\/w-l-c.be\/fr\/ils-iront-voir-7-rue-de-la-folie\/","name":"Ils iront voir 7 rue de la Folie - w-l-c","isPartOf":{"@id":"https:\/\/w-l-c.be\/fr\/#website"},"datePublished":"2015-10-02T06:51:37+00:00","dateModified":"2015-10-02T06:51:37+00:00","author":{"@id":"https:\/\/w-l-c.be\/fr\/#\/schema\/person\/4b9b1d857f0943453a38a7c2859ef756"},"breadcrumb":{"@id":"https:\/\/w-l-c.be\/fr\/ils-iront-voir-7-rue-de-la-folie\/#breadcrumb"},"inLanguage":"fr-FR","potentialAction":[{"@type":"ReadAction","target":["https:\/\/w-l-c.be\/fr\/ils-iront-voir-7-rue-de-la-folie\/"]}]},{"@type":"BreadcrumbList","@id":"https:\/\/w-l-c.be\/fr\/ils-iront-voir-7-rue-de-la-folie\/#breadcrumb","itemListElement":[{"@type":"ListItem","position":1,"name":"Accueil","item":"https:\/\/w-l-c.be\/fr\/"},{"@type":"ListItem","position":2,"name":"Ils iront voir 7 rue de la Folie"}]},{"@type":"WebSite","@id":"https:\/\/w-l-c.be\/fr\/#website","url":"https:\/\/w-l-c.be\/fr\/","name":"w-l-c","description":"Le cin\u00e9ma vu par les belges","potentialAction":[{"@type":"SearchAction","target":{"@type":"EntryPoint","urlTemplate":"https:\/\/w-l-c.be\/fr\/?s={search_term_string}"},"query-input":"required name=search_term_string"}],"inLanguage":"fr-FR"},{"@type":"Person","@id":"https:\/\/w-l-c.be\/fr\/#\/schema\/person\/4b9b1d857f0943453a38a7c2859ef756","name":"Philippe.Pierquin","url":"https:\/\/w-l-c.be\/fr\/author\/philippe-pierquin\/"}]}},"_links":{"self":[{"href":"https:\/\/w-l-c.be\/fr\/wp-json\/wp\/v2\/posts\/78885","targetHints":{"allow":["GET"]}}],"collection":[{"href":"https:\/\/w-l-c.be\/fr\/wp-json\/wp\/v2\/posts"}],"about":[{"href":"https:\/\/w-l-c.be\/fr\/wp-json\/wp\/v2\/types\/post"}],"author":[{"embeddable":true,"href":"https:\/\/w-l-c.be\/fr\/wp-json\/wp\/v2\/users\/7"}],"replies":[{"embeddable":true,"href":"https:\/\/w-l-c.be\/fr\/wp-json\/wp\/v2\/comments?post=78885"}],"version-history":[{"count":0,"href":"https:\/\/w-l-c.be\/fr\/wp-json\/wp\/v2\/posts\/78885\/revisions"}],"wp:featuredmedia":[{"embeddable":true,"href":"https:\/\/w-l-c.be\/fr\/wp-json\/wp\/v2\/media\/78888"}],"wp:attachment":[{"href":"https:\/\/w-l-c.be\/fr\/wp-json\/wp\/v2\/media?parent=78885"}],"wp:term":[{"taxonomy":"category","embeddable":true,"href":"https:\/\/w-l-c.be\/fr\/wp-json\/wp\/v2\/categories?post=78885"},{"taxonomy":"post_tag","embeddable":true,"href":"https:\/\/w-l-c.be\/fr\/wp-json\/wp\/v2\/tags?post=78885"}],"curies":[{"name":"wp","href":"https:\/\/api.w.org\/{rel}","templated":true}]}}