
{"id":78943,"date":"2015-10-04T13:27:23","date_gmt":"2015-10-04T11:27:23","guid":{"rendered":"http:\/\/www.cinevox.be\/?p=78943"},"modified":"2015-10-04T13:27:23","modified_gmt":"2015-10-04T11:27:23","slug":"soiree-de-gala-namuroise","status":"publish","type":"post","link":"https:\/\/w-l-c.be\/fr\/soiree-de-gala-namuroise\/","title":{"rendered":"Soir\u00e9e de gala namuroise"},"content":{"rendered":"<p>Le FIFF namurois a d\u00e9but\u00e9 vendredi et comme d\u2019habitude l\u2019engouement public est exceptionnel. Le Festival, c\u2019est une de ses caract\u00e9ristiques essentielles, est largement ouvert aux Namurois qui ne se font pas prier pour d\u00e9couvrir en avant-premi\u00e8re les productions francophones qui feront l\u2019actualit\u00e9 durant les prochains mois.<\/p>\n<p><!--more--><\/p>\n<p>&nbsp;<\/p>\n<p>&nbsp;<\/p>\n<p><a href=\"http:\/\/www.cinevox.be\/wp-content\/uploads\/2015\/10\/FIFF2015-vendredi2-GalaOuverturePrejudice_AndyTierce-4.jpg\"><img loading=\"lazy\" decoding=\"async\" class=\"aligncenter size-large wp-image-78947\" src=\"http:\/\/www.cinevox.be\/wp-content\/uploads\/2015\/10\/FIFF2015-vendredi2-GalaOuverturePrejudice_AndyTierce-4-800x534.jpg\" alt=\"\" width=\"640\" height=\"427\" srcset=\"https:\/\/w-l-c.be\/wp-content\/uploads\/2015\/10\/FIFF2015-vendredi2-GalaOuverturePrejudice_AndyTierce-4-800x534.jpg 800w, https:\/\/w-l-c.be\/wp-content\/uploads\/2015\/10\/FIFF2015-vendredi2-GalaOuverturePrejudice_AndyTierce-4-404x270.jpg 404w, https:\/\/w-l-c.be\/wp-content\/uploads\/2015\/10\/FIFF2015-vendredi2-GalaOuverturePrejudice_AndyTierce-4.jpg 1200w\" sizes=\"auto, (max-width: 640px) 100vw, 640px\" \/><\/a><\/p>\n<p style=\"text-align: right;\"><em>[Photo FIFF]<\/em><\/p>\n<p>&nbsp;<\/p>\n<p>Pour l\u2019ouverture de cette 30<sup>e<\/sup> \u00e9dition, les organisateurs avaient choisi de mettre en avant un premier long m\u00e9trage belge\u00a0: <em>Pr\u00e9judice,<\/em> d\u2019Antoine Cuypers qui a ses habitudes dans la maison FIFF depuis plusieurs ann\u00e9es.<\/p>\n<p>&nbsp;<\/p>\n<p><a href=\"http:\/\/www.cinevox.be\/wp-content\/uploads\/2015\/10\/EG-7276-1.jpg\"><img loading=\"lazy\" decoding=\"async\" class=\"aligncenter size-large wp-image-78944\" src=\"http:\/\/www.cinevox.be\/wp-content\/uploads\/2015\/10\/EG-7276-1-800x533.jpg\" alt=\"\" width=\"640\" height=\"426\" srcset=\"https:\/\/w-l-c.be\/wp-content\/uploads\/2015\/10\/EG-7276-1-800x533.jpg 800w, https:\/\/w-l-c.be\/wp-content\/uploads\/2015\/10\/EG-7276-1-405x270.jpg 405w, https:\/\/w-l-c.be\/wp-content\/uploads\/2015\/10\/EG-7276-1.jpg 1200w\" sizes=\"auto, (max-width: 640px) 100vw, 640px\" \/><\/a><\/p>\n<p style=\"text-align: right;\"><em>[Photo FIFF]<\/em><\/p>\n<p>&nbsp;<\/p>\n<p>L\u2019occasion de remplir quatre salles (trois \u00e9taient initialement pr\u00e9vues) et d\u2019accueillir l\u2019\u00e9quipe du film au grand complet avec notamment Nathalie\u00a0 Baye, Arno ou l\u2019extraordinaire Thomas \u00a0Blanchard, r\u00e9v\u00e9lation du film, dans un r\u00f4le complexe et intrigant.<\/p>\n<p>&nbsp;<\/p>\n<p><a href=\"http:\/\/www.cinevox.be\/wp-content\/uploads\/2015\/10\/EG-7230.jpg\"><img loading=\"lazy\" decoding=\"async\" class=\"aligncenter size-large wp-image-78948\" src=\"http:\/\/www.cinevox.be\/wp-content\/uploads\/2015\/10\/EG-7230-800x533.jpg\" alt=\"\" width=\"640\" height=\"426\" srcset=\"https:\/\/w-l-c.be\/wp-content\/uploads\/2015\/10\/EG-7230-800x533.jpg 800w, https:\/\/w-l-c.be\/wp-content\/uploads\/2015\/10\/EG-7230-405x270.jpg 405w, https:\/\/w-l-c.be\/wp-content\/uploads\/2015\/10\/EG-7230.jpg 1200w\" sizes=\"auto, (max-width: 640px) 100vw, 640px\" \/><\/a><\/p>\n<p style=\"text-align: right;\"><em>[Photo FIFF]<\/em><\/p>\n<p>&nbsp;<\/p>\n<p>La soir\u00e9e a permis de pr\u00e9senter les pr\u00e9sidents des jurys des courts et des longs, Lubna Azabal et Olivier Gourmet, mais aussi le pr\u00e9sident d\u2019honneur du Festival, appel\u00e9 \u00e0 succ\u00e9der \u00e0 Olivier, justement, Fabrizio Rongione. Excellent choix, s\u2019il en est\u2026<\/p>\n<p>&nbsp;<\/p>\n<p><a href=\"http:\/\/www.cinevox.be\/wp-content\/uploads\/2015\/10\/EG-7251.jpg\"><img loading=\"lazy\" decoding=\"async\" class=\"aligncenter size-large wp-image-78945\" src=\"http:\/\/www.cinevox.be\/wp-content\/uploads\/2015\/10\/EG-7251-800x533.jpg\" alt=\"\" width=\"640\" height=\"426\" srcset=\"https:\/\/w-l-c.be\/wp-content\/uploads\/2015\/10\/EG-7251-800x533.jpg 800w, https:\/\/w-l-c.be\/wp-content\/uploads\/2015\/10\/EG-7251-405x270.jpg 405w, https:\/\/w-l-c.be\/wp-content\/uploads\/2015\/10\/EG-7251.jpg 1200w\" sizes=\"auto, (max-width: 640px) 100vw, 640px\" \/><\/a><\/p>\n<p style=\"text-align: right;\"><em>[Photo FIFF]<\/em><\/p>\n<p>&nbsp;<\/p>\n<p>Dans le public, de nombreux producteurs, mais \u00e9galement des acteurs et pas mal de r\u00e9alisateurs de la nouvelle g\u00e9n\u00e9ration\u00a0parmi lesquels (entre autres) Am\u00e9lie Van Elmbt, Xavier Seron, G\u00e9raldine Doignon, Vania Leturcq, Guillaume Senez, Laura Wandel ou le jeune v\u00e9t\u00e9ran Luc Jabon.<\/p>\n<p>G\u00e9n\u00e9ration Cinevox au rendez-vous&#8230;<\/p>\n<p>&nbsp;<\/p>\n<p><a href=\"http:\/\/www.cinevox.be\/wp-content\/uploads\/2015\/10\/EG-7252.jpg\"><img loading=\"lazy\" decoding=\"async\" class=\"aligncenter size-large wp-image-78946\" src=\"http:\/\/www.cinevox.be\/wp-content\/uploads\/2015\/10\/EG-7252-800x533.jpg\" alt=\"\" width=\"640\" height=\"426\" srcset=\"https:\/\/w-l-c.be\/wp-content\/uploads\/2015\/10\/EG-7252-800x533.jpg 800w, https:\/\/w-l-c.be\/wp-content\/uploads\/2015\/10\/EG-7252-405x270.jpg 405w, https:\/\/w-l-c.be\/wp-content\/uploads\/2015\/10\/EG-7252.jpg 1200w\" sizes=\"auto, (max-width: 640px) 100vw, 640px\" \/><\/a><\/p>\n<p>&nbsp;<\/p>\n<p>&nbsp;<\/p>\n<p>&nbsp;<\/p>\n<p>&nbsp;<\/p>\n<p>&nbsp;<\/p>\n<p>&nbsp;<\/p>\n<p>&nbsp;<\/p>\n","protected":false},"excerpt":{"rendered":"<p>Le FIFF namurois a d\u00e9but\u00e9 vendredi et comme d\u2019habitude l\u2019engouement public est exceptionnel. Le Festival, c\u2019est une de ses caract\u00e9ristiques essentielles, est largement ouvert aux Namurois qui ne se font pas prier pour d\u00e9couvrir en avant-premi\u00e8re les productions francophones qui feront l\u2019actualit\u00e9 durant les prochains mois.<\/p>\n","protected":false},"author":7,"featured_media":78950,"comment_status":"closed","ping_status":"closed","sticky":false,"template":"","format":"standard","meta":{"ngg_post_thumbnail":0,"footnotes":""},"categories":[12],"tags":[],"class_list":["post-78943","post","type-post","status-publish","format-standard","has-post-thumbnail","","category-awards"],"yoast_head":"<!-- This site is optimized with the Yoast SEO plugin v20.4 - https:\/\/yoast.com\/wordpress\/plugins\/seo\/ -->\n<title>Soir\u00e9e de gala namuroise - w-l-c<\/title>\n<meta name=\"robots\" content=\"noindex, follow, max-snippet:-1, max-image-preview:large, max-video-preview:-1\" \/>\n<meta property=\"og:locale\" content=\"fr_FR\" \/>\n<meta property=\"og:type\" content=\"article\" \/>\n<meta property=\"og:title\" content=\"Soir\u00e9e de gala namuroise - w-l-c\" \/>\n<meta property=\"og:description\" content=\"Le FIFF namurois a d\u00e9but\u00e9 vendredi et comme d\u2019habitude l\u2019engouement public est exceptionnel. Le Festival, c\u2019est une de ses caract\u00e9ristiques essentielles, est largement ouvert aux Namurois qui ne se font pas prier pour d\u00e9couvrir en avant-premi\u00e8re les productions francophones qui feront l\u2019actualit\u00e9 durant les prochains mois.\" \/>\n<meta property=\"og:url\" content=\"https:\/\/w-l-c.be\/fr\/soiree-de-gala-namuroise\/\" \/>\n<meta property=\"og:site_name\" content=\"w-l-c\" \/>\n<meta property=\"article:published_time\" content=\"2015-10-04T11:27:23+00:00\" \/>\n<meta property=\"og:image\" content=\"https:\/\/w-l-c.be\/wp-content\/uploads\/2015\/10\/EG-7289.jpg\" \/>\n\t<meta property=\"og:image:width\" content=\"1200\" \/>\n\t<meta property=\"og:image:height\" content=\"800\" \/>\n\t<meta property=\"og:image:type\" content=\"image\/jpeg\" \/>\n<meta name=\"author\" content=\"Philippe.Pierquin\" \/>\n<meta name=\"twitter:card\" content=\"summary_large_image\" \/>\n<meta name=\"twitter:label1\" content=\"\u00c9crit par\" \/>\n\t<meta name=\"twitter:data1\" content=\"Philippe.Pierquin\" \/>\n\t<meta name=\"twitter:label2\" content=\"Dur\u00e9e de lecture estim\u00e9e\" \/>\n\t<meta name=\"twitter:data2\" content=\"1 minute\" \/>\n<script type=\"application\/ld+json\" class=\"yoast-schema-graph\">{\"@context\":\"https:\/\/schema.org\",\"@graph\":[{\"@type\":\"WebPage\",\"@id\":\"https:\/\/w-l-c.be\/fr\/soiree-de-gala-namuroise\/\",\"url\":\"https:\/\/w-l-c.be\/fr\/soiree-de-gala-namuroise\/\",\"name\":\"Soir\u00e9e de gala namuroise - w-l-c\",\"isPartOf\":{\"@id\":\"https:\/\/w-l-c.be\/fr\/#website\"},\"datePublished\":\"2015-10-04T11:27:23+00:00\",\"dateModified\":\"2015-10-04T11:27:23+00:00\",\"author\":{\"@id\":\"https:\/\/w-l-c.be\/fr\/#\/schema\/person\/4b9b1d857f0943453a38a7c2859ef756\"},\"breadcrumb\":{\"@id\":\"https:\/\/w-l-c.be\/fr\/soiree-de-gala-namuroise\/#breadcrumb\"},\"inLanguage\":\"fr-FR\",\"potentialAction\":[{\"@type\":\"ReadAction\",\"target\":[\"https:\/\/w-l-c.be\/fr\/soiree-de-gala-namuroise\/\"]}]},{\"@type\":\"BreadcrumbList\",\"@id\":\"https:\/\/w-l-c.be\/fr\/soiree-de-gala-namuroise\/#breadcrumb\",\"itemListElement\":[{\"@type\":\"ListItem\",\"position\":1,\"name\":\"Accueil\",\"item\":\"https:\/\/w-l-c.be\/fr\/\"},{\"@type\":\"ListItem\",\"position\":2,\"name\":\"Soir\u00e9e de gala namuroise\"}]},{\"@type\":\"WebSite\",\"@id\":\"https:\/\/w-l-c.be\/fr\/#website\",\"url\":\"https:\/\/w-l-c.be\/fr\/\",\"name\":\"w-l-c\",\"description\":\"Le cin\u00e9ma vu par les belges\",\"potentialAction\":[{\"@type\":\"SearchAction\",\"target\":{\"@type\":\"EntryPoint\",\"urlTemplate\":\"https:\/\/w-l-c.be\/fr\/?s={search_term_string}\"},\"query-input\":\"required name=search_term_string\"}],\"inLanguage\":\"fr-FR\"},{\"@type\":\"Person\",\"@id\":\"https:\/\/w-l-c.be\/fr\/#\/schema\/person\/4b9b1d857f0943453a38a7c2859ef756\",\"name\":\"Philippe.Pierquin\",\"url\":\"https:\/\/w-l-c.be\/fr\/author\/philippe-pierquin\/\"}]}<\/script>\n<!-- \/ Yoast SEO plugin. -->","yoast_head_json":{"title":"Soir\u00e9e de gala namuroise - w-l-c","robots":{"index":"noindex","follow":"follow","max-snippet":"max-snippet:-1","max-image-preview":"max-image-preview:large","max-video-preview":"max-video-preview:-1"},"og_locale":"fr_FR","og_type":"article","og_title":"Soir\u00e9e de gala namuroise - w-l-c","og_description":"Le FIFF namurois a d\u00e9but\u00e9 vendredi et comme d\u2019habitude l\u2019engouement public est exceptionnel. Le Festival, c\u2019est une de ses caract\u00e9ristiques essentielles, est largement ouvert aux Namurois qui ne se font pas prier pour d\u00e9couvrir en avant-premi\u00e8re les productions francophones qui feront l\u2019actualit\u00e9 durant les prochains mois.","og_url":"https:\/\/w-l-c.be\/fr\/soiree-de-gala-namuroise\/","og_site_name":"w-l-c","article_published_time":"2015-10-04T11:27:23+00:00","og_image":[{"width":1200,"height":800,"url":"https:\/\/w-l-c.be\/wp-content\/uploads\/2015\/10\/EG-7289.jpg","type":"image\/jpeg"}],"author":"Philippe.Pierquin","twitter_card":"summary_large_image","twitter_misc":{"\u00c9crit par":"Philippe.Pierquin","Dur\u00e9e de lecture estim\u00e9e":"1 minute"},"schema":{"@context":"https:\/\/schema.org","@graph":[{"@type":"WebPage","@id":"https:\/\/w-l-c.be\/fr\/soiree-de-gala-namuroise\/","url":"https:\/\/w-l-c.be\/fr\/soiree-de-gala-namuroise\/","name":"Soir\u00e9e de gala namuroise - w-l-c","isPartOf":{"@id":"https:\/\/w-l-c.be\/fr\/#website"},"datePublished":"2015-10-04T11:27:23+00:00","dateModified":"2015-10-04T11:27:23+00:00","author":{"@id":"https:\/\/w-l-c.be\/fr\/#\/schema\/person\/4b9b1d857f0943453a38a7c2859ef756"},"breadcrumb":{"@id":"https:\/\/w-l-c.be\/fr\/soiree-de-gala-namuroise\/#breadcrumb"},"inLanguage":"fr-FR","potentialAction":[{"@type":"ReadAction","target":["https:\/\/w-l-c.be\/fr\/soiree-de-gala-namuroise\/"]}]},{"@type":"BreadcrumbList","@id":"https:\/\/w-l-c.be\/fr\/soiree-de-gala-namuroise\/#breadcrumb","itemListElement":[{"@type":"ListItem","position":1,"name":"Accueil","item":"https:\/\/w-l-c.be\/fr\/"},{"@type":"ListItem","position":2,"name":"Soir\u00e9e de gala namuroise"}]},{"@type":"WebSite","@id":"https:\/\/w-l-c.be\/fr\/#website","url":"https:\/\/w-l-c.be\/fr\/","name":"w-l-c","description":"Le cin\u00e9ma vu par les belges","potentialAction":[{"@type":"SearchAction","target":{"@type":"EntryPoint","urlTemplate":"https:\/\/w-l-c.be\/fr\/?s={search_term_string}"},"query-input":"required name=search_term_string"}],"inLanguage":"fr-FR"},{"@type":"Person","@id":"https:\/\/w-l-c.be\/fr\/#\/schema\/person\/4b9b1d857f0943453a38a7c2859ef756","name":"Philippe.Pierquin","url":"https:\/\/w-l-c.be\/fr\/author\/philippe-pierquin\/"}]}},"_links":{"self":[{"href":"https:\/\/w-l-c.be\/fr\/wp-json\/wp\/v2\/posts\/78943","targetHints":{"allow":["GET"]}}],"collection":[{"href":"https:\/\/w-l-c.be\/fr\/wp-json\/wp\/v2\/posts"}],"about":[{"href":"https:\/\/w-l-c.be\/fr\/wp-json\/wp\/v2\/types\/post"}],"author":[{"embeddable":true,"href":"https:\/\/w-l-c.be\/fr\/wp-json\/wp\/v2\/users\/7"}],"replies":[{"embeddable":true,"href":"https:\/\/w-l-c.be\/fr\/wp-json\/wp\/v2\/comments?post=78943"}],"version-history":[{"count":0,"href":"https:\/\/w-l-c.be\/fr\/wp-json\/wp\/v2\/posts\/78943\/revisions"}],"wp:featuredmedia":[{"embeddable":true,"href":"https:\/\/w-l-c.be\/fr\/wp-json\/wp\/v2\/media\/78950"}],"wp:attachment":[{"href":"https:\/\/w-l-c.be\/fr\/wp-json\/wp\/v2\/media?parent=78943"}],"wp:term":[{"taxonomy":"category","embeddable":true,"href":"https:\/\/w-l-c.be\/fr\/wp-json\/wp\/v2\/categories?post=78943"},{"taxonomy":"post_tag","embeddable":true,"href":"https:\/\/w-l-c.be\/fr\/wp-json\/wp\/v2\/tags?post=78943"}],"curies":[{"name":"wp","href":"https:\/\/api.w.org\/{rel}","templated":true}]}}