
{"id":79285,"date":"2015-10-09T17:36:15","date_gmt":"2015-10-09T15:36:15","guid":{"rendered":"http:\/\/www.cinevox.be\/?p=79285"},"modified":"2015-10-09T17:36:15","modified_gmt":"2015-10-09T15:36:15","slug":"cadavre-exquis-fiff-2015","status":"publish","type":"post","link":"https:\/\/w-l-c.be\/fr\/cadavre-exquis-fiff-2015\/","title":{"rendered":"Cadavre Exquis &#8211; FIFF 2015"},"content":{"rendered":"<p>Cette ann\u00e9e, une fois encore, le FIFF met \u00e0 l\u2019honneur les jeunes com\u00e9diens belges.<\/p>\n<p>Dans le cadre de l&rsquo;Atelier G\u00e9n\u00e9ration 2015, ces acteurs\u00a0et les r\u00e9alisateurs des courts m\u00e9trages s\u00e9lectionn\u00e9s en Comp\u00e9tition nationale \u2013 FWB ont travaill\u00e9, par petits groupes, autour d\u2019extraits du court m\u00e9trage \u00ab 1 cl\u00e9 pour 2 \u00bb de Delphine No\u00ebls (2005).<\/p>\n<p>Cet atelier a pour but de favoriser les rencontres avec r\u00e9alisateurs, agents et directeurs de casting pr\u00e9sents au Festival.<\/p>\n<p>Voici le fruit de leur travail!<\/p>\n","protected":false},"excerpt":{"rendered":"<p>Cette ann\u00e9e, une fois encore, le FIFF met \u00e0 l\u2019honneur les jeunes com\u00e9diens belges. Dans le cadre de l&rsquo;Atelier G\u00e9n\u00e9ration 2015, ces acteurs\u00a0et les r\u00e9alisateurs des courts m\u00e9trages s\u00e9lectionn\u00e9s en Comp\u00e9tition nationale \u2013 FWB ont travaill\u00e9, par petits groupes, autour d\u2019extraits du court m\u00e9trage \u00ab 1 cl\u00e9 pour 2 \u00bb de Delphine No\u00ebls (2005). Cet &hellip;<\/p>\n","protected":false},"author":7,"featured_media":79286,"comment_status":"closed","ping_status":"closed","sticky":false,"template":"","format":"standard","meta":{"ngg_post_thumbnail":0,"footnotes":""},"categories":[],"tags":[],"class_list":["post-79285","post","type-post","status-publish","format-standard","has-post-thumbnail",""],"yoast_head":"<!-- This site is optimized with the Yoast SEO plugin v20.4 - https:\/\/yoast.com\/wordpress\/plugins\/seo\/ -->\n<title>Cadavre Exquis - FIFF 2015 - w-l-c<\/title>\n<meta name=\"robots\" content=\"noindex, follow, max-snippet:-1, max-image-preview:large, max-video-preview:-1\" \/>\n<meta property=\"og:locale\" content=\"fr_FR\" \/>\n<meta property=\"og:type\" content=\"article\" \/>\n<meta property=\"og:title\" content=\"Cadavre Exquis - FIFF 2015 - w-l-c\" \/>\n<meta property=\"og:description\" content=\"Cette ann\u00e9e, une fois encore, le FIFF met \u00e0 l\u2019honneur les jeunes com\u00e9diens belges. Dans le cadre de l&rsquo;Atelier G\u00e9n\u00e9ration 2015, ces acteurs\u00a0et les r\u00e9alisateurs des courts m\u00e9trages s\u00e9lectionn\u00e9s en Comp\u00e9tition nationale \u2013 FWB ont travaill\u00e9, par petits groupes, autour d\u2019extraits du court m\u00e9trage \u00ab 1 cl\u00e9 pour 2 \u00bb de Delphine No\u00ebls (2005). Cet &hellip;\" \/>\n<meta property=\"og:url\" content=\"https:\/\/w-l-c.be\/fr\/cadavre-exquis-fiff-2015\/\" \/>\n<meta property=\"og:site_name\" content=\"w-l-c\" \/>\n<meta property=\"article:published_time\" content=\"2015-10-09T15:36:15+00:00\" \/>\n<meta property=\"og:image\" content=\"https:\/\/w-l-c.be\/wp-content\/uploads\/2015\/10\/2015-10-09_17h35_07.png\" \/>\n\t<meta property=\"og:image:width\" content=\"952\" \/>\n\t<meta property=\"og:image:height\" content=\"475\" \/>\n\t<meta property=\"og:image:type\" content=\"image\/png\" \/>\n<meta name=\"author\" content=\"Philippe.Pierquin\" \/>\n<meta name=\"twitter:card\" content=\"summary_large_image\" \/>\n<meta name=\"twitter:label1\" content=\"\u00c9crit par\" \/>\n\t<meta name=\"twitter:data1\" content=\"Philippe.Pierquin\" \/>\n<script type=\"application\/ld+json\" class=\"yoast-schema-graph\">{\"@context\":\"https:\/\/schema.org\",\"@graph\":[{\"@type\":\"WebPage\",\"@id\":\"https:\/\/w-l-c.be\/fr\/cadavre-exquis-fiff-2015\/\",\"url\":\"https:\/\/w-l-c.be\/fr\/cadavre-exquis-fiff-2015\/\",\"name\":\"Cadavre Exquis - FIFF 2015 - w-l-c\",\"isPartOf\":{\"@id\":\"https:\/\/w-l-c.be\/fr\/#website\"},\"datePublished\":\"2015-10-09T15:36:15+00:00\",\"dateModified\":\"2015-10-09T15:36:15+00:00\",\"author\":{\"@id\":\"https:\/\/w-l-c.be\/fr\/#\/schema\/person\/4b9b1d857f0943453a38a7c2859ef756\"},\"breadcrumb\":{\"@id\":\"https:\/\/w-l-c.be\/fr\/cadavre-exquis-fiff-2015\/#breadcrumb\"},\"inLanguage\":\"fr-FR\",\"potentialAction\":[{\"@type\":\"ReadAction\",\"target\":[\"https:\/\/w-l-c.be\/fr\/cadavre-exquis-fiff-2015\/\"]}]},{\"@type\":\"BreadcrumbList\",\"@id\":\"https:\/\/w-l-c.be\/fr\/cadavre-exquis-fiff-2015\/#breadcrumb\",\"itemListElement\":[{\"@type\":\"ListItem\",\"position\":1,\"name\":\"Accueil\",\"item\":\"https:\/\/w-l-c.be\/fr\/\"},{\"@type\":\"ListItem\",\"position\":2,\"name\":\"Cadavre Exquis &#8211; FIFF 2015\"}]},{\"@type\":\"WebSite\",\"@id\":\"https:\/\/w-l-c.be\/fr\/#website\",\"url\":\"https:\/\/w-l-c.be\/fr\/\",\"name\":\"w-l-c\",\"description\":\"Le cin\u00e9ma vu par les belges\",\"potentialAction\":[{\"@type\":\"SearchAction\",\"target\":{\"@type\":\"EntryPoint\",\"urlTemplate\":\"https:\/\/w-l-c.be\/fr\/?s={search_term_string}\"},\"query-input\":\"required name=search_term_string\"}],\"inLanguage\":\"fr-FR\"},{\"@type\":\"Person\",\"@id\":\"https:\/\/w-l-c.be\/fr\/#\/schema\/person\/4b9b1d857f0943453a38a7c2859ef756\",\"name\":\"Philippe.Pierquin\",\"url\":\"https:\/\/w-l-c.be\/fr\/author\/philippe-pierquin\/\"}]}<\/script>\n<!-- \/ Yoast SEO plugin. -->","yoast_head_json":{"title":"Cadavre Exquis - FIFF 2015 - w-l-c","robots":{"index":"noindex","follow":"follow","max-snippet":"max-snippet:-1","max-image-preview":"max-image-preview:large","max-video-preview":"max-video-preview:-1"},"og_locale":"fr_FR","og_type":"article","og_title":"Cadavre Exquis - FIFF 2015 - w-l-c","og_description":"Cette ann\u00e9e, une fois encore, le FIFF met \u00e0 l\u2019honneur les jeunes com\u00e9diens belges. Dans le cadre de l&rsquo;Atelier G\u00e9n\u00e9ration 2015, ces acteurs\u00a0et les r\u00e9alisateurs des courts m\u00e9trages s\u00e9lectionn\u00e9s en Comp\u00e9tition nationale \u2013 FWB ont travaill\u00e9, par petits groupes, autour d\u2019extraits du court m\u00e9trage \u00ab 1 cl\u00e9 pour 2 \u00bb de Delphine No\u00ebls (2005). Cet &hellip;","og_url":"https:\/\/w-l-c.be\/fr\/cadavre-exquis-fiff-2015\/","og_site_name":"w-l-c","article_published_time":"2015-10-09T15:36:15+00:00","og_image":[{"width":952,"height":475,"url":"https:\/\/w-l-c.be\/wp-content\/uploads\/2015\/10\/2015-10-09_17h35_07.png","type":"image\/png"}],"author":"Philippe.Pierquin","twitter_card":"summary_large_image","twitter_misc":{"\u00c9crit par":"Philippe.Pierquin"},"schema":{"@context":"https:\/\/schema.org","@graph":[{"@type":"WebPage","@id":"https:\/\/w-l-c.be\/fr\/cadavre-exquis-fiff-2015\/","url":"https:\/\/w-l-c.be\/fr\/cadavre-exquis-fiff-2015\/","name":"Cadavre Exquis - FIFF 2015 - w-l-c","isPartOf":{"@id":"https:\/\/w-l-c.be\/fr\/#website"},"datePublished":"2015-10-09T15:36:15+00:00","dateModified":"2015-10-09T15:36:15+00:00","author":{"@id":"https:\/\/w-l-c.be\/fr\/#\/schema\/person\/4b9b1d857f0943453a38a7c2859ef756"},"breadcrumb":{"@id":"https:\/\/w-l-c.be\/fr\/cadavre-exquis-fiff-2015\/#breadcrumb"},"inLanguage":"fr-FR","potentialAction":[{"@type":"ReadAction","target":["https:\/\/w-l-c.be\/fr\/cadavre-exquis-fiff-2015\/"]}]},{"@type":"BreadcrumbList","@id":"https:\/\/w-l-c.be\/fr\/cadavre-exquis-fiff-2015\/#breadcrumb","itemListElement":[{"@type":"ListItem","position":1,"name":"Accueil","item":"https:\/\/w-l-c.be\/fr\/"},{"@type":"ListItem","position":2,"name":"Cadavre Exquis &#8211; FIFF 2015"}]},{"@type":"WebSite","@id":"https:\/\/w-l-c.be\/fr\/#website","url":"https:\/\/w-l-c.be\/fr\/","name":"w-l-c","description":"Le cin\u00e9ma vu par les belges","potentialAction":[{"@type":"SearchAction","target":{"@type":"EntryPoint","urlTemplate":"https:\/\/w-l-c.be\/fr\/?s={search_term_string}"},"query-input":"required name=search_term_string"}],"inLanguage":"fr-FR"},{"@type":"Person","@id":"https:\/\/w-l-c.be\/fr\/#\/schema\/person\/4b9b1d857f0943453a38a7c2859ef756","name":"Philippe.Pierquin","url":"https:\/\/w-l-c.be\/fr\/author\/philippe-pierquin\/"}]}},"_links":{"self":[{"href":"https:\/\/w-l-c.be\/fr\/wp-json\/wp\/v2\/posts\/79285","targetHints":{"allow":["GET"]}}],"collection":[{"href":"https:\/\/w-l-c.be\/fr\/wp-json\/wp\/v2\/posts"}],"about":[{"href":"https:\/\/w-l-c.be\/fr\/wp-json\/wp\/v2\/types\/post"}],"author":[{"embeddable":true,"href":"https:\/\/w-l-c.be\/fr\/wp-json\/wp\/v2\/users\/7"}],"replies":[{"embeddable":true,"href":"https:\/\/w-l-c.be\/fr\/wp-json\/wp\/v2\/comments?post=79285"}],"version-history":[{"count":0,"href":"https:\/\/w-l-c.be\/fr\/wp-json\/wp\/v2\/posts\/79285\/revisions"}],"wp:featuredmedia":[{"embeddable":true,"href":"https:\/\/w-l-c.be\/fr\/wp-json\/wp\/v2\/media\/79286"}],"wp:attachment":[{"href":"https:\/\/w-l-c.be\/fr\/wp-json\/wp\/v2\/media?parent=79285"}],"wp:term":[{"taxonomy":"category","embeddable":true,"href":"https:\/\/w-l-c.be\/fr\/wp-json\/wp\/v2\/categories?post=79285"},{"taxonomy":"post_tag","embeddable":true,"href":"https:\/\/w-l-c.be\/fr\/wp-json\/wp\/v2\/tags?post=79285"}],"curies":[{"name":"wp","href":"https:\/\/api.w.org\/{rel}","templated":true}]}}