
{"id":79324,"date":"2015-10-12T14:51:20","date_gmt":"2015-10-12T12:51:20","guid":{"rendered":"http:\/\/www.cinevox.be\/?p=79324"},"modified":"2015-10-12T15:27:17","modified_gmt":"2015-10-12T13:27:17","slug":"fiffement-lannee-prochaine","status":"publish","type":"post","link":"https:\/\/w-l-c.be\/fr\/fiffement-lannee-prochaine\/","title":{"rendered":"FIFFement l&rsquo;ann\u00e9e prochaine"},"content":{"rendered":"<p>Le FIFF namurois est d\u00e9sormais derri\u00e8re nous tandis que les Enfants Terribles de Huy et le Festival de Gand pointent d\u00e9j\u00e0 leur petit nez mignon \u00e0 l\u2019horizon. Car, oui, en Belgique, les festivals se succ\u00e8dent \u00e0 un rythme soutenu, chacun avec leurs sp\u00e9cificit\u00e9s et leurs temps forts.<!--more--><\/p>\n<p>&nbsp;<\/p>\n<p>Pour le cin\u00e9ma belge, ce FIFF 2015 fut une excellente moisson. Peu de films y avaient \u00e9t\u00e9 s\u00e9lectionn\u00e9s, mais beaucoup sont rest\u00e9s dans les m\u00e9moires. S\u2019il y a une th\u00e9matique \u00e0 retenir de cette \u00e9dition, c\u2019est certainement l\u2019\u00e9mergence de nouveaux cin\u00e9astes qui ont largement confirm\u00e9 tout le bien que leurs diff\u00e9rents courts m\u00e9trages et leur premier long pour certains d\u2019entre eux avaient fait na\u00eetre chez nous.<\/p>\n<p>&nbsp;<\/p>\n<p><a href=\"http:\/\/www.cinevox.be\/wp-content\/uploads\/2015\/10\/JURY-CINEVOX-OK-1121x614-1.jpg\"><img loading=\"lazy\" decoding=\"async\" class=\"aligncenter wp-image-79325 size-large\" src=\"http:\/\/www.cinevox.be\/wp-content\/uploads\/2015\/10\/JURY-CINEVOX-OK-1121x614-1-800x438.jpg\" alt=\"\" width=\"640\" height=\"350\" srcset=\"https:\/\/w-l-c.be\/wp-content\/uploads\/2015\/10\/JURY-CINEVOX-OK-1121x614-1-800x438.jpg 800w, https:\/\/w-l-c.be\/wp-content\/uploads\/2015\/10\/JURY-CINEVOX-OK-1121x614-1-480x262.jpg 480w, https:\/\/w-l-c.be\/wp-content\/uploads\/2015\/10\/JURY-CINEVOX-OK-1121x614-1.jpg 1121w\" sizes=\"auto, (max-width: 640px) 100vw, 640px\" \/><\/a><\/p>\n<p style=\"text-align: right;\">\u00a0<em>\u00a0Photo : BruxellesBondyBlog \/ No\u00e9mie Jadoulle &#8211;\u00a0(<a href=\"http:\/\/www.bxlbondyblog.be\/\" target=\"_blank\" rel=\"nofollow nofollow\">http:\/\/<wbr \/>www.bxlbondyblog.be\/<\/a>)<\/em><\/p>\n<p>&nbsp;<\/p>\n<p>Couronn\u00e9 par le prix Cinevox par un jury de cin\u00e9philes amateurs, <em>Je me tue \u00e0 le dire<\/em> n\u2019a pas loup\u00e9 son arriv\u00e9e sur les grands \u00e9crans. Le premier long de <strong>Xavier Seron,<\/strong> connu et reconnu pour ses courts, \u00e9tait pr\u00e9sent\u00e9 \u00e0 Namur en premi\u00e8re mondiale devant une salle bond\u00e9e. L\u2019ovation qui l\u2019a suivi ne laissait planer aucun doute sur son impact sur le public. Son regard d\u00e9cal\u00e9 sur le cancer, la mort, les relations familiales, la religion aussi, constamment nuanc\u00e9 par un humour anthracite a fait mouche (pour plus d&rsquo;infos lire <a href=\"http:\/\/www.cinevox.be\/je-me-tue-a-le-dire-terriblement-noir-follement-gonfle-horriblement-drole\/\">ici<\/a>).<\/p>\n<p>L\u2019interpr\u00e9tation irr\u00e9prochable d\u2019un merveilleux Jean-Jacques Rausin, de Myriam Boyer et de leurs acolytes est un des autres atouts du film.<br \/>\nC\u2019est d\u2019ailleurs une des caract\u00e9ristiques des films belges du FIFF de cette ann\u00e9e de briller particuli\u00e8rement par leur interpr\u00e9tation et leur direction d\u2019acteurs. L\u2019un n\u2019allant pas sans l\u2019autre. Et inversement sans doute.<\/p>\n<p>&nbsp;<\/p>\n<p><a href=\"http:\/\/www.cinevox.be\/wp-content\/uploads\/2015\/10\/10629387_753728687998550_6500403532388435705_o1.jpg\"><img loading=\"lazy\" decoding=\"async\" class=\"aligncenter wp-image-79326 size-large\" src=\"http:\/\/www.cinevox.be\/wp-content\/uploads\/2015\/10\/10629387_753728687998550_6500403532388435705_o1-800x533.jpg\" alt=\"\" width=\"640\" height=\"426\" srcset=\"https:\/\/w-l-c.be\/wp-content\/uploads\/2015\/10\/10629387_753728687998550_6500403532388435705_o1-800x533.jpg 800w, https:\/\/w-l-c.be\/wp-content\/uploads\/2015\/10\/10629387_753728687998550_6500403532388435705_o1-405x270.jpg 405w, https:\/\/w-l-c.be\/wp-content\/uploads\/2015\/10\/10629387_753728687998550_6500403532388435705_o1.jpg 2048w\" sizes=\"auto, (max-width: 640px) 100vw, 640px\" \/><\/a><\/p>\n<p>&nbsp;<\/p>\n<p>De <em>Pr\u00e9judice (<a href=\"http:\/\/www.cinevox.be\/prejudice-chez-ces-gens-la\/\">ICI<\/a>)<\/em> \u00e0<em> Keeper<\/em> (prix de la critique, lire <a href=\"http:\/\/www.cinevox.be\/prejudice-chez-ces-gens-la\/\">ICI<\/a>) en passant par <em>Welcome Home (lire <a href=\"http:\/\/www.cinevox.be\/welcome-home-ils-ne-pleurent-pas-ils-vivent\/\">ICI<\/a>)<\/em>, les acteurs ont \u00e9t\u00e9 particuli\u00e8rement \u00e0 la f\u00eate cette ann\u00e9e et si on devait remettre un prix \u00e0 un des com\u00e9diens de ces films on serait bien en peine de d\u00e9partager <strong>Thomas Blanchard, Arthur Buyssens, Kacey Mottet-Klein<\/strong> ou <strong>Martin Nissen.<\/strong><\/p>\n<p>Mention sp\u00e9ciale n\u00e9anmoins \u00e0 <strong>Philippe de Pierpont<\/strong> qui a fait le pari inverse de la plupart des r\u00e9alisateurs belges ces derni\u00e8res ann\u00e9es. Alors que <em>L\u2019ann\u00e9e prochaine, Keeper<\/em> ou, avant \u00e7a<em>, Mobile Home<\/em> privil\u00e9gient des com\u00e9diens fran\u00e7ais ou suisses (tous excellents), Philippe a d\u00e9cid\u00e9 de trouver un duo 100% belge.<br \/>\nSon culot a \u00e9t\u00e9 formidablement r\u00e9compens\u00e9 vendredi lors de la c\u00e9r\u00e9monie des Bayards avec un prix coup de c\u0153ur du jury, pas pr\u00e9vu au protocole, mais qui a \u00e9mu le cin\u00e9aste et provoqu\u00e9 une belle ovation dans le th\u00e9\u00e2tre de Namur.<\/p>\n<p><strong>Adil El Arbi et Bilall Fallah<\/strong> les r\u00e9alisateurs de Black (lire <a href=\"http:\/\/www.cinevox.be\/black-noir-violent-intense-et-indispensable\/\">ICI<\/a>) ont aussi frapp\u00e9 tr\u00e8s fort en d\u00e9nichant seize (16\u00a0!) jeunes com\u00e9diens, tous d\u00e9butants et, pour certains, carr\u00e9ment fracassants.<\/p>\n<p>Les com\u00e9diens belges prometteurs sont nombreux, encore faut-il faire l&rsquo;effort de les chercher et surtout leur faire confiance. Un \u00e9norme bravo \u00e0 ces cin\u00e9astes qui ont pris des risques et en sont aujourd&rsquo;hui r\u00e9compens\u00e9s. Ce n&rsquo;est qu&rsquo;ainsi que le cin\u00e9ma belge se diversifiera et deviendra plus attrayant.<\/p>\n<p>&nbsp;<\/p>\n<p>Autre tendance forte cette l&rsquo;ann\u00e9e: le documentaire belge a \u00e9t\u00e9 doublement \u00e0 l&rsquo;honneur lors de la c\u00e9r\u00e9monie des Bayards.<\/p>\n<p>&nbsp;<\/p>\n<p>&nbsp;<\/p>\n<p><a href=\"http:\/\/www.cinevox.be\/wp-content\/uploads\/2015\/10\/our-city-2.jpg\"><img loading=\"lazy\" decoding=\"async\" class=\"aligncenter wp-image-79327 size-large\" src=\"http:\/\/www.cinevox.be\/wp-content\/uploads\/2015\/10\/our-city-2-800x450.jpg\" alt=\"\" width=\"640\" height=\"360\" srcset=\"https:\/\/w-l-c.be\/wp-content\/uploads\/2015\/10\/our-city-2-800x450.jpg 800w, https:\/\/w-l-c.be\/wp-content\/uploads\/2015\/10\/our-city-2-200x113.jpg 200w, https:\/\/w-l-c.be\/wp-content\/uploads\/2015\/10\/our-city-2-480x270.jpg 480w, https:\/\/w-l-c.be\/wp-content\/uploads\/2015\/10\/our-city-2-300x169.jpg 300w, https:\/\/w-l-c.be\/wp-content\/uploads\/2015\/10\/our-city-2-620x350.jpg 620w, https:\/\/w-l-c.be\/wp-content\/uploads\/2015\/10\/our-city-2.jpg 1024w\" sizes=\"auto, (max-width: 640px) 100vw, 640px\" \/><\/a><\/p>\n<p>&nbsp;<\/p>\n<p>Si <strong>Valery Rosier<\/strong> avait d\u00e9laiss\u00e9 cette case pour se frotter au long m\u00e9trage de fiction (lire <a href=\"http:\/\/www.cinevox.be\/parasol-lautre-cote-du-soleil\/\">ici<\/a>), \u00a0<em>\u00c9claireurs<\/em> de Christophe Hermans a d\u00e9croch\u00e9 le prix du public dans la cat\u00e9gorie tandis que (exploit rarissime dans les annales), <em>Our City<\/em> de Maria Tarantino (voir <a href=\"http:\/\/www.cinevox.be\/?p=79321\">ici<\/a>), portrait kal\u00e9idoscopique de Bruxelles, \u00e0 partir de ses habitants, arrachait un prix sp\u00e9cial du jury d\u00e9cern\u00e9 par le jury officiel. Soit le deuxi\u00e8me prix de la manifestation. Rien de moins.<\/p>\n<p>&nbsp;<\/p>\n<p>&nbsp;<\/p>\n<h2><strong>PALMAR\u00c8S 2015 <\/strong><\/h2>\n<p><strong>(en grasse les films belges, en italique, les coproductions)<\/strong><\/p>\n<p>&nbsp;<\/p>\n<h2>COMP\u00c9TITION OFFICIELLE LONGS M\u00c9TRAGES<\/h2>\n<p>&nbsp;<\/p>\n<p>BAYARD D&rsquo;OR DU MEILLEUR FILM<\/p>\n<p>Temp\u00eate de Samuel Collardey (France)<\/p>\n<p>&nbsp;<\/p>\n<p><strong>PRIX SP\u00c9CIAL DU JURY<\/strong><\/p>\n<p><strong>Our City de Maria Tarantino (Belgique)<\/strong><\/p>\n<p>&nbsp;<\/p>\n<p><strong>MENTION SP\u00c9CIALE (coup de c\u0153ur du jury)<\/strong><\/p>\n<p><strong>Welcome Home de Philippe de Pierpont (Belgique)<\/strong><\/p>\n<p>&nbsp;<\/p>\n<p>BAYARD D&rsquo;OR DE LA MEILLEURE COM\u00c9DIENNE<\/p>\n<p>Loubna Abidar dans Much Loved de Nabil Ayouch (Maroc\/France)<\/p>\n<p>&nbsp;<\/p>\n<p>BAYARD D&rsquo;OR DU MEILLEUR COM\u00c9DIEN<\/p>\n<p>Dominique Leborne dans Temp\u00eate de Samuel Collardey (France)<\/p>\n<p>&nbsp;<\/p>\n<p>BAYARD D&rsquo;OR DE LA MEILLEURE PHOTOGRAPHIE<\/p>\n<p>Aferim ! de Radu Jude (Roumanie\/Bulgarie\/R\u00e9publique Tch\u00e8que\/France)<\/p>\n<p>&nbsp;<\/p>\n<p>BAYARD D&rsquo;OR DU MEILLEUR SC\u00c9NARIO<\/p>\n<p>Une enfance de Philippe Claudel (France)<\/p>\n<p>&nbsp;<\/p>\n<p>&nbsp;<\/p>\n<p>COMP\u00c9TITION PREMI\u00c8RE \u0152UVRE DE FICTION<\/p>\n<p>&nbsp;<\/p>\n<p><em>BAYARD D&rsquo;OR DE LA MEILLEURE 1\u00c8RE OEUVRE DE FICTION<\/em><\/p>\n<p><em>A peine j\u2019ouvre les yeux de Leyla Bouzid (Tunisie\/Belgique\/France\/\u00c9mirats Arabes Unis)<\/em><\/p>\n<p><em>\u00a0<\/em><\/p>\n<p><em>PRIX D\u00c9COUVERTE<\/em><\/p>\n<p><em>Ni le ciel, ni la terre de Cl\u00e9ment Cogitore (France\/Belgique)<\/em><\/p>\n<p>&nbsp;<\/p>\n<p>MENTION SP\u00c9CIALE<\/p>\n<p>Le Nouveau de Rudi Rosenberg (France)<\/p>\n<p>&nbsp;<\/p>\n<p>&nbsp;<\/p>\n<p>&nbsp;<\/p>\n<h2>COMP\u00c9TITION INTERNATIONALE COURTS M\u00c9TRAGES<\/h2>\n<p>&nbsp;<\/p>\n<p>BAYARD D&rsquo;OR DU MEILLEUR COURT M\u00c9TRAGE<\/p>\n<p>Waves &rsquo;98 d\u2019Ely Dagher (Liban\/Qatar)<\/p>\n<p>&nbsp;<\/p>\n<p>PRIX SP\u00c9CIAL DU JURY<\/p>\n<p>Ton c\u0153ur au hasard d\u2019Aude-L\u00e9a Rapin (France)<\/p>\n<p>&nbsp;<\/p>\n<p>MENTION SP\u00c9CIALE<\/p>\n<p>P\u00e8re de Lotfi Achour (Tunisie\/France)<\/p>\n<p>&nbsp;<\/p>\n<p>&nbsp;<\/p>\n<p><strong>COMP\u00c9TITION NATIONALE-FWB COURTS M\u00c9TRAGES<\/strong><\/p>\n<p><strong>\u00a0<\/strong><\/p>\n<p><a href=\"http:\/\/www.cinevox.be\/wp-content\/uploads\/2015\/10\/the-hidden-part.jpg\"><img loading=\"lazy\" decoding=\"async\" class=\"aligncenter wp-image-79328 \" src=\"http:\/\/www.cinevox.be\/wp-content\/uploads\/2015\/10\/the-hidden-part.jpg\" alt=\"\" width=\"618\" height=\"353\" srcset=\"https:\/\/w-l-c.be\/wp-content\/uploads\/2015\/10\/the-hidden-part.jpg 420w, https:\/\/w-l-c.be\/wp-content\/uploads\/2015\/10\/the-hidden-part-200x113.jpg 200w\" sizes=\"auto, (max-width: 618px) 100vw, 618px\" \/><\/a><\/p>\n<p>&nbsp;<\/p>\n<p><strong>MEILLEUR COURT M\u00c9TRAGE<\/strong><\/p>\n<p><strong>The Hidden Part de Monique Marnette et Caroline D\u2019hondt (Belgique) <\/strong><\/p>\n<p><strong>\u00a0<\/strong><\/p>\n<p><strong>\u00a0<\/strong><\/p>\n<p><strong>PRIX SP\u00c9CIAL DU JURY<\/strong><\/p>\n<p><strong>Derni\u00e8re porte au sud de Sacha Feiner (Belgique\/France) <\/strong><\/p>\n<p><strong>\u00a0<\/strong><\/p>\n<p><strong>\u00a0<\/strong><\/p>\n<p><strong>PRIX DE LA MEILLEURE PHOTOGRAPHIE<\/strong><\/p>\n<p><strong>Les Amoureuses de Catherine Cosme (Belgique\/France)<\/strong><\/p>\n<p><strong>\u00a0<\/strong><\/p>\n<p><strong>PRIX D&rsquo;INTERPR\u00c9TATION<\/strong><\/p>\n<p><strong>Sophie Breyer, Judith Williquet, Lou Bohringer, Olivia Smets, St\u00e9phane Caillard<\/strong><\/p>\n<p><strong>Le Sommeil des Amazones de B\u00e9rang\u00e8re McNeese (Belgique) <\/strong><\/p>\n<p><strong>\u00a0<\/strong><\/p>\n<p><strong>\u00a0<\/strong><\/p>\n<p><strong>MENTION SP\u00c9CIALE<\/strong><\/p>\n<p><strong>Zoufs de Tom Boccara, No\u00e9 Reutenauer, \u00c9milien Vekemans (Belgique)<\/strong><\/p>\n<p>&nbsp;<\/p>\n<p>&nbsp;<\/p>\n<p>COMP\u00c9TITION CLIPS<\/p>\n<p>PRIX DU MEILLEUR CLIP<\/p>\n<p>She&rsquo;s bad par DyE feat. The Egyptian Lover (FR\/USA)<\/p>\n<p>R\u00e9alisation : Jean-Philippe Chartrand et Benjamin Mege AKA Dent de cuir (FR)<\/p>\n<p>&nbsp;<\/p>\n<p>PRIX DU PUBLIC COURT M\u00c9TRAGE<\/p>\n<p>XYZ, The City Hunter de M. Tikal (Belgique)<\/p>\n<p>&nbsp;<\/p>\n<p>PRIX DU PUBLIC LONG M\u00c9TRAGE DE FICTION<\/p>\n<p>Le Nouveau de Rudi Rosenberg (France)<\/p>\n<p>&nbsp;<\/p>\n<p><a href=\"http:\/\/www.cinevox.be\/wp-content\/uploads\/2015\/10\/Eclaireurs_5RET.jpg\"><img loading=\"lazy\" decoding=\"async\" class=\"aligncenter wp-image-79329 size-large\" src=\"http:\/\/www.cinevox.be\/wp-content\/uploads\/2015\/10\/Eclaireurs_5RET-800x450.jpg\" alt=\"\" width=\"640\" height=\"360\" srcset=\"https:\/\/w-l-c.be\/wp-content\/uploads\/2015\/10\/Eclaireurs_5RET-800x450.jpg 800w, https:\/\/w-l-c.be\/wp-content\/uploads\/2015\/10\/Eclaireurs_5RET-200x113.jpg 200w, https:\/\/w-l-c.be\/wp-content\/uploads\/2015\/10\/Eclaireurs_5RET-480x270.jpg 480w, https:\/\/w-l-c.be\/wp-content\/uploads\/2015\/10\/Eclaireurs_5RET-300x169.jpg 300w, https:\/\/w-l-c.be\/wp-content\/uploads\/2015\/10\/Eclaireurs_5RET-620x350.jpg 620w, https:\/\/w-l-c.be\/wp-content\/uploads\/2015\/10\/Eclaireurs_5RET.jpg 1024w\" sizes=\"auto, (max-width: 640px) 100vw, 640px\" \/><\/a><\/p>\n<p>&nbsp;<\/p>\n<p><strong>PRIX DU PUBLIC DOCUMENTAIRE<\/strong><\/p>\n<p><strong>\u00c9claireurs de Christophe Hermans (Belgique)<\/strong><\/p>\n<p>&nbsp;<\/p>\n<p><strong>PRIX OFF<\/strong><\/p>\n<ul>\n<li><strong> Le Prix Cinevox a \u00e9t\u00e9 attribu\u00e9 \u00e0 Xavier Seron pour \u00ab\u00a0Je me tue \u00e0 le dire\u00a0\u00bb<\/strong><\/li>\n<li><strong> Le Prix de la critique U.C.C. et U.P.C.B. a \u00e9t\u00e9 attribu\u00e9 \u00e0 Guillaume Senez pour \u00ab\u00a0Keeper\u00a0\u00bb<\/strong><\/li>\n<li><strong> Le Prix BeTV a \u00e9t\u00e9 attribu\u00e9 \u00e0 Laurent Scheid pour \u00ab\u00a0Tout va bien\u00a0\u00bb<\/strong><\/li>\n<li><strong> Le Prix Arte a \u00e9t\u00e9 attribu\u00e9 \u00e0 Juliette Klinke et Thomas Xhignesse pour \u00ab\u00a0Nelson\u00a0\u00bb<\/strong><\/li>\n<li><strong> Le Prix Format court a \u00e9t\u00e9 attribu\u00e9 \u00e0 Jean-Fran\u00e7ois Ravagnan pour \u00ab\u00a0Rena\u00eetre<\/strong><\/li>\n<\/ul>\n<p>&nbsp;<\/p>\n<p>&nbsp;<\/p>\n<p>&nbsp;<\/p>\n<p>&nbsp;<\/p>\n","protected":false},"excerpt":{"rendered":"<p>Le FIFF namurois est d\u00e9sormais derri\u00e8re nous tandis que les Enfants Terribles de Huy et le Festival de Gand pointent d\u00e9j\u00e0 leur petit nez mignon \u00e0 l\u2019horizon. Car, oui, en Belgique, les festivals se succ\u00e8dent \u00e0 un rythme soutenu, chacun avec leurs sp\u00e9cificit\u00e9s et leurs temps forts.<\/p>\n","protected":false},"author":7,"featured_media":79331,"comment_status":"closed","ping_status":"closed","sticky":false,"template":"","format":"standard","meta":{"ngg_post_thumbnail":0,"footnotes":""},"categories":[12],"tags":[],"class_list":["post-79324","post","type-post","status-publish","format-standard","has-post-thumbnail","","category-awards"],"yoast_head":"<!-- This site is optimized with the Yoast SEO plugin v20.4 - https:\/\/yoast.com\/wordpress\/plugins\/seo\/ -->\n<title>FIFFement l&#039;ann\u00e9e prochaine - w-l-c<\/title>\n<meta name=\"robots\" content=\"noindex, follow, max-snippet:-1, max-image-preview:large, max-video-preview:-1\" \/>\n<meta property=\"og:locale\" content=\"fr_FR\" \/>\n<meta property=\"og:type\" content=\"article\" \/>\n<meta property=\"og:title\" content=\"FIFFement l&#039;ann\u00e9e prochaine - w-l-c\" \/>\n<meta property=\"og:description\" content=\"Le FIFF namurois est d\u00e9sormais derri\u00e8re nous tandis que les Enfants Terribles de Huy et le Festival de Gand pointent d\u00e9j\u00e0 leur petit nez mignon \u00e0 l\u2019horizon. Car, oui, en Belgique, les festivals se succ\u00e8dent \u00e0 un rythme soutenu, chacun avec leurs sp\u00e9cificit\u00e9s et leurs temps forts.\" \/>\n<meta property=\"og:url\" content=\"https:\/\/w-l-c.be\/fr\/fiffement-lannee-prochaine\/\" \/>\n<meta property=\"og:site_name\" content=\"w-l-c\" \/>\n<meta property=\"article:published_time\" content=\"2015-10-12T12:51:20+00:00\" \/>\n<meta property=\"article:modified_time\" content=\"2015-10-12T13:27:17+00:00\" \/>\n<meta property=\"og:image\" content=\"https:\/\/w-l-c.be\/wp-content\/uploads\/2015\/10\/2015-10-09-20.16.16.jpg\" \/>\n\t<meta property=\"og:image:width\" content=\"4128\" \/>\n\t<meta property=\"og:image:height\" content=\"2322\" \/>\n\t<meta property=\"og:image:type\" content=\"image\/jpeg\" \/>\n<meta name=\"author\" content=\"Philippe.Pierquin\" \/>\n<meta name=\"twitter:card\" content=\"summary_large_image\" \/>\n<meta name=\"twitter:label1\" content=\"\u00c9crit par\" \/>\n\t<meta name=\"twitter:data1\" content=\"Philippe.Pierquin\" \/>\n\t<meta name=\"twitter:label2\" content=\"Dur\u00e9e de lecture estim\u00e9e\" \/>\n\t<meta name=\"twitter:data2\" content=\"6 minutes\" \/>\n<script type=\"application\/ld+json\" class=\"yoast-schema-graph\">{\"@context\":\"https:\/\/schema.org\",\"@graph\":[{\"@type\":\"WebPage\",\"@id\":\"https:\/\/w-l-c.be\/fr\/fiffement-lannee-prochaine\/\",\"url\":\"https:\/\/w-l-c.be\/fr\/fiffement-lannee-prochaine\/\",\"name\":\"FIFFement l'ann\u00e9e prochaine - w-l-c\",\"isPartOf\":{\"@id\":\"https:\/\/w-l-c.be\/fr\/#website\"},\"datePublished\":\"2015-10-12T12:51:20+00:00\",\"dateModified\":\"2015-10-12T13:27:17+00:00\",\"author\":{\"@id\":\"https:\/\/w-l-c.be\/fr\/#\/schema\/person\/4b9b1d857f0943453a38a7c2859ef756\"},\"breadcrumb\":{\"@id\":\"https:\/\/w-l-c.be\/fr\/fiffement-lannee-prochaine\/#breadcrumb\"},\"inLanguage\":\"fr-FR\",\"potentialAction\":[{\"@type\":\"ReadAction\",\"target\":[\"https:\/\/w-l-c.be\/fr\/fiffement-lannee-prochaine\/\"]}]},{\"@type\":\"BreadcrumbList\",\"@id\":\"https:\/\/w-l-c.be\/fr\/fiffement-lannee-prochaine\/#breadcrumb\",\"itemListElement\":[{\"@type\":\"ListItem\",\"position\":1,\"name\":\"Accueil\",\"item\":\"https:\/\/w-l-c.be\/fr\/\"},{\"@type\":\"ListItem\",\"position\":2,\"name\":\"FIFFement l&rsquo;ann\u00e9e prochaine\"}]},{\"@type\":\"WebSite\",\"@id\":\"https:\/\/w-l-c.be\/fr\/#website\",\"url\":\"https:\/\/w-l-c.be\/fr\/\",\"name\":\"w-l-c\",\"description\":\"Le cin\u00e9ma vu par les belges\",\"potentialAction\":[{\"@type\":\"SearchAction\",\"target\":{\"@type\":\"EntryPoint\",\"urlTemplate\":\"https:\/\/w-l-c.be\/fr\/?s={search_term_string}\"},\"query-input\":\"required name=search_term_string\"}],\"inLanguage\":\"fr-FR\"},{\"@type\":\"Person\",\"@id\":\"https:\/\/w-l-c.be\/fr\/#\/schema\/person\/4b9b1d857f0943453a38a7c2859ef756\",\"name\":\"Philippe.Pierquin\",\"url\":\"https:\/\/w-l-c.be\/fr\/author\/philippe-pierquin\/\"}]}<\/script>\n<!-- \/ Yoast SEO plugin. -->","yoast_head_json":{"title":"FIFFement l'ann\u00e9e prochaine - w-l-c","robots":{"index":"noindex","follow":"follow","max-snippet":"max-snippet:-1","max-image-preview":"max-image-preview:large","max-video-preview":"max-video-preview:-1"},"og_locale":"fr_FR","og_type":"article","og_title":"FIFFement l'ann\u00e9e prochaine - w-l-c","og_description":"Le FIFF namurois est d\u00e9sormais derri\u00e8re nous tandis que les Enfants Terribles de Huy et le Festival de Gand pointent d\u00e9j\u00e0 leur petit nez mignon \u00e0 l\u2019horizon. Car, oui, en Belgique, les festivals se succ\u00e8dent \u00e0 un rythme soutenu, chacun avec leurs sp\u00e9cificit\u00e9s et leurs temps forts.","og_url":"https:\/\/w-l-c.be\/fr\/fiffement-lannee-prochaine\/","og_site_name":"w-l-c","article_published_time":"2015-10-12T12:51:20+00:00","article_modified_time":"2015-10-12T13:27:17+00:00","og_image":[{"width":4128,"height":2322,"url":"https:\/\/w-l-c.be\/wp-content\/uploads\/2015\/10\/2015-10-09-20.16.16.jpg","type":"image\/jpeg"}],"author":"Philippe.Pierquin","twitter_card":"summary_large_image","twitter_misc":{"\u00c9crit par":"Philippe.Pierquin","Dur\u00e9e de lecture estim\u00e9e":"6 minutes"},"schema":{"@context":"https:\/\/schema.org","@graph":[{"@type":"WebPage","@id":"https:\/\/w-l-c.be\/fr\/fiffement-lannee-prochaine\/","url":"https:\/\/w-l-c.be\/fr\/fiffement-lannee-prochaine\/","name":"FIFFement l'ann\u00e9e prochaine - w-l-c","isPartOf":{"@id":"https:\/\/w-l-c.be\/fr\/#website"},"datePublished":"2015-10-12T12:51:20+00:00","dateModified":"2015-10-12T13:27:17+00:00","author":{"@id":"https:\/\/w-l-c.be\/fr\/#\/schema\/person\/4b9b1d857f0943453a38a7c2859ef756"},"breadcrumb":{"@id":"https:\/\/w-l-c.be\/fr\/fiffement-lannee-prochaine\/#breadcrumb"},"inLanguage":"fr-FR","potentialAction":[{"@type":"ReadAction","target":["https:\/\/w-l-c.be\/fr\/fiffement-lannee-prochaine\/"]}]},{"@type":"BreadcrumbList","@id":"https:\/\/w-l-c.be\/fr\/fiffement-lannee-prochaine\/#breadcrumb","itemListElement":[{"@type":"ListItem","position":1,"name":"Accueil","item":"https:\/\/w-l-c.be\/fr\/"},{"@type":"ListItem","position":2,"name":"FIFFement l&rsquo;ann\u00e9e prochaine"}]},{"@type":"WebSite","@id":"https:\/\/w-l-c.be\/fr\/#website","url":"https:\/\/w-l-c.be\/fr\/","name":"w-l-c","description":"Le cin\u00e9ma vu par les belges","potentialAction":[{"@type":"SearchAction","target":{"@type":"EntryPoint","urlTemplate":"https:\/\/w-l-c.be\/fr\/?s={search_term_string}"},"query-input":"required name=search_term_string"}],"inLanguage":"fr-FR"},{"@type":"Person","@id":"https:\/\/w-l-c.be\/fr\/#\/schema\/person\/4b9b1d857f0943453a38a7c2859ef756","name":"Philippe.Pierquin","url":"https:\/\/w-l-c.be\/fr\/author\/philippe-pierquin\/"}]}},"_links":{"self":[{"href":"https:\/\/w-l-c.be\/fr\/wp-json\/wp\/v2\/posts\/79324","targetHints":{"allow":["GET"]}}],"collection":[{"href":"https:\/\/w-l-c.be\/fr\/wp-json\/wp\/v2\/posts"}],"about":[{"href":"https:\/\/w-l-c.be\/fr\/wp-json\/wp\/v2\/types\/post"}],"author":[{"embeddable":true,"href":"https:\/\/w-l-c.be\/fr\/wp-json\/wp\/v2\/users\/7"}],"replies":[{"embeddable":true,"href":"https:\/\/w-l-c.be\/fr\/wp-json\/wp\/v2\/comments?post=79324"}],"version-history":[{"count":0,"href":"https:\/\/w-l-c.be\/fr\/wp-json\/wp\/v2\/posts\/79324\/revisions"}],"wp:featuredmedia":[{"embeddable":true,"href":"https:\/\/w-l-c.be\/fr\/wp-json\/wp\/v2\/media\/79331"}],"wp:attachment":[{"href":"https:\/\/w-l-c.be\/fr\/wp-json\/wp\/v2\/media?parent=79324"}],"wp:term":[{"taxonomy":"category","embeddable":true,"href":"https:\/\/w-l-c.be\/fr\/wp-json\/wp\/v2\/categories?post=79324"},{"taxonomy":"post_tag","embeddable":true,"href":"https:\/\/w-l-c.be\/fr\/wp-json\/wp\/v2\/tags?post=79324"}],"curies":[{"name":"wp","href":"https:\/\/api.w.org\/{rel}","templated":true}]}}