
{"id":79386,"date":"2015-10-13T12:54:56","date_gmt":"2015-10-13T10:54:56","guid":{"rendered":"http:\/\/www.cinevox.be\/?p=79386"},"modified":"2015-10-13T12:54:56","modified_gmt":"2015-10-13T10:54:56","slug":"au-revoir-namur-goeiemorgen-gent","status":"publish","type":"post","link":"https:\/\/w-l-c.be\/fr\/au-revoir-namur-goeiemorgen-gent\/","title":{"rendered":"Au revoir Namur, goeiemorgen Gent\u00a0!"},"content":{"rendered":"<p>Du 13 au 24 octobre, le festival offrira \u00e0 nouveau un \u00e9ventail de films \u00e0 la fois de jeunes talents et de cin\u00e9astes av\u00e9r\u00e9s. Il se d\u00e9roulera au Kinepolis Gent, Studio Skoop, Sphinx, Vooruit, KASKcinema, Bijloke et \u2018t Kuipke.<\/p>\n<p>Tickets et informations sur <a href=\"www.filmfestival.be\">www.filmfestival.be<\/a>.<\/p>\n<p>\u00c0 l\u2019occasion de la 42e \u00e9dition du festival, le cin\u00e9ma britannique sera mis \u00e0 l\u2019honneur. Des invit\u00e9s internationaux tels que Colin Farrell, Hirokazu Koreeda, Pablo Larra\u00edn, Thomas Bidegain et Alan Silvestri seront pr\u00e9sents lors du festival.<\/p>\n<p>Mais, bien s\u00fbr, le cin\u00e9ma belge sera d\u2019autant moins oubli\u00e9 qu\u2019il fera carr\u00e9ment l\u2019ouverture de la manifestation.<!--more--><\/p>\n<p>&nbsp;<\/p>\n<h2>LA COMP\u00c9TITION OFFICIELLE, le FOCUS UK<\/h2>\n<p>13 longs m\u00e9trages sont en comp\u00e9tition pour le Grand Prix du Meilleur Film et le Prix Georges Delerue de la Meilleure Musique. La comp\u00e9tition commencera le 14 octobre avec la projection de &lsquo;The Lobster&rsquo; en pr\u00e9sence de la vedette Colin Farrell et du r\u00e9alisateur Yorgos Lanthimos.<\/p>\n<p>Le jury international se compose de Sir Alan Parker, Marjane Satrapi, Caroline Strubbe, Boyd Van Hoeij et Franco Lolli.<\/p>\n<p>Apr\u00e8s un gros plan sur le cin\u00e9ma fran\u00e7ais l\u2019ann\u00e9e pass\u00e9e, la 42e \u00e9dition du Film Fest Gent met \u00e0 l\u2019honneur le cin\u00e9ma britannique. Dans la programmation, la section UK Cinema propose une s\u00e9lection de 11 films incarnant le dynamisme et la diversit\u00e9 du cin\u00e9ma britannique contemporain.<\/p>\n<p>&nbsp;<\/p>\n<p><a href=\"http:\/\/www.cinevox.be\/wp-content\/uploads\/2015\/10\/2014-11-09_09h18_191.jpg\"><img loading=\"lazy\" decoding=\"async\" class=\"alignright size-large wp-image-79387\" src=\"http:\/\/www.cinevox.be\/wp-content\/uploads\/2015\/10\/2014-11-09_09h18_191-800x446.jpg\" alt=\"\" width=\"640\" height=\"356\" srcset=\"https:\/\/w-l-c.be\/wp-content\/uploads\/2015\/10\/2014-11-09_09h18_191-800x446.jpg 800w, https:\/\/w-l-c.be\/wp-content\/uploads\/2015\/10\/2014-11-09_09h18_191-480x267.jpg 480w, https:\/\/w-l-c.be\/wp-content\/uploads\/2015\/10\/2014-11-09_09h18_191.jpg 1385w\" sizes=\"auto, (max-width: 640px) 100vw, 640px\" \/><\/a><\/p>\n<p>&nbsp;<\/p>\n<h2>BELGIAN CINEMA TODAY<\/h2>\n<p>Le 42e Film Fest Gent pr\u00e9sentera \u00e0 nouveau des talents, nouveaux et\/ou innovants, du cin\u00e9ma belge: \u2018Black\u2019, le deuxi\u00e8me film d\u2019<strong>Adil El Arbi et Bilall Fallah<\/strong>, le premier film de <strong>Robin Pront <\/strong>\u2018D\u2019Ardennen&rsquo; qui ouvrira le festival, le documentaire &lsquo;Bobbejaan&rsquo; de <strong>Benny Vandendriessche<\/strong> et deux films qui \u00e9voquent l\u2019Europe des r\u00e9fugi\u00e9s et des demandeurs d\u2019asile: &lsquo;Brak&rsquo; de <strong>Laurent van Lancker<\/strong> et &lsquo;Problemski Hotel&rsquo; de <strong>Manu Riche.<\/strong><\/p>\n<p>La section Serial Madness offrira la premi\u00e8re des 4 derniers \u00e9pisodes de la s\u00e9rie flamande &lsquo;Bevergem&rsquo;.<\/p>\n<p>Le festival propose \u00e9galement deux coproductions belges &lsquo;Phantom Boy&rsquo; et &lsquo;Les Cowboys&rsquo;.<\/p>\n<p>&nbsp;<\/p>\n<h2>WORLD SOUNDTRACK AWARDS<\/h2>\n<p>Outre le concert Great British Film Music, Le FFG propose bien s\u00fbr le World Soundtrack Awards Ceremony &amp; Concert.<\/p>\n<p>La 15e \u00e9dition de ce concert de musique de film cl\u00f4turera le festival le samedi 24 octobre. Pendant la c\u00e9r\u00e9monie des prix prestigieux de musique de film (World Soundtrack Awards) le Brussels Philharmonic &amp; le Choeur de la radio flamande sous la direction de Dirk Bross\u00e9 interpr\u00e9teront les musiques passionnantes d&rsquo;Alan Silvestri, Patrick Doyle et Daniel Pemberton.<\/p>\n<p>&nbsp;<\/p>\n<h2>PARCOURS<\/h2>\n<p>Afin d\u2019aider le spectateur \u00e0 faire son choix dans le programme, les programmateurs ont compos\u00e9 plusieurs parcours rassemblant des films li\u00e9s par leur th\u00e9matique ou destin\u00e9s \u00e0 certains groupes cibles.<br \/>\nLe Kidsproof s&rsquo;adresse aux plus jeunes, l&rsquo;Explore Zone aux jeunes amateurs de cin\u00e9ma et le Plus Parcours aux personnes \u00e2g\u00e9es de plus de 65 ans. \u00c0 c\u00f4t\u00e9 des parcours On the Edge, Docs et Belgian Cinema Today, le festival propose deux parcours th\u00e9matiques. Fort Europe est un parcours dict\u00e9 par l\u2019actualit\u00e9 avec des longs m\u00e9trages et des s\u00e9ries qui pr\u00e9sentent de mani\u00e8res tr\u00e8s vari\u00e9es l\u2019Europe des demandeurs d\u2019asile, de la mondialisation, de la menace terroriste, des restrictions \u00e9conomiques tr\u00e8s pouss\u00e9es. Le parcours LGBTQ met \u00e0 l&rsquo;honneur le public gay, lesbien, bisexuel et transsexuel.<\/p>\n<p>&nbsp;<\/p>\n<p>&nbsp;<\/p>\n<h2>DEMANDEZ LE PROGRAMME BELGE<\/h2>\n<p>&nbsp;<\/p>\n<p><a href=\"http:\/\/www.cinevox.be\/wp-content\/uploads\/2015\/10\/db138c24-253b-11e5-a7f0-0aea69db67d5_web_scale_0.4769475_0.4769475__.jpg\"><img loading=\"lazy\" decoding=\"async\" class=\"aligncenter size-full wp-image-79391\" src=\"http:\/\/www.cinevox.be\/wp-content\/uploads\/2015\/10\/db138c24-253b-11e5-a7f0-0aea69db67d5_web_scale_0.4769475_0.4769475__.jpg\" alt=\"\" width=\"629\" height=\"371\" srcset=\"https:\/\/w-l-c.be\/wp-content\/uploads\/2015\/10\/db138c24-253b-11e5-a7f0-0aea69db67d5_web_scale_0.4769475_0.4769475__.jpg 629w, https:\/\/w-l-c.be\/wp-content\/uploads\/2015\/10\/db138c24-253b-11e5-a7f0-0aea69db67d5_web_scale_0.4769475_0.4769475__-457x270.jpg 457w\" sizes=\"auto, (max-width: 629px) 100vw, 629px\" \/><\/a><\/p>\n<p>&nbsp;<\/p>\n<p><strong>Mardi 13 octobre<\/strong><\/p>\n<p>\u2013 20:00 Ouverture officielle \u2018D\u2019Ardennen\u2019 @ Kinepolis Gent: Tapis Rouge 19:00<\/p>\n<p>&nbsp;<\/p>\n<p><strong>Vendredi 16 octobre<\/strong><\/p>\n<p>\u2013 20:00 Screening \u2018Problemski Hotel\u2019 &amp; Soir\u00e9e de charit\u00e9 pour l&rsquo;ASBL Vluchtelingenwerk. Manu Riche \u2028(r\u00e9alisateur) &amp; Dimitri Verhulst (auteur), Hayden Helo (acteur) et Els Keytman (directrice ASBL Vluchtelingenwerk Vlaanderen), parlent avec Phara de Aguirre apr\u00e8s le film @ Vooruit Theaterzaal (veuillez confirmer \u00e0 l&rsquo;avance \u00e0 elisa@filmfestival.be)<\/p>\n<p>&nbsp;<\/p>\n<p><a href=\"http:\/\/www.cinevox.be\/wp-content\/uploads\/2015\/10\/unnamed-3-800x532.jpg\"><img loading=\"lazy\" decoding=\"async\" class=\"aligncenter wp-image-79388 size-full\" src=\"http:\/\/www.cinevox.be\/wp-content\/uploads\/2015\/10\/unnamed-3-800x532.jpg\" alt=\"\" width=\"800\" height=\"532\" srcset=\"https:\/\/w-l-c.be\/wp-content\/uploads\/2015\/10\/unnamed-3-800x532.jpg 800w, https:\/\/w-l-c.be\/wp-content\/uploads\/2015\/10\/unnamed-3-800x532-406x270.jpg 406w\" sizes=\"auto, (max-width: 800px) 100vw, 800px\" \/><\/a><\/p>\n<p>&nbsp;<\/p>\n<p><strong>Samedi 17 octobre<\/strong><\/p>\n<p>\u2013 19:00 Screening \u2018Les Cowboys&rsquo; en pr\u00e9sence du r\u00e9alisateur Thomas Bidegain avec Fran\u00e7ois Damiens @ Kinepolis: Tapis Rouge 18:30<\/p>\n<p>&nbsp;<\/p>\n<p><strong>Dimanche 18 octobre<\/strong><\/p>\n<p>\u200b\u2013 15:00 Screening et C\u00e9r\u00e9monie de prix Meilleur Court M\u00e9trage Belge Etudiant (c\u00e9r\u00e9monie de l&rsquo;Ace Image Factory Audience Award) @ Kinepolis<\/p>\n<p>\u2013 14:30 Screening \u2018Phantom Boy\u2019 en pr\u00e9sence du casting de voix flamand (Arne Decock, Esra Vandenbussche &amp; Lucas Van den Eynde): Tapis Rouge 14:00<\/p>\n<p>\u2013 20:45 Screening \u2018Brak\u2019 en pr\u00e9sence de Laurent Van Lancker \u2028(r\u00e9alisateur), Tibo Vandenborre (acteur), Elvis Peeters (auteur) @ Kinepolis: Tapis Rouge 20:00<\/p>\n<p>&nbsp;<\/p>\n<p><strong>Lundi 19 octobre<\/strong><\/p>\n<p>\u2013 C\u00e9r\u00e9monie du Prix flamand de la Culture pour le Cin\u00e9ma 2014 par le Ministre Sven Gatz \u2028avant la projection de \u2018Black\u2019 en pr\u00e9sence d&rsquo;Adil El Arbi &amp; Bilall Fallah (r\u00e9alisateurs), Aboubakr \u2028Bensaihi (acteur), Martha Canga Antonio (actrice) @ Kinepolis. C\u00e9r\u00e9monie de prix \u00e0 19:30<\/p>\n<p>\u2013 21:30 Talk: The Art of the Cartoon apr\u00e8s \u2018Very Semi-serious\u2019 @ Vooruit avec Karl Meersman, Jan Vanderveken, Steve Michiels et Beno\u00eet van Innis.<\/p>\n<p>&nbsp;<\/p>\n<p><strong>Mardi 20 octobre<\/strong><\/p>\n<p>\u2013 15:30 DOC TALK avec Benny Vandendriessche et Manu Riche @ KASKcinema (apr\u00e8s la projection de \u2018Bobbejaan\u2019)<\/p>\n<p>\u2013 22:15 Comp\u00e9tition des courts m\u00e9trages europ\u00e9ens en pr\u00e9sence des cin\u00e9astes @ Kinepolis<\/p>\n<p>&nbsp;<\/p>\n<p><strong>Mercredi 21 octobre<\/strong><\/p>\n<p>\u2013 12:00 C\u00e9r\u00e9monie de prix des comp\u00e9titions @ H\u00f4tel de ville de Gand<\/p>\n<p>\u2013 15:00 Talk Jeroen Perceval @ KASKcinema (veuillez confirmer votre pr\u00e9sence \u00e0 elisa@filmfestival.be).<\/p>\n<p>&nbsp;<\/p>\n<p><a href=\"http:\/\/www.cinevox.be\/wp-content\/uploads\/2015\/10\/bevergem.jpg\"><img loading=\"lazy\" decoding=\"async\" class=\"aligncenter size-large wp-image-79389\" src=\"http:\/\/www.cinevox.be\/wp-content\/uploads\/2015\/10\/bevergem-800x363.jpg\" alt=\"\" width=\"640\" height=\"290\" srcset=\"https:\/\/w-l-c.be\/wp-content\/uploads\/2015\/10\/bevergem-800x363.jpg 800w, https:\/\/w-l-c.be\/wp-content\/uploads\/2015\/10\/bevergem-480x218.jpg 480w, https:\/\/w-l-c.be\/wp-content\/uploads\/2015\/10\/bevergem.jpg 900w\" sizes=\"auto, (max-width: 640px) 100vw, 640px\" \/><\/a><\/p>\n<p>&nbsp;<\/p>\n<p><strong>Vendredi 23 octobre<\/strong><\/p>\n<p>\u2013 19:30 Screening &lsquo;Bevergem&rsquo; en pr\u00e9sence de cast &amp; crew @ Vooruit Theaterzaal<\/p>\n<p>&nbsp;<\/p>\n<p><strong>Samedi 24 octobre<\/strong><\/p>\n<p>\u2013 20:00 WSAwards Ceremony &amp; Concert @ \u2018t Kuipke Gent: Tapis Rouge 19:00<\/p>\n<p>&nbsp;<\/p>\n<p>&nbsp;<\/p>\n<p><a href=\"http:\/\/www.cinevox.be\/wp-content\/uploads\/2015\/10\/topjdielman.jpg\"><img loading=\"lazy\" decoding=\"async\" class=\"aligncenter size-large wp-image-79390\" src=\"http:\/\/www.cinevox.be\/wp-content\/uploads\/2015\/10\/topjdielman-800x485.jpg\" alt=\"\" width=\"640\" height=\"388\" srcset=\"https:\/\/w-l-c.be\/wp-content\/uploads\/2015\/10\/topjdielman-800x485.jpg 800w, https:\/\/w-l-c.be\/wp-content\/uploads\/2015\/10\/topjdielman-444x270.jpg 444w, https:\/\/w-l-c.be\/wp-content\/uploads\/2015\/10\/topjdielman.jpg 940w\" sizes=\"auto, (max-width: 640px) 100vw, 640px\" \/><\/a><\/p>\n<p>&nbsp;<\/p>\n<h2>HOMMAGE \u00c0 CHANTAL AKERMAN<\/h2>\n<p>&nbsp;<\/p>\n<p>Film Fest Gent rendra aussi hommage \u00e0 Chantal Akerman, d\u00e9c\u00e9d\u00e9e la semaine derni\u00e8re, en projetant son film le plus c\u00e9l\u00e8bre &lsquo;Jeanne Dielman, 23 Quai du Commerce, 1080 Bruxelles&rsquo;.<\/p>\n<p>Cette projection est organis\u00e9e en collaboration avec la Cinematek, qui a restaur\u00e9 ce chef-d\u2019\u0153uvre de Chantal Akerman, ainsi que plusieurs autres films. Cette projection au FFG est \u00e9galement la premi\u00e8re diffusion en Belgique de cette version restaur\u00e9e.<\/p>\n<p>Patrick Duynslaegher, directeur artistique du Film Fest Gent, \u00e0 propos de Chantal Akerman : \u00ab Il est \u00e9vident que le Film Fest Gent honore cette r\u00e9alisatrice belge, qui a chang\u00e9 l\u2019histoire du cin\u00e9ma d\u2019art et d\u2019essai et le cin\u00e9ma d\u2019avant-garde de par ses innovations en mati\u00e8re de style et de contenu. Elle a fortement marqu\u00e9 le domaine quant au r\u00f4le de la femme dans la vie r\u00e9elle aussi que dans le processus cr\u00e9atif, tant par le contenu de ses films que par la composition de son \u00e9quipe de collaborateurs. \u00bb<\/p>\n<p>&nbsp;<\/p>\n<p>\u00c0 quelques exceptions pr\u00e8s Akerman a trouv\u00e9 moins de reconnaissance dans son propre pays que dans les milieux cin\u00e9philes internationaux. Les r\u00e9actions \u00e9trang\u00e8res suite \u00e0 son d\u00e9c\u00e8s le prouvent bien.<\/p>\n<p>Dans le New York Times, J. Hoberman a qualifi\u00e9 &lsquo;Jeanne Dielman&rsquo;, son film minimaliste, mais monumental, de l\u2019une des \u0153uvres phares du 20e si\u00e8cle. Selon Indiewire : \u00ab sa mort laisse un vide aussi immense que son influence sur l\u2019histoire du cin\u00e9ma. \u00bb Les r\u00e9actions de nombreux grands cin\u00e9astes, influenc\u00e9s par ses films (Todd Haynes, Gus Van Sant, Claire Denis, Michael Haneke, Apichatpong Weerasethakul), indiquent \u00e0 quel point Chantal Akerman a chang\u00e9 pour toujours le cin\u00e9ma gr\u00e2ce \u00e0 son \u0153uvre innovante. Et voici la meilleure citation, celle de Richard Brody, critique de films du New Yorker: \u00ab Akerman \u00e9tait plus jeune qu\u2019Orson Welles lorsqu\u2019il a r\u00e9alis\u00e9 &lsquo;Citizen Kane&rsquo; et plus jeune que Jean-Luc Godard quand il a r\u00e9alis\u00e9 &lsquo;\u00c0 bout de souffle&rsquo;. Les trois films m\u00e9ritent d\u2019\u00eatre plac\u00e9s au m\u00eame niveau. Pour la jeune g\u00e9n\u00e9ration de r\u00e9alisateurs, Jeanne Dielman a autant d\u2019influence et d\u2019importance que les films de Welles et de Godard \u00e0 l\u2019\u00e9poque. \u00bb<\/p>\n<p>&nbsp;<\/p>\n<p>Projections \u2018Jeanne Dielman, 23 Quai du Commerce, 1080 Bruxelles\u2019<\/p>\n<p>16\/10 &#8211; 20:00 au KASKCinema &#8211; (au lieu de la projection de &lsquo;Harold et Lillian: A Hollywood Love Story&rsquo;)<\/p>\n","protected":false},"excerpt":{"rendered":"<p>Du 13 au 24 octobre, le festival offrira \u00e0 nouveau un \u00e9ventail de films \u00e0 la fois de jeunes talents et de cin\u00e9astes av\u00e9r\u00e9s. Il se d\u00e9roulera au Kinepolis Gent, Studio Skoop, Sphinx, Vooruit, KASKcinema, Bijloke et \u2018t Kuipke. Tickets et informations sur www.filmfestival.be. \u00c0 l\u2019occasion de la 42e \u00e9dition du festival, le cin\u00e9ma britannique &hellip;<\/p>\n","protected":false},"author":7,"featured_media":79393,"comment_status":"closed","ping_status":"closed","sticky":false,"template":"","format":"standard","meta":{"ngg_post_thumbnail":0,"footnotes":""},"categories":[12],"tags":[],"class_list":["post-79386","post","type-post","status-publish","format-standard","has-post-thumbnail","","category-awards"],"yoast_head":"<!-- This site is optimized with the Yoast SEO plugin v20.4 - https:\/\/yoast.com\/wordpress\/plugins\/seo\/ -->\n<title>Au revoir Namur, goeiemorgen Gent\u00a0! - w-l-c<\/title>\n<meta name=\"robots\" content=\"noindex, follow, max-snippet:-1, max-image-preview:large, max-video-preview:-1\" \/>\n<meta property=\"og:locale\" content=\"fr_FR\" \/>\n<meta property=\"og:type\" content=\"article\" \/>\n<meta property=\"og:title\" content=\"Au revoir Namur, goeiemorgen Gent\u00a0! - w-l-c\" \/>\n<meta property=\"og:description\" content=\"Du 13 au 24 octobre, le festival offrira \u00e0 nouveau un \u00e9ventail de films \u00e0 la fois de jeunes talents et de cin\u00e9astes av\u00e9r\u00e9s. Il se d\u00e9roulera au Kinepolis Gent, Studio Skoop, Sphinx, Vooruit, KASKcinema, Bijloke et \u2018t Kuipke. Tickets et informations sur www.filmfestival.be. \u00c0 l\u2019occasion de la 42e \u00e9dition du festival, le cin\u00e9ma britannique &hellip;\" \/>\n<meta property=\"og:url\" content=\"https:\/\/w-l-c.be\/fr\/au-revoir-namur-goeiemorgen-gent\/\" \/>\n<meta property=\"og:site_name\" content=\"w-l-c\" \/>\n<meta property=\"article:published_time\" content=\"2015-10-13T10:54:56+00:00\" \/>\n<meta property=\"og:image\" content=\"https:\/\/w-l-c.be\/wp-content\/uploads\/2015\/10\/248B6091-copy-2-800x419.jpeg\" \/>\n\t<meta property=\"og:image:width\" content=\"800\" \/>\n\t<meta property=\"og:image:height\" content=\"419\" \/>\n\t<meta property=\"og:image:type\" content=\"image\/jpeg\" \/>\n<meta name=\"author\" content=\"Philippe.Pierquin\" \/>\n<meta name=\"twitter:card\" content=\"summary_large_image\" \/>\n<meta name=\"twitter:label1\" content=\"\u00c9crit par\" \/>\n\t<meta name=\"twitter:data1\" content=\"Philippe.Pierquin\" \/>\n\t<meta name=\"twitter:label2\" content=\"Dur\u00e9e de lecture estim\u00e9e\" \/>\n\t<meta name=\"twitter:data2\" content=\"6 minutes\" \/>\n<script type=\"application\/ld+json\" class=\"yoast-schema-graph\">{\"@context\":\"https:\/\/schema.org\",\"@graph\":[{\"@type\":\"WebPage\",\"@id\":\"https:\/\/w-l-c.be\/fr\/au-revoir-namur-goeiemorgen-gent\/\",\"url\":\"https:\/\/w-l-c.be\/fr\/au-revoir-namur-goeiemorgen-gent\/\",\"name\":\"Au revoir Namur, goeiemorgen Gent\u00a0! - w-l-c\",\"isPartOf\":{\"@id\":\"https:\/\/w-l-c.be\/fr\/#website\"},\"datePublished\":\"2015-10-13T10:54:56+00:00\",\"dateModified\":\"2015-10-13T10:54:56+00:00\",\"author\":{\"@id\":\"https:\/\/w-l-c.be\/fr\/#\/schema\/person\/4b9b1d857f0943453a38a7c2859ef756\"},\"breadcrumb\":{\"@id\":\"https:\/\/w-l-c.be\/fr\/au-revoir-namur-goeiemorgen-gent\/#breadcrumb\"},\"inLanguage\":\"fr-FR\",\"potentialAction\":[{\"@type\":\"ReadAction\",\"target\":[\"https:\/\/w-l-c.be\/fr\/au-revoir-namur-goeiemorgen-gent\/\"]}]},{\"@type\":\"BreadcrumbList\",\"@id\":\"https:\/\/w-l-c.be\/fr\/au-revoir-namur-goeiemorgen-gent\/#breadcrumb\",\"itemListElement\":[{\"@type\":\"ListItem\",\"position\":1,\"name\":\"Accueil\",\"item\":\"https:\/\/w-l-c.be\/fr\/\"},{\"@type\":\"ListItem\",\"position\":2,\"name\":\"Au revoir Namur, goeiemorgen Gent\u00a0!\"}]},{\"@type\":\"WebSite\",\"@id\":\"https:\/\/w-l-c.be\/fr\/#website\",\"url\":\"https:\/\/w-l-c.be\/fr\/\",\"name\":\"w-l-c\",\"description\":\"Le cin\u00e9ma vu par les belges\",\"potentialAction\":[{\"@type\":\"SearchAction\",\"target\":{\"@type\":\"EntryPoint\",\"urlTemplate\":\"https:\/\/w-l-c.be\/fr\/?s={search_term_string}\"},\"query-input\":\"required name=search_term_string\"}],\"inLanguage\":\"fr-FR\"},{\"@type\":\"Person\",\"@id\":\"https:\/\/w-l-c.be\/fr\/#\/schema\/person\/4b9b1d857f0943453a38a7c2859ef756\",\"name\":\"Philippe.Pierquin\",\"url\":\"https:\/\/w-l-c.be\/fr\/author\/philippe-pierquin\/\"}]}<\/script>\n<!-- \/ Yoast SEO plugin. -->","yoast_head_json":{"title":"Au revoir Namur, goeiemorgen Gent\u00a0! - w-l-c","robots":{"index":"noindex","follow":"follow","max-snippet":"max-snippet:-1","max-image-preview":"max-image-preview:large","max-video-preview":"max-video-preview:-1"},"og_locale":"fr_FR","og_type":"article","og_title":"Au revoir Namur, goeiemorgen Gent\u00a0! - w-l-c","og_description":"Du 13 au 24 octobre, le festival offrira \u00e0 nouveau un \u00e9ventail de films \u00e0 la fois de jeunes talents et de cin\u00e9astes av\u00e9r\u00e9s. Il se d\u00e9roulera au Kinepolis Gent, Studio Skoop, Sphinx, Vooruit, KASKcinema, Bijloke et \u2018t Kuipke. Tickets et informations sur www.filmfestival.be. \u00c0 l\u2019occasion de la 42e \u00e9dition du festival, le cin\u00e9ma britannique &hellip;","og_url":"https:\/\/w-l-c.be\/fr\/au-revoir-namur-goeiemorgen-gent\/","og_site_name":"w-l-c","article_published_time":"2015-10-13T10:54:56+00:00","og_image":[{"width":800,"height":419,"url":"https:\/\/w-l-c.be\/wp-content\/uploads\/2015\/10\/248B6091-copy-2-800x419.jpeg","type":"image\/jpeg"}],"author":"Philippe.Pierquin","twitter_card":"summary_large_image","twitter_misc":{"\u00c9crit par":"Philippe.Pierquin","Dur\u00e9e de lecture estim\u00e9e":"6 minutes"},"schema":{"@context":"https:\/\/schema.org","@graph":[{"@type":"WebPage","@id":"https:\/\/w-l-c.be\/fr\/au-revoir-namur-goeiemorgen-gent\/","url":"https:\/\/w-l-c.be\/fr\/au-revoir-namur-goeiemorgen-gent\/","name":"Au revoir Namur, goeiemorgen Gent\u00a0! - w-l-c","isPartOf":{"@id":"https:\/\/w-l-c.be\/fr\/#website"},"datePublished":"2015-10-13T10:54:56+00:00","dateModified":"2015-10-13T10:54:56+00:00","author":{"@id":"https:\/\/w-l-c.be\/fr\/#\/schema\/person\/4b9b1d857f0943453a38a7c2859ef756"},"breadcrumb":{"@id":"https:\/\/w-l-c.be\/fr\/au-revoir-namur-goeiemorgen-gent\/#breadcrumb"},"inLanguage":"fr-FR","potentialAction":[{"@type":"ReadAction","target":["https:\/\/w-l-c.be\/fr\/au-revoir-namur-goeiemorgen-gent\/"]}]},{"@type":"BreadcrumbList","@id":"https:\/\/w-l-c.be\/fr\/au-revoir-namur-goeiemorgen-gent\/#breadcrumb","itemListElement":[{"@type":"ListItem","position":1,"name":"Accueil","item":"https:\/\/w-l-c.be\/fr\/"},{"@type":"ListItem","position":2,"name":"Au revoir Namur, goeiemorgen Gent\u00a0!"}]},{"@type":"WebSite","@id":"https:\/\/w-l-c.be\/fr\/#website","url":"https:\/\/w-l-c.be\/fr\/","name":"w-l-c","description":"Le cin\u00e9ma vu par les belges","potentialAction":[{"@type":"SearchAction","target":{"@type":"EntryPoint","urlTemplate":"https:\/\/w-l-c.be\/fr\/?s={search_term_string}"},"query-input":"required name=search_term_string"}],"inLanguage":"fr-FR"},{"@type":"Person","@id":"https:\/\/w-l-c.be\/fr\/#\/schema\/person\/4b9b1d857f0943453a38a7c2859ef756","name":"Philippe.Pierquin","url":"https:\/\/w-l-c.be\/fr\/author\/philippe-pierquin\/"}]}},"_links":{"self":[{"href":"https:\/\/w-l-c.be\/fr\/wp-json\/wp\/v2\/posts\/79386","targetHints":{"allow":["GET"]}}],"collection":[{"href":"https:\/\/w-l-c.be\/fr\/wp-json\/wp\/v2\/posts"}],"about":[{"href":"https:\/\/w-l-c.be\/fr\/wp-json\/wp\/v2\/types\/post"}],"author":[{"embeddable":true,"href":"https:\/\/w-l-c.be\/fr\/wp-json\/wp\/v2\/users\/7"}],"replies":[{"embeddable":true,"href":"https:\/\/w-l-c.be\/fr\/wp-json\/wp\/v2\/comments?post=79386"}],"version-history":[{"count":0,"href":"https:\/\/w-l-c.be\/fr\/wp-json\/wp\/v2\/posts\/79386\/revisions"}],"wp:featuredmedia":[{"embeddable":true,"href":"https:\/\/w-l-c.be\/fr\/wp-json\/wp\/v2\/media\/79393"}],"wp:attachment":[{"href":"https:\/\/w-l-c.be\/fr\/wp-json\/wp\/v2\/media?parent=79386"}],"wp:term":[{"taxonomy":"category","embeddable":true,"href":"https:\/\/w-l-c.be\/fr\/wp-json\/wp\/v2\/categories?post=79386"},{"taxonomy":"post_tag","embeddable":true,"href":"https:\/\/w-l-c.be\/fr\/wp-json\/wp\/v2\/tags?post=79386"}],"curies":[{"name":"wp","href":"https:\/\/api.w.org\/{rel}","templated":true}]}}