
{"id":79511,"date":"2015-10-23T08:05:29","date_gmt":"2015-10-23T06:05:29","guid":{"rendered":"http:\/\/www.cinevox.be\/?p=79511"},"modified":"2015-10-20T12:24:19","modified_gmt":"2015-10-20T10:24:19","slug":"une-visibilite-internationale-formidable-pour-dardennen","status":"publish","type":"post","link":"https:\/\/w-l-c.be\/fr\/une-visibilite-internationale-formidable-pour-dardennen\/","title":{"rendered":"Le monde accueille D&rsquo;Ardennen \u00e0 bras ouverts"},"content":{"rendered":"<p>Le premier long m\u00e9trage du r\u00e9alisateur belge <strong>Robin Pront,<\/strong> <em>D&rsquo;Ardennen<\/em>, a d\u00e9j\u00e0 trouv\u00e9 des distributeurs en Grande-Bretagne, en Su\u00e8de, en Pologne et aux Pays-Bas a annonc\u00e9 son producteur Bart Van Langendonck de Savage Film.<!--more--><\/p>\n<p>&nbsp;<\/p>\n<p>Le film s\u2019\u00e9tait d\u00e9j\u00e0 vendu \u00e0 la France et \u00e0 l\u2019Italie pendant le Festival International du Film de Toronto le mois dernier.<\/p>\n<p>&nbsp;<\/p>\n<p><a href=\"http:\/\/www.cinevox.be\/wp-content\/uploads\/2015\/10\/ARDENNEN_FFG_still_011-800x335.jpg\"><img loading=\"lazy\" decoding=\"async\" class=\"aligncenter size-full wp-image-79514\" src=\"http:\/\/www.cinevox.be\/wp-content\/uploads\/2015\/10\/ARDENNEN_FFG_still_011-800x335.jpg\" alt=\"\" width=\"800\" height=\"335\" srcset=\"https:\/\/w-l-c.be\/wp-content\/uploads\/2015\/10\/ARDENNEN_FFG_still_011-800x335.jpg 800w, https:\/\/w-l-c.be\/wp-content\/uploads\/2015\/10\/ARDENNEN_FFG_still_011-800x335-480x201.jpg 480w\" sizes=\"auto, (max-width: 800px) 100vw, 800px\" \/><\/a><\/p>\n<p>&nbsp;<\/p>\n<p>Apr\u00e8s avoir fait l\u2019ouverture du Festival de Gand, <em>D&rsquo;Ardennen <\/em>est sorti dans les salles belges ce mercredi et il a d\u00e9j\u00e0 attir\u00e9 de nombreux spectateurs et a surf\u00e9 sur une vague de critiques enthousiastes.<\/p>\n<p>&nbsp;<\/p>\n<p><a href=\"http:\/\/www.cinevox.be\/wp-content\/uploads\/2015\/10\/D-Ardennen-poster.jpg\"><img loading=\"lazy\" decoding=\"async\" class=\"alignright size-large wp-image-79512\" src=\"http:\/\/www.cinevox.be\/wp-content\/uploads\/2015\/10\/D-Ardennen-poster-396x600.jpg\" alt=\"\" width=\"396\" height=\"600\" srcset=\"https:\/\/w-l-c.be\/wp-content\/uploads\/2015\/10\/D-Ardennen-poster-396x600.jpg 396w, https:\/\/w-l-c.be\/wp-content\/uploads\/2015\/10\/D-Ardennen-poster-178x270.jpg 178w, https:\/\/w-l-c.be\/wp-content\/uploads\/2015\/10\/D-Ardennen-poster.jpg 635w\" sizes=\"auto, (max-width: 396px) 100vw, 396px\" \/><\/a>Attraction Distribution, l\u2019agent de ventes internationales bas\u00e9 \u00e0 Montr\u00e9al qui g\u00e8re les droits de <em>D&rsquo;Ardennen <\/em>a encore conclu plusieurs contrats avec des distributeurs \u00e9trangers.<\/p>\n<p>Les droits ont \u00e9t\u00e9 c\u00e9d\u00e9s \u00e0 StudioCanal pour la Grande-Bretagne. En Su\u00e8de, c\u2019est Njuta Films qui distribuera le film. Njuta avait d\u00e9j\u00e0 distribu\u00e9 <em>The Broken Circle Breakdown\/Alabama Monroe et Rundskop\/T\u00eate de B\u0153uf<\/em>.<\/p>\n<p>Paradiso Filmed Entertainment sortira le film en f\u00e9vrier 2016 en Hollande, M2 Films en Pologne et Estin Film en Estonie.<\/p>\n<p>Ces derniers n\u2019en sont pas \u00e0 leur premi\u00e8re sortie d\u2019un film belge non plus. Ils avaient d\u00e9j\u00e0 achet\u00e9 <em>Labyrinthus<\/em> et ont un catalogue qui comprend notamment <em>The Search, We Are the Best, Nymphomaniac, Jagten et Maryland <\/em>avec Matthias Schoenaerts.<\/p>\n<p>&nbsp;<\/p>\n<p>Avant m\u00eame d\u2019\u00eatre pr\u00e9sent\u00e9 en premi\u00e8re mondiale \u00e0 Toronto le mois dernier, <em>D&rsquo;Ardennen <\/em>avait d\u00e9j\u00e0 attir\u00e9 pas mal d\u2019int\u00e9r\u00eat de la part des observateurs internationaux. L\u2019influent site IndieWire faisait de Robin Pront un des sept r\u00e9alisateurs \u00e0 suivre \u00e0 Toronto tandis que la revue britannique &lsquo;Sight &amp; Sound&rsquo; citait le film parmi ses 10 favoris du festival. Le distributeur italien Satine Film n\u2019a pas attendu la premi\u00e8re projection du film pour acqu\u00e9rir les droits et peu apr\u00e8s celle-ci, c\u2019est Diaphana qui remportait les droits pour la France apr\u00e8s de folles ench\u00e8res.<\/p>\n<p>&nbsp;<\/p>\n<p><a href=\"http:\/\/www.cinevox.be\/wp-content\/uploads\/2015\/10\/p19pm9mrdigb7n9ajqtsbpnn211.png\"><img loading=\"lazy\" decoding=\"async\" class=\"alignright size-large wp-image-79513\" src=\"http:\/\/www.cinevox.be\/wp-content\/uploads\/2015\/10\/p19pm9mrdigb7n9ajqtsbpnn211-800x387.png\" alt=\"\" width=\"640\" height=\"309\" srcset=\"https:\/\/w-l-c.be\/wp-content\/uploads\/2015\/10\/p19pm9mrdigb7n9ajqtsbpnn211-800x387.png 800w, https:\/\/w-l-c.be\/wp-content\/uploads\/2015\/10\/p19pm9mrdigb7n9ajqtsbpnn211-480x232.png 480w, https:\/\/w-l-c.be\/wp-content\/uploads\/2015\/10\/p19pm9mrdigb7n9ajqtsbpnn211.png 900w\" sizes=\"auto, (max-width: 640px) 100vw, 640px\" \/><\/a><\/p>\n<p>&nbsp;<\/p>\n<p>Depuis lors, les invitations pour d\u2019autres festivals pleuvent. C\u2019est ainsi que le film a \u00e9t\u00e9 montr\u00e9 pour la premi\u00e8re fois ce week-end aux Etats-Unis lors du 51\u00e8me Festival International du Film de Chicago (15-29 octobre).<\/p>\n<p>&nbsp;<\/p>\n","protected":false},"excerpt":{"rendered":"<p>Le premier long m\u00e9trage du r\u00e9alisateur belge Robin Pront, D&rsquo;Ardennen, a d\u00e9j\u00e0 trouv\u00e9 des distributeurs en Grande-Bretagne, en Su\u00e8de, en Pologne et aux Pays-Bas a annonc\u00e9 son producteur Bart Van Langendonck de Savage Film.<\/p>\n","protected":false},"author":7,"featured_media":79516,"comment_status":"closed","ping_status":"closed","sticky":false,"template":"","format":"standard","meta":{"ngg_post_thumbnail":0,"footnotes":""},"categories":[1923],"tags":[],"class_list":["post-79511","post","type-post","status-publish","format-standard","has-post-thumbnail","","category-en-bref"],"yoast_head":"<!-- This site is optimized with the Yoast SEO plugin v20.4 - https:\/\/yoast.com\/wordpress\/plugins\/seo\/ -->\n<title>Le monde accueille D&#039;Ardennen \u00e0 bras ouverts - w-l-c<\/title>\n<meta name=\"robots\" content=\"noindex, follow, max-snippet:-1, max-image-preview:large, max-video-preview:-1\" \/>\n<meta property=\"og:locale\" content=\"fr_FR\" \/>\n<meta property=\"og:type\" content=\"article\" \/>\n<meta property=\"og:title\" content=\"Le monde accueille D&#039;Ardennen \u00e0 bras ouverts - w-l-c\" \/>\n<meta property=\"og:description\" content=\"Le premier long m\u00e9trage du r\u00e9alisateur belge Robin Pront, D&rsquo;Ardennen, a d\u00e9j\u00e0 trouv\u00e9 des distributeurs en Grande-Bretagne, en Su\u00e8de, en Pologne et aux Pays-Bas a annonc\u00e9 son producteur Bart Van Langendonck de Savage Film.\" \/>\n<meta property=\"og:url\" content=\"https:\/\/w-l-c.be\/fr\/une-visibilite-internationale-formidable-pour-dardennen\/\" \/>\n<meta property=\"og:site_name\" content=\"w-l-c\" \/>\n<meta property=\"article:published_time\" content=\"2015-10-23T06:05:29+00:00\" \/>\n<meta property=\"article:modified_time\" content=\"2015-10-20T10:24:19+00:00\" \/>\n<meta property=\"og:image\" content=\"https:\/\/w-l-c.be\/wp-content\/uploads\/2010\/10\/2058115052.jpg\" \/>\n\t<meta property=\"og:image:width\" content=\"670\" \/>\n\t<meta property=\"og:image:height\" content=\"377\" \/>\n\t<meta property=\"og:image:type\" content=\"image\/jpeg\" \/>\n<meta name=\"author\" content=\"Philippe.Pierquin\" \/>\n<meta name=\"twitter:card\" content=\"summary_large_image\" \/>\n<meta name=\"twitter:label1\" content=\"\u00c9crit par\" \/>\n\t<meta name=\"twitter:data1\" content=\"Philippe.Pierquin\" \/>\n\t<meta name=\"twitter:label2\" content=\"Dur\u00e9e de lecture estim\u00e9e\" \/>\n\t<meta name=\"twitter:data2\" content=\"2 minutes\" \/>\n<script type=\"application\/ld+json\" class=\"yoast-schema-graph\">{\"@context\":\"https:\/\/schema.org\",\"@graph\":[{\"@type\":\"WebPage\",\"@id\":\"https:\/\/w-l-c.be\/fr\/une-visibilite-internationale-formidable-pour-dardennen\/\",\"url\":\"https:\/\/w-l-c.be\/fr\/une-visibilite-internationale-formidable-pour-dardennen\/\",\"name\":\"Le monde accueille D'Ardennen \u00e0 bras ouverts - w-l-c\",\"isPartOf\":{\"@id\":\"https:\/\/w-l-c.be\/fr\/#website\"},\"datePublished\":\"2015-10-23T06:05:29+00:00\",\"dateModified\":\"2015-10-20T10:24:19+00:00\",\"author\":{\"@id\":\"https:\/\/w-l-c.be\/fr\/#\/schema\/person\/4b9b1d857f0943453a38a7c2859ef756\"},\"breadcrumb\":{\"@id\":\"https:\/\/w-l-c.be\/fr\/une-visibilite-internationale-formidable-pour-dardennen\/#breadcrumb\"},\"inLanguage\":\"fr-FR\",\"potentialAction\":[{\"@type\":\"ReadAction\",\"target\":[\"https:\/\/w-l-c.be\/fr\/une-visibilite-internationale-formidable-pour-dardennen\/\"]}]},{\"@type\":\"BreadcrumbList\",\"@id\":\"https:\/\/w-l-c.be\/fr\/une-visibilite-internationale-formidable-pour-dardennen\/#breadcrumb\",\"itemListElement\":[{\"@type\":\"ListItem\",\"position\":1,\"name\":\"Accueil\",\"item\":\"https:\/\/w-l-c.be\/fr\/\"},{\"@type\":\"ListItem\",\"position\":2,\"name\":\"Le monde accueille D&rsquo;Ardennen \u00e0 bras ouverts\"}]},{\"@type\":\"WebSite\",\"@id\":\"https:\/\/w-l-c.be\/fr\/#website\",\"url\":\"https:\/\/w-l-c.be\/fr\/\",\"name\":\"w-l-c\",\"description\":\"Le cin\u00e9ma vu par les belges\",\"potentialAction\":[{\"@type\":\"SearchAction\",\"target\":{\"@type\":\"EntryPoint\",\"urlTemplate\":\"https:\/\/w-l-c.be\/fr\/?s={search_term_string}\"},\"query-input\":\"required name=search_term_string\"}],\"inLanguage\":\"fr-FR\"},{\"@type\":\"Person\",\"@id\":\"https:\/\/w-l-c.be\/fr\/#\/schema\/person\/4b9b1d857f0943453a38a7c2859ef756\",\"name\":\"Philippe.Pierquin\",\"url\":\"https:\/\/w-l-c.be\/fr\/author\/philippe-pierquin\/\"}]}<\/script>\n<!-- \/ Yoast SEO plugin. -->","yoast_head_json":{"title":"Le monde accueille D'Ardennen \u00e0 bras ouverts - w-l-c","robots":{"index":"noindex","follow":"follow","max-snippet":"max-snippet:-1","max-image-preview":"max-image-preview:large","max-video-preview":"max-video-preview:-1"},"og_locale":"fr_FR","og_type":"article","og_title":"Le monde accueille D'Ardennen \u00e0 bras ouverts - w-l-c","og_description":"Le premier long m\u00e9trage du r\u00e9alisateur belge Robin Pront, D&rsquo;Ardennen, a d\u00e9j\u00e0 trouv\u00e9 des distributeurs en Grande-Bretagne, en Su\u00e8de, en Pologne et aux Pays-Bas a annonc\u00e9 son producteur Bart Van Langendonck de Savage Film.","og_url":"https:\/\/w-l-c.be\/fr\/une-visibilite-internationale-formidable-pour-dardennen\/","og_site_name":"w-l-c","article_published_time":"2015-10-23T06:05:29+00:00","article_modified_time":"2015-10-20T10:24:19+00:00","og_image":[{"width":670,"height":377,"url":"https:\/\/w-l-c.be\/wp-content\/uploads\/2010\/10\/2058115052.jpg","type":"image\/jpeg"}],"author":"Philippe.Pierquin","twitter_card":"summary_large_image","twitter_misc":{"\u00c9crit par":"Philippe.Pierquin","Dur\u00e9e de lecture estim\u00e9e":"2 minutes"},"schema":{"@context":"https:\/\/schema.org","@graph":[{"@type":"WebPage","@id":"https:\/\/w-l-c.be\/fr\/une-visibilite-internationale-formidable-pour-dardennen\/","url":"https:\/\/w-l-c.be\/fr\/une-visibilite-internationale-formidable-pour-dardennen\/","name":"Le monde accueille D'Ardennen \u00e0 bras ouverts - w-l-c","isPartOf":{"@id":"https:\/\/w-l-c.be\/fr\/#website"},"datePublished":"2015-10-23T06:05:29+00:00","dateModified":"2015-10-20T10:24:19+00:00","author":{"@id":"https:\/\/w-l-c.be\/fr\/#\/schema\/person\/4b9b1d857f0943453a38a7c2859ef756"},"breadcrumb":{"@id":"https:\/\/w-l-c.be\/fr\/une-visibilite-internationale-formidable-pour-dardennen\/#breadcrumb"},"inLanguage":"fr-FR","potentialAction":[{"@type":"ReadAction","target":["https:\/\/w-l-c.be\/fr\/une-visibilite-internationale-formidable-pour-dardennen\/"]}]},{"@type":"BreadcrumbList","@id":"https:\/\/w-l-c.be\/fr\/une-visibilite-internationale-formidable-pour-dardennen\/#breadcrumb","itemListElement":[{"@type":"ListItem","position":1,"name":"Accueil","item":"https:\/\/w-l-c.be\/fr\/"},{"@type":"ListItem","position":2,"name":"Le monde accueille D&rsquo;Ardennen \u00e0 bras ouverts"}]},{"@type":"WebSite","@id":"https:\/\/w-l-c.be\/fr\/#website","url":"https:\/\/w-l-c.be\/fr\/","name":"w-l-c","description":"Le cin\u00e9ma vu par les belges","potentialAction":[{"@type":"SearchAction","target":{"@type":"EntryPoint","urlTemplate":"https:\/\/w-l-c.be\/fr\/?s={search_term_string}"},"query-input":"required name=search_term_string"}],"inLanguage":"fr-FR"},{"@type":"Person","@id":"https:\/\/w-l-c.be\/fr\/#\/schema\/person\/4b9b1d857f0943453a38a7c2859ef756","name":"Philippe.Pierquin","url":"https:\/\/w-l-c.be\/fr\/author\/philippe-pierquin\/"}]}},"_links":{"self":[{"href":"https:\/\/w-l-c.be\/fr\/wp-json\/wp\/v2\/posts\/79511","targetHints":{"allow":["GET"]}}],"collection":[{"href":"https:\/\/w-l-c.be\/fr\/wp-json\/wp\/v2\/posts"}],"about":[{"href":"https:\/\/w-l-c.be\/fr\/wp-json\/wp\/v2\/types\/post"}],"author":[{"embeddable":true,"href":"https:\/\/w-l-c.be\/fr\/wp-json\/wp\/v2\/users\/7"}],"replies":[{"embeddable":true,"href":"https:\/\/w-l-c.be\/fr\/wp-json\/wp\/v2\/comments?post=79511"}],"version-history":[{"count":0,"href":"https:\/\/w-l-c.be\/fr\/wp-json\/wp\/v2\/posts\/79511\/revisions"}],"wp:featuredmedia":[{"embeddable":true,"href":"https:\/\/w-l-c.be\/fr\/wp-json\/wp\/v2\/media\/79516"}],"wp:attachment":[{"href":"https:\/\/w-l-c.be\/fr\/wp-json\/wp\/v2\/media?parent=79511"}],"wp:term":[{"taxonomy":"category","embeddable":true,"href":"https:\/\/w-l-c.be\/fr\/wp-json\/wp\/v2\/categories?post=79511"},{"taxonomy":"post_tag","embeddable":true,"href":"https:\/\/w-l-c.be\/fr\/wp-json\/wp\/v2\/tags?post=79511"}],"curies":[{"name":"wp","href":"https:\/\/api.w.org\/{rel}","templated":true}]}}