
{"id":79574,"date":"2015-10-19T18:19:34","date_gmt":"2015-10-19T16:19:34","guid":{"rendered":"http:\/\/www.cinevox.be\/?p=79574"},"modified":"2015-10-19T18:19:34","modified_gmt":"2015-10-19T16:19:34","slug":"on-recherche-des-complices","status":"publish","type":"post","link":"https:\/\/w-l-c.be\/fr\/on-recherche-des-complices\/","title":{"rendered":"On recherche des complices"},"content":{"rendered":"<p>Dans le cadre d\u2019un court-m\u00e9trage intitul\u00e9 \u201cComplices\u201d (titre provisoire), r\u00e9alis\u00e9 par Mathieu Mortelmans (l&rsquo;\u00e9trange <em>Chambre double<\/em>) , Stromboli Pictures, est\u00a0\u00e0 la recherche de figurants &amp; silhouettes pour le tournage pr\u00e9vu entre le 2 et le 13 novembre 2015, \u00e0 Bruxelles et environs.<!--more--><\/p>\n<p>Profils recherch\u00e9s:<\/p>\n<ul>\n<li>4 Hommes entre 25 et 40 ans, baraqu\u00e9s, pour jouer les silhouettes d&rsquo;Agents de Police dans un tribunal.<\/li>\n<li>3 Hommes\/Femmes entre 35 et 50 ans pour jouer les silhouettes d\u2019Avocats.<\/li>\n<li>20 \u00e0 30 Jeunes (Hommes\/Femmes) de 18-20 ans, pour figurer dans une Soir\u00e9e priv\u00e9e dans une maison.<\/li>\n<li>25 Hommes\/Femmes de diff\u00e9rents \u00e2ges compris entre 20 et 60 ans pour figurer dans un tribunal et un commissariat.<\/li>\n<li>5 Hommes\/Femmes entre 25 et 45 ans pour figurer en tant que Businessmen\/women.<\/li>\n<li>10 \u00e0 15 Hommes\/Femmes entre 25 et 60 ans pour figurer en tant que \u201cPassants\u201d.<\/li>\n<\/ul>\n<p>Figuration d\u00e9fray\u00e9e!<\/p>\n<p>Merci d\u2019envoyer vos photos et candidature \u00e0 l\u2019adresse e-mail suivante:<\/p>\n<p><a href=\"mailto:casting.complices@gmail.com\" target=\"_blank\">casting.complices@gmail.com<\/a><\/p>\n","protected":false},"excerpt":{"rendered":"<p>Dans le cadre d\u2019un court-m\u00e9trage intitul\u00e9 \u201cComplices\u201d (titre provisoire), r\u00e9alis\u00e9 par Mathieu Mortelmans (l&rsquo;\u00e9trange Chambre double) , Stromboli Pictures, est\u00a0\u00e0 la recherche de figurants &amp; silhouettes pour le tournage pr\u00e9vu entre le 2 et le 13 novembre 2015, \u00e0 Bruxelles et environs.<\/p>\n","protected":false},"author":7,"featured_media":79576,"comment_status":"closed","ping_status":"closed","sticky":false,"template":"","format":"standard","meta":{"ngg_post_thumbnail":0,"footnotes":""},"categories":[20],"tags":[],"class_list":["post-79574","post","type-post","status-publish","format-standard","has-post-thumbnail","","category-cinejobs"],"yoast_head":"<!-- This site is optimized with the Yoast SEO plugin v20.4 - https:\/\/yoast.com\/wordpress\/plugins\/seo\/ -->\n<title>On recherche des complices - w-l-c<\/title>\n<meta name=\"robots\" content=\"noindex, follow, max-snippet:-1, max-image-preview:large, max-video-preview:-1\" \/>\n<meta property=\"og:locale\" content=\"fr_FR\" \/>\n<meta property=\"og:type\" content=\"article\" \/>\n<meta property=\"og:title\" content=\"On recherche des complices - w-l-c\" \/>\n<meta property=\"og:description\" content=\"Dans le cadre d\u2019un court-m\u00e9trage intitul\u00e9 \u201cComplices\u201d (titre provisoire), r\u00e9alis\u00e9 par Mathieu Mortelmans (l&rsquo;\u00e9trange Chambre double) , Stromboli Pictures, est\u00a0\u00e0 la recherche de figurants &amp; silhouettes pour le tournage pr\u00e9vu entre le 2 et le 13 novembre 2015, \u00e0 Bruxelles et environs.\" \/>\n<meta property=\"og:url\" content=\"https:\/\/w-l-c.be\/fr\/on-recherche-des-complices\/\" \/>\n<meta property=\"og:site_name\" content=\"w-l-c\" \/>\n<meta property=\"article:published_time\" content=\"2015-10-19T16:19:34+00:00\" \/>\n<meta property=\"og:image\" content=\"https:\/\/w-l-c.be\/wp-content\/uploads\/2015\/10\/Mathieu-Mortelmans-ID12-300x169.jpg\" \/>\n\t<meta property=\"og:image:width\" content=\"300\" \/>\n\t<meta property=\"og:image:height\" content=\"169\" \/>\n\t<meta property=\"og:image:type\" content=\"image\/jpeg\" \/>\n<meta name=\"author\" content=\"Philippe.Pierquin\" \/>\n<meta name=\"twitter:card\" content=\"summary_large_image\" \/>\n<meta name=\"twitter:label1\" content=\"\u00c9crit par\" \/>\n\t<meta name=\"twitter:data1\" content=\"Philippe.Pierquin\" \/>\n\t<meta name=\"twitter:label2\" content=\"Dur\u00e9e de lecture estim\u00e9e\" \/>\n\t<meta name=\"twitter:data2\" content=\"1 minute\" \/>\n<script type=\"application\/ld+json\" class=\"yoast-schema-graph\">{\"@context\":\"https:\/\/schema.org\",\"@graph\":[{\"@type\":\"WebPage\",\"@id\":\"https:\/\/w-l-c.be\/fr\/on-recherche-des-complices\/\",\"url\":\"https:\/\/w-l-c.be\/fr\/on-recherche-des-complices\/\",\"name\":\"On recherche des complices - w-l-c\",\"isPartOf\":{\"@id\":\"https:\/\/w-l-c.be\/fr\/#website\"},\"datePublished\":\"2015-10-19T16:19:34+00:00\",\"dateModified\":\"2015-10-19T16:19:34+00:00\",\"author\":{\"@id\":\"https:\/\/w-l-c.be\/fr\/#\/schema\/person\/4b9b1d857f0943453a38a7c2859ef756\"},\"breadcrumb\":{\"@id\":\"https:\/\/w-l-c.be\/fr\/on-recherche-des-complices\/#breadcrumb\"},\"inLanguage\":\"fr-FR\",\"potentialAction\":[{\"@type\":\"ReadAction\",\"target\":[\"https:\/\/w-l-c.be\/fr\/on-recherche-des-complices\/\"]}]},{\"@type\":\"BreadcrumbList\",\"@id\":\"https:\/\/w-l-c.be\/fr\/on-recherche-des-complices\/#breadcrumb\",\"itemListElement\":[{\"@type\":\"ListItem\",\"position\":1,\"name\":\"Accueil\",\"item\":\"https:\/\/w-l-c.be\/fr\/\"},{\"@type\":\"ListItem\",\"position\":2,\"name\":\"On recherche des complices\"}]},{\"@type\":\"WebSite\",\"@id\":\"https:\/\/w-l-c.be\/fr\/#website\",\"url\":\"https:\/\/w-l-c.be\/fr\/\",\"name\":\"w-l-c\",\"description\":\"Le cin\u00e9ma vu par les belges\",\"potentialAction\":[{\"@type\":\"SearchAction\",\"target\":{\"@type\":\"EntryPoint\",\"urlTemplate\":\"https:\/\/w-l-c.be\/fr\/?s={search_term_string}\"},\"query-input\":\"required name=search_term_string\"}],\"inLanguage\":\"fr-FR\"},{\"@type\":\"Person\",\"@id\":\"https:\/\/w-l-c.be\/fr\/#\/schema\/person\/4b9b1d857f0943453a38a7c2859ef756\",\"name\":\"Philippe.Pierquin\",\"url\":\"https:\/\/w-l-c.be\/fr\/author\/philippe-pierquin\/\"}]}<\/script>\n<!-- \/ Yoast SEO plugin. -->","yoast_head_json":{"title":"On recherche des complices - w-l-c","robots":{"index":"noindex","follow":"follow","max-snippet":"max-snippet:-1","max-image-preview":"max-image-preview:large","max-video-preview":"max-video-preview:-1"},"og_locale":"fr_FR","og_type":"article","og_title":"On recherche des complices - w-l-c","og_description":"Dans le cadre d\u2019un court-m\u00e9trage intitul\u00e9 \u201cComplices\u201d (titre provisoire), r\u00e9alis\u00e9 par Mathieu Mortelmans (l&rsquo;\u00e9trange Chambre double) , Stromboli Pictures, est\u00a0\u00e0 la recherche de figurants &amp; silhouettes pour le tournage pr\u00e9vu entre le 2 et le 13 novembre 2015, \u00e0 Bruxelles et environs.","og_url":"https:\/\/w-l-c.be\/fr\/on-recherche-des-complices\/","og_site_name":"w-l-c","article_published_time":"2015-10-19T16:19:34+00:00","og_image":[{"width":300,"height":169,"url":"https:\/\/w-l-c.be\/wp-content\/uploads\/2015\/10\/Mathieu-Mortelmans-ID12-300x169.jpg","type":"image\/jpeg"}],"author":"Philippe.Pierquin","twitter_card":"summary_large_image","twitter_misc":{"\u00c9crit par":"Philippe.Pierquin","Dur\u00e9e de lecture estim\u00e9e":"1 minute"},"schema":{"@context":"https:\/\/schema.org","@graph":[{"@type":"WebPage","@id":"https:\/\/w-l-c.be\/fr\/on-recherche-des-complices\/","url":"https:\/\/w-l-c.be\/fr\/on-recherche-des-complices\/","name":"On recherche des complices - w-l-c","isPartOf":{"@id":"https:\/\/w-l-c.be\/fr\/#website"},"datePublished":"2015-10-19T16:19:34+00:00","dateModified":"2015-10-19T16:19:34+00:00","author":{"@id":"https:\/\/w-l-c.be\/fr\/#\/schema\/person\/4b9b1d857f0943453a38a7c2859ef756"},"breadcrumb":{"@id":"https:\/\/w-l-c.be\/fr\/on-recherche-des-complices\/#breadcrumb"},"inLanguage":"fr-FR","potentialAction":[{"@type":"ReadAction","target":["https:\/\/w-l-c.be\/fr\/on-recherche-des-complices\/"]}]},{"@type":"BreadcrumbList","@id":"https:\/\/w-l-c.be\/fr\/on-recherche-des-complices\/#breadcrumb","itemListElement":[{"@type":"ListItem","position":1,"name":"Accueil","item":"https:\/\/w-l-c.be\/fr\/"},{"@type":"ListItem","position":2,"name":"On recherche des complices"}]},{"@type":"WebSite","@id":"https:\/\/w-l-c.be\/fr\/#website","url":"https:\/\/w-l-c.be\/fr\/","name":"w-l-c","description":"Le cin\u00e9ma vu par les belges","potentialAction":[{"@type":"SearchAction","target":{"@type":"EntryPoint","urlTemplate":"https:\/\/w-l-c.be\/fr\/?s={search_term_string}"},"query-input":"required name=search_term_string"}],"inLanguage":"fr-FR"},{"@type":"Person","@id":"https:\/\/w-l-c.be\/fr\/#\/schema\/person\/4b9b1d857f0943453a38a7c2859ef756","name":"Philippe.Pierquin","url":"https:\/\/w-l-c.be\/fr\/author\/philippe-pierquin\/"}]}},"_links":{"self":[{"href":"https:\/\/w-l-c.be\/fr\/wp-json\/wp\/v2\/posts\/79574","targetHints":{"allow":["GET"]}}],"collection":[{"href":"https:\/\/w-l-c.be\/fr\/wp-json\/wp\/v2\/posts"}],"about":[{"href":"https:\/\/w-l-c.be\/fr\/wp-json\/wp\/v2\/types\/post"}],"author":[{"embeddable":true,"href":"https:\/\/w-l-c.be\/fr\/wp-json\/wp\/v2\/users\/7"}],"replies":[{"embeddable":true,"href":"https:\/\/w-l-c.be\/fr\/wp-json\/wp\/v2\/comments?post=79574"}],"version-history":[{"count":0,"href":"https:\/\/w-l-c.be\/fr\/wp-json\/wp\/v2\/posts\/79574\/revisions"}],"wp:featuredmedia":[{"embeddable":true,"href":"https:\/\/w-l-c.be\/fr\/wp-json\/wp\/v2\/media\/79576"}],"wp:attachment":[{"href":"https:\/\/w-l-c.be\/fr\/wp-json\/wp\/v2\/media?parent=79574"}],"wp:term":[{"taxonomy":"category","embeddable":true,"href":"https:\/\/w-l-c.be\/fr\/wp-json\/wp\/v2\/categories?post=79574"},{"taxonomy":"post_tag","embeddable":true,"href":"https:\/\/w-l-c.be\/fr\/wp-json\/wp\/v2\/tags?post=79574"}],"curies":[{"name":"wp","href":"https:\/\/api.w.org\/{rel}","templated":true}]}}