
{"id":79587,"date":"2015-10-21T07:48:21","date_gmt":"2015-10-21T05:48:21","guid":{"rendered":"http:\/\/www.cinevox.be\/?p=79587"},"modified":"2015-10-29T08:59:44","modified_gmt":"2015-10-29T07:59:44","slug":"samy-reste-le-film-belge-le-plus-vu-a-travers-le-monde","status":"publish","type":"post","link":"https:\/\/w-l-c.be\/fr\/samy-reste-le-film-belge-le-plus-vu-a-travers-le-monde\/","title":{"rendered":"Samy reste le film belge le plus vu \u00e0 travers le monde"},"content":{"rendered":"<p>Les chiffres formidables enregistr\u00e9s par <em>Le Tout Nouveau Testament<\/em> et le classement r\u00e9v\u00e9l\u00e9 samedi soir nous ont pouss\u00e9s \u00e0 effectuer quelques petites recherches suppl\u00e9mentaires.<\/p>\n<p>S\u2019ils sont tout \u00e0 fait exacts, ils demandent n\u00e9anmoins un petit compl\u00e9ment d\u2019information.<!--more--><br \/>\n<em>Le Tout Nouveau Testament<\/em> est bien n\u00b0\u00a03 au box-office belge francophone pour les entr\u00e9es en Belgique. Il pr\u00e9c\u00e8de dor\u00e9navant de tr\u00e8s peu Sammy, le long m\u00e9trage d\u2019animation de <strong>Ben Stassen<\/strong> qui avait enregistr\u00e9 231,149 entr\u00e9es en Belgique.<\/p>\n<p>&nbsp;<\/p>\n<p><a href=\"http:\/\/www.cinevox.be\/wp-content\/uploads\/2015\/10\/samy.jpg\"><img loading=\"lazy\" decoding=\"async\" class=\"aligncenter size-large wp-image-79588\" src=\"http:\/\/www.cinevox.be\/wp-content\/uploads\/2015\/10\/samy-800x450.jpg\" alt=\"\" width=\"640\" height=\"360\" srcset=\"https:\/\/w-l-c.be\/wp-content\/uploads\/2015\/10\/samy-800x450.jpg 800w, https:\/\/w-l-c.be\/wp-content\/uploads\/2015\/10\/samy-200x113.jpg 200w, https:\/\/w-l-c.be\/wp-content\/uploads\/2015\/10\/samy-480x270.jpg 480w, https:\/\/w-l-c.be\/wp-content\/uploads\/2015\/10\/samy-300x169.jpg 300w, https:\/\/w-l-c.be\/wp-content\/uploads\/2015\/10\/samy-620x350.jpg 620w, https:\/\/w-l-c.be\/wp-content\/uploads\/2015\/10\/samy.jpg 2048w\" sizes=\"auto, (max-width: 640px) 100vw, 640px\" \/><\/a><\/p>\n<p>&nbsp;<\/p>\n<p>Par contre, <em>Le Voyage Extraordinaire de Samy <\/em>est toujours devant le quatri\u00e8me long m\u00e9trage de <strong>Jaco van Dormael<\/strong> pour la combi France Belgique avec 1.529.195. Et bien s\u00fbr, la tortue la plus mignonne de l\u2019univers reste loin loin devant tous les autres films belges (qu\u2019ils soient francophones ou flamands) quand on cumule les entr\u00e9es \u00e0 travers le monde avec plus de\u2026 10.000.000 de spectateurs.<br \/>\nUn score d\u2019autant plus incroyable que le film, pourtant achet\u00e9 par un distributeur US, n\u2019avait finalement pas \u00e9t\u00e9 projet\u00e9 dans les salles am\u00e9ricaines.<br \/>\n<em>Le Manoir Magique<\/em> dernier long m\u00e9trage d\u2019animation en date de nWave a s\u00e9duit 1.054.120\u00a0spectateurs en France et 129.124 en Belgique. \u00c0 travers le monde, ce sont 6 millions de tickets qui ont \u00e9t\u00e9 vendus.<\/p>\n<p>&nbsp;<\/p>\n<p><a href=\"http:\/\/www.cinevox.be\/wp-content\/uploads\/2015\/10\/manoir-magique.jpg\"><img loading=\"lazy\" decoding=\"async\" class=\"aligncenter size-large wp-image-79589\" src=\"http:\/\/www.cinevox.be\/wp-content\/uploads\/2015\/10\/manoir-magique-800x450.jpg\" alt=\"\" width=\"640\" height=\"360\" srcset=\"https:\/\/w-l-c.be\/wp-content\/uploads\/2015\/10\/manoir-magique-800x450.jpg 800w, https:\/\/w-l-c.be\/wp-content\/uploads\/2015\/10\/manoir-magique-200x113.jpg 200w, https:\/\/w-l-c.be\/wp-content\/uploads\/2015\/10\/manoir-magique-480x270.jpg 480w, https:\/\/w-l-c.be\/wp-content\/uploads\/2015\/10\/manoir-magique-300x169.jpg 300w, https:\/\/w-l-c.be\/wp-content\/uploads\/2015\/10\/manoir-magique-620x350.jpg 620w, https:\/\/w-l-c.be\/wp-content\/uploads\/2015\/10\/manoir-magique.jpg 1493w\" sizes=\"auto, (max-width: 640px) 100vw, 640px\" \/><\/a><\/p>\n<p>&nbsp;<\/p>\n<p>Jusqu\u2019ici trois films de nWave ont fait plus de 10 millions d&rsquo;entr\u00e9es sur l&rsquo;ensemble de la plan\u00e8te:\u00a0 <em>Samy I<\/em> donc et deux films qui sont avant tout d&rsquo;incroyables d\u00e9monstrations<em>\u00a0\u00a0de ma\u00eetrise de la 3D au service d&rsquo;images hallucinantes: Wild Safari 3D <\/em>et <em>Encounter in the Third Dimension.<\/em><\/p>\n<p>Cinq films on fait plus de 5 millions d&rsquo;entr\u00e9es;\u00a0 <em>Fly Me To The Moon, The House of Magic (Le Manoir Magique), Sammy II, Thrill Ride<\/em> et <em>Haunted Castle.<\/em><\/p>\n<p>&nbsp;<\/p>\n<p><a href=\"http:\/\/www.cinevox.be\/wp-content\/uploads\/2015\/10\/2c85cf6f260b85b36c80951d2faa32ec.jpeg\"><img loading=\"lazy\" decoding=\"async\" class=\"aligncenter size-large wp-image-79590\" src=\"http:\/\/www.cinevox.be\/wp-content\/uploads\/2015\/10\/2c85cf6f260b85b36c80951d2faa32ec-800x334.jpeg\" alt=\"\" width=\"640\" height=\"267\" srcset=\"https:\/\/w-l-c.be\/wp-content\/uploads\/2015\/10\/2c85cf6f260b85b36c80951d2faa32ec-800x334.jpeg 800w, https:\/\/w-l-c.be\/wp-content\/uploads\/2015\/10\/2c85cf6f260b85b36c80951d2faa32ec-480x200.jpeg 480w, https:\/\/w-l-c.be\/wp-content\/uploads\/2015\/10\/2c85cf6f260b85b36c80951d2faa32ec.jpeg 850w\" sizes=\"auto, (max-width: 640px) 100vw, 640px\" \/><\/a><\/p>\n<p><em>Robinson Cruso\u00e9<\/em> sera-t-il mieux\u00a0que tous pr\u00e9d\u00e9cesseurs ? Ce n\u2019est pas impossible du tout.<br \/>\nSi la sortie, annonc\u00e9e dans notre capsule pour No\u00ebl, vient d\u2019\u00eatre postpos\u00e9e aux prochaines vacances de P\u00e2ques, il est bon de noter que ce d\u00e9lai n\u2019a pas \u00e9t\u00e9 occasionn\u00e9 par un quelconque souci. Au contraire\u00a0! <em>Robinson <\/em>aura en effet droit \u00e0 une tr\u00e8s importante sortie aux \u00c9tats-Unis et les diffusions dans les autres pays doivent d\u00e9sormais s\u2019aligner sur ce territoire qui pourrait permettre \u00e0 nWave de battre de nouveaux records.<\/p>\n<p>On croise les doigts pour Ben Stassen et <strong>Vincent Kesteloot<\/strong> qui a cor\u00e9alis\u00e9 ce film avec le maestro, comme il l\u2019avait d\u00e9j\u00e0 fait pour <em>Samy\u00a02.<\/em> Ce que nous avons vu de ce nouveau petit bijou qui joue sur le terrain des monstres am\u00e9ricains avec un budget 5 fois inf\u00e9rieur, mais un savoir-faire belgo-belge sid\u00e9rant, fait vraiment tr\u00e8s envie.<\/p>\n<p>&nbsp;<\/p>\n<p><a href=\"http:\/\/www.cinevox.be\/wp-content\/uploads\/2015\/10\/2015-07-20_11h13_39.jpg\"><img loading=\"lazy\" decoding=\"async\" class=\"aligncenter size-large wp-image-79591\" src=\"http:\/\/www.cinevox.be\/wp-content\/uploads\/2015\/10\/2015-07-20_11h13_39-800x418.jpg\" alt=\"\" width=\"640\" height=\"334\" srcset=\"https:\/\/w-l-c.be\/wp-content\/uploads\/2015\/10\/2015-07-20_11h13_39-800x418.jpg 800w, https:\/\/w-l-c.be\/wp-content\/uploads\/2015\/10\/2015-07-20_11h13_39-480x251.jpg 480w, https:\/\/w-l-c.be\/wp-content\/uploads\/2015\/10\/2015-07-20_11h13_39.jpg 1896w\" sizes=\"auto, (max-width: 640px) 100vw, 640px\" \/><\/a><\/p>\n<p>Vous pouvez visionner <a href=\"http:\/\/www.cinevox.be\/cinevox-44-septembre-2015-robinson-crusoe\">ICI<\/a> la capsule consacr\u00e9e \u00e0 Robinson et <a href=\"http:\/\/www.cinevox.be\/robinson-crusoe-le-trailer\">ICI<\/a> le trailer du film.<\/p>\n<p>Vous pouvez aussi lire <a href=\"http:\/\/www.cinevox.be\/robinson-belge-sera-diffuse-travers-monde-entier\/\">ICI<\/a> un article consacr\u00e9 aux ventes internationales du film<\/p>\n<p>Nous avons \u00e9galement consacr\u00e9 deux reportages \u00e0 l\u2019aventure de Robinson\u00a0: vous pouvez les lire\/regarder <a href=\"http:\/\/www.cinevox.be\/ben-stassen-le-robinson-belge\/\">ICI<\/a> et <a href=\"http:\/\/www.cinevox.be\/ben-stassen-les-secrets-dun-film-danimation-3d\/\">ICI<\/a><\/p>\n","protected":false},"excerpt":{"rendered":"<p>Les chiffres formidables enregistr\u00e9s par Le Tout Nouveau Testament et le classement r\u00e9v\u00e9l\u00e9 samedi soir nous ont pouss\u00e9s \u00e0 effectuer quelques petites recherches suppl\u00e9mentaires. S\u2019ils sont tout \u00e0 fait exacts, ils demandent n\u00e9anmoins un petit compl\u00e9ment d\u2019information.<\/p>\n","protected":false},"author":7,"featured_media":79593,"comment_status":"closed","ping_status":"closed","sticky":false,"template":"","format":"standard","meta":{"ngg_post_thumbnail":0,"footnotes":""},"categories":[1923],"tags":[],"class_list":["post-79587","post","type-post","status-publish","format-standard","has-post-thumbnail","","category-en-bref"],"yoast_head":"<!-- This site is optimized with the Yoast SEO plugin v20.4 - https:\/\/yoast.com\/wordpress\/plugins\/seo\/ -->\n<title>Samy reste le film belge le plus vu \u00e0 travers le monde - w-l-c<\/title>\n<meta name=\"robots\" content=\"noindex, follow, max-snippet:-1, max-image-preview:large, max-video-preview:-1\" \/>\n<meta property=\"og:locale\" content=\"fr_FR\" \/>\n<meta property=\"og:type\" content=\"article\" \/>\n<meta property=\"og:title\" content=\"Samy reste le film belge le plus vu \u00e0 travers le monde - w-l-c\" \/>\n<meta property=\"og:description\" content=\"Les chiffres formidables enregistr\u00e9s par Le Tout Nouveau Testament et le classement r\u00e9v\u00e9l\u00e9 samedi soir nous ont pouss\u00e9s \u00e0 effectuer quelques petites recherches suppl\u00e9mentaires. S\u2019ils sont tout \u00e0 fait exacts, ils demandent n\u00e9anmoins un petit compl\u00e9ment d\u2019information.\" \/>\n<meta property=\"og:url\" content=\"https:\/\/w-l-c.be\/fr\/samy-reste-le-film-belge-le-plus-vu-a-travers-le-monde\/\" \/>\n<meta property=\"og:site_name\" content=\"w-l-c\" \/>\n<meta property=\"article:published_time\" content=\"2015-10-21T05:48:21+00:00\" \/>\n<meta property=\"article:modified_time\" content=\"2015-10-29T07:59:44+00:00\" \/>\n<meta property=\"og:image\" content=\"https:\/\/w-l-c.be\/wp-content\/uploads\/2010\/10\/Le-Voyage-Extraordinaire-de-Samy-Poster-Teaser.jpg\" \/>\n\t<meta property=\"og:image:width\" content=\"1200\" \/>\n\t<meta property=\"og:image:height\" content=\"800\" \/>\n\t<meta property=\"og:image:type\" content=\"image\/jpeg\" \/>\n<meta name=\"author\" content=\"Philippe.Pierquin\" \/>\n<meta name=\"twitter:card\" content=\"summary_large_image\" \/>\n<meta name=\"twitter:label1\" content=\"\u00c9crit par\" \/>\n\t<meta name=\"twitter:data1\" content=\"Philippe.Pierquin\" \/>\n\t<meta name=\"twitter:label2\" content=\"Dur\u00e9e de lecture estim\u00e9e\" \/>\n\t<meta name=\"twitter:data2\" content=\"3 minutes\" \/>\n<script type=\"application\/ld+json\" class=\"yoast-schema-graph\">{\"@context\":\"https:\/\/schema.org\",\"@graph\":[{\"@type\":\"WebPage\",\"@id\":\"https:\/\/w-l-c.be\/fr\/samy-reste-le-film-belge-le-plus-vu-a-travers-le-monde\/\",\"url\":\"https:\/\/w-l-c.be\/fr\/samy-reste-le-film-belge-le-plus-vu-a-travers-le-monde\/\",\"name\":\"Samy reste le film belge le plus vu \u00e0 travers le monde - w-l-c\",\"isPartOf\":{\"@id\":\"https:\/\/w-l-c.be\/fr\/#website\"},\"datePublished\":\"2015-10-21T05:48:21+00:00\",\"dateModified\":\"2015-10-29T07:59:44+00:00\",\"author\":{\"@id\":\"https:\/\/w-l-c.be\/fr\/#\/schema\/person\/4b9b1d857f0943453a38a7c2859ef756\"},\"breadcrumb\":{\"@id\":\"https:\/\/w-l-c.be\/fr\/samy-reste-le-film-belge-le-plus-vu-a-travers-le-monde\/#breadcrumb\"},\"inLanguage\":\"fr-FR\",\"potentialAction\":[{\"@type\":\"ReadAction\",\"target\":[\"https:\/\/w-l-c.be\/fr\/samy-reste-le-film-belge-le-plus-vu-a-travers-le-monde\/\"]}]},{\"@type\":\"BreadcrumbList\",\"@id\":\"https:\/\/w-l-c.be\/fr\/samy-reste-le-film-belge-le-plus-vu-a-travers-le-monde\/#breadcrumb\",\"itemListElement\":[{\"@type\":\"ListItem\",\"position\":1,\"name\":\"Accueil\",\"item\":\"https:\/\/w-l-c.be\/fr\/\"},{\"@type\":\"ListItem\",\"position\":2,\"name\":\"Samy reste le film belge le plus vu \u00e0 travers le monde\"}]},{\"@type\":\"WebSite\",\"@id\":\"https:\/\/w-l-c.be\/fr\/#website\",\"url\":\"https:\/\/w-l-c.be\/fr\/\",\"name\":\"w-l-c\",\"description\":\"Le cin\u00e9ma vu par les belges\",\"potentialAction\":[{\"@type\":\"SearchAction\",\"target\":{\"@type\":\"EntryPoint\",\"urlTemplate\":\"https:\/\/w-l-c.be\/fr\/?s={search_term_string}\"},\"query-input\":\"required name=search_term_string\"}],\"inLanguage\":\"fr-FR\"},{\"@type\":\"Person\",\"@id\":\"https:\/\/w-l-c.be\/fr\/#\/schema\/person\/4b9b1d857f0943453a38a7c2859ef756\",\"name\":\"Philippe.Pierquin\",\"url\":\"https:\/\/w-l-c.be\/fr\/author\/philippe-pierquin\/\"}]}<\/script>\n<!-- \/ Yoast SEO plugin. -->","yoast_head_json":{"title":"Samy reste le film belge le plus vu \u00e0 travers le monde - w-l-c","robots":{"index":"noindex","follow":"follow","max-snippet":"max-snippet:-1","max-image-preview":"max-image-preview:large","max-video-preview":"max-video-preview:-1"},"og_locale":"fr_FR","og_type":"article","og_title":"Samy reste le film belge le plus vu \u00e0 travers le monde - w-l-c","og_description":"Les chiffres formidables enregistr\u00e9s par Le Tout Nouveau Testament et le classement r\u00e9v\u00e9l\u00e9 samedi soir nous ont pouss\u00e9s \u00e0 effectuer quelques petites recherches suppl\u00e9mentaires. S\u2019ils sont tout \u00e0 fait exacts, ils demandent n\u00e9anmoins un petit compl\u00e9ment d\u2019information.","og_url":"https:\/\/w-l-c.be\/fr\/samy-reste-le-film-belge-le-plus-vu-a-travers-le-monde\/","og_site_name":"w-l-c","article_published_time":"2015-10-21T05:48:21+00:00","article_modified_time":"2015-10-29T07:59:44+00:00","og_image":[{"width":1200,"height":800,"url":"https:\/\/w-l-c.be\/wp-content\/uploads\/2010\/10\/Le-Voyage-Extraordinaire-de-Samy-Poster-Teaser.jpg","type":"image\/jpeg"}],"author":"Philippe.Pierquin","twitter_card":"summary_large_image","twitter_misc":{"\u00c9crit par":"Philippe.Pierquin","Dur\u00e9e de lecture estim\u00e9e":"3 minutes"},"schema":{"@context":"https:\/\/schema.org","@graph":[{"@type":"WebPage","@id":"https:\/\/w-l-c.be\/fr\/samy-reste-le-film-belge-le-plus-vu-a-travers-le-monde\/","url":"https:\/\/w-l-c.be\/fr\/samy-reste-le-film-belge-le-plus-vu-a-travers-le-monde\/","name":"Samy reste le film belge le plus vu \u00e0 travers le monde - w-l-c","isPartOf":{"@id":"https:\/\/w-l-c.be\/fr\/#website"},"datePublished":"2015-10-21T05:48:21+00:00","dateModified":"2015-10-29T07:59:44+00:00","author":{"@id":"https:\/\/w-l-c.be\/fr\/#\/schema\/person\/4b9b1d857f0943453a38a7c2859ef756"},"breadcrumb":{"@id":"https:\/\/w-l-c.be\/fr\/samy-reste-le-film-belge-le-plus-vu-a-travers-le-monde\/#breadcrumb"},"inLanguage":"fr-FR","potentialAction":[{"@type":"ReadAction","target":["https:\/\/w-l-c.be\/fr\/samy-reste-le-film-belge-le-plus-vu-a-travers-le-monde\/"]}]},{"@type":"BreadcrumbList","@id":"https:\/\/w-l-c.be\/fr\/samy-reste-le-film-belge-le-plus-vu-a-travers-le-monde\/#breadcrumb","itemListElement":[{"@type":"ListItem","position":1,"name":"Accueil","item":"https:\/\/w-l-c.be\/fr\/"},{"@type":"ListItem","position":2,"name":"Samy reste le film belge le plus vu \u00e0 travers le monde"}]},{"@type":"WebSite","@id":"https:\/\/w-l-c.be\/fr\/#website","url":"https:\/\/w-l-c.be\/fr\/","name":"w-l-c","description":"Le cin\u00e9ma vu par les belges","potentialAction":[{"@type":"SearchAction","target":{"@type":"EntryPoint","urlTemplate":"https:\/\/w-l-c.be\/fr\/?s={search_term_string}"},"query-input":"required name=search_term_string"}],"inLanguage":"fr-FR"},{"@type":"Person","@id":"https:\/\/w-l-c.be\/fr\/#\/schema\/person\/4b9b1d857f0943453a38a7c2859ef756","name":"Philippe.Pierquin","url":"https:\/\/w-l-c.be\/fr\/author\/philippe-pierquin\/"}]}},"_links":{"self":[{"href":"https:\/\/w-l-c.be\/fr\/wp-json\/wp\/v2\/posts\/79587","targetHints":{"allow":["GET"]}}],"collection":[{"href":"https:\/\/w-l-c.be\/fr\/wp-json\/wp\/v2\/posts"}],"about":[{"href":"https:\/\/w-l-c.be\/fr\/wp-json\/wp\/v2\/types\/post"}],"author":[{"embeddable":true,"href":"https:\/\/w-l-c.be\/fr\/wp-json\/wp\/v2\/users\/7"}],"replies":[{"embeddable":true,"href":"https:\/\/w-l-c.be\/fr\/wp-json\/wp\/v2\/comments?post=79587"}],"version-history":[{"count":0,"href":"https:\/\/w-l-c.be\/fr\/wp-json\/wp\/v2\/posts\/79587\/revisions"}],"wp:featuredmedia":[{"embeddable":true,"href":"https:\/\/w-l-c.be\/fr\/wp-json\/wp\/v2\/media\/79593"}],"wp:attachment":[{"href":"https:\/\/w-l-c.be\/fr\/wp-json\/wp\/v2\/media?parent=79587"}],"wp:term":[{"taxonomy":"category","embeddable":true,"href":"https:\/\/w-l-c.be\/fr\/wp-json\/wp\/v2\/categories?post=79587"},{"taxonomy":"post_tag","embeddable":true,"href":"https:\/\/w-l-c.be\/fr\/wp-json\/wp\/v2\/tags?post=79587"}],"curies":[{"name":"wp","href":"https:\/\/api.w.org\/{rel}","templated":true}]}}