
{"id":79643,"date":"2015-10-20T13:18:51","date_gmt":"2015-10-20T11:18:51","guid":{"rendered":"http:\/\/www.cinevox.be\/?p=79643"},"modified":"2015-10-20T13:19:13","modified_gmt":"2015-10-20T11:19:13","slug":"on-recherche-des-barbus","status":"publish","type":"post","link":"https:\/\/w-l-c.be\/fr\/on-recherche-des-barbus\/","title":{"rendered":"On recherche des barbus"},"content":{"rendered":"<p>Urgent !<br \/>\nADK-Kasting recherche des BARBUS pour une s\u00e9quence du long m\u00e9trage \u00ab\u00a0Je suis rest\u00e9 dans les bois\u00a0\u00bb de Vincent Solheid Erika Sainte et Micha\u00ebl Bier. Tournage le dimanche 1er novembre (journ\u00e9e) \u00e0 Bruxelles.<\/p>\n<p>Le film \u00e9tant fauch\u00e9 (on confirme), personne ne sera r\u00e9mun\u00e9r\u00e9, mais l&rsquo;ambiance est garantie.<\/p>\n<p>SI vous \u00eates int\u00e9ress\u00e9s, envoyez vos photos \u00e0 info@adk-kasting.com ou contactez le 02\/544.09.05<\/p>\n","protected":false},"excerpt":{"rendered":"<p>Urgent ! ADK-Kasting recherche des BARBUS pour une s\u00e9quence du long m\u00e9trage \u00ab\u00a0Je suis rest\u00e9 dans les bois\u00a0\u00bb de Vincent Solheid Erika Sainte et Micha\u00ebl Bier. Tournage le dimanche 1er novembre (journ\u00e9e) \u00e0 Bruxelles. Le film \u00e9tant fauch\u00e9 (on confirme), personne ne sera r\u00e9mun\u00e9r\u00e9, mais l&rsquo;ambiance est garantie. SI vous \u00eates int\u00e9ress\u00e9s, envoyez vos photos &hellip;<\/p>\n","protected":false},"author":7,"featured_media":79645,"comment_status":"closed","ping_status":"closed","sticky":false,"template":"","format":"standard","meta":{"ngg_post_thumbnail":0,"footnotes":""},"categories":[20],"tags":[],"class_list":["post-79643","post","type-post","status-publish","format-standard","has-post-thumbnail","","category-cinejobs"],"yoast_head":"<!-- This site is optimized with the Yoast SEO plugin v20.4 - https:\/\/yoast.com\/wordpress\/plugins\/seo\/ -->\n<title>On recherche des barbus - w-l-c<\/title>\n<meta name=\"robots\" content=\"noindex, follow, max-snippet:-1, max-image-preview:large, max-video-preview:-1\" \/>\n<meta property=\"og:locale\" content=\"fr_FR\" \/>\n<meta property=\"og:type\" content=\"article\" \/>\n<meta property=\"og:title\" content=\"On recherche des barbus - w-l-c\" \/>\n<meta property=\"og:description\" content=\"Urgent ! ADK-Kasting recherche des BARBUS pour une s\u00e9quence du long m\u00e9trage \u00ab\u00a0Je suis rest\u00e9 dans les bois\u00a0\u00bb de Vincent Solheid Erika Sainte et Micha\u00ebl Bier. Tournage le dimanche 1er novembre (journ\u00e9e) \u00e0 Bruxelles. Le film \u00e9tant fauch\u00e9 (on confirme), personne ne sera r\u00e9mun\u00e9r\u00e9, mais l&rsquo;ambiance est garantie. SI vous \u00eates int\u00e9ress\u00e9s, envoyez vos photos &hellip;\" \/>\n<meta property=\"og:url\" content=\"https:\/\/w-l-c.be\/fr\/on-recherche-des-barbus\/\" \/>\n<meta property=\"og:site_name\" content=\"w-l-c\" \/>\n<meta property=\"article:published_time\" content=\"2015-10-20T11:18:51+00:00\" \/>\n<meta property=\"article:modified_time\" content=\"2015-10-20T11:19:13+00:00\" \/>\n<meta property=\"og:image\" content=\"https:\/\/w-l-c.be\/wp-content\/uploads\/2015\/10\/11289431_10207234545848719_5788673491947044469_o.jpg\" \/>\n\t<meta property=\"og:image:width\" content=\"2048\" \/>\n\t<meta property=\"og:image:height\" content=\"1536\" \/>\n\t<meta property=\"og:image:type\" content=\"image\/jpeg\" \/>\n<meta name=\"author\" content=\"Philippe.Pierquin\" \/>\n<meta name=\"twitter:card\" content=\"summary_large_image\" \/>\n<meta name=\"twitter:label1\" content=\"\u00c9crit par\" \/>\n\t<meta name=\"twitter:data1\" content=\"Philippe.Pierquin\" \/>\n<script type=\"application\/ld+json\" class=\"yoast-schema-graph\">{\"@context\":\"https:\/\/schema.org\",\"@graph\":[{\"@type\":\"WebPage\",\"@id\":\"https:\/\/w-l-c.be\/fr\/on-recherche-des-barbus\/\",\"url\":\"https:\/\/w-l-c.be\/fr\/on-recherche-des-barbus\/\",\"name\":\"On recherche des barbus - w-l-c\",\"isPartOf\":{\"@id\":\"https:\/\/w-l-c.be\/fr\/#website\"},\"datePublished\":\"2015-10-20T11:18:51+00:00\",\"dateModified\":\"2015-10-20T11:19:13+00:00\",\"author\":{\"@id\":\"https:\/\/w-l-c.be\/fr\/#\/schema\/person\/4b9b1d857f0943453a38a7c2859ef756\"},\"breadcrumb\":{\"@id\":\"https:\/\/w-l-c.be\/fr\/on-recherche-des-barbus\/#breadcrumb\"},\"inLanguage\":\"fr-FR\",\"potentialAction\":[{\"@type\":\"ReadAction\",\"target\":[\"https:\/\/w-l-c.be\/fr\/on-recherche-des-barbus\/\"]}]},{\"@type\":\"BreadcrumbList\",\"@id\":\"https:\/\/w-l-c.be\/fr\/on-recherche-des-barbus\/#breadcrumb\",\"itemListElement\":[{\"@type\":\"ListItem\",\"position\":1,\"name\":\"Accueil\",\"item\":\"https:\/\/w-l-c.be\/fr\/\"},{\"@type\":\"ListItem\",\"position\":2,\"name\":\"On recherche des barbus\"}]},{\"@type\":\"WebSite\",\"@id\":\"https:\/\/w-l-c.be\/fr\/#website\",\"url\":\"https:\/\/w-l-c.be\/fr\/\",\"name\":\"w-l-c\",\"description\":\"Le cin\u00e9ma vu par les belges\",\"potentialAction\":[{\"@type\":\"SearchAction\",\"target\":{\"@type\":\"EntryPoint\",\"urlTemplate\":\"https:\/\/w-l-c.be\/fr\/?s={search_term_string}\"},\"query-input\":\"required name=search_term_string\"}],\"inLanguage\":\"fr-FR\"},{\"@type\":\"Person\",\"@id\":\"https:\/\/w-l-c.be\/fr\/#\/schema\/person\/4b9b1d857f0943453a38a7c2859ef756\",\"name\":\"Philippe.Pierquin\",\"url\":\"https:\/\/w-l-c.be\/fr\/author\/philippe-pierquin\/\"}]}<\/script>\n<!-- \/ Yoast SEO plugin. -->","yoast_head_json":{"title":"On recherche des barbus - w-l-c","robots":{"index":"noindex","follow":"follow","max-snippet":"max-snippet:-1","max-image-preview":"max-image-preview:large","max-video-preview":"max-video-preview:-1"},"og_locale":"fr_FR","og_type":"article","og_title":"On recherche des barbus - w-l-c","og_description":"Urgent ! ADK-Kasting recherche des BARBUS pour une s\u00e9quence du long m\u00e9trage \u00ab\u00a0Je suis rest\u00e9 dans les bois\u00a0\u00bb de Vincent Solheid Erika Sainte et Micha\u00ebl Bier. Tournage le dimanche 1er novembre (journ\u00e9e) \u00e0 Bruxelles. Le film \u00e9tant fauch\u00e9 (on confirme), personne ne sera r\u00e9mun\u00e9r\u00e9, mais l&rsquo;ambiance est garantie. SI vous \u00eates int\u00e9ress\u00e9s, envoyez vos photos &hellip;","og_url":"https:\/\/w-l-c.be\/fr\/on-recherche-des-barbus\/","og_site_name":"w-l-c","article_published_time":"2015-10-20T11:18:51+00:00","article_modified_time":"2015-10-20T11:19:13+00:00","og_image":[{"width":2048,"height":1536,"url":"https:\/\/w-l-c.be\/wp-content\/uploads\/2015\/10\/11289431_10207234545848719_5788673491947044469_o.jpg","type":"image\/jpeg"}],"author":"Philippe.Pierquin","twitter_card":"summary_large_image","twitter_misc":{"\u00c9crit par":"Philippe.Pierquin"},"schema":{"@context":"https:\/\/schema.org","@graph":[{"@type":"WebPage","@id":"https:\/\/w-l-c.be\/fr\/on-recherche-des-barbus\/","url":"https:\/\/w-l-c.be\/fr\/on-recherche-des-barbus\/","name":"On recherche des barbus - w-l-c","isPartOf":{"@id":"https:\/\/w-l-c.be\/fr\/#website"},"datePublished":"2015-10-20T11:18:51+00:00","dateModified":"2015-10-20T11:19:13+00:00","author":{"@id":"https:\/\/w-l-c.be\/fr\/#\/schema\/person\/4b9b1d857f0943453a38a7c2859ef756"},"breadcrumb":{"@id":"https:\/\/w-l-c.be\/fr\/on-recherche-des-barbus\/#breadcrumb"},"inLanguage":"fr-FR","potentialAction":[{"@type":"ReadAction","target":["https:\/\/w-l-c.be\/fr\/on-recherche-des-barbus\/"]}]},{"@type":"BreadcrumbList","@id":"https:\/\/w-l-c.be\/fr\/on-recherche-des-barbus\/#breadcrumb","itemListElement":[{"@type":"ListItem","position":1,"name":"Accueil","item":"https:\/\/w-l-c.be\/fr\/"},{"@type":"ListItem","position":2,"name":"On recherche des barbus"}]},{"@type":"WebSite","@id":"https:\/\/w-l-c.be\/fr\/#website","url":"https:\/\/w-l-c.be\/fr\/","name":"w-l-c","description":"Le cin\u00e9ma vu par les belges","potentialAction":[{"@type":"SearchAction","target":{"@type":"EntryPoint","urlTemplate":"https:\/\/w-l-c.be\/fr\/?s={search_term_string}"},"query-input":"required name=search_term_string"}],"inLanguage":"fr-FR"},{"@type":"Person","@id":"https:\/\/w-l-c.be\/fr\/#\/schema\/person\/4b9b1d857f0943453a38a7c2859ef756","name":"Philippe.Pierquin","url":"https:\/\/w-l-c.be\/fr\/author\/philippe-pierquin\/"}]}},"_links":{"self":[{"href":"https:\/\/w-l-c.be\/fr\/wp-json\/wp\/v2\/posts\/79643","targetHints":{"allow":["GET"]}}],"collection":[{"href":"https:\/\/w-l-c.be\/fr\/wp-json\/wp\/v2\/posts"}],"about":[{"href":"https:\/\/w-l-c.be\/fr\/wp-json\/wp\/v2\/types\/post"}],"author":[{"embeddable":true,"href":"https:\/\/w-l-c.be\/fr\/wp-json\/wp\/v2\/users\/7"}],"replies":[{"embeddable":true,"href":"https:\/\/w-l-c.be\/fr\/wp-json\/wp\/v2\/comments?post=79643"}],"version-history":[{"count":0,"href":"https:\/\/w-l-c.be\/fr\/wp-json\/wp\/v2\/posts\/79643\/revisions"}],"wp:featuredmedia":[{"embeddable":true,"href":"https:\/\/w-l-c.be\/fr\/wp-json\/wp\/v2\/media\/79645"}],"wp:attachment":[{"href":"https:\/\/w-l-c.be\/fr\/wp-json\/wp\/v2\/media?parent=79643"}],"wp:term":[{"taxonomy":"category","embeddable":true,"href":"https:\/\/w-l-c.be\/fr\/wp-json\/wp\/v2\/categories?post=79643"},{"taxonomy":"post_tag","embeddable":true,"href":"https:\/\/w-l-c.be\/fr\/wp-json\/wp\/v2\/tags?post=79643"}],"curies":[{"name":"wp","href":"https:\/\/api.w.org\/{rel}","templated":true}]}}