
{"id":79665,"date":"2015-10-21T12:33:58","date_gmt":"2015-10-21T10:33:58","guid":{"rendered":"http:\/\/www.cinevox.be\/?p=79665"},"modified":"2015-10-21T12:33:58","modified_gmt":"2015-10-21T10:33:58","slug":"le-court-metrage-le-mur-qualifie-pour-leuropean-short-film-award","status":"publish","type":"post","link":"https:\/\/w-l-c.be\/fr\/le-court-metrage-le-mur-qualifie-pour-leuropean-short-film-award\/","title":{"rendered":"Le court m\u00e9trage Le Mur qualifi\u00e9 pour l&rsquo;European Short Film Award"},"content":{"rendered":"<p>Le jury international du Film Fest Gent a annonc\u00e9 ce mercredi 21 octobre les gagnants des diff\u00e9rentes comp\u00e9titions de Film Fest Gent.<\/p>\n<p>&lsquo;Ixcanul&rsquo; de Jayro Bustamante a gagn\u00e9 le Grand Prix du Meilleur Film. &lsquo;The Lobster&rsquo; avec la bande sonore de Johnnie Burn et Yorgos Lanthimos a gagn\u00e9 le Prix Georges Delerue de la Meilleure Conception Sonore.<\/p>\n<p>&nbsp;<\/p>\n<p>Cette ann\u00e9e, le jury international \u00a0pr\u00e9sid\u00e9 par Sir Alan Parker \u00e9tait compos\u00e9 de Marjane Satrapi, Caroline Strubbe, Boyd van Hoeij et Franco Lolli.<!--more--><\/p>\n<p>&nbsp;<\/p>\n<ol>\n<li>SELECTION OFFICIELLE &#8211; COMPETITION<\/li>\n<\/ol>\n<p>&nbsp;<\/p>\n<ul>\n<li>Grand Prix du Meilleur Film: IXCANUL de Jayro Bustamante (Guatemala\/France 2015)<\/li>\n<li>George Delerue Award de la Meilleure Conception Sonore: THE LOBSTER de Yorgos Lanthimos (Gr\u00e8ce &#8211; Royaume-Uni &#8211; Ecosse &#8211; Pays-Bas &#8211; France &#8211; 2015).<\/li>\n<\/ul>\n<p>&nbsp;<\/p>\n<p>&nbsp;<\/p>\n<ol start=\"2\">\n<li>\n<h3>COMP\u00c9TITION POUR MEILLEUR COURT M\u00c9TRAGE BELGE \u00c9TUDIANT<\/h3>\n<\/li>\n<\/ol>\n<ul>\n<li>Prix de la Loterie Nationale pour le meilleur court m\u00e9trage belge par des \u00e9tudiants: FLOR DE MIL COLORES de Karen Vazques (KASK)<\/li>\n<\/ul>\n<p>Le prix consiste en une somme de \u20ac2.000 pour un futur projet de film. Ce court m\u00e9trage a \u00e9t\u00e9 choisi par un jury professionnel, pr\u00e9sid\u00e9 par Dirk Van Extergem et compos\u00e9 de Ely Dagher, Amira Daoudi, Charlotte De Bruyne, Emmy Oost et Mathias Sercu.<\/p>\n<p>&nbsp;<\/p>\n<ul>\n<li>Prix de public d&rsquo;ACE Image Factory: DR\u00d4LE D&rsquo;OISEAU d&rsquo;Anouk Fortunier (LUCA School of Arts)<\/li>\n<\/ul>\n<p>Le dimanche dernier, le prix de public de ACE Image Factory a \u00e9t\u00e9 d\u00e9cern\u00e9 et comprend une session d&rsquo;\u00e9talonnage \u00e0 la maison de postproduction audiovisuel ACE Image Factory qui \u00e9quivaut \u20ac6500.<\/p>\n<p>&nbsp;<br \/>\n&nbsp;<\/p>\n<p><iframe loading=\"lazy\" width=\"620\" height=\"347\" src=\"https:\/\/www.youtube.com\/embed\/7zHjGZysErw\" frameborder=\"0\" allowfullscreen><\/iframe><\/p>\n<p>&nbsp;<br \/>\n&nbsp;<\/p>\n<ol start=\"3\">\n<li>\n<h3>EUROPEAN SHORT FILM AWARD<\/h3>\n<\/li>\n<\/ol>\n<p>Nomination gantoise dans la cat\u00e9gorie des courts m\u00e9trages europ\u00e9ens: LE MUR de Samuel Lampaert, produit par les Films du Carr\u00e9 (Belgique 2015)<\/p>\n<p>Ce film est ainsi nomin\u00e9 pour le Prix du meilleur court m\u00e9trage europ\u00e9en de l\u2019European Film Academy 2015-2016.<\/p>\n<p>&nbsp;<\/p>\n<ol start=\"4\">\n<li>\n<h3>EXPLORE ZONE PARCOURS<\/h3>\n<\/li>\n<\/ol>\n<p>Explore Award 2015: SLEEPING GIANT d&rsquo;Andrew Cividino (Canada 2015)<\/p>\n<p>Pas de distributeur belge<\/p>\n<p>L&rsquo;Explore Award a \u00e9t\u00e9 d\u00e9cern\u00e9 le mardi 20 octrobre par le jury d&rsquo;\u00e9tudiants. Le film b\u00e9n\u00e9ficiera d&rsquo;une campagne de publicit\u00e9 sur la radio Studio Brussel, dans le journal De Morgen et dans la revue Knack.<\/p>\n<p>&nbsp;<\/p>\n<p>&nbsp;<\/p>\n<p>Film Fest Gent continue jusqu&rsquo;au 24 octobre. Plus d&rsquo;infos sur www.filmfestival.be.<\/p>\n","protected":false},"excerpt":{"rendered":"<p>Le jury international du Film Fest Gent a annonc\u00e9 ce mercredi 21 octobre les gagnants des diff\u00e9rentes comp\u00e9titions de Film Fest Gent. &lsquo;Ixcanul&rsquo; de Jayro Bustamante a gagn\u00e9 le Grand Prix du Meilleur Film. &lsquo;The Lobster&rsquo; avec la bande sonore de Johnnie Burn et Yorgos Lanthimos a gagn\u00e9 le Prix Georges Delerue de la Meilleure &hellip;<\/p>\n","protected":false},"author":7,"featured_media":79667,"comment_status":"closed","ping_status":"closed","sticky":false,"template":"","format":"standard","meta":{"ngg_post_thumbnail":0,"footnotes":""},"categories":[12],"tags":[],"class_list":["post-79665","post","type-post","status-publish","format-standard","has-post-thumbnail","","category-awards"],"yoast_head":"<!-- This site is optimized with the Yoast SEO plugin v20.4 - https:\/\/yoast.com\/wordpress\/plugins\/seo\/ -->\n<title>Le court m\u00e9trage Le Mur qualifi\u00e9 pour l&#039;European Short Film Award - w-l-c<\/title>\n<meta name=\"robots\" content=\"noindex, follow, max-snippet:-1, max-image-preview:large, max-video-preview:-1\" \/>\n<meta property=\"og:locale\" content=\"fr_FR\" \/>\n<meta property=\"og:type\" content=\"article\" \/>\n<meta property=\"og:title\" content=\"Le court m\u00e9trage Le Mur qualifi\u00e9 pour l&#039;European Short Film Award - w-l-c\" \/>\n<meta property=\"og:description\" content=\"Le jury international du Film Fest Gent a annonc\u00e9 ce mercredi 21 octobre les gagnants des diff\u00e9rentes comp\u00e9titions de Film Fest Gent. &lsquo;Ixcanul&rsquo; de Jayro Bustamante a gagn\u00e9 le Grand Prix du Meilleur Film. &lsquo;The Lobster&rsquo; avec la bande sonore de Johnnie Burn et Yorgos Lanthimos a gagn\u00e9 le Prix Georges Delerue de la Meilleure &hellip;\" \/>\n<meta property=\"og:url\" content=\"https:\/\/w-l-c.be\/fr\/le-court-metrage-le-mur-qualifie-pour-leuropean-short-film-award\/\" \/>\n<meta property=\"og:site_name\" content=\"w-l-c\" \/>\n<meta property=\"article:published_time\" content=\"2015-10-21T10:33:58+00:00\" \/>\n<meta property=\"og:image\" content=\"https:\/\/w-l-c.be\/wp-content\/uploads\/2015\/10\/le-mur.png\" \/>\n\t<meta property=\"og:image:width\" content=\"634\" \/>\n\t<meta property=\"og:image:height\" content=\"268\" \/>\n\t<meta property=\"og:image:type\" content=\"image\/png\" \/>\n<meta name=\"author\" content=\"Philippe.Pierquin\" \/>\n<meta name=\"twitter:card\" content=\"summary_large_image\" \/>\n<meta name=\"twitter:label1\" content=\"\u00c9crit par\" \/>\n\t<meta name=\"twitter:data1\" content=\"Philippe.Pierquin\" \/>\n\t<meta name=\"twitter:label2\" content=\"Dur\u00e9e de lecture estim\u00e9e\" \/>\n\t<meta name=\"twitter:data2\" content=\"2 minutes\" \/>\n<script type=\"application\/ld+json\" class=\"yoast-schema-graph\">{\"@context\":\"https:\/\/schema.org\",\"@graph\":[{\"@type\":\"WebPage\",\"@id\":\"https:\/\/w-l-c.be\/fr\/le-court-metrage-le-mur-qualifie-pour-leuropean-short-film-award\/\",\"url\":\"https:\/\/w-l-c.be\/fr\/le-court-metrage-le-mur-qualifie-pour-leuropean-short-film-award\/\",\"name\":\"Le court m\u00e9trage Le Mur qualifi\u00e9 pour l'European Short Film Award - w-l-c\",\"isPartOf\":{\"@id\":\"https:\/\/w-l-c.be\/fr\/#website\"},\"datePublished\":\"2015-10-21T10:33:58+00:00\",\"dateModified\":\"2015-10-21T10:33:58+00:00\",\"author\":{\"@id\":\"https:\/\/w-l-c.be\/fr\/#\/schema\/person\/4b9b1d857f0943453a38a7c2859ef756\"},\"breadcrumb\":{\"@id\":\"https:\/\/w-l-c.be\/fr\/le-court-metrage-le-mur-qualifie-pour-leuropean-short-film-award\/#breadcrumb\"},\"inLanguage\":\"fr-FR\",\"potentialAction\":[{\"@type\":\"ReadAction\",\"target\":[\"https:\/\/w-l-c.be\/fr\/le-court-metrage-le-mur-qualifie-pour-leuropean-short-film-award\/\"]}]},{\"@type\":\"BreadcrumbList\",\"@id\":\"https:\/\/w-l-c.be\/fr\/le-court-metrage-le-mur-qualifie-pour-leuropean-short-film-award\/#breadcrumb\",\"itemListElement\":[{\"@type\":\"ListItem\",\"position\":1,\"name\":\"Accueil\",\"item\":\"https:\/\/w-l-c.be\/fr\/\"},{\"@type\":\"ListItem\",\"position\":2,\"name\":\"Le court m\u00e9trage Le Mur qualifi\u00e9 pour l&rsquo;European Short Film Award\"}]},{\"@type\":\"WebSite\",\"@id\":\"https:\/\/w-l-c.be\/fr\/#website\",\"url\":\"https:\/\/w-l-c.be\/fr\/\",\"name\":\"w-l-c\",\"description\":\"Le cin\u00e9ma vu par les belges\",\"potentialAction\":[{\"@type\":\"SearchAction\",\"target\":{\"@type\":\"EntryPoint\",\"urlTemplate\":\"https:\/\/w-l-c.be\/fr\/?s={search_term_string}\"},\"query-input\":\"required name=search_term_string\"}],\"inLanguage\":\"fr-FR\"},{\"@type\":\"Person\",\"@id\":\"https:\/\/w-l-c.be\/fr\/#\/schema\/person\/4b9b1d857f0943453a38a7c2859ef756\",\"name\":\"Philippe.Pierquin\",\"url\":\"https:\/\/w-l-c.be\/fr\/author\/philippe-pierquin\/\"}]}<\/script>\n<!-- \/ Yoast SEO plugin. -->","yoast_head_json":{"title":"Le court m\u00e9trage Le Mur qualifi\u00e9 pour l'European Short Film Award - w-l-c","robots":{"index":"noindex","follow":"follow","max-snippet":"max-snippet:-1","max-image-preview":"max-image-preview:large","max-video-preview":"max-video-preview:-1"},"og_locale":"fr_FR","og_type":"article","og_title":"Le court m\u00e9trage Le Mur qualifi\u00e9 pour l'European Short Film Award - w-l-c","og_description":"Le jury international du Film Fest Gent a annonc\u00e9 ce mercredi 21 octobre les gagnants des diff\u00e9rentes comp\u00e9titions de Film Fest Gent. &lsquo;Ixcanul&rsquo; de Jayro Bustamante a gagn\u00e9 le Grand Prix du Meilleur Film. &lsquo;The Lobster&rsquo; avec la bande sonore de Johnnie Burn et Yorgos Lanthimos a gagn\u00e9 le Prix Georges Delerue de la Meilleure &hellip;","og_url":"https:\/\/w-l-c.be\/fr\/le-court-metrage-le-mur-qualifie-pour-leuropean-short-film-award\/","og_site_name":"w-l-c","article_published_time":"2015-10-21T10:33:58+00:00","og_image":[{"width":634,"height":268,"url":"https:\/\/w-l-c.be\/wp-content\/uploads\/2015\/10\/le-mur.png","type":"image\/png"}],"author":"Philippe.Pierquin","twitter_card":"summary_large_image","twitter_misc":{"\u00c9crit par":"Philippe.Pierquin","Dur\u00e9e de lecture estim\u00e9e":"2 minutes"},"schema":{"@context":"https:\/\/schema.org","@graph":[{"@type":"WebPage","@id":"https:\/\/w-l-c.be\/fr\/le-court-metrage-le-mur-qualifie-pour-leuropean-short-film-award\/","url":"https:\/\/w-l-c.be\/fr\/le-court-metrage-le-mur-qualifie-pour-leuropean-short-film-award\/","name":"Le court m\u00e9trage Le Mur qualifi\u00e9 pour l'European Short Film Award - w-l-c","isPartOf":{"@id":"https:\/\/w-l-c.be\/fr\/#website"},"datePublished":"2015-10-21T10:33:58+00:00","dateModified":"2015-10-21T10:33:58+00:00","author":{"@id":"https:\/\/w-l-c.be\/fr\/#\/schema\/person\/4b9b1d857f0943453a38a7c2859ef756"},"breadcrumb":{"@id":"https:\/\/w-l-c.be\/fr\/le-court-metrage-le-mur-qualifie-pour-leuropean-short-film-award\/#breadcrumb"},"inLanguage":"fr-FR","potentialAction":[{"@type":"ReadAction","target":["https:\/\/w-l-c.be\/fr\/le-court-metrage-le-mur-qualifie-pour-leuropean-short-film-award\/"]}]},{"@type":"BreadcrumbList","@id":"https:\/\/w-l-c.be\/fr\/le-court-metrage-le-mur-qualifie-pour-leuropean-short-film-award\/#breadcrumb","itemListElement":[{"@type":"ListItem","position":1,"name":"Accueil","item":"https:\/\/w-l-c.be\/fr\/"},{"@type":"ListItem","position":2,"name":"Le court m\u00e9trage Le Mur qualifi\u00e9 pour l&rsquo;European Short Film Award"}]},{"@type":"WebSite","@id":"https:\/\/w-l-c.be\/fr\/#website","url":"https:\/\/w-l-c.be\/fr\/","name":"w-l-c","description":"Le cin\u00e9ma vu par les belges","potentialAction":[{"@type":"SearchAction","target":{"@type":"EntryPoint","urlTemplate":"https:\/\/w-l-c.be\/fr\/?s={search_term_string}"},"query-input":"required name=search_term_string"}],"inLanguage":"fr-FR"},{"@type":"Person","@id":"https:\/\/w-l-c.be\/fr\/#\/schema\/person\/4b9b1d857f0943453a38a7c2859ef756","name":"Philippe.Pierquin","url":"https:\/\/w-l-c.be\/fr\/author\/philippe-pierquin\/"}]}},"_links":{"self":[{"href":"https:\/\/w-l-c.be\/fr\/wp-json\/wp\/v2\/posts\/79665","targetHints":{"allow":["GET"]}}],"collection":[{"href":"https:\/\/w-l-c.be\/fr\/wp-json\/wp\/v2\/posts"}],"about":[{"href":"https:\/\/w-l-c.be\/fr\/wp-json\/wp\/v2\/types\/post"}],"author":[{"embeddable":true,"href":"https:\/\/w-l-c.be\/fr\/wp-json\/wp\/v2\/users\/7"}],"replies":[{"embeddable":true,"href":"https:\/\/w-l-c.be\/fr\/wp-json\/wp\/v2\/comments?post=79665"}],"version-history":[{"count":0,"href":"https:\/\/w-l-c.be\/fr\/wp-json\/wp\/v2\/posts\/79665\/revisions"}],"wp:featuredmedia":[{"embeddable":true,"href":"https:\/\/w-l-c.be\/fr\/wp-json\/wp\/v2\/media\/79667"}],"wp:attachment":[{"href":"https:\/\/w-l-c.be\/fr\/wp-json\/wp\/v2\/media?parent=79665"}],"wp:term":[{"taxonomy":"category","embeddable":true,"href":"https:\/\/w-l-c.be\/fr\/wp-json\/wp\/v2\/categories?post=79665"},{"taxonomy":"post_tag","embeddable":true,"href":"https:\/\/w-l-c.be\/fr\/wp-json\/wp\/v2\/tags?post=79665"}],"curies":[{"name":"wp","href":"https:\/\/api.w.org\/{rel}","templated":true}]}}