
{"id":79679,"date":"2015-11-03T08:26:04","date_gmt":"2015-11-03T07:26:04","guid":{"rendered":"http:\/\/www.cinevox.be\/?p=79679"},"modified":"2015-10-27T15:22:05","modified_gmt":"2015-10-27T14:22:05","slug":"le-jour-le-plus-court","status":"publish","type":"post","link":"https:\/\/w-l-c.be\/fr\/le-jour-le-plus-court\/","title":{"rendered":"Le jour le plus court"},"content":{"rendered":"<p>Le Jour le plus Court est une <strong>f\u00eate populaire et participative<\/strong> qui a pour objectif de promouvoir le court m\u00e9trage dans tous les lieux et sur tous les \u00e9crans. Elle se d\u00e9roulera pour la seconde fois \u00e0 Bruxelles et en Wallonie le <strong>21 d\u00e9cembre 2015<\/strong>.<!--more--><\/p>\n<p>&nbsp;<\/p>\n<p>&nbsp;<\/p>\n<p>C&rsquo;est un \u00e9v\u00e8nement \u00e0 dimension europ\u00e9enne: initi\u00e9 en France, le Jour le plus Court a d\u00e9sormais lieu en Espagne, en Allemagne ou en Finlande! Et d\u00e9sormais, en Belgique.<\/p>\n<p>C\u2019est une f\u00eate dont chacun peut s\u2019emparer avec une grande <strong>libert\u00e9 de programmation.<br \/>\n<\/strong>C&rsquo;est bien la cr\u00e9ativit\u00e9 des r\u00e9alisateurs belges et le plaisir de voir des films qui rassemblera petits et grands ce 21 d\u00e9cembre.<\/p>\n<p>Associations, centres culturels, biblioth\u00e8ques publiques, cin\u00e9mas de quartier, maisons de jeunes, centres d\u2019art et mus\u00e9es, m\u00e9diath\u00e8ques, caf\u00e9s-restaurants ou encore cin\u00e9-clubs universitaires? Emparez vous du Jour le Plus Court et proposez votre programmation!<\/p>\n<p>Maintenant, c\u2019est \u00e0 vous de jouer !<\/p>\n<p>&nbsp;<\/p>\n<p>Le site de l\u2019\u00e9v\u00e9nement est <a href=\"http:\/\/www.lejourlepluscourt.be\/\" target=\"_blank\">ICI<\/a><\/p>\n","protected":false},"excerpt":{"rendered":"<p>Le Jour le plus Court est une f\u00eate populaire et participative qui a pour objectif de promouvoir le court m\u00e9trage dans tous les lieux et sur tous les \u00e9crans. Elle se d\u00e9roulera pour la seconde fois \u00e0 Bruxelles et en Wallonie le 21 d\u00e9cembre 2015.<\/p>\n","protected":false},"author":7,"featured_media":79680,"comment_status":"closed","ping_status":"closed","sticky":false,"template":"","format":"standard","meta":{"ngg_post_thumbnail":0,"footnotes":""},"categories":[53],"tags":[],"class_list":["post-79679","post","type-post","status-publish","format-standard","has-post-thumbnail","","category-coming-soon"],"yoast_head":"<!-- This site is optimized with the Yoast SEO plugin v20.4 - https:\/\/yoast.com\/wordpress\/plugins\/seo\/ -->\n<title>Le jour le plus court - w-l-c<\/title>\n<meta name=\"robots\" content=\"noindex, follow, max-snippet:-1, max-image-preview:large, max-video-preview:-1\" \/>\n<meta property=\"og:locale\" content=\"fr_FR\" \/>\n<meta property=\"og:type\" content=\"article\" \/>\n<meta property=\"og:title\" content=\"Le jour le plus court - w-l-c\" \/>\n<meta property=\"og:description\" content=\"Le Jour le plus Court est une f\u00eate populaire et participative qui a pour objectif de promouvoir le court m\u00e9trage dans tous les lieux et sur tous les \u00e9crans. Elle se d\u00e9roulera pour la seconde fois \u00e0 Bruxelles et en Wallonie le 21 d\u00e9cembre 2015.\" \/>\n<meta property=\"og:url\" content=\"https:\/\/w-l-c.be\/fr\/le-jour-le-plus-court\/\" \/>\n<meta property=\"og:site_name\" content=\"w-l-c\" \/>\n<meta property=\"article:published_time\" content=\"2015-11-03T07:26:04+00:00\" \/>\n<meta property=\"article:modified_time\" content=\"2015-10-27T14:22:05+00:00\" \/>\n<meta property=\"og:image\" content=\"https:\/\/w-l-c.be\/wp-content\/uploads\/2010\/10\/1._oursnoir.jpg\" \/>\n\t<meta property=\"og:image:width\" content=\"1000\" \/>\n\t<meta property=\"og:image:height\" content=\"668\" \/>\n\t<meta property=\"og:image:type\" content=\"image\/jpeg\" \/>\n<meta name=\"author\" content=\"Philippe.Pierquin\" \/>\n<meta name=\"twitter:card\" content=\"summary_large_image\" \/>\n<meta name=\"twitter:label1\" content=\"\u00c9crit par\" \/>\n\t<meta name=\"twitter:data1\" content=\"Philippe.Pierquin\" \/>\n\t<meta name=\"twitter:label2\" content=\"Dur\u00e9e de lecture estim\u00e9e\" \/>\n\t<meta name=\"twitter:data2\" content=\"1 minute\" \/>\n<script type=\"application\/ld+json\" class=\"yoast-schema-graph\">{\"@context\":\"https:\/\/schema.org\",\"@graph\":[{\"@type\":\"WebPage\",\"@id\":\"https:\/\/w-l-c.be\/fr\/le-jour-le-plus-court\/\",\"url\":\"https:\/\/w-l-c.be\/fr\/le-jour-le-plus-court\/\",\"name\":\"Le jour le plus court - w-l-c\",\"isPartOf\":{\"@id\":\"https:\/\/w-l-c.be\/fr\/#website\"},\"datePublished\":\"2015-11-03T07:26:04+00:00\",\"dateModified\":\"2015-10-27T14:22:05+00:00\",\"author\":{\"@id\":\"https:\/\/w-l-c.be\/fr\/#\/schema\/person\/4b9b1d857f0943453a38a7c2859ef756\"},\"breadcrumb\":{\"@id\":\"https:\/\/w-l-c.be\/fr\/le-jour-le-plus-court\/#breadcrumb\"},\"inLanguage\":\"fr-FR\",\"potentialAction\":[{\"@type\":\"ReadAction\",\"target\":[\"https:\/\/w-l-c.be\/fr\/le-jour-le-plus-court\/\"]}]},{\"@type\":\"BreadcrumbList\",\"@id\":\"https:\/\/w-l-c.be\/fr\/le-jour-le-plus-court\/#breadcrumb\",\"itemListElement\":[{\"@type\":\"ListItem\",\"position\":1,\"name\":\"Accueil\",\"item\":\"https:\/\/w-l-c.be\/fr\/\"},{\"@type\":\"ListItem\",\"position\":2,\"name\":\"Le jour le plus court\"}]},{\"@type\":\"WebSite\",\"@id\":\"https:\/\/w-l-c.be\/fr\/#website\",\"url\":\"https:\/\/w-l-c.be\/fr\/\",\"name\":\"w-l-c\",\"description\":\"Le cin\u00e9ma vu par les belges\",\"potentialAction\":[{\"@type\":\"SearchAction\",\"target\":{\"@type\":\"EntryPoint\",\"urlTemplate\":\"https:\/\/w-l-c.be\/fr\/?s={search_term_string}\"},\"query-input\":\"required name=search_term_string\"}],\"inLanguage\":\"fr-FR\"},{\"@type\":\"Person\",\"@id\":\"https:\/\/w-l-c.be\/fr\/#\/schema\/person\/4b9b1d857f0943453a38a7c2859ef756\",\"name\":\"Philippe.Pierquin\",\"url\":\"https:\/\/w-l-c.be\/fr\/author\/philippe-pierquin\/\"}]}<\/script>\n<!-- \/ Yoast SEO plugin. -->","yoast_head_json":{"title":"Le jour le plus court - w-l-c","robots":{"index":"noindex","follow":"follow","max-snippet":"max-snippet:-1","max-image-preview":"max-image-preview:large","max-video-preview":"max-video-preview:-1"},"og_locale":"fr_FR","og_type":"article","og_title":"Le jour le plus court - w-l-c","og_description":"Le Jour le plus Court est une f\u00eate populaire et participative qui a pour objectif de promouvoir le court m\u00e9trage dans tous les lieux et sur tous les \u00e9crans. Elle se d\u00e9roulera pour la seconde fois \u00e0 Bruxelles et en Wallonie le 21 d\u00e9cembre 2015.","og_url":"https:\/\/w-l-c.be\/fr\/le-jour-le-plus-court\/","og_site_name":"w-l-c","article_published_time":"2015-11-03T07:26:04+00:00","article_modified_time":"2015-10-27T14:22:05+00:00","og_image":[{"width":1000,"height":668,"url":"https:\/\/w-l-c.be\/wp-content\/uploads\/2010\/10\/1._oursnoir.jpg","type":"image\/jpeg"}],"author":"Philippe.Pierquin","twitter_card":"summary_large_image","twitter_misc":{"\u00c9crit par":"Philippe.Pierquin","Dur\u00e9e de lecture estim\u00e9e":"1 minute"},"schema":{"@context":"https:\/\/schema.org","@graph":[{"@type":"WebPage","@id":"https:\/\/w-l-c.be\/fr\/le-jour-le-plus-court\/","url":"https:\/\/w-l-c.be\/fr\/le-jour-le-plus-court\/","name":"Le jour le plus court - w-l-c","isPartOf":{"@id":"https:\/\/w-l-c.be\/fr\/#website"},"datePublished":"2015-11-03T07:26:04+00:00","dateModified":"2015-10-27T14:22:05+00:00","author":{"@id":"https:\/\/w-l-c.be\/fr\/#\/schema\/person\/4b9b1d857f0943453a38a7c2859ef756"},"breadcrumb":{"@id":"https:\/\/w-l-c.be\/fr\/le-jour-le-plus-court\/#breadcrumb"},"inLanguage":"fr-FR","potentialAction":[{"@type":"ReadAction","target":["https:\/\/w-l-c.be\/fr\/le-jour-le-plus-court\/"]}]},{"@type":"BreadcrumbList","@id":"https:\/\/w-l-c.be\/fr\/le-jour-le-plus-court\/#breadcrumb","itemListElement":[{"@type":"ListItem","position":1,"name":"Accueil","item":"https:\/\/w-l-c.be\/fr\/"},{"@type":"ListItem","position":2,"name":"Le jour le plus court"}]},{"@type":"WebSite","@id":"https:\/\/w-l-c.be\/fr\/#website","url":"https:\/\/w-l-c.be\/fr\/","name":"w-l-c","description":"Le cin\u00e9ma vu par les belges","potentialAction":[{"@type":"SearchAction","target":{"@type":"EntryPoint","urlTemplate":"https:\/\/w-l-c.be\/fr\/?s={search_term_string}"},"query-input":"required name=search_term_string"}],"inLanguage":"fr-FR"},{"@type":"Person","@id":"https:\/\/w-l-c.be\/fr\/#\/schema\/person\/4b9b1d857f0943453a38a7c2859ef756","name":"Philippe.Pierquin","url":"https:\/\/w-l-c.be\/fr\/author\/philippe-pierquin\/"}]}},"_links":{"self":[{"href":"https:\/\/w-l-c.be\/fr\/wp-json\/wp\/v2\/posts\/79679","targetHints":{"allow":["GET"]}}],"collection":[{"href":"https:\/\/w-l-c.be\/fr\/wp-json\/wp\/v2\/posts"}],"about":[{"href":"https:\/\/w-l-c.be\/fr\/wp-json\/wp\/v2\/types\/post"}],"author":[{"embeddable":true,"href":"https:\/\/w-l-c.be\/fr\/wp-json\/wp\/v2\/users\/7"}],"replies":[{"embeddable":true,"href":"https:\/\/w-l-c.be\/fr\/wp-json\/wp\/v2\/comments?post=79679"}],"version-history":[{"count":0,"href":"https:\/\/w-l-c.be\/fr\/wp-json\/wp\/v2\/posts\/79679\/revisions"}],"wp:featuredmedia":[{"embeddable":true,"href":"https:\/\/w-l-c.be\/fr\/wp-json\/wp\/v2\/media\/79680"}],"wp:attachment":[{"href":"https:\/\/w-l-c.be\/fr\/wp-json\/wp\/v2\/media?parent=79679"}],"wp:term":[{"taxonomy":"category","embeddable":true,"href":"https:\/\/w-l-c.be\/fr\/wp-json\/wp\/v2\/categories?post=79679"},{"taxonomy":"post_tag","embeddable":true,"href":"https:\/\/w-l-c.be\/fr\/wp-json\/wp\/v2\/tags?post=79679"}],"curies":[{"name":"wp","href":"https:\/\/api.w.org\/{rel}","templated":true}]}}