
{"id":79695,"date":"2015-10-22T13:44:55","date_gmt":"2015-10-22T11:44:55","guid":{"rendered":"http:\/\/www.cinevox.be\/?p=79695"},"modified":"2015-10-22T13:44:55","modified_gmt":"2015-10-22T11:44:55","slug":"atelier-grand-nord-2016-du-27-janvier-au-4-fevrier","status":"publish","type":"post","link":"https:\/\/w-l-c.be\/fr\/atelier-grand-nord-2016-du-27-janvier-au-4-fevrier\/","title":{"rendered":"Atelier Grand Nord 2016, du 27 janvier au 4 f\u00e9vrier"},"content":{"rendered":"<p>Atelier Grand Nord offre une occasion privil\u00e9gi\u00e9e de discussion autour de quatorze sc\u00e9narios de long m\u00e9trage de fiction en fran\u00e7ais.<!--more--><\/p>\n<p>Durant une semaine, sc\u00e9naristes et experts souligneront les qualit\u00e9s, les faiblesses et les modifications \u00e0 apporter \u00e0 chacun des sc\u00e9narios pour favoriser une r\u00e9\u00e9criture structur\u00e9e. Cette rencontre apporte une vision nouvelle sur le travail d\u2019\u00e9criture et cr\u00e9e des liens dans le but de travailler ensemble sur des productions ou coproductions futures.<\/p>\n<p>&nbsp;<\/p>\n<p>Atelier Grand Nord est soutenu par la SACD Belgique et Wallonie-Bruxelles International qui prennent en charge les s\u00e9jours et les voyages de l\u2019expert belge et des deux sc\u00e9naristes belges s\u00e9lectionn\u00e9s.<\/p>\n<p>&nbsp;<\/p>\n<h3>Conditions de participation :<\/h3>\n<p>Une premi\u00e8re version du sc\u00e9nario est achev\u00e9e ;<\/p>\n<p>Le projet fait l\u2019objet d\u2019un contrat de production avec une maison de production de la f\u00e9d\u00e9ration Wallonie-Bruxelles ;<\/p>\n<p>Le sc\u00e9nariste doit \u00eatre membre d\u2019une soci\u00e9t\u00e9 d\u2019auteur partenaire du projet.<\/p>\n<p>Date limite d\u2019inscription : 6 novembre 2015<\/p>\n<p>Toutes les infos et le lien d&rsquo;inscription <a href=\"http:\/\/www.sacd.be\/Atelier-Grand-Nord-2016\" target=\"_blank\">ICI<\/a><\/p>\n","protected":false},"excerpt":{"rendered":"<p>Atelier Grand Nord offre une occasion privil\u00e9gi\u00e9e de discussion autour de quatorze sc\u00e9narios de long m\u00e9trage de fiction en fran\u00e7ais.<\/p>\n","protected":false},"author":7,"featured_media":79697,"comment_status":"closed","ping_status":"closed","sticky":false,"template":"","format":"standard","meta":{"ngg_post_thumbnail":0,"footnotes":""},"categories":[1923],"tags":[],"class_list":["post-79695","post","type-post","status-publish","format-standard","has-post-thumbnail","","category-en-bref"],"yoast_head":"<!-- This site is optimized with the Yoast SEO plugin v20.4 - https:\/\/yoast.com\/wordpress\/plugins\/seo\/ -->\n<title>Atelier Grand Nord 2016, du 27 janvier au 4 f\u00e9vrier - w-l-c<\/title>\n<meta name=\"robots\" content=\"noindex, follow, max-snippet:-1, max-image-preview:large, max-video-preview:-1\" \/>\n<meta property=\"og:locale\" content=\"fr_FR\" \/>\n<meta property=\"og:type\" content=\"article\" \/>\n<meta property=\"og:title\" content=\"Atelier Grand Nord 2016, du 27 janvier au 4 f\u00e9vrier - w-l-c\" \/>\n<meta property=\"og:description\" content=\"Atelier Grand Nord offre une occasion privil\u00e9gi\u00e9e de discussion autour de quatorze sc\u00e9narios de long m\u00e9trage de fiction en fran\u00e7ais.\" \/>\n<meta property=\"og:url\" content=\"https:\/\/w-l-c.be\/fr\/atelier-grand-nord-2016-du-27-janvier-au-4-fevrier\/\" \/>\n<meta property=\"og:site_name\" content=\"w-l-c\" \/>\n<meta property=\"article:published_time\" content=\"2015-10-22T11:44:55+00:00\" \/>\n<meta property=\"og:image\" content=\"https:\/\/w-l-c.be\/wp-content\/uploads\/2015\/10\/2015-10-22_13h44_33.jpg\" \/>\n\t<meta property=\"og:image:width\" content=\"663\" \/>\n\t<meta property=\"og:image:height\" content=\"387\" \/>\n\t<meta property=\"og:image:type\" content=\"image\/jpeg\" \/>\n<meta name=\"author\" content=\"Philippe.Pierquin\" \/>\n<meta name=\"twitter:card\" content=\"summary_large_image\" \/>\n<meta name=\"twitter:label1\" content=\"\u00c9crit par\" \/>\n\t<meta name=\"twitter:data1\" content=\"Philippe.Pierquin\" \/>\n\t<meta name=\"twitter:label2\" content=\"Dur\u00e9e de lecture estim\u00e9e\" \/>\n\t<meta name=\"twitter:data2\" content=\"1 minute\" \/>\n<script type=\"application\/ld+json\" class=\"yoast-schema-graph\">{\"@context\":\"https:\/\/schema.org\",\"@graph\":[{\"@type\":\"WebPage\",\"@id\":\"https:\/\/w-l-c.be\/fr\/atelier-grand-nord-2016-du-27-janvier-au-4-fevrier\/\",\"url\":\"https:\/\/w-l-c.be\/fr\/atelier-grand-nord-2016-du-27-janvier-au-4-fevrier\/\",\"name\":\"Atelier Grand Nord 2016, du 27 janvier au 4 f\u00e9vrier - w-l-c\",\"isPartOf\":{\"@id\":\"https:\/\/w-l-c.be\/fr\/#website\"},\"datePublished\":\"2015-10-22T11:44:55+00:00\",\"dateModified\":\"2015-10-22T11:44:55+00:00\",\"author\":{\"@id\":\"https:\/\/w-l-c.be\/fr\/#\/schema\/person\/4b9b1d857f0943453a38a7c2859ef756\"},\"breadcrumb\":{\"@id\":\"https:\/\/w-l-c.be\/fr\/atelier-grand-nord-2016-du-27-janvier-au-4-fevrier\/#breadcrumb\"},\"inLanguage\":\"fr-FR\",\"potentialAction\":[{\"@type\":\"ReadAction\",\"target\":[\"https:\/\/w-l-c.be\/fr\/atelier-grand-nord-2016-du-27-janvier-au-4-fevrier\/\"]}]},{\"@type\":\"BreadcrumbList\",\"@id\":\"https:\/\/w-l-c.be\/fr\/atelier-grand-nord-2016-du-27-janvier-au-4-fevrier\/#breadcrumb\",\"itemListElement\":[{\"@type\":\"ListItem\",\"position\":1,\"name\":\"Accueil\",\"item\":\"https:\/\/w-l-c.be\/fr\/\"},{\"@type\":\"ListItem\",\"position\":2,\"name\":\"Atelier Grand Nord 2016, du 27 janvier au 4 f\u00e9vrier\"}]},{\"@type\":\"WebSite\",\"@id\":\"https:\/\/w-l-c.be\/fr\/#website\",\"url\":\"https:\/\/w-l-c.be\/fr\/\",\"name\":\"w-l-c\",\"description\":\"Le cin\u00e9ma vu par les belges\",\"potentialAction\":[{\"@type\":\"SearchAction\",\"target\":{\"@type\":\"EntryPoint\",\"urlTemplate\":\"https:\/\/w-l-c.be\/fr\/?s={search_term_string}\"},\"query-input\":\"required name=search_term_string\"}],\"inLanguage\":\"fr-FR\"},{\"@type\":\"Person\",\"@id\":\"https:\/\/w-l-c.be\/fr\/#\/schema\/person\/4b9b1d857f0943453a38a7c2859ef756\",\"name\":\"Philippe.Pierquin\",\"url\":\"https:\/\/w-l-c.be\/fr\/author\/philippe-pierquin\/\"}]}<\/script>\n<!-- \/ Yoast SEO plugin. -->","yoast_head_json":{"title":"Atelier Grand Nord 2016, du 27 janvier au 4 f\u00e9vrier - w-l-c","robots":{"index":"noindex","follow":"follow","max-snippet":"max-snippet:-1","max-image-preview":"max-image-preview:large","max-video-preview":"max-video-preview:-1"},"og_locale":"fr_FR","og_type":"article","og_title":"Atelier Grand Nord 2016, du 27 janvier au 4 f\u00e9vrier - w-l-c","og_description":"Atelier Grand Nord offre une occasion privil\u00e9gi\u00e9e de discussion autour de quatorze sc\u00e9narios de long m\u00e9trage de fiction en fran\u00e7ais.","og_url":"https:\/\/w-l-c.be\/fr\/atelier-grand-nord-2016-du-27-janvier-au-4-fevrier\/","og_site_name":"w-l-c","article_published_time":"2015-10-22T11:44:55+00:00","og_image":[{"width":663,"height":387,"url":"https:\/\/w-l-c.be\/wp-content\/uploads\/2015\/10\/2015-10-22_13h44_33.jpg","type":"image\/jpeg"}],"author":"Philippe.Pierquin","twitter_card":"summary_large_image","twitter_misc":{"\u00c9crit par":"Philippe.Pierquin","Dur\u00e9e de lecture estim\u00e9e":"1 minute"},"schema":{"@context":"https:\/\/schema.org","@graph":[{"@type":"WebPage","@id":"https:\/\/w-l-c.be\/fr\/atelier-grand-nord-2016-du-27-janvier-au-4-fevrier\/","url":"https:\/\/w-l-c.be\/fr\/atelier-grand-nord-2016-du-27-janvier-au-4-fevrier\/","name":"Atelier Grand Nord 2016, du 27 janvier au 4 f\u00e9vrier - w-l-c","isPartOf":{"@id":"https:\/\/w-l-c.be\/fr\/#website"},"datePublished":"2015-10-22T11:44:55+00:00","dateModified":"2015-10-22T11:44:55+00:00","author":{"@id":"https:\/\/w-l-c.be\/fr\/#\/schema\/person\/4b9b1d857f0943453a38a7c2859ef756"},"breadcrumb":{"@id":"https:\/\/w-l-c.be\/fr\/atelier-grand-nord-2016-du-27-janvier-au-4-fevrier\/#breadcrumb"},"inLanguage":"fr-FR","potentialAction":[{"@type":"ReadAction","target":["https:\/\/w-l-c.be\/fr\/atelier-grand-nord-2016-du-27-janvier-au-4-fevrier\/"]}]},{"@type":"BreadcrumbList","@id":"https:\/\/w-l-c.be\/fr\/atelier-grand-nord-2016-du-27-janvier-au-4-fevrier\/#breadcrumb","itemListElement":[{"@type":"ListItem","position":1,"name":"Accueil","item":"https:\/\/w-l-c.be\/fr\/"},{"@type":"ListItem","position":2,"name":"Atelier Grand Nord 2016, du 27 janvier au 4 f\u00e9vrier"}]},{"@type":"WebSite","@id":"https:\/\/w-l-c.be\/fr\/#website","url":"https:\/\/w-l-c.be\/fr\/","name":"w-l-c","description":"Le cin\u00e9ma vu par les belges","potentialAction":[{"@type":"SearchAction","target":{"@type":"EntryPoint","urlTemplate":"https:\/\/w-l-c.be\/fr\/?s={search_term_string}"},"query-input":"required name=search_term_string"}],"inLanguage":"fr-FR"},{"@type":"Person","@id":"https:\/\/w-l-c.be\/fr\/#\/schema\/person\/4b9b1d857f0943453a38a7c2859ef756","name":"Philippe.Pierquin","url":"https:\/\/w-l-c.be\/fr\/author\/philippe-pierquin\/"}]}},"_links":{"self":[{"href":"https:\/\/w-l-c.be\/fr\/wp-json\/wp\/v2\/posts\/79695","targetHints":{"allow":["GET"]}}],"collection":[{"href":"https:\/\/w-l-c.be\/fr\/wp-json\/wp\/v2\/posts"}],"about":[{"href":"https:\/\/w-l-c.be\/fr\/wp-json\/wp\/v2\/types\/post"}],"author":[{"embeddable":true,"href":"https:\/\/w-l-c.be\/fr\/wp-json\/wp\/v2\/users\/7"}],"replies":[{"embeddable":true,"href":"https:\/\/w-l-c.be\/fr\/wp-json\/wp\/v2\/comments?post=79695"}],"version-history":[{"count":0,"href":"https:\/\/w-l-c.be\/fr\/wp-json\/wp\/v2\/posts\/79695\/revisions"}],"wp:featuredmedia":[{"embeddable":true,"href":"https:\/\/w-l-c.be\/fr\/wp-json\/wp\/v2\/media\/79697"}],"wp:attachment":[{"href":"https:\/\/w-l-c.be\/fr\/wp-json\/wp\/v2\/media?parent=79695"}],"wp:term":[{"taxonomy":"category","embeddable":true,"href":"https:\/\/w-l-c.be\/fr\/wp-json\/wp\/v2\/categories?post=79695"},{"taxonomy":"post_tag","embeddable":true,"href":"https:\/\/w-l-c.be\/fr\/wp-json\/wp\/v2\/tags?post=79695"}],"curies":[{"name":"wp","href":"https:\/\/api.w.org\/{rel}","templated":true}]}}