
{"id":79744,"date":"2015-11-04T08:04:35","date_gmt":"2015-11-04T07:04:35","guid":{"rendered":"http:\/\/www.cinevox.be\/?p=79744"},"modified":"2015-10-29T11:25:08","modified_gmt":"2015-10-29T10:25:08","slug":"virginie-efira-actrice-et-star","status":"publish","type":"post","link":"https:\/\/w-l-c.be\/fr\/virginie-efira-actrice-et-star\/","title":{"rendered":"Virginie Efira, actrice et star"},"content":{"rendered":"<p>Chez Cinevox on a toujours d\u00e9fendu l\u2019id\u00e9e que le cin\u00e9ma n\u2019\u00e9tait pas un et indivisible, qu\u2019\u00e0 c\u00f4t\u00e9 des films d\u2019auteur d\u00e9cortiqu\u00e9s par les critiques, il \u00e9tait fort sain qu\u2019existent aussi des longs m\u00e9trages plus l\u00e9gers parce que, soyons r\u00e9alistes, l\u2019essentiel du public se rue dans les salles pour se distraire, sans autre volont\u00e9 que de sourire, rire ou s\u2019\u00e9vader.\u00a0<!--more--><br \/>\nCe cin\u00e9ma-l\u00e0 a besoin de figures de proue, d\u2019acteurs et d\u2019actrices qui fassent r\u00eaver. \u00c7a vaut \u00e9galement pour la Belgique, m\u00eame si ce n\u2019est pas vraiment inscrit dans nos g\u00e8nes.<\/p>\n<p>Cette part de fantaisie qui d\u00e9borde all\u00e8grement du grand \u00e9cran est une des seules fa\u00e7ons de concurrencer un tout petit peu le cin\u00e9ma anglo-saxon qui excelle \u00e0 faire briller les \u00e9toiles pour hypnotiser les spectateurs\u2026 et remplir les salles.<\/p>\n<p>&nbsp;<\/p>\n<p>Chez nous, personne mieux que <strong>Virginie Efira<\/strong> ne se pr\u00eate de si bonne gr\u00e2ce au jeu des photo calls et des apparitions glamour. Ce qui ne l\u2019emp\u00eache d\u2019ailleurs pas de tourner beaucoup, dans des films de plus en plus int\u00e9ressants, h\u00e9ritant de r\u00f4les de plus en plus consistants et vari\u00e9s.<\/p>\n<p>&nbsp;<\/p>\n<p><a href=\"http:\/\/www.cinevox.be\/wp-content\/uploads\/2015\/10\/x870x489_gout1.jpg.pagespeed.ic_.aT6Uuwa3tW.jpg\"><img loading=\"lazy\" decoding=\"async\" class=\"aligncenter size-large wp-image-79745\" src=\"http:\/\/www.cinevox.be\/wp-content\/uploads\/2015\/10\/x870x489_gout1.jpg.pagespeed.ic_.aT6Uuwa3tW-800x449.jpg\" alt=\"\" width=\"640\" height=\"359\" srcset=\"https:\/\/w-l-c.be\/wp-content\/uploads\/2015\/10\/x870x489_gout1.jpg.pagespeed.ic_.aT6Uuwa3tW-800x449.jpg 800w, https:\/\/w-l-c.be\/wp-content\/uploads\/2015\/10\/x870x489_gout1.jpg.pagespeed.ic_.aT6Uuwa3tW-200x113.jpg 200w, https:\/\/w-l-c.be\/wp-content\/uploads\/2015\/10\/x870x489_gout1.jpg.pagespeed.ic_.aT6Uuwa3tW-480x270.jpg 480w, https:\/\/w-l-c.be\/wp-content\/uploads\/2015\/10\/x870x489_gout1.jpg.pagespeed.ic_.aT6Uuwa3tW-300x169.jpg 300w, https:\/\/w-l-c.be\/wp-content\/uploads\/2015\/10\/x870x489_gout1.jpg.pagespeed.ic_.aT6Uuwa3tW.jpg 870w\" sizes=\"auto, (max-width: 640px) 100vw, 640px\" \/><\/a><\/p>\n<p>&nbsp;<\/p>\n<p>Nous vous pr\u00e9sentions lundi la bande-annonce du <em>Go\u00fbt des Merveilles<\/em> (voir <a href=\"http:\/\/www.cinevox.be\/?p=79733\" target=\"_blank\">ICI<\/a>) qui nous arrivera en fin d&rsquo;ann\u00e9e et dans laquelle l&rsquo;actrice red\u00e9couvre le monde par les yeux d&rsquo;un jeunes hommes atteint du syndrome d&rsquo;Asperger.<br \/>\nMais entre temps, la belle sera d\u00e9j\u00e0 retourn\u00e9e sur les plateaux.<\/p>\n<p>&nbsp;<\/p>\n<p>Le 16 novembre prochain \u00e0 Paris, elle d\u00e9butera en effet le tournage de <em>Pris de Court,<\/em> troisi\u00e8me long m\u00e9trage de la r\u00e9alisatrice fran\u00e7aise Emmanuelle Cuau, son premier depuis <em>Tr\u00e8s bien, merci<\/em> en 2007<\/p>\n<p>Quelques mois apr\u00e8s la sortie d\u2019<em>Une famille \u00e0 louer<\/em>, la blonde belge se glissera en effet une nouvelle fois dans la peau de\u00a0Nathalie, une m\u00e8re c\u00e9libataire qui cache \u00e0 ses deux fils la perte de son travail.<\/p>\n<p>Elle donnera la r\u00e9plique \u00e0 Gilbert Melki, qui retrouve la r\u00e9alisatrice puisqu\u2019il \u00e9tait d\u00e9j\u00e0 en t\u00eate d\u2019affiche de son pr\u00e9c\u00e9dent film.<\/p>\n<p>&nbsp;<\/p>\n<p>Le film devrait sortir \u00e0 la fin de l&rsquo;ann\u00e9e prochaine, juste apr\u00e8s <em>Elle,<\/em> le\u00a0thriller angoissant\u00a0que Paul Verhoeven (<em>Le Quatri\u00e8me Homme, Basic Instinct, Starship Troopers&#8230;<\/em>) a tourn\u00e9 en France avec Virginie, Isabelle Huppert et Laurent Lafitte.<br \/>\nEntre temps, on l&rsquo;aura \u00e9galement vue dans <em>Et ta soeur<\/em> de Marion Vernoux qui sort le 13 janvier en France et dans <em>Un homme \u00e0 la hauteur<\/em> o\u00f9 elle partage la t\u00eate d&rsquo;affiche avec Jean Dujardin (sortie en France le 5 mai 2016).<\/p>\n<p>&nbsp;<\/p>\n<p><a href=\"http:\/\/www.cinevox.be\/wp-content\/uploads\/2015\/10\/2015-10-26_08h35_53.jpg\"><img loading=\"lazy\" decoding=\"async\" class=\"alignright size-large wp-image-79746\" src=\"http:\/\/www.cinevox.be\/wp-content\/uploads\/2015\/10\/2015-10-26_08h35_53-394x600.jpg\" alt=\"\" width=\"394\" height=\"600\" srcset=\"https:\/\/w-l-c.be\/wp-content\/uploads\/2015\/10\/2015-10-26_08h35_53-394x600.jpg 394w, https:\/\/w-l-c.be\/wp-content\/uploads\/2015\/10\/2015-10-26_08h35_53-177x270.jpg 177w, https:\/\/w-l-c.be\/wp-content\/uploads\/2015\/10\/2015-10-26_08h35_53.jpg 512w\" sizes=\"auto, (max-width: 394px) 100vw, 394px\" \/><\/a>Quand elle ne tourne pas, Virginie Efira ne se terre pas dans une villa isol\u00e9e au milieu des bois pou faire du crochet. Pour le grand plaisir des aficionados, la jeune maman affole r\u00e9guli\u00e8rement les photographes au point de devenir, ces temps-ci, une des \u00e9g\u00e9ries du site Pure\/Trend qui adore d\u00e9cortiquer ses multiples apparitions et ses somptueuses tenues.<\/p>\n<p>\u00c0 la boutique Ralph Laurens de St Germain des Pr\u00e8s, la jolie blonde intemporelle a fait se d\u00e9cha\u00eener les flashes s\u2019affichant dans d\u00e9licieuse robe noire du cr\u00e9ateur du plus bel effet.<br \/>\nQuelques jours plus tard, \u00e0 Lyon, au festival Lumi\u00e8re o\u00f9 elle \u00e9tait venue c\u00e9l\u00e9brer le r\u00e9alisateur am\u00e9ricain Martin Scorcese r\u00e9compens\u00e9 pour l\u2019ensemble de son \u0153uvre, elle focalisait \u00e0 nouveau l\u2019attention de la presse branch\u00e9e mode et paillettes. Ce jour-l\u00e0, Pure\/Trend n\u2019h\u00e9sita pas \u00e0 lui trouver un petit air de BB. De la grande \u00e9poque, \u00e7a va sans dire.<br \/>\nD\u00e9sormais fan absolu de Virginie, le site lui a m\u00eame r\u00e9cemment d\u00e9di\u00e9 une r\u00e9trospective tr\u00e8s trendy en dix photos que vous pouvez d\u00e9couvrir <a href=\"http:\/\/www.puretrend.com\/article\/virginie-efira-minijupes-et-decolletes-l-actrice-belge-en-10-looks-tres-sexy_a132192\/1\">ici<\/a>.<\/p>\n<p>Cela dit, Telerama lui consacra aussi un article o\u00f9 elle s\u2019exprimait sur un film du ma\u00eetre am\u00e9ricain : un univers n\u2019exclut pas l\u2019autre. Bien au contraire.<\/p>\n","protected":false},"excerpt":{"rendered":"<p>Chez Cinevox on a toujours d\u00e9fendu l\u2019id\u00e9e que le cin\u00e9ma n\u2019\u00e9tait pas un et indivisible, qu\u2019\u00e0 c\u00f4t\u00e9 des films d\u2019auteur d\u00e9cortiqu\u00e9s par les critiques, il \u00e9tait fort sain qu\u2019existent aussi des longs m\u00e9trages plus l\u00e9gers parce que, soyons r\u00e9alistes, l\u2019essentiel du public se rue dans les salles pour se distraire, sans autre volont\u00e9 que de &hellip;<\/p>\n","protected":false},"author":7,"featured_media":79750,"comment_status":"closed","ping_status":"closed","sticky":false,"template":"","format":"standard","meta":{"ngg_post_thumbnail":0,"footnotes":""},"categories":[1923],"tags":[],"class_list":["post-79744","post","type-post","status-publish","format-standard","has-post-thumbnail","","category-en-bref"],"yoast_head":"<!-- This site is optimized with the Yoast SEO plugin v20.4 - https:\/\/yoast.com\/wordpress\/plugins\/seo\/ -->\n<title>Virginie Efira, actrice et star - w-l-c<\/title>\n<meta name=\"robots\" content=\"noindex, follow, max-snippet:-1, max-image-preview:large, max-video-preview:-1\" \/>\n<meta property=\"og:locale\" content=\"fr_FR\" \/>\n<meta property=\"og:type\" content=\"article\" \/>\n<meta property=\"og:title\" content=\"Virginie Efira, actrice et star - w-l-c\" \/>\n<meta property=\"og:description\" content=\"Chez Cinevox on a toujours d\u00e9fendu l\u2019id\u00e9e que le cin\u00e9ma n\u2019\u00e9tait pas un et indivisible, qu\u2019\u00e0 c\u00f4t\u00e9 des films d\u2019auteur d\u00e9cortiqu\u00e9s par les critiques, il \u00e9tait fort sain qu\u2019existent aussi des longs m\u00e9trages plus l\u00e9gers parce que, soyons r\u00e9alistes, l\u2019essentiel du public se rue dans les salles pour se distraire, sans autre volont\u00e9 que de &hellip;\" \/>\n<meta property=\"og:url\" content=\"https:\/\/w-l-c.be\/fr\/virginie-efira-actrice-et-star\/\" \/>\n<meta property=\"og:site_name\" content=\"w-l-c\" \/>\n<meta property=\"article:published_time\" content=\"2015-11-04T07:04:35+00:00\" \/>\n<meta property=\"article:modified_time\" content=\"2015-10-29T10:25:08+00:00\" \/>\n<meta property=\"og:image\" content=\"https:\/\/w-l-c.be\/wp-content\/uploads\/2010\/10\/cabourg.jpg\" \/>\n\t<meta property=\"og:image:width\" content=\"2956\" \/>\n\t<meta property=\"og:image:height\" content=\"1695\" \/>\n\t<meta property=\"og:image:type\" content=\"image\/jpeg\" \/>\n<meta name=\"author\" content=\"Philippe.Pierquin\" \/>\n<meta name=\"twitter:card\" content=\"summary_large_image\" \/>\n<meta name=\"twitter:label1\" content=\"\u00c9crit par\" \/>\n\t<meta name=\"twitter:data1\" content=\"Philippe.Pierquin\" \/>\n\t<meta name=\"twitter:label2\" content=\"Dur\u00e9e de lecture estim\u00e9e\" \/>\n\t<meta name=\"twitter:data2\" content=\"3 minutes\" \/>\n<script type=\"application\/ld+json\" class=\"yoast-schema-graph\">{\"@context\":\"https:\/\/schema.org\",\"@graph\":[{\"@type\":\"WebPage\",\"@id\":\"https:\/\/w-l-c.be\/fr\/virginie-efira-actrice-et-star\/\",\"url\":\"https:\/\/w-l-c.be\/fr\/virginie-efira-actrice-et-star\/\",\"name\":\"Virginie Efira, actrice et star - w-l-c\",\"isPartOf\":{\"@id\":\"https:\/\/w-l-c.be\/fr\/#website\"},\"datePublished\":\"2015-11-04T07:04:35+00:00\",\"dateModified\":\"2015-10-29T10:25:08+00:00\",\"author\":{\"@id\":\"https:\/\/w-l-c.be\/fr\/#\/schema\/person\/4b9b1d857f0943453a38a7c2859ef756\"},\"breadcrumb\":{\"@id\":\"https:\/\/w-l-c.be\/fr\/virginie-efira-actrice-et-star\/#breadcrumb\"},\"inLanguage\":\"fr-FR\",\"potentialAction\":[{\"@type\":\"ReadAction\",\"target\":[\"https:\/\/w-l-c.be\/fr\/virginie-efira-actrice-et-star\/\"]}]},{\"@type\":\"BreadcrumbList\",\"@id\":\"https:\/\/w-l-c.be\/fr\/virginie-efira-actrice-et-star\/#breadcrumb\",\"itemListElement\":[{\"@type\":\"ListItem\",\"position\":1,\"name\":\"Accueil\",\"item\":\"https:\/\/w-l-c.be\/fr\/\"},{\"@type\":\"ListItem\",\"position\":2,\"name\":\"Virginie Efira, actrice et star\"}]},{\"@type\":\"WebSite\",\"@id\":\"https:\/\/w-l-c.be\/fr\/#website\",\"url\":\"https:\/\/w-l-c.be\/fr\/\",\"name\":\"w-l-c\",\"description\":\"Le cin\u00e9ma vu par les belges\",\"potentialAction\":[{\"@type\":\"SearchAction\",\"target\":{\"@type\":\"EntryPoint\",\"urlTemplate\":\"https:\/\/w-l-c.be\/fr\/?s={search_term_string}\"},\"query-input\":\"required name=search_term_string\"}],\"inLanguage\":\"fr-FR\"},{\"@type\":\"Person\",\"@id\":\"https:\/\/w-l-c.be\/fr\/#\/schema\/person\/4b9b1d857f0943453a38a7c2859ef756\",\"name\":\"Philippe.Pierquin\",\"url\":\"https:\/\/w-l-c.be\/fr\/author\/philippe-pierquin\/\"}]}<\/script>\n<!-- \/ Yoast SEO plugin. -->","yoast_head_json":{"title":"Virginie Efira, actrice et star - w-l-c","robots":{"index":"noindex","follow":"follow","max-snippet":"max-snippet:-1","max-image-preview":"max-image-preview:large","max-video-preview":"max-video-preview:-1"},"og_locale":"fr_FR","og_type":"article","og_title":"Virginie Efira, actrice et star - w-l-c","og_description":"Chez Cinevox on a toujours d\u00e9fendu l\u2019id\u00e9e que le cin\u00e9ma n\u2019\u00e9tait pas un et indivisible, qu\u2019\u00e0 c\u00f4t\u00e9 des films d\u2019auteur d\u00e9cortiqu\u00e9s par les critiques, il \u00e9tait fort sain qu\u2019existent aussi des longs m\u00e9trages plus l\u00e9gers parce que, soyons r\u00e9alistes, l\u2019essentiel du public se rue dans les salles pour se distraire, sans autre volont\u00e9 que de &hellip;","og_url":"https:\/\/w-l-c.be\/fr\/virginie-efira-actrice-et-star\/","og_site_name":"w-l-c","article_published_time":"2015-11-04T07:04:35+00:00","article_modified_time":"2015-10-29T10:25:08+00:00","og_image":[{"width":2956,"height":1695,"url":"https:\/\/w-l-c.be\/wp-content\/uploads\/2010\/10\/cabourg.jpg","type":"image\/jpeg"}],"author":"Philippe.Pierquin","twitter_card":"summary_large_image","twitter_misc":{"\u00c9crit par":"Philippe.Pierquin","Dur\u00e9e de lecture estim\u00e9e":"3 minutes"},"schema":{"@context":"https:\/\/schema.org","@graph":[{"@type":"WebPage","@id":"https:\/\/w-l-c.be\/fr\/virginie-efira-actrice-et-star\/","url":"https:\/\/w-l-c.be\/fr\/virginie-efira-actrice-et-star\/","name":"Virginie Efira, actrice et star - w-l-c","isPartOf":{"@id":"https:\/\/w-l-c.be\/fr\/#website"},"datePublished":"2015-11-04T07:04:35+00:00","dateModified":"2015-10-29T10:25:08+00:00","author":{"@id":"https:\/\/w-l-c.be\/fr\/#\/schema\/person\/4b9b1d857f0943453a38a7c2859ef756"},"breadcrumb":{"@id":"https:\/\/w-l-c.be\/fr\/virginie-efira-actrice-et-star\/#breadcrumb"},"inLanguage":"fr-FR","potentialAction":[{"@type":"ReadAction","target":["https:\/\/w-l-c.be\/fr\/virginie-efira-actrice-et-star\/"]}]},{"@type":"BreadcrumbList","@id":"https:\/\/w-l-c.be\/fr\/virginie-efira-actrice-et-star\/#breadcrumb","itemListElement":[{"@type":"ListItem","position":1,"name":"Accueil","item":"https:\/\/w-l-c.be\/fr\/"},{"@type":"ListItem","position":2,"name":"Virginie Efira, actrice et star"}]},{"@type":"WebSite","@id":"https:\/\/w-l-c.be\/fr\/#website","url":"https:\/\/w-l-c.be\/fr\/","name":"w-l-c","description":"Le cin\u00e9ma vu par les belges","potentialAction":[{"@type":"SearchAction","target":{"@type":"EntryPoint","urlTemplate":"https:\/\/w-l-c.be\/fr\/?s={search_term_string}"},"query-input":"required name=search_term_string"}],"inLanguage":"fr-FR"},{"@type":"Person","@id":"https:\/\/w-l-c.be\/fr\/#\/schema\/person\/4b9b1d857f0943453a38a7c2859ef756","name":"Philippe.Pierquin","url":"https:\/\/w-l-c.be\/fr\/author\/philippe-pierquin\/"}]}},"_links":{"self":[{"href":"https:\/\/w-l-c.be\/fr\/wp-json\/wp\/v2\/posts\/79744","targetHints":{"allow":["GET"]}}],"collection":[{"href":"https:\/\/w-l-c.be\/fr\/wp-json\/wp\/v2\/posts"}],"about":[{"href":"https:\/\/w-l-c.be\/fr\/wp-json\/wp\/v2\/types\/post"}],"author":[{"embeddable":true,"href":"https:\/\/w-l-c.be\/fr\/wp-json\/wp\/v2\/users\/7"}],"replies":[{"embeddable":true,"href":"https:\/\/w-l-c.be\/fr\/wp-json\/wp\/v2\/comments?post=79744"}],"version-history":[{"count":0,"href":"https:\/\/w-l-c.be\/fr\/wp-json\/wp\/v2\/posts\/79744\/revisions"}],"wp:featuredmedia":[{"embeddable":true,"href":"https:\/\/w-l-c.be\/fr\/wp-json\/wp\/v2\/media\/79750"}],"wp:attachment":[{"href":"https:\/\/w-l-c.be\/fr\/wp-json\/wp\/v2\/media?parent=79744"}],"wp:term":[{"taxonomy":"category","embeddable":true,"href":"https:\/\/w-l-c.be\/fr\/wp-json\/wp\/v2\/categories?post=79744"},{"taxonomy":"post_tag","embeddable":true,"href":"https:\/\/w-l-c.be\/fr\/wp-json\/wp\/v2\/tags?post=79744"}],"curies":[{"name":"wp","href":"https:\/\/api.w.org\/{rel}","templated":true}]}}