
{"id":79925,"date":"2015-11-03T08:20:06","date_gmt":"2015-11-03T07:20:06","guid":{"rendered":"http:\/\/www.cinevox.be\/?p=79925"},"modified":"2015-10-28T15:31:34","modified_gmt":"2015-10-28T14:31:34","slug":"79925","status":"publish","type":"post","link":"https:\/\/w-l-c.be\/fr\/79925\/","title":{"rendered":"Mort subite"},"content":{"rendered":"<p>Semaine de Toussaint oblige, la mort planera sur ce num\u00e9ro de tout Court.<\/p>\n<p>R\u00e9alistes, po\u00e9tiques, d\u00e9cal\u00e9s, les trois courts (aucun in\u00e9dit en t\u00e9l\u00e9) seront programm\u00e9s mercredi 4 novembre, en fin de soir\u00e9e sur la Trois. Juste apr\u00e8s les derni\u00e8res images de la Champions League. Comme quoi, parfois, ce timing nocturne tombe plut\u00f4t bien.<\/p>\n<p><!--more--><\/p>\n<p>&nbsp;<\/p>\n<p>&nbsp;<\/p>\n<p>&nbsp;<\/p>\n<p><a href=\"http:\/\/www.cinevox.be\/wp-content\/uploads\/2015\/03\/albertine-3.jpg\"><img loading=\"lazy\" decoding=\"async\" class=\"aligncenter size-large wp-image-71240\" src=\"http:\/\/www.cinevox.be\/wp-content\/uploads\/2015\/03\/albertine-3-800x452.jpg\" alt=\"\" width=\"640\" height=\"361\" srcset=\"https:\/\/w-l-c.be\/wp-content\/uploads\/2015\/03\/albertine-3-800x452.jpg 800w, https:\/\/w-l-c.be\/wp-content\/uploads\/2015\/03\/albertine-3-200x113.jpg 200w, https:\/\/w-l-c.be\/wp-content\/uploads\/2015\/03\/albertine-3-477x270.jpg 477w, https:\/\/w-l-c.be\/wp-content\/uploads\/2015\/03\/albertine-3-480x270.jpg 480w, https:\/\/w-l-c.be\/wp-content\/uploads\/2015\/03\/albertine-3-300x169.jpg 300w, https:\/\/w-l-c.be\/wp-content\/uploads\/2015\/03\/albertine-3-620x350.jpg 620w, https:\/\/w-l-c.be\/wp-content\/uploads\/2015\/03\/albertine-3.jpg 1218w\" sizes=\"auto, (max-width: 640px) 100vw, 640px\" \/><\/a><\/p>\n<p>&nbsp;<\/p>\n<h2>23:40 &#8211; <strong>Albertine<\/strong><\/h2>\n<ul>\n<li><strong>Dur\u00e9e\u00a0:<\/strong>\u00a000:19<\/li>\n<\/ul>\n<p>Depuis le d\u00e9c\u00e8s de son mari, Albertine, 81 ans, isol\u00e9e du monde et coup\u00e9e de toute vie sociale, semble attendre la mort avec impatience. Un soir, alors que la vieille dame tente avec difficult\u00e9 de changer une ampoule dans son salon, Madame Li\u00e9tard, la m\u00eale-tout de l&rsquo;immeuble, d\u00e9barque chez elle. Bien d\u00e9cid\u00e9e \u00e0 lui donner un coup de main, celle-ci introduit le voisin dans l&rsquo;appartement.<br \/>\nPrix et r\u00e9compenses :<br \/>\nBrusssels Short 2014 : Prix interpr\u00e9tation masculine et F\u00e9minine, Prix de la Presse<\/p>\n<ul>\n<li><strong>R\u00e9alisateur\u00a0:\u00a0<\/strong>Alexis Van Stratum<\/li>\n<li><strong>Sc\u00e9nariste\u00a0:\u00a0<\/strong>Alexis Van Stratum, Gr\u00e9gory Lecocq<\/li>\n<li><strong>Compositeur\u00a0:\u00a0<\/strong>Laurent Laigneaux<\/li>\n<li><strong>Acteur\/Actrice\u00a0:\u00a0<\/strong>Jacqueline Staup, Bernard Jousset, Nicole Colchat<\/li>\n<\/ul>\n<p>&nbsp;<\/p>\n<p><a href=\"http:\/\/www.cinevox.be\/wp-content\/uploads\/2015\/03\/carnage.png\"><img loading=\"lazy\" decoding=\"async\" class=\"aligncenter  wp-image-72415\" src=\"http:\/\/www.cinevox.be\/wp-content\/uploads\/2015\/03\/carnage.png\" alt=\"\" width=\"621\" height=\"265\" srcset=\"https:\/\/w-l-c.be\/wp-content\/uploads\/2015\/03\/carnage.png 600w, https:\/\/w-l-c.be\/wp-content\/uploads\/2015\/03\/carnage-480x204.png 480w\" sizes=\"auto, (max-width: 621px) 100vw, 621px\" \/><\/a><\/p>\n<p>&nbsp;<\/p>\n<h2>00:00\u00a0&#8211; <strong>Carnage terminus<\/strong><\/h2>\n<ul>\n<li><strong>Dur\u00e9e\u00a0:<\/strong>\u00a000:17<\/li>\n<\/ul>\n<p>Blaise, la trentaine, r\u00e9cemment sorti de prison, se r\u00e9veille la t\u00eate dans le cul au volant d&rsquo;une camionnette vol\u00e9e. \u00c0 c\u00f4t\u00e9 de lui, Job, son ami d&rsquo;enfance qu&rsquo;il n&rsquo;a plus vu depuis des mois, est en train de dormir. Quelque chose lui dit que ce n&rsquo;est pas le fruit du hasard qui les a men\u00e9s l\u00e0, au beau milieu d&rsquo;un cimeti\u00e8re, avec un croque-mort enferm\u00e9 dans le coffre de la camionnette.<\/p>\n<ul>\n<li><strong>R\u00e9alisateur\u00a0:\u00a0<\/strong>Chris Lequarr\u00e9<\/li>\n<li><strong>Sc\u00e9nariste\u00a0:\u00a0<\/strong>Chris Lequarr\u00e9<\/li>\n<li><strong>Acteur\/Actrice\u00a0:\u00a0<\/strong>Sam Louwyck, Virgile Bramly, Alexandre Picot<\/li>\n<\/ul>\n<p>&nbsp;<\/p>\n<p><a href=\"http:\/\/www.cinevox.be\/wp-content\/uploads\/2015\/06\/ANNONCE.jpg\"><img loading=\"lazy\" decoding=\"async\" class=\"aligncenter size-full wp-image-75190\" src=\"http:\/\/www.cinevox.be\/wp-content\/uploads\/2015\/06\/ANNONCE.jpg\" alt=\"\" width=\"738\" height=\"289\" srcset=\"https:\/\/w-l-c.be\/wp-content\/uploads\/2015\/06\/ANNONCE.jpg 738w, https:\/\/w-l-c.be\/wp-content\/uploads\/2015\/06\/ANNONCE-480x187.jpg 480w\" sizes=\"auto, (max-width: 738px) 100vw, 738px\" \/><\/a><\/p>\n<p>&nbsp;<\/p>\n<h2>00: 20\u00a0&#8211; <strong>L&rsquo;annonce<\/strong><\/h2>\n<ul>\n<li><strong>Dur\u00e9e\u00a0:<\/strong>\u00a000:20<\/li>\n<\/ul>\n<p>Une plage, \u00e0 la fin d&rsquo;une belle journ\u00e9e d&rsquo;\u00e9t\u00e9. Un t\u00e9l\u00e9phone sonne, une vie bascule&#8230;<\/p>\n<ul>\n<li><strong>R\u00e9alisateur\u00a0:\u00a0<\/strong>Laure Hassel<\/li>\n<li><strong>Acteur\/Actrice\u00a0:\u00a0<\/strong>Sandrine Blancke, Laurent Capelluto, Anne Guillaume<\/li>\n<\/ul>\n","protected":false},"excerpt":{"rendered":"<p>Semaine de Toussaint oblige, la mort planera sur ce num\u00e9ro de tout Court. R\u00e9alistes, po\u00e9tiques, d\u00e9cal\u00e9s, les trois courts (aucun in\u00e9dit en t\u00e9l\u00e9) seront programm\u00e9s mercredi 4 novembre, en fin de soir\u00e9e sur la Trois. Juste apr\u00e8s les derni\u00e8res images de la Champions League. Comme quoi, parfois, ce timing nocturne tombe plut\u00f4t bien.<\/p>\n","protected":false},"author":7,"featured_media":79929,"comment_status":"closed","ping_status":"closed","sticky":false,"template":"","format":"standard","meta":{"ngg_post_thumbnail":0,"footnotes":""},"categories":[14],"tags":[],"class_list":["post-79925","post","type-post","status-publish","format-standard","has-post-thumbnail","","category-home-cinema"],"yoast_head":"<!-- This site is optimized with the Yoast SEO plugin v20.4 - https:\/\/yoast.com\/wordpress\/plugins\/seo\/ -->\n<title>Mort subite - w-l-c<\/title>\n<meta name=\"robots\" content=\"noindex, follow, max-snippet:-1, max-image-preview:large, max-video-preview:-1\" \/>\n<meta property=\"og:locale\" content=\"fr_FR\" \/>\n<meta property=\"og:type\" content=\"article\" \/>\n<meta property=\"og:title\" content=\"Mort subite - w-l-c\" \/>\n<meta property=\"og:description\" content=\"Semaine de Toussaint oblige, la mort planera sur ce num\u00e9ro de tout Court. R\u00e9alistes, po\u00e9tiques, d\u00e9cal\u00e9s, les trois courts (aucun in\u00e9dit en t\u00e9l\u00e9) seront programm\u00e9s mercredi 4 novembre, en fin de soir\u00e9e sur la Trois. Juste apr\u00e8s les derni\u00e8res images de la Champions League. Comme quoi, parfois, ce timing nocturne tombe plut\u00f4t bien.\" \/>\n<meta property=\"og:url\" content=\"https:\/\/w-l-c.be\/fr\/79925\/\" \/>\n<meta property=\"og:site_name\" content=\"w-l-c\" \/>\n<meta property=\"article:published_time\" content=\"2015-11-03T07:20:06+00:00\" \/>\n<meta property=\"article:modified_time\" content=\"2015-10-28T14:31:34+00:00\" \/>\n<meta property=\"og:image\" content=\"https:\/\/w-l-c.be\/wp-content\/uploads\/2010\/11\/albertine-1.jpg\" \/>\n\t<meta property=\"og:image:width\" content=\"1216\" \/>\n\t<meta property=\"og:image:height\" content=\"704\" \/>\n\t<meta property=\"og:image:type\" content=\"image\/jpeg\" \/>\n<meta name=\"author\" content=\"Philippe.Pierquin\" \/>\n<meta name=\"twitter:card\" content=\"summary_large_image\" \/>\n<meta name=\"twitter:label1\" content=\"\u00c9crit par\" \/>\n\t<meta name=\"twitter:data1\" content=\"Philippe.Pierquin\" \/>\n\t<meta name=\"twitter:label2\" content=\"Dur\u00e9e de lecture estim\u00e9e\" \/>\n\t<meta name=\"twitter:data2\" content=\"2 minutes\" \/>\n<script type=\"application\/ld+json\" class=\"yoast-schema-graph\">{\"@context\":\"https:\/\/schema.org\",\"@graph\":[{\"@type\":\"WebPage\",\"@id\":\"https:\/\/w-l-c.be\/fr\/79925\/\",\"url\":\"https:\/\/w-l-c.be\/fr\/79925\/\",\"name\":\"Mort subite - w-l-c\",\"isPartOf\":{\"@id\":\"https:\/\/w-l-c.be\/fr\/#website\"},\"datePublished\":\"2015-11-03T07:20:06+00:00\",\"dateModified\":\"2015-10-28T14:31:34+00:00\",\"author\":{\"@id\":\"https:\/\/w-l-c.be\/fr\/#\/schema\/person\/4b9b1d857f0943453a38a7c2859ef756\"},\"breadcrumb\":{\"@id\":\"https:\/\/w-l-c.be\/fr\/79925\/#breadcrumb\"},\"inLanguage\":\"fr-FR\",\"potentialAction\":[{\"@type\":\"ReadAction\",\"target\":[\"https:\/\/w-l-c.be\/fr\/79925\/\"]}]},{\"@type\":\"BreadcrumbList\",\"@id\":\"https:\/\/w-l-c.be\/fr\/79925\/#breadcrumb\",\"itemListElement\":[{\"@type\":\"ListItem\",\"position\":1,\"name\":\"Accueil\",\"item\":\"https:\/\/w-l-c.be\/fr\/\"},{\"@type\":\"ListItem\",\"position\":2,\"name\":\"Mort subite\"}]},{\"@type\":\"WebSite\",\"@id\":\"https:\/\/w-l-c.be\/fr\/#website\",\"url\":\"https:\/\/w-l-c.be\/fr\/\",\"name\":\"w-l-c\",\"description\":\"Le cin\u00e9ma vu par les belges\",\"potentialAction\":[{\"@type\":\"SearchAction\",\"target\":{\"@type\":\"EntryPoint\",\"urlTemplate\":\"https:\/\/w-l-c.be\/fr\/?s={search_term_string}\"},\"query-input\":\"required name=search_term_string\"}],\"inLanguage\":\"fr-FR\"},{\"@type\":\"Person\",\"@id\":\"https:\/\/w-l-c.be\/fr\/#\/schema\/person\/4b9b1d857f0943453a38a7c2859ef756\",\"name\":\"Philippe.Pierquin\",\"url\":\"https:\/\/w-l-c.be\/fr\/author\/philippe-pierquin\/\"}]}<\/script>\n<!-- \/ Yoast SEO plugin. -->","yoast_head_json":{"title":"Mort subite - w-l-c","robots":{"index":"noindex","follow":"follow","max-snippet":"max-snippet:-1","max-image-preview":"max-image-preview:large","max-video-preview":"max-video-preview:-1"},"og_locale":"fr_FR","og_type":"article","og_title":"Mort subite - w-l-c","og_description":"Semaine de Toussaint oblige, la mort planera sur ce num\u00e9ro de tout Court. R\u00e9alistes, po\u00e9tiques, d\u00e9cal\u00e9s, les trois courts (aucun in\u00e9dit en t\u00e9l\u00e9) seront programm\u00e9s mercredi 4 novembre, en fin de soir\u00e9e sur la Trois. Juste apr\u00e8s les derni\u00e8res images de la Champions League. Comme quoi, parfois, ce timing nocturne tombe plut\u00f4t bien.","og_url":"https:\/\/w-l-c.be\/fr\/79925\/","og_site_name":"w-l-c","article_published_time":"2015-11-03T07:20:06+00:00","article_modified_time":"2015-10-28T14:31:34+00:00","og_image":[{"width":1216,"height":704,"url":"https:\/\/w-l-c.be\/wp-content\/uploads\/2010\/11\/albertine-1.jpg","type":"image\/jpeg"}],"author":"Philippe.Pierquin","twitter_card":"summary_large_image","twitter_misc":{"\u00c9crit par":"Philippe.Pierquin","Dur\u00e9e de lecture estim\u00e9e":"2 minutes"},"schema":{"@context":"https:\/\/schema.org","@graph":[{"@type":"WebPage","@id":"https:\/\/w-l-c.be\/fr\/79925\/","url":"https:\/\/w-l-c.be\/fr\/79925\/","name":"Mort subite - w-l-c","isPartOf":{"@id":"https:\/\/w-l-c.be\/fr\/#website"},"datePublished":"2015-11-03T07:20:06+00:00","dateModified":"2015-10-28T14:31:34+00:00","author":{"@id":"https:\/\/w-l-c.be\/fr\/#\/schema\/person\/4b9b1d857f0943453a38a7c2859ef756"},"breadcrumb":{"@id":"https:\/\/w-l-c.be\/fr\/79925\/#breadcrumb"},"inLanguage":"fr-FR","potentialAction":[{"@type":"ReadAction","target":["https:\/\/w-l-c.be\/fr\/79925\/"]}]},{"@type":"BreadcrumbList","@id":"https:\/\/w-l-c.be\/fr\/79925\/#breadcrumb","itemListElement":[{"@type":"ListItem","position":1,"name":"Accueil","item":"https:\/\/w-l-c.be\/fr\/"},{"@type":"ListItem","position":2,"name":"Mort subite"}]},{"@type":"WebSite","@id":"https:\/\/w-l-c.be\/fr\/#website","url":"https:\/\/w-l-c.be\/fr\/","name":"w-l-c","description":"Le cin\u00e9ma vu par les belges","potentialAction":[{"@type":"SearchAction","target":{"@type":"EntryPoint","urlTemplate":"https:\/\/w-l-c.be\/fr\/?s={search_term_string}"},"query-input":"required name=search_term_string"}],"inLanguage":"fr-FR"},{"@type":"Person","@id":"https:\/\/w-l-c.be\/fr\/#\/schema\/person\/4b9b1d857f0943453a38a7c2859ef756","name":"Philippe.Pierquin","url":"https:\/\/w-l-c.be\/fr\/author\/philippe-pierquin\/"}]}},"_links":{"self":[{"href":"https:\/\/w-l-c.be\/fr\/wp-json\/wp\/v2\/posts\/79925","targetHints":{"allow":["GET"]}}],"collection":[{"href":"https:\/\/w-l-c.be\/fr\/wp-json\/wp\/v2\/posts"}],"about":[{"href":"https:\/\/w-l-c.be\/fr\/wp-json\/wp\/v2\/types\/post"}],"author":[{"embeddable":true,"href":"https:\/\/w-l-c.be\/fr\/wp-json\/wp\/v2\/users\/7"}],"replies":[{"embeddable":true,"href":"https:\/\/w-l-c.be\/fr\/wp-json\/wp\/v2\/comments?post=79925"}],"version-history":[{"count":0,"href":"https:\/\/w-l-c.be\/fr\/wp-json\/wp\/v2\/posts\/79925\/revisions"}],"wp:featuredmedia":[{"embeddable":true,"href":"https:\/\/w-l-c.be\/fr\/wp-json\/wp\/v2\/media\/79929"}],"wp:attachment":[{"href":"https:\/\/w-l-c.be\/fr\/wp-json\/wp\/v2\/media?parent=79925"}],"wp:term":[{"taxonomy":"category","embeddable":true,"href":"https:\/\/w-l-c.be\/fr\/wp-json\/wp\/v2\/categories?post=79925"},{"taxonomy":"post_tag","embeddable":true,"href":"https:\/\/w-l-c.be\/fr\/wp-json\/wp\/v2\/tags?post=79925"}],"curies":[{"name":"wp","href":"https:\/\/api.w.org\/{rel}","templated":true}]}}