
{"id":80417,"date":"2015-11-16T11:13:06","date_gmt":"2015-11-16T10:13:06","guid":{"rendered":"http:\/\/www.cinevox.be\/?p=80417"},"modified":"2015-11-16T11:13:20","modified_gmt":"2015-11-16T10:13:20","slug":"michael-r-roskam-va-realiser-les-deux-premiers-episodes-de-berlin-station","status":"publish","type":"post","link":"https:\/\/w-l-c.be\/fr\/michael-r-roskam-va-realiser-les-deux-premiers-episodes-de-berlin-station\/","title":{"rendered":"Micha\u00ebl R. Roskam va r\u00e9aliser les deux premiers \u00e9pisodes de Berlin Station"},"content":{"rendered":"<p><strong>Micha\u00ebl R. Roskam<\/strong> (<em>Rundskop, The Drop<\/em>) va r\u00e9aliser le pilote et le deuxi\u00e8me \u00e9pisode de Berlin Station, une s\u00e9rie d\u2019espionnage contemporaine avec Richard Armitage (The Hobbit: The Battle of the Five Armies, Hannibal) et Rhys Ifans (The Amazing Spider-Man, Notting Hill, Harry Potter and the Deathly Hallows &#8211; Part 1) dans les r\u00f4les principaux.<\/p>\n<p><!--more--><\/p>\n<p>La s\u00e9rie, qui sera diffus\u00e9e fin 2016 sur la cha\u00eene payante am\u00e9ricaine EPIX, est une production de Paramount TV et Anonymous Content (True Detective).<\/p>\n<p>Michael Roskam est \u00e9galement producteur ex\u00e9cutif de la s\u00e9rie. Les prises de vue d\u00e9marrent cette semaine \u00e0 Berlin.<\/p>\n<p>&nbsp;<\/p>\n<p><a href=\"http:\/\/www.cinevox.be\/wp-content\/uploads\/2015\/11\/IMG_4248.jpg\"><img loading=\"lazy\" decoding=\"async\" class=\"aligncenter size-large wp-image-80418\" src=\"http:\/\/www.cinevox.be\/wp-content\/uploads\/2015\/11\/IMG_4248-800x533.jpg\" alt=\"\" width=\"640\" height=\"426\" srcset=\"https:\/\/w-l-c.be\/wp-content\/uploads\/2015\/11\/IMG_4248-800x533.jpg 800w, https:\/\/w-l-c.be\/wp-content\/uploads\/2015\/11\/IMG_4248-405x270.jpg 405w\" sizes=\"auto, (max-width: 640px) 100vw, 640px\" \/><\/a><\/p>\n<p style=\"text-align: right;\"><em>\u00a0Avec Matthias&#8230; heu&#8230; Philippe Reynaert lors de la 2e \u00e9dition des Magritte<\/em><\/p>\n<p>&nbsp;<\/p>\n<p>L\u2019auteur de cette s\u00e9rie originale en dix \u00e9pisodes est Olen Steinhauer. l&rsquo;auteur est connu pour ses livres qui se situent en pleine guerre froide, la trilogie Milo Weaver dont fait partie &lsquo;Le Touriste&rsquo;, et des romans tels que &lsquo;All The Old Knives\u2019 et \u2018The Cairo Affair\u2019.<\/p>\n<p>La s\u00e9rie suit Daniel Meyer, un agent de la CIA envoy\u00e9 sous couverture \u00e0 Berlin pour d\u00e9couvrir l&rsquo;identit\u00e9 de la personne qui a transmis des informations \u00e0 un lanceur d\u2019alerte bien connu, Thomas Shaw.<\/p>\n<p>&nbsp;<\/p>\n<p>Pour Amy Powell, la directrice de Paramount Television, le choix de Roskam pour la r\u00e9alisation des deux premiers \u00e9pisodes \u00e9tait une \u00e9vidence vu la mani\u00e8re \u00ab dont il ma\u00eetrise les codes du film noir \u00bb. Avec Steinhauer, qui est pour elle \u00ab un des auteurs de romans d\u2019espionnage les plus talentueux de sa g\u00e9n\u00e9ration \u00bb, ils forment \u00ab une \u00e9quipe cr\u00e9ative de choc pour concevoir ce thriller d\u2019espionnage moderne\u00bb.<\/p>\n<p>&nbsp;<\/p>\n<p><a href=\"http:\/\/www.cinevox.be\/wp-content\/uploads\/2015\/11\/richard-armitage-photos-1280x800.jpg\"><img loading=\"lazy\" decoding=\"async\" class=\"aligncenter size-large wp-image-80419\" src=\"http:\/\/www.cinevox.be\/wp-content\/uploads\/2015\/11\/richard-armitage-photos-1280x800-800x500.jpg\" alt=\"\" width=\"640\" height=\"400\" srcset=\"https:\/\/w-l-c.be\/wp-content\/uploads\/2015\/11\/richard-armitage-photos-1280x800-800x500.jpg 800w, https:\/\/w-l-c.be\/wp-content\/uploads\/2015\/11\/richard-armitage-photos-1280x800-432x270.jpg 432w, https:\/\/w-l-c.be\/wp-content\/uploads\/2015\/11\/richard-armitage-photos-1280x800.jpg 1280w\" sizes=\"auto, (max-width: 640px) 100vw, 640px\" \/><\/a><\/p>\n<p>&nbsp;<\/p>\n<p>Aux c\u00f4t\u00e9s de Richard Armitage et Rhys Ifans, on retrouvera Richard Jenkins (The Visitor), qui a re\u00e7u un Emmy cette ann\u00e9e pour son r\u00f4le dans Olive Kitteridge, et Michelle Forbes (The Killing, True Blood, The Hunger Games: Mockingjay &#8211; Part 2).<\/p>\n<p>&nbsp;<\/p>\n<p><a href=\"http:\/\/www.cinevox.be\/wp-content\/uploads\/2015\/11\/rhys-ifans.jpg\"><img loading=\"lazy\" decoding=\"async\" class=\"aligncenter  wp-image-80420\" src=\"http:\/\/www.cinevox.be\/wp-content\/uploads\/2015\/11\/rhys-ifans.jpg\" alt=\"\" width=\"619\" height=\"415\" srcset=\"https:\/\/w-l-c.be\/wp-content\/uploads\/2015\/11\/rhys-ifans.jpg 446w, https:\/\/w-l-c.be\/wp-content\/uploads\/2015\/11\/rhys-ifans-402x270.jpg 402w\" sizes=\"auto, (max-width: 619px) 100vw, 619px\" \/><\/a><\/p>\n<p>&nbsp;<\/p>\n<p>&nbsp;<\/p>\n<p>Brad Winters (Dig, The Americans, Boss, Oz) est le showrunner. Steinhauer et Winters sont \u00e9galement producteurs ex\u00e9cutifs de la s\u00e9rie, de m\u00eame que Eric Roth (Forrest Gump, The Curious Case of Benjamin Button, Munich, House of Cards) et Steve Golin, Kerry Kohansky-Roberts, Keith Redmon et Luke Rivett de Anonymous Content (True Detective, The Knick, Mr. Robot).<\/p>\n<p>&nbsp;<\/p>\n<p>Avec la commande de Berlin Station, qui fait imm\u00e9diatement l\u2019objet d\u2019un d\u00e9veloppement en 10 \u00e9pisodes sans attendre les r\u00e9sultats d\u2019un pilote, EPIX se positionne r\u00e9solument sur le march\u00e9 tr\u00e8s concurrentiel des fournisseurs de contenu original pour la t\u00e9l\u00e9vision tels que Netflix, Hulu et HBO Now.<\/p>\n<p>&nbsp;<\/p>\n<p><a href=\"http:\/\/www.cinevox.be\/wp-content\/uploads\/2015\/11\/IMAGELLAN_00003239-211.jpg\"><img loading=\"lazy\" decoding=\"async\" class=\"aligncenter size-large wp-image-80421\" src=\"http:\/\/www.cinevox.be\/wp-content\/uploads\/2015\/11\/IMAGELLAN_00003239-211-800x538.jpg\" alt=\"\" width=\"640\" height=\"430\" srcset=\"https:\/\/w-l-c.be\/wp-content\/uploads\/2015\/11\/IMAGELLAN_00003239-211-800x538.jpg 800w, https:\/\/w-l-c.be\/wp-content\/uploads\/2015\/11\/IMAGELLAN_00003239-211-400x270.jpg 400w, https:\/\/w-l-c.be\/wp-content\/uploads\/2015\/11\/IMAGELLAN_00003239-211.jpg 1200w\" sizes=\"auto, (max-width: 640px) 100vw, 640px\" \/><\/a><\/p>\n<p style=\"text-align: right;\"><em>Photo iMagellan\/Magritte 2012<\/em><\/p>\n<p>&nbsp;<\/p>\n<p>Apr\u00e8s avoir r\u00e9alis\u00e9 ces deux premiers \u00e9pisodes de Berlin Station, Roskam se concentrera sur la pr\u00e9paration de son troisi\u00e8me long m\u00e9trage, <em>Le fid\u00e8le,<\/em> une histoire d\u2019amour au sein des gangs de malfrats bruxellois. Les r\u00f4les principaux seront tenus par Matthias Schoenaerts et Ad\u00e8le Exarchopoulos (La vie d&rsquo;Ad\u00e8le).<\/p>\n<p>Le sc\u00e9nario est sign\u00e9 Bidegain (Dheepan, De rouille et d\u2019os, Un proph\u00e8te), No\u00e9 Debr\u00e9 (Dheepan, Les cowboys) et Roskam lui-m\u00eame qui a d\u2019abord \u00e9crit l\u2019histoire. Le film est produit en Belgique par Bart Van Langendonck pour Savage Film (Rundskop, D&rsquo;Ardennen).<\/p>\n<p>Le tournage de <em>Le fid\u00e8le<\/em> est pr\u00e9vu pour l\u2019an prochain avec une sortie en 2017.<\/p>\n<p>Pour le reste, Roskam est \u00e9galement d\u00e9j\u00e0 en pr\u00e9paration pour le pilote de la s\u00e9rie HBO Buda Bridge dont nous vous parlions d\u00e9j\u00e0 en\u2026 ao\u00fbt 2012 (lire <a href=\"http:\/\/www.cinevox.be\/?p=26414\">ici<\/a>).<\/p>\n","protected":false},"excerpt":{"rendered":"<p>Micha\u00ebl R. Roskam (Rundskop, The Drop) va r\u00e9aliser le pilote et le deuxi\u00e8me \u00e9pisode de Berlin Station, une s\u00e9rie d\u2019espionnage contemporaine avec Richard Armitage (The Hobbit: The Battle of the Five Armies, Hannibal) et Rhys Ifans (The Amazing Spider-Man, Notting Hill, Harry Potter and the Deathly Hallows &#8211; Part 1) dans les r\u00f4les principaux.<\/p>\n","protected":false},"author":7,"featured_media":80423,"comment_status":"closed","ping_status":"closed","sticky":false,"template":"","format":"standard","meta":{"ngg_post_thumbnail":0,"footnotes":""},"categories":[53],"tags":[],"class_list":["post-80417","post","type-post","status-publish","format-standard","has-post-thumbnail","","category-coming-soon"],"yoast_head":"<!-- This site is optimized with the Yoast SEO plugin v20.4 - https:\/\/yoast.com\/wordpress\/plugins\/seo\/ -->\n<title>Micha\u00ebl R. Roskam va r\u00e9aliser les deux premiers \u00e9pisodes de Berlin Station - w-l-c<\/title>\n<meta name=\"robots\" content=\"noindex, follow, max-snippet:-1, max-image-preview:large, max-video-preview:-1\" \/>\n<meta property=\"og:locale\" content=\"fr_FR\" \/>\n<meta property=\"og:type\" content=\"article\" \/>\n<meta property=\"og:title\" content=\"Micha\u00ebl R. Roskam va r\u00e9aliser les deux premiers \u00e9pisodes de Berlin Station - w-l-c\" \/>\n<meta property=\"og:description\" content=\"Micha\u00ebl R. Roskam (Rundskop, The Drop) va r\u00e9aliser le pilote et le deuxi\u00e8me \u00e9pisode de Berlin Station, une s\u00e9rie d\u2019espionnage contemporaine avec Richard Armitage (The Hobbit: The Battle of the Five Armies, Hannibal) et Rhys Ifans (The Amazing Spider-Man, Notting Hill, Harry Potter and the Deathly Hallows &#8211; Part 1) dans les r\u00f4les principaux.\" \/>\n<meta property=\"og:url\" content=\"https:\/\/w-l-c.be\/fr\/michael-r-roskam-va-realiser-les-deux-premiers-episodes-de-berlin-station\/\" \/>\n<meta property=\"og:site_name\" content=\"w-l-c\" \/>\n<meta property=\"article:published_time\" content=\"2015-11-16T10:13:06+00:00\" \/>\n<meta property=\"article:modified_time\" content=\"2015-11-16T10:13:20+00:00\" \/>\n<meta property=\"og:image\" content=\"https:\/\/w-l-c.be\/wp-content\/uploads\/2015\/11\/IMAGELLAN_00003239-231.jpg\" \/>\n\t<meta property=\"og:image:width\" content=\"4510\" \/>\n\t<meta property=\"og:image:height\" content=\"3096\" \/>\n\t<meta property=\"og:image:type\" content=\"image\/jpeg\" \/>\n<meta name=\"author\" content=\"Philippe.Pierquin\" \/>\n<meta name=\"twitter:card\" content=\"summary_large_image\" \/>\n<meta name=\"twitter:label1\" content=\"\u00c9crit par\" \/>\n\t<meta name=\"twitter:data1\" content=\"Philippe.Pierquin\" \/>\n\t<meta name=\"twitter:label2\" content=\"Dur\u00e9e de lecture estim\u00e9e\" \/>\n\t<meta name=\"twitter:data2\" content=\"3 minutes\" \/>\n<script type=\"application\/ld+json\" class=\"yoast-schema-graph\">{\"@context\":\"https:\/\/schema.org\",\"@graph\":[{\"@type\":\"WebPage\",\"@id\":\"https:\/\/w-l-c.be\/fr\/michael-r-roskam-va-realiser-les-deux-premiers-episodes-de-berlin-station\/\",\"url\":\"https:\/\/w-l-c.be\/fr\/michael-r-roskam-va-realiser-les-deux-premiers-episodes-de-berlin-station\/\",\"name\":\"Micha\u00ebl R. Roskam va r\u00e9aliser les deux premiers \u00e9pisodes de Berlin Station - w-l-c\",\"isPartOf\":{\"@id\":\"https:\/\/w-l-c.be\/fr\/#website\"},\"datePublished\":\"2015-11-16T10:13:06+00:00\",\"dateModified\":\"2015-11-16T10:13:20+00:00\",\"author\":{\"@id\":\"https:\/\/w-l-c.be\/fr\/#\/schema\/person\/4b9b1d857f0943453a38a7c2859ef756\"},\"breadcrumb\":{\"@id\":\"https:\/\/w-l-c.be\/fr\/michael-r-roskam-va-realiser-les-deux-premiers-episodes-de-berlin-station\/#breadcrumb\"},\"inLanguage\":\"fr-FR\",\"potentialAction\":[{\"@type\":\"ReadAction\",\"target\":[\"https:\/\/w-l-c.be\/fr\/michael-r-roskam-va-realiser-les-deux-premiers-episodes-de-berlin-station\/\"]}]},{\"@type\":\"BreadcrumbList\",\"@id\":\"https:\/\/w-l-c.be\/fr\/michael-r-roskam-va-realiser-les-deux-premiers-episodes-de-berlin-station\/#breadcrumb\",\"itemListElement\":[{\"@type\":\"ListItem\",\"position\":1,\"name\":\"Accueil\",\"item\":\"https:\/\/w-l-c.be\/fr\/\"},{\"@type\":\"ListItem\",\"position\":2,\"name\":\"Micha\u00ebl R. Roskam va r\u00e9aliser les deux premiers \u00e9pisodes de Berlin Station\"}]},{\"@type\":\"WebSite\",\"@id\":\"https:\/\/w-l-c.be\/fr\/#website\",\"url\":\"https:\/\/w-l-c.be\/fr\/\",\"name\":\"w-l-c\",\"description\":\"Le cin\u00e9ma vu par les belges\",\"potentialAction\":[{\"@type\":\"SearchAction\",\"target\":{\"@type\":\"EntryPoint\",\"urlTemplate\":\"https:\/\/w-l-c.be\/fr\/?s={search_term_string}\"},\"query-input\":\"required name=search_term_string\"}],\"inLanguage\":\"fr-FR\"},{\"@type\":\"Person\",\"@id\":\"https:\/\/w-l-c.be\/fr\/#\/schema\/person\/4b9b1d857f0943453a38a7c2859ef756\",\"name\":\"Philippe.Pierquin\",\"url\":\"https:\/\/w-l-c.be\/fr\/author\/philippe-pierquin\/\"}]}<\/script>\n<!-- \/ Yoast SEO plugin. -->","yoast_head_json":{"title":"Micha\u00ebl R. Roskam va r\u00e9aliser les deux premiers \u00e9pisodes de Berlin Station - w-l-c","robots":{"index":"noindex","follow":"follow","max-snippet":"max-snippet:-1","max-image-preview":"max-image-preview:large","max-video-preview":"max-video-preview:-1"},"og_locale":"fr_FR","og_type":"article","og_title":"Micha\u00ebl R. Roskam va r\u00e9aliser les deux premiers \u00e9pisodes de Berlin Station - w-l-c","og_description":"Micha\u00ebl R. Roskam (Rundskop, The Drop) va r\u00e9aliser le pilote et le deuxi\u00e8me \u00e9pisode de Berlin Station, une s\u00e9rie d\u2019espionnage contemporaine avec Richard Armitage (The Hobbit: The Battle of the Five Armies, Hannibal) et Rhys Ifans (The Amazing Spider-Man, Notting Hill, Harry Potter and the Deathly Hallows &#8211; Part 1) dans les r\u00f4les principaux.","og_url":"https:\/\/w-l-c.be\/fr\/michael-r-roskam-va-realiser-les-deux-premiers-episodes-de-berlin-station\/","og_site_name":"w-l-c","article_published_time":"2015-11-16T10:13:06+00:00","article_modified_time":"2015-11-16T10:13:20+00:00","og_image":[{"width":4510,"height":3096,"url":"https:\/\/w-l-c.be\/wp-content\/uploads\/2015\/11\/IMAGELLAN_00003239-231.jpg","type":"image\/jpeg"}],"author":"Philippe.Pierquin","twitter_card":"summary_large_image","twitter_misc":{"\u00c9crit par":"Philippe.Pierquin","Dur\u00e9e de lecture estim\u00e9e":"3 minutes"},"schema":{"@context":"https:\/\/schema.org","@graph":[{"@type":"WebPage","@id":"https:\/\/w-l-c.be\/fr\/michael-r-roskam-va-realiser-les-deux-premiers-episodes-de-berlin-station\/","url":"https:\/\/w-l-c.be\/fr\/michael-r-roskam-va-realiser-les-deux-premiers-episodes-de-berlin-station\/","name":"Micha\u00ebl R. Roskam va r\u00e9aliser les deux premiers \u00e9pisodes de Berlin Station - w-l-c","isPartOf":{"@id":"https:\/\/w-l-c.be\/fr\/#website"},"datePublished":"2015-11-16T10:13:06+00:00","dateModified":"2015-11-16T10:13:20+00:00","author":{"@id":"https:\/\/w-l-c.be\/fr\/#\/schema\/person\/4b9b1d857f0943453a38a7c2859ef756"},"breadcrumb":{"@id":"https:\/\/w-l-c.be\/fr\/michael-r-roskam-va-realiser-les-deux-premiers-episodes-de-berlin-station\/#breadcrumb"},"inLanguage":"fr-FR","potentialAction":[{"@type":"ReadAction","target":["https:\/\/w-l-c.be\/fr\/michael-r-roskam-va-realiser-les-deux-premiers-episodes-de-berlin-station\/"]}]},{"@type":"BreadcrumbList","@id":"https:\/\/w-l-c.be\/fr\/michael-r-roskam-va-realiser-les-deux-premiers-episodes-de-berlin-station\/#breadcrumb","itemListElement":[{"@type":"ListItem","position":1,"name":"Accueil","item":"https:\/\/w-l-c.be\/fr\/"},{"@type":"ListItem","position":2,"name":"Micha\u00ebl R. Roskam va r\u00e9aliser les deux premiers \u00e9pisodes de Berlin Station"}]},{"@type":"WebSite","@id":"https:\/\/w-l-c.be\/fr\/#website","url":"https:\/\/w-l-c.be\/fr\/","name":"w-l-c","description":"Le cin\u00e9ma vu par les belges","potentialAction":[{"@type":"SearchAction","target":{"@type":"EntryPoint","urlTemplate":"https:\/\/w-l-c.be\/fr\/?s={search_term_string}"},"query-input":"required name=search_term_string"}],"inLanguage":"fr-FR"},{"@type":"Person","@id":"https:\/\/w-l-c.be\/fr\/#\/schema\/person\/4b9b1d857f0943453a38a7c2859ef756","name":"Philippe.Pierquin","url":"https:\/\/w-l-c.be\/fr\/author\/philippe-pierquin\/"}]}},"_links":{"self":[{"href":"https:\/\/w-l-c.be\/fr\/wp-json\/wp\/v2\/posts\/80417","targetHints":{"allow":["GET"]}}],"collection":[{"href":"https:\/\/w-l-c.be\/fr\/wp-json\/wp\/v2\/posts"}],"about":[{"href":"https:\/\/w-l-c.be\/fr\/wp-json\/wp\/v2\/types\/post"}],"author":[{"embeddable":true,"href":"https:\/\/w-l-c.be\/fr\/wp-json\/wp\/v2\/users\/7"}],"replies":[{"embeddable":true,"href":"https:\/\/w-l-c.be\/fr\/wp-json\/wp\/v2\/comments?post=80417"}],"version-history":[{"count":0,"href":"https:\/\/w-l-c.be\/fr\/wp-json\/wp\/v2\/posts\/80417\/revisions"}],"wp:featuredmedia":[{"embeddable":true,"href":"https:\/\/w-l-c.be\/fr\/wp-json\/wp\/v2\/media\/80423"}],"wp:attachment":[{"href":"https:\/\/w-l-c.be\/fr\/wp-json\/wp\/v2\/media?parent=80417"}],"wp:term":[{"taxonomy":"category","embeddable":true,"href":"https:\/\/w-l-c.be\/fr\/wp-json\/wp\/v2\/categories?post=80417"},{"taxonomy":"post_tag","embeddable":true,"href":"https:\/\/w-l-c.be\/fr\/wp-json\/wp\/v2\/tags?post=80417"}],"curies":[{"name":"wp","href":"https:\/\/api.w.org\/{rel}","templated":true}]}}