
{"id":80486,"date":"2015-11-20T08:22:03","date_gmt":"2015-11-20T07:22:03","guid":{"rendered":"http:\/\/www.cinevox.be\/?p=80486"},"modified":"2015-11-18T09:37:43","modified_gmt":"2015-11-18T08:37:43","slug":"matthias-schoenaerts-dans-the-danish-girl-2","status":"publish","type":"post","link":"https:\/\/w-l-c.be\/fr\/matthias-schoenaerts-dans-the-danish-girl-2\/","title":{"rendered":"Matthias Schoenaerts dans The Danish Girl"},"content":{"rendered":"<p>D\u00e8s le d\u00e9but de l&rsquo;ann\u00e9e prochaine, on verra Matthias Schoenaerts dans <em>The Danish Girl<\/em> du Britannique Tom Hooper, Oscar du meilleur r\u00e9alisateur pour <em>Le Discours d\u2019un Roi<\/em>.<\/p>\n<p>Son nouveau long m\u00e9trage, \u00e0 nouveau une biographie romanc\u00e9e, conte \u00a0la folle love story entre deux artistes danois, Einar et Gerda Wegener (Eddie Redmayne et Amber Heard).<\/p>\n<p>Une relation atypique puisqu\u2019Einar deviendra Lily, et restera dans l\u2019Histoire comme le premier homme \u00e0 avoir subi une op\u00e9ration de changement de sexe en 1930.<\/p>\n<p>Matthias interpr\u00e8te ici Hans Axgil, l&rsquo;ami d&rsquo;Einar.<\/p>\n","protected":false},"excerpt":{"rendered":"<p>D\u00e8s le d\u00e9but de l&rsquo;ann\u00e9e prochaine, on verra Matthias Schoenaerts dans The Danish Girl du Britannique Tom Hooper, Oscar du meilleur r\u00e9alisateur pour Le Discours d\u2019un Roi. Son nouveau long m\u00e9trage, \u00e0 nouveau une biographie romanc\u00e9e, conte \u00a0la folle love story entre deux artistes danois, Einar et Gerda Wegener (Eddie Redmayne et Amber Heard). Une &hellip;<\/p>\n","protected":false},"author":7,"featured_media":80487,"comment_status":"closed","ping_status":"closed","sticky":false,"template":"","format":"standard","meta":{"ngg_post_thumbnail":0,"footnotes":""},"categories":[53],"tags":[],"class_list":["post-80486","post","type-post","status-publish","format-standard","has-post-thumbnail","","category-coming-soon"],"yoast_head":"<!-- This site is optimized with the Yoast SEO plugin v20.4 - https:\/\/yoast.com\/wordpress\/plugins\/seo\/ -->\n<title>Matthias Schoenaerts dans The Danish Girl - w-l-c<\/title>\n<meta name=\"robots\" content=\"noindex, follow, max-snippet:-1, max-image-preview:large, max-video-preview:-1\" \/>\n<meta property=\"og:locale\" content=\"fr_FR\" \/>\n<meta property=\"og:type\" content=\"article\" \/>\n<meta property=\"og:title\" content=\"Matthias Schoenaerts dans The Danish Girl - w-l-c\" \/>\n<meta property=\"og:description\" content=\"D\u00e8s le d\u00e9but de l&rsquo;ann\u00e9e prochaine, on verra Matthias Schoenaerts dans The Danish Girl du Britannique Tom Hooper, Oscar du meilleur r\u00e9alisateur pour Le Discours d\u2019un Roi. Son nouveau long m\u00e9trage, \u00e0 nouveau une biographie romanc\u00e9e, conte \u00a0la folle love story entre deux artistes danois, Einar et Gerda Wegener (Eddie Redmayne et Amber Heard). Une &hellip;\" \/>\n<meta property=\"og:url\" content=\"https:\/\/w-l-c.be\/fr\/matthias-schoenaerts-dans-the-danish-girl-2\/\" \/>\n<meta property=\"og:site_name\" content=\"w-l-c\" \/>\n<meta property=\"article:published_time\" content=\"2015-11-20T07:22:03+00:00\" \/>\n<meta property=\"article:modified_time\" content=\"2015-11-18T08:37:43+00:00\" \/>\n<meta property=\"og:image\" content=\"https:\/\/w-l-c.be\/wp-content\/uploads\/2015\/11\/matthias-schoenaerts-danish-girl.jpg\" \/>\n\t<meta property=\"og:image:width\" content=\"1245\" \/>\n\t<meta property=\"og:image:height\" content=\"681\" \/>\n\t<meta property=\"og:image:type\" content=\"image\/jpeg\" \/>\n<meta name=\"author\" content=\"Philippe.Pierquin\" \/>\n<meta name=\"twitter:card\" content=\"summary_large_image\" \/>\n<meta name=\"twitter:label1\" content=\"\u00c9crit par\" \/>\n\t<meta name=\"twitter:data1\" content=\"Philippe.Pierquin\" \/>\n<script type=\"application\/ld+json\" class=\"yoast-schema-graph\">{\"@context\":\"https:\/\/schema.org\",\"@graph\":[{\"@type\":\"WebPage\",\"@id\":\"https:\/\/w-l-c.be\/fr\/matthias-schoenaerts-dans-the-danish-girl-2\/\",\"url\":\"https:\/\/w-l-c.be\/fr\/matthias-schoenaerts-dans-the-danish-girl-2\/\",\"name\":\"Matthias Schoenaerts dans The Danish Girl - w-l-c\",\"isPartOf\":{\"@id\":\"https:\/\/w-l-c.be\/fr\/#website\"},\"datePublished\":\"2015-11-20T07:22:03+00:00\",\"dateModified\":\"2015-11-18T08:37:43+00:00\",\"author\":{\"@id\":\"https:\/\/w-l-c.be\/fr\/#\/schema\/person\/4b9b1d857f0943453a38a7c2859ef756\"},\"breadcrumb\":{\"@id\":\"https:\/\/w-l-c.be\/fr\/matthias-schoenaerts-dans-the-danish-girl-2\/#breadcrumb\"},\"inLanguage\":\"fr-FR\",\"potentialAction\":[{\"@type\":\"ReadAction\",\"target\":[\"https:\/\/w-l-c.be\/fr\/matthias-schoenaerts-dans-the-danish-girl-2\/\"]}]},{\"@type\":\"BreadcrumbList\",\"@id\":\"https:\/\/w-l-c.be\/fr\/matthias-schoenaerts-dans-the-danish-girl-2\/#breadcrumb\",\"itemListElement\":[{\"@type\":\"ListItem\",\"position\":1,\"name\":\"Accueil\",\"item\":\"https:\/\/w-l-c.be\/fr\/\"},{\"@type\":\"ListItem\",\"position\":2,\"name\":\"Matthias Schoenaerts dans The Danish Girl\"}]},{\"@type\":\"WebSite\",\"@id\":\"https:\/\/w-l-c.be\/fr\/#website\",\"url\":\"https:\/\/w-l-c.be\/fr\/\",\"name\":\"w-l-c\",\"description\":\"Le cin\u00e9ma vu par les belges\",\"potentialAction\":[{\"@type\":\"SearchAction\",\"target\":{\"@type\":\"EntryPoint\",\"urlTemplate\":\"https:\/\/w-l-c.be\/fr\/?s={search_term_string}\"},\"query-input\":\"required name=search_term_string\"}],\"inLanguage\":\"fr-FR\"},{\"@type\":\"Person\",\"@id\":\"https:\/\/w-l-c.be\/fr\/#\/schema\/person\/4b9b1d857f0943453a38a7c2859ef756\",\"name\":\"Philippe.Pierquin\",\"url\":\"https:\/\/w-l-c.be\/fr\/author\/philippe-pierquin\/\"}]}<\/script>\n<!-- \/ Yoast SEO plugin. -->","yoast_head_json":{"title":"Matthias Schoenaerts dans The Danish Girl - w-l-c","robots":{"index":"noindex","follow":"follow","max-snippet":"max-snippet:-1","max-image-preview":"max-image-preview:large","max-video-preview":"max-video-preview:-1"},"og_locale":"fr_FR","og_type":"article","og_title":"Matthias Schoenaerts dans The Danish Girl - w-l-c","og_description":"D\u00e8s le d\u00e9but de l&rsquo;ann\u00e9e prochaine, on verra Matthias Schoenaerts dans The Danish Girl du Britannique Tom Hooper, Oscar du meilleur r\u00e9alisateur pour Le Discours d\u2019un Roi. Son nouveau long m\u00e9trage, \u00e0 nouveau une biographie romanc\u00e9e, conte \u00a0la folle love story entre deux artistes danois, Einar et Gerda Wegener (Eddie Redmayne et Amber Heard). Une &hellip;","og_url":"https:\/\/w-l-c.be\/fr\/matthias-schoenaerts-dans-the-danish-girl-2\/","og_site_name":"w-l-c","article_published_time":"2015-11-20T07:22:03+00:00","article_modified_time":"2015-11-18T08:37:43+00:00","og_image":[{"width":1245,"height":681,"url":"https:\/\/w-l-c.be\/wp-content\/uploads\/2015\/11\/matthias-schoenaerts-danish-girl.jpg","type":"image\/jpeg"}],"author":"Philippe.Pierquin","twitter_card":"summary_large_image","twitter_misc":{"\u00c9crit par":"Philippe.Pierquin"},"schema":{"@context":"https:\/\/schema.org","@graph":[{"@type":"WebPage","@id":"https:\/\/w-l-c.be\/fr\/matthias-schoenaerts-dans-the-danish-girl-2\/","url":"https:\/\/w-l-c.be\/fr\/matthias-schoenaerts-dans-the-danish-girl-2\/","name":"Matthias Schoenaerts dans The Danish Girl - w-l-c","isPartOf":{"@id":"https:\/\/w-l-c.be\/fr\/#website"},"datePublished":"2015-11-20T07:22:03+00:00","dateModified":"2015-11-18T08:37:43+00:00","author":{"@id":"https:\/\/w-l-c.be\/fr\/#\/schema\/person\/4b9b1d857f0943453a38a7c2859ef756"},"breadcrumb":{"@id":"https:\/\/w-l-c.be\/fr\/matthias-schoenaerts-dans-the-danish-girl-2\/#breadcrumb"},"inLanguage":"fr-FR","potentialAction":[{"@type":"ReadAction","target":["https:\/\/w-l-c.be\/fr\/matthias-schoenaerts-dans-the-danish-girl-2\/"]}]},{"@type":"BreadcrumbList","@id":"https:\/\/w-l-c.be\/fr\/matthias-schoenaerts-dans-the-danish-girl-2\/#breadcrumb","itemListElement":[{"@type":"ListItem","position":1,"name":"Accueil","item":"https:\/\/w-l-c.be\/fr\/"},{"@type":"ListItem","position":2,"name":"Matthias Schoenaerts dans The Danish Girl"}]},{"@type":"WebSite","@id":"https:\/\/w-l-c.be\/fr\/#website","url":"https:\/\/w-l-c.be\/fr\/","name":"w-l-c","description":"Le cin\u00e9ma vu par les belges","potentialAction":[{"@type":"SearchAction","target":{"@type":"EntryPoint","urlTemplate":"https:\/\/w-l-c.be\/fr\/?s={search_term_string}"},"query-input":"required name=search_term_string"}],"inLanguage":"fr-FR"},{"@type":"Person","@id":"https:\/\/w-l-c.be\/fr\/#\/schema\/person\/4b9b1d857f0943453a38a7c2859ef756","name":"Philippe.Pierquin","url":"https:\/\/w-l-c.be\/fr\/author\/philippe-pierquin\/"}]}},"_links":{"self":[{"href":"https:\/\/w-l-c.be\/fr\/wp-json\/wp\/v2\/posts\/80486","targetHints":{"allow":["GET"]}}],"collection":[{"href":"https:\/\/w-l-c.be\/fr\/wp-json\/wp\/v2\/posts"}],"about":[{"href":"https:\/\/w-l-c.be\/fr\/wp-json\/wp\/v2\/types\/post"}],"author":[{"embeddable":true,"href":"https:\/\/w-l-c.be\/fr\/wp-json\/wp\/v2\/users\/7"}],"replies":[{"embeddable":true,"href":"https:\/\/w-l-c.be\/fr\/wp-json\/wp\/v2\/comments?post=80486"}],"version-history":[{"count":0,"href":"https:\/\/w-l-c.be\/fr\/wp-json\/wp\/v2\/posts\/80486\/revisions"}],"wp:featuredmedia":[{"embeddable":true,"href":"https:\/\/w-l-c.be\/fr\/wp-json\/wp\/v2\/media\/80487"}],"wp:attachment":[{"href":"https:\/\/w-l-c.be\/fr\/wp-json\/wp\/v2\/media?parent=80486"}],"wp:term":[{"taxonomy":"category","embeddable":true,"href":"https:\/\/w-l-c.be\/fr\/wp-json\/wp\/v2\/categories?post=80486"},{"taxonomy":"post_tag","embeddable":true,"href":"https:\/\/w-l-c.be\/fr\/wp-json\/wp\/v2\/tags?post=80486"}],"curies":[{"name":"wp","href":"https:\/\/api.w.org\/{rel}","templated":true}]}}