
{"id":80567,"date":"2015-11-20T06:51:18","date_gmt":"2015-11-20T05:51:18","guid":{"rendered":"http:\/\/www.cinevox.be\/?p=80567"},"modified":"2015-11-20T06:51:18","modified_gmt":"2015-11-20T05:51:18","slug":"le-film-belge-bad-hunter-sur-la-shortlist-des-oscar","status":"publish","type":"post","link":"https:\/\/w-l-c.be\/fr\/le-film-belge-bad-hunter-sur-la-shortlist-des-oscar\/","title":{"rendered":"Le film belge Bad Hunter sur la shortlist des Oscar"},"content":{"rendered":"<p><em>Bad Hunter<\/em> du r\u00e9alisateur belgo-kurde <strong>Sahim Omar Kalifa<\/strong> fait partie des dix titres retenus par l\u2019Academy of Motion Picture Arts and Sciences (AMPAS) pour l\u2019Oscar du Meilleur Court M\u00e9trage.<\/p>\n<p>L\u2019Acad\u00e9mie annoncera la liste finale des nomin\u00e9s le 14 janvier. Le gagnant sera connu lors de la c\u00e9r\u00e9monie des Oscar qui aura lieu le 28 f\u00e9vrier.<!--more--><\/p>\n<p>&nbsp;<\/p>\n<p>Dans <em>Bad Hunter,<\/em> le r\u00e9alisateur belgo-kurde raconte l\u2019histoire de Bahoz, un jeune homme de 19 ans qui passe ses journ\u00e9es \u00e0 chasser dans la montagne. Ses prises sont maigres mais un jour sa vie va changer pour de bon.<\/p>\n<p>&nbsp;<\/p>\n<p><a href=\"http:\/\/www.cinevox.be\/wp-content\/uploads\/2015\/11\/badhunter.jpg\"><img loading=\"lazy\" decoding=\"async\" class=\"aligncenter wp-image-80568 size-full\" src=\"http:\/\/www.cinevox.be\/wp-content\/uploads\/2015\/11\/badhunter.jpg\" alt=\"\" width=\"640\" height=\"366\" srcset=\"https:\/\/w-l-c.be\/wp-content\/uploads\/2015\/11\/badhunter.jpg 640w, https:\/\/w-l-c.be\/wp-content\/uploads\/2015\/11\/badhunter-200x113.jpg 200w, https:\/\/w-l-c.be\/wp-content\/uploads\/2015\/11\/badhunter-472x270.jpg 472w\" sizes=\"auto, (max-width: 640px) 100vw, 640px\" \/><\/a><\/p>\n<p>&nbsp;<\/p>\n<p>Chose incroyable\u00a0: c\u2019est d\u00e9j\u00e0 la deuxi\u00e8me fois qu\u2019un film de Sahim Omar Kalifa est shortlist\u00e9 pour les Oscar. En effet, l\u2019an dernier, le r\u00e9alisateur avait d\u00e9j\u00e0 eu le m\u00eame honneur avec son court m\u00e9trage <em>Baghdad Messi.<\/em><\/p>\n<p>&nbsp;<\/p>\n<p><a href=\"http:\/\/www.cinevox.be\/wp-content\/uploads\/2015\/11\/baghdad-messi-6.jpg\"><img loading=\"lazy\" decoding=\"async\" class=\"aligncenter wp-image-80569 \" src=\"http:\/\/www.cinevox.be\/wp-content\/uploads\/2015\/11\/baghdad-messi-6.jpg\" alt=\"\" width=\"621\" height=\"300\" srcset=\"https:\/\/w-l-c.be\/wp-content\/uploads\/2015\/11\/baghdad-messi-6.jpg 586w, https:\/\/w-l-c.be\/wp-content\/uploads\/2015\/11\/baghdad-messi-6-480x231.jpg 480w\" sizes=\"auto, (max-width: 621px) 100vw, 621px\" \/><\/a><\/p>\n<p>&nbsp;<\/p>\n<p>Parmi les tr\u00e8s nombreux prix remport\u00e9s par <em>Bad Hunter<\/em> on peut citer ceux d\u00e9croch\u00e9s \u00e0 Montr\u00e9al (Prix du Jury pour le Court M\u00e9trage), Valladolid (Silver Spike), Dubai (Prix du Jury), Bahrein (Meilleur Court M\u00e9trage) et en Austalie (Prix Sp\u00e9cial du Jury \u00e0 Flickerfest).<\/p>\n<p>En Belgique on a pu le voir aux festivals du court m\u00e9trage de Louvain et de Bruxelles ainsi qu\u2019\u00e0 Ostende et Mons. A Mons, Bad Hunter a remport\u00e9 le prix du Meilleur Court M\u00e9trage International. A Bruxelles il est reparti avec une mention sp\u00e9ciale. Et cette semaine encore, il a gagn\u00e9 le Prix du Jury au Festival Arab Camera de Rotterdam.<\/p>\n<p>&nbsp;<\/p>\n<p><a href=\"http:\/\/www.cinevox.be\/wp-content\/uploads\/2015\/11\/land-of-heroes.jpg\"><img loading=\"lazy\" decoding=\"async\" class=\"aligncenter size-large wp-image-80570\" src=\"http:\/\/www.cinevox.be\/wp-content\/uploads\/2015\/11\/land-of-heroes-800x450.jpg\" alt=\"\" width=\"640\" height=\"360\" srcset=\"https:\/\/w-l-c.be\/wp-content\/uploads\/2015\/11\/land-of-heroes-800x450.jpg 800w, https:\/\/w-l-c.be\/wp-content\/uploads\/2015\/11\/land-of-heroes-200x113.jpg 200w, https:\/\/w-l-c.be\/wp-content\/uploads\/2015\/11\/land-of-heroes-480x270.jpg 480w, https:\/\/w-l-c.be\/wp-content\/uploads\/2015\/11\/land-of-heroes-300x169.jpg 300w, https:\/\/w-l-c.be\/wp-content\/uploads\/2015\/11\/land-of-heroes-620x350.jpg 620w, https:\/\/w-l-c.be\/wp-content\/uploads\/2015\/11\/land-of-heroes.jpg 1920w\" sizes=\"auto, (max-width: 640px) 100vw, 640px\" \/><\/a><\/p>\n<p>&nbsp;<\/p>\n<p>Apr\u00e8s avoir remport\u00e9 plus de 90 r\u00e9compenses dans le monde entier avec ses courts m\u00e9trages <em>Land of the Heroes (photo), Baghdad Messi <\/em>et \u00e0 pr\u00e9sent <em>Bad Hunter<\/em>, Sahim Omar Kalifa d\u00e9veloppe actuellement son premier long m\u00e9trage, <em>Zagros<\/em>. Il sera produit par A Private View (<em>Aanrijding in Moscou\/Moscow Belgium, Trouw met mij, Vincent et la fin du monde<\/em>), la maison de production gantoise de van Dries Phlypo et Jean-Claude Van Rijckeghem qui a \u00e9galement produit <em>Bad Hunter<\/em>. A Private View a coproduit des films nomin\u00e9s aux Oscar par le pass\u00e9 tels que <em>Tanghi Argentini <\/em>et<em> Na w\u00e9w\u00e9.<\/em><\/p>\n<p>&nbsp;<\/p>\n<p><a href=\"http:\/\/www.cinevox.be\/wp-content\/uploads\/2015\/11\/Sahim-Omar-Kalifa.jpg\"><img loading=\"lazy\" decoding=\"async\" class=\"aligncenter  wp-image-80571\" src=\"http:\/\/www.cinevox.be\/wp-content\/uploads\/2015\/11\/Sahim-Omar-Kalifa.jpg\" alt=\"\" width=\"620\" height=\"412\" srcset=\"https:\/\/w-l-c.be\/wp-content\/uploads\/2015\/11\/Sahim-Omar-Kalifa.jpg 594w, https:\/\/w-l-c.be\/wp-content\/uploads\/2015\/11\/Sahim-Omar-Kalifa-406x270.jpg 406w\" sizes=\"auto, (max-width: 620px) 100vw, 620px\" \/><\/a><\/p>\n<p>&nbsp;<\/p>\n<p>Jean-Claude Van Rijckeghem a d\u2019ailleurs \u00e9crit le sc\u00e9nario de <em>Bad Hunter<\/em> avec Kalifa. La direction photographique est sign\u00e9e Kamiran Betasi, le montage Joren Desmidt et Alain Dessauvage. La musique originale est de Johan Hoogewijs.<\/p>\n<p>&nbsp;<\/p>\n","protected":false},"excerpt":{"rendered":"<p>Bad Hunter du r\u00e9alisateur belgo-kurde Sahim Omar Kalifa fait partie des dix titres retenus par l\u2019Academy of Motion Picture Arts and Sciences (AMPAS) pour l\u2019Oscar du Meilleur Court M\u00e9trage. L\u2019Acad\u00e9mie annoncera la liste finale des nomin\u00e9s le 14 janvier. Le gagnant sera connu lors de la c\u00e9r\u00e9monie des Oscar qui aura lieu le 28 f\u00e9vrier.<\/p>\n","protected":false},"author":7,"featured_media":80573,"comment_status":"closed","ping_status":"closed","sticky":false,"template":"","format":"standard","meta":{"ngg_post_thumbnail":0,"footnotes":""},"categories":[12],"tags":[],"class_list":["post-80567","post","type-post","status-publish","format-standard","has-post-thumbnail","","category-awards"],"yoast_head":"<!-- This site is optimized with the Yoast SEO plugin v20.4 - https:\/\/yoast.com\/wordpress\/plugins\/seo\/ -->\n<title>Le film belge Bad Hunter sur la shortlist des Oscar - w-l-c<\/title>\n<meta name=\"robots\" content=\"noindex, follow, max-snippet:-1, max-image-preview:large, max-video-preview:-1\" \/>\n<meta property=\"og:locale\" content=\"fr_FR\" \/>\n<meta property=\"og:type\" content=\"article\" \/>\n<meta property=\"og:title\" content=\"Le film belge Bad Hunter sur la shortlist des Oscar - w-l-c\" \/>\n<meta property=\"og:description\" content=\"Bad Hunter du r\u00e9alisateur belgo-kurde Sahim Omar Kalifa fait partie des dix titres retenus par l\u2019Academy of Motion Picture Arts and Sciences (AMPAS) pour l\u2019Oscar du Meilleur Court M\u00e9trage. L\u2019Acad\u00e9mie annoncera la liste finale des nomin\u00e9s le 14 janvier. Le gagnant sera connu lors de la c\u00e9r\u00e9monie des Oscar qui aura lieu le 28 f\u00e9vrier.\" \/>\n<meta property=\"og:url\" content=\"https:\/\/w-l-c.be\/fr\/le-film-belge-bad-hunter-sur-la-shortlist-des-oscar\/\" \/>\n<meta property=\"og:site_name\" content=\"w-l-c\" \/>\n<meta property=\"article:published_time\" content=\"2015-11-20T05:51:18+00:00\" \/>\n<meta property=\"og:image\" content=\"https:\/\/w-l-c.be\/wp-content\/uploads\/2015\/11\/bad-hunter-2.jpg\" \/>\n\t<meta property=\"og:image:width\" content=\"670\" \/>\n\t<meta property=\"og:image:height\" content=\"376\" \/>\n\t<meta property=\"og:image:type\" content=\"image\/jpeg\" \/>\n<meta name=\"author\" content=\"Philippe.Pierquin\" \/>\n<meta name=\"twitter:card\" content=\"summary_large_image\" \/>\n<meta name=\"twitter:label1\" content=\"\u00c9crit par\" \/>\n\t<meta name=\"twitter:data1\" content=\"Philippe.Pierquin\" \/>\n\t<meta name=\"twitter:label2\" content=\"Dur\u00e9e de lecture estim\u00e9e\" \/>\n\t<meta name=\"twitter:data2\" content=\"2 minutes\" \/>\n<script type=\"application\/ld+json\" class=\"yoast-schema-graph\">{\"@context\":\"https:\/\/schema.org\",\"@graph\":[{\"@type\":\"WebPage\",\"@id\":\"https:\/\/w-l-c.be\/fr\/le-film-belge-bad-hunter-sur-la-shortlist-des-oscar\/\",\"url\":\"https:\/\/w-l-c.be\/fr\/le-film-belge-bad-hunter-sur-la-shortlist-des-oscar\/\",\"name\":\"Le film belge Bad Hunter sur la shortlist des Oscar - w-l-c\",\"isPartOf\":{\"@id\":\"https:\/\/w-l-c.be\/fr\/#website\"},\"datePublished\":\"2015-11-20T05:51:18+00:00\",\"dateModified\":\"2015-11-20T05:51:18+00:00\",\"author\":{\"@id\":\"https:\/\/w-l-c.be\/fr\/#\/schema\/person\/4b9b1d857f0943453a38a7c2859ef756\"},\"breadcrumb\":{\"@id\":\"https:\/\/w-l-c.be\/fr\/le-film-belge-bad-hunter-sur-la-shortlist-des-oscar\/#breadcrumb\"},\"inLanguage\":\"fr-FR\",\"potentialAction\":[{\"@type\":\"ReadAction\",\"target\":[\"https:\/\/w-l-c.be\/fr\/le-film-belge-bad-hunter-sur-la-shortlist-des-oscar\/\"]}]},{\"@type\":\"BreadcrumbList\",\"@id\":\"https:\/\/w-l-c.be\/fr\/le-film-belge-bad-hunter-sur-la-shortlist-des-oscar\/#breadcrumb\",\"itemListElement\":[{\"@type\":\"ListItem\",\"position\":1,\"name\":\"Accueil\",\"item\":\"https:\/\/w-l-c.be\/fr\/\"},{\"@type\":\"ListItem\",\"position\":2,\"name\":\"Le film belge Bad Hunter sur la shortlist des Oscar\"}]},{\"@type\":\"WebSite\",\"@id\":\"https:\/\/w-l-c.be\/fr\/#website\",\"url\":\"https:\/\/w-l-c.be\/fr\/\",\"name\":\"w-l-c\",\"description\":\"Le cin\u00e9ma vu par les belges\",\"potentialAction\":[{\"@type\":\"SearchAction\",\"target\":{\"@type\":\"EntryPoint\",\"urlTemplate\":\"https:\/\/w-l-c.be\/fr\/?s={search_term_string}\"},\"query-input\":\"required name=search_term_string\"}],\"inLanguage\":\"fr-FR\"},{\"@type\":\"Person\",\"@id\":\"https:\/\/w-l-c.be\/fr\/#\/schema\/person\/4b9b1d857f0943453a38a7c2859ef756\",\"name\":\"Philippe.Pierquin\",\"url\":\"https:\/\/w-l-c.be\/fr\/author\/philippe-pierquin\/\"}]}<\/script>\n<!-- \/ Yoast SEO plugin. -->","yoast_head_json":{"title":"Le film belge Bad Hunter sur la shortlist des Oscar - w-l-c","robots":{"index":"noindex","follow":"follow","max-snippet":"max-snippet:-1","max-image-preview":"max-image-preview:large","max-video-preview":"max-video-preview:-1"},"og_locale":"fr_FR","og_type":"article","og_title":"Le film belge Bad Hunter sur la shortlist des Oscar - w-l-c","og_description":"Bad Hunter du r\u00e9alisateur belgo-kurde Sahim Omar Kalifa fait partie des dix titres retenus par l\u2019Academy of Motion Picture Arts and Sciences (AMPAS) pour l\u2019Oscar du Meilleur Court M\u00e9trage. L\u2019Acad\u00e9mie annoncera la liste finale des nomin\u00e9s le 14 janvier. Le gagnant sera connu lors de la c\u00e9r\u00e9monie des Oscar qui aura lieu le 28 f\u00e9vrier.","og_url":"https:\/\/w-l-c.be\/fr\/le-film-belge-bad-hunter-sur-la-shortlist-des-oscar\/","og_site_name":"w-l-c","article_published_time":"2015-11-20T05:51:18+00:00","og_image":[{"width":670,"height":376,"url":"https:\/\/w-l-c.be\/wp-content\/uploads\/2015\/11\/bad-hunter-2.jpg","type":"image\/jpeg"}],"author":"Philippe.Pierquin","twitter_card":"summary_large_image","twitter_misc":{"\u00c9crit par":"Philippe.Pierquin","Dur\u00e9e de lecture estim\u00e9e":"2 minutes"},"schema":{"@context":"https:\/\/schema.org","@graph":[{"@type":"WebPage","@id":"https:\/\/w-l-c.be\/fr\/le-film-belge-bad-hunter-sur-la-shortlist-des-oscar\/","url":"https:\/\/w-l-c.be\/fr\/le-film-belge-bad-hunter-sur-la-shortlist-des-oscar\/","name":"Le film belge Bad Hunter sur la shortlist des Oscar - w-l-c","isPartOf":{"@id":"https:\/\/w-l-c.be\/fr\/#website"},"datePublished":"2015-11-20T05:51:18+00:00","dateModified":"2015-11-20T05:51:18+00:00","author":{"@id":"https:\/\/w-l-c.be\/fr\/#\/schema\/person\/4b9b1d857f0943453a38a7c2859ef756"},"breadcrumb":{"@id":"https:\/\/w-l-c.be\/fr\/le-film-belge-bad-hunter-sur-la-shortlist-des-oscar\/#breadcrumb"},"inLanguage":"fr-FR","potentialAction":[{"@type":"ReadAction","target":["https:\/\/w-l-c.be\/fr\/le-film-belge-bad-hunter-sur-la-shortlist-des-oscar\/"]}]},{"@type":"BreadcrumbList","@id":"https:\/\/w-l-c.be\/fr\/le-film-belge-bad-hunter-sur-la-shortlist-des-oscar\/#breadcrumb","itemListElement":[{"@type":"ListItem","position":1,"name":"Accueil","item":"https:\/\/w-l-c.be\/fr\/"},{"@type":"ListItem","position":2,"name":"Le film belge Bad Hunter sur la shortlist des Oscar"}]},{"@type":"WebSite","@id":"https:\/\/w-l-c.be\/fr\/#website","url":"https:\/\/w-l-c.be\/fr\/","name":"w-l-c","description":"Le cin\u00e9ma vu par les belges","potentialAction":[{"@type":"SearchAction","target":{"@type":"EntryPoint","urlTemplate":"https:\/\/w-l-c.be\/fr\/?s={search_term_string}"},"query-input":"required name=search_term_string"}],"inLanguage":"fr-FR"},{"@type":"Person","@id":"https:\/\/w-l-c.be\/fr\/#\/schema\/person\/4b9b1d857f0943453a38a7c2859ef756","name":"Philippe.Pierquin","url":"https:\/\/w-l-c.be\/fr\/author\/philippe-pierquin\/"}]}},"_links":{"self":[{"href":"https:\/\/w-l-c.be\/fr\/wp-json\/wp\/v2\/posts\/80567","targetHints":{"allow":["GET"]}}],"collection":[{"href":"https:\/\/w-l-c.be\/fr\/wp-json\/wp\/v2\/posts"}],"about":[{"href":"https:\/\/w-l-c.be\/fr\/wp-json\/wp\/v2\/types\/post"}],"author":[{"embeddable":true,"href":"https:\/\/w-l-c.be\/fr\/wp-json\/wp\/v2\/users\/7"}],"replies":[{"embeddable":true,"href":"https:\/\/w-l-c.be\/fr\/wp-json\/wp\/v2\/comments?post=80567"}],"version-history":[{"count":0,"href":"https:\/\/w-l-c.be\/fr\/wp-json\/wp\/v2\/posts\/80567\/revisions"}],"wp:featuredmedia":[{"embeddable":true,"href":"https:\/\/w-l-c.be\/fr\/wp-json\/wp\/v2\/media\/80573"}],"wp:attachment":[{"href":"https:\/\/w-l-c.be\/fr\/wp-json\/wp\/v2\/media?parent=80567"}],"wp:term":[{"taxonomy":"category","embeddable":true,"href":"https:\/\/w-l-c.be\/fr\/wp-json\/wp\/v2\/categories?post=80567"},{"taxonomy":"post_tag","embeddable":true,"href":"https:\/\/w-l-c.be\/fr\/wp-json\/wp\/v2\/tags?post=80567"}],"curies":[{"name":"wp","href":"https:\/\/api.w.org\/{rel}","templated":true}]}}