
{"id":80719,"date":"2015-11-23T12:17:40","date_gmt":"2015-11-23T11:17:40","guid":{"rendered":"http:\/\/www.cinevox.be\/?p=80719"},"modified":"2015-11-23T12:17:40","modified_gmt":"2015-11-23T11:17:40","slug":"parasol-remporte-le-prix-du-public-a-amens","status":"publish","type":"post","link":"https:\/\/w-l-c.be\/fr\/parasol-remporte-le-prix-du-public-a-amens\/","title":{"rendered":"Parasol remporte le prix du public \u00e0 Amens"},"content":{"rendered":"<p>Le 35e Festival International du Film d\u2019Amiens s\u2019est achev\u00e9, ce Vendredi 20 Novembre par une\u00a0C\u00e9r\u00e9monie de Remise de Prix anim\u00e9e par\u00a0Fabien Gaffez, directeur artistique du festival.<!--more--><\/p>\n<p>Plus de 300 films de courts et longs m\u00e9trages, fictions et documentaires ont \u00e9t\u00e9 pr\u00e9sent\u00e9s aux spectateurs qui sont revenus nombreux apr\u00e8s la journ\u00e9e d\u2019interruption du 14 novembre, le lendemain des attentats parisiens.<\/p>\n<p>Le public a pl\u00e9biscit\u00e9\u00a0<i><b>Parasol<\/b><\/i>, long m\u00e9trage du cin\u00e9aste belge Valery Rozier qui\u00a0remporte le Prix du public. <i>Parasol<\/i> est une production Wrong Men.<\/p>\n<p>Le film poursuit un belle carri\u00e8re internationale: San Sebastian, Pusan,\u00a0Hambourg&#8230;<\/p>\n<p>Accueillant quelques 65 000 spectateurs et 350 professionnels du cin\u00e9ma venus du monde entier, Amiens compte parmi les 5 plus grands festivals du film en France.<\/p>\n","protected":false},"excerpt":{"rendered":"<p>Le 35e Festival International du Film d\u2019Amiens s\u2019est achev\u00e9, ce Vendredi 20 Novembre par une\u00a0C\u00e9r\u00e9monie de Remise de Prix anim\u00e9e par\u00a0Fabien Gaffez, directeur artistique du festival.<\/p>\n","protected":false},"author":7,"featured_media":80721,"comment_status":"closed","ping_status":"closed","sticky":false,"template":"","format":"standard","meta":{"ngg_post_thumbnail":0,"footnotes":""},"categories":[12],"tags":[],"class_list":["post-80719","post","type-post","status-publish","format-standard","has-post-thumbnail","","category-awards"],"yoast_head":"<!-- This site is optimized with the Yoast SEO plugin v20.4 - https:\/\/yoast.com\/wordpress\/plugins\/seo\/ -->\n<title>Parasol remporte le prix du public \u00e0 Amens - w-l-c<\/title>\n<meta name=\"robots\" content=\"noindex, follow, max-snippet:-1, max-image-preview:large, max-video-preview:-1\" \/>\n<meta property=\"og:locale\" content=\"fr_FR\" \/>\n<meta property=\"og:type\" content=\"article\" \/>\n<meta property=\"og:title\" content=\"Parasol remporte le prix du public \u00e0 Amens - w-l-c\" \/>\n<meta property=\"og:description\" content=\"Le 35e Festival International du Film d\u2019Amiens s\u2019est achev\u00e9, ce Vendredi 20 Novembre par une\u00a0C\u00e9r\u00e9monie de Remise de Prix anim\u00e9e par\u00a0Fabien Gaffez, directeur artistique du festival.\" \/>\n<meta property=\"og:url\" content=\"https:\/\/w-l-c.be\/fr\/parasol-remporte-le-prix-du-public-a-amens\/\" \/>\n<meta property=\"og:site_name\" content=\"w-l-c\" \/>\n<meta property=\"article:published_time\" content=\"2015-11-23T11:17:40+00:00\" \/>\n<meta property=\"og:image\" content=\"https:\/\/w-l-c.be\/wp-content\/uploads\/2015\/11\/2015-10-02_11h03_41.jpg\" \/>\n\t<meta property=\"og:image:width\" content=\"1245\" \/>\n\t<meta property=\"og:image:height\" content=\"655\" \/>\n\t<meta property=\"og:image:type\" content=\"image\/jpeg\" \/>\n<meta name=\"author\" content=\"Philippe.Pierquin\" \/>\n<meta name=\"twitter:card\" content=\"summary_large_image\" \/>\n<meta name=\"twitter:label1\" content=\"\u00c9crit par\" \/>\n\t<meta name=\"twitter:data1\" content=\"Philippe.Pierquin\" \/>\n\t<meta name=\"twitter:label2\" content=\"Dur\u00e9e de lecture estim\u00e9e\" \/>\n\t<meta name=\"twitter:data2\" content=\"1 minute\" \/>\n<script type=\"application\/ld+json\" class=\"yoast-schema-graph\">{\"@context\":\"https:\/\/schema.org\",\"@graph\":[{\"@type\":\"WebPage\",\"@id\":\"https:\/\/w-l-c.be\/fr\/parasol-remporte-le-prix-du-public-a-amens\/\",\"url\":\"https:\/\/w-l-c.be\/fr\/parasol-remporte-le-prix-du-public-a-amens\/\",\"name\":\"Parasol remporte le prix du public \u00e0 Amens - w-l-c\",\"isPartOf\":{\"@id\":\"https:\/\/w-l-c.be\/fr\/#website\"},\"datePublished\":\"2015-11-23T11:17:40+00:00\",\"dateModified\":\"2015-11-23T11:17:40+00:00\",\"author\":{\"@id\":\"https:\/\/w-l-c.be\/fr\/#\/schema\/person\/4b9b1d857f0943453a38a7c2859ef756\"},\"breadcrumb\":{\"@id\":\"https:\/\/w-l-c.be\/fr\/parasol-remporte-le-prix-du-public-a-amens\/#breadcrumb\"},\"inLanguage\":\"fr-FR\",\"potentialAction\":[{\"@type\":\"ReadAction\",\"target\":[\"https:\/\/w-l-c.be\/fr\/parasol-remporte-le-prix-du-public-a-amens\/\"]}]},{\"@type\":\"BreadcrumbList\",\"@id\":\"https:\/\/w-l-c.be\/fr\/parasol-remporte-le-prix-du-public-a-amens\/#breadcrumb\",\"itemListElement\":[{\"@type\":\"ListItem\",\"position\":1,\"name\":\"Accueil\",\"item\":\"https:\/\/w-l-c.be\/fr\/\"},{\"@type\":\"ListItem\",\"position\":2,\"name\":\"Parasol remporte le prix du public \u00e0 Amens\"}]},{\"@type\":\"WebSite\",\"@id\":\"https:\/\/w-l-c.be\/fr\/#website\",\"url\":\"https:\/\/w-l-c.be\/fr\/\",\"name\":\"w-l-c\",\"description\":\"Le cin\u00e9ma vu par les belges\",\"potentialAction\":[{\"@type\":\"SearchAction\",\"target\":{\"@type\":\"EntryPoint\",\"urlTemplate\":\"https:\/\/w-l-c.be\/fr\/?s={search_term_string}\"},\"query-input\":\"required name=search_term_string\"}],\"inLanguage\":\"fr-FR\"},{\"@type\":\"Person\",\"@id\":\"https:\/\/w-l-c.be\/fr\/#\/schema\/person\/4b9b1d857f0943453a38a7c2859ef756\",\"name\":\"Philippe.Pierquin\",\"url\":\"https:\/\/w-l-c.be\/fr\/author\/philippe-pierquin\/\"}]}<\/script>\n<!-- \/ Yoast SEO plugin. -->","yoast_head_json":{"title":"Parasol remporte le prix du public \u00e0 Amens - w-l-c","robots":{"index":"noindex","follow":"follow","max-snippet":"max-snippet:-1","max-image-preview":"max-image-preview:large","max-video-preview":"max-video-preview:-1"},"og_locale":"fr_FR","og_type":"article","og_title":"Parasol remporte le prix du public \u00e0 Amens - w-l-c","og_description":"Le 35e Festival International du Film d\u2019Amiens s\u2019est achev\u00e9, ce Vendredi 20 Novembre par une\u00a0C\u00e9r\u00e9monie de Remise de Prix anim\u00e9e par\u00a0Fabien Gaffez, directeur artistique du festival.","og_url":"https:\/\/w-l-c.be\/fr\/parasol-remporte-le-prix-du-public-a-amens\/","og_site_name":"w-l-c","article_published_time":"2015-11-23T11:17:40+00:00","og_image":[{"width":1245,"height":655,"url":"https:\/\/w-l-c.be\/wp-content\/uploads\/2015\/11\/2015-10-02_11h03_41.jpg","type":"image\/jpeg"}],"author":"Philippe.Pierquin","twitter_card":"summary_large_image","twitter_misc":{"\u00c9crit par":"Philippe.Pierquin","Dur\u00e9e de lecture estim\u00e9e":"1 minute"},"schema":{"@context":"https:\/\/schema.org","@graph":[{"@type":"WebPage","@id":"https:\/\/w-l-c.be\/fr\/parasol-remporte-le-prix-du-public-a-amens\/","url":"https:\/\/w-l-c.be\/fr\/parasol-remporte-le-prix-du-public-a-amens\/","name":"Parasol remporte le prix du public \u00e0 Amens - w-l-c","isPartOf":{"@id":"https:\/\/w-l-c.be\/fr\/#website"},"datePublished":"2015-11-23T11:17:40+00:00","dateModified":"2015-11-23T11:17:40+00:00","author":{"@id":"https:\/\/w-l-c.be\/fr\/#\/schema\/person\/4b9b1d857f0943453a38a7c2859ef756"},"breadcrumb":{"@id":"https:\/\/w-l-c.be\/fr\/parasol-remporte-le-prix-du-public-a-amens\/#breadcrumb"},"inLanguage":"fr-FR","potentialAction":[{"@type":"ReadAction","target":["https:\/\/w-l-c.be\/fr\/parasol-remporte-le-prix-du-public-a-amens\/"]}]},{"@type":"BreadcrumbList","@id":"https:\/\/w-l-c.be\/fr\/parasol-remporte-le-prix-du-public-a-amens\/#breadcrumb","itemListElement":[{"@type":"ListItem","position":1,"name":"Accueil","item":"https:\/\/w-l-c.be\/fr\/"},{"@type":"ListItem","position":2,"name":"Parasol remporte le prix du public \u00e0 Amens"}]},{"@type":"WebSite","@id":"https:\/\/w-l-c.be\/fr\/#website","url":"https:\/\/w-l-c.be\/fr\/","name":"w-l-c","description":"Le cin\u00e9ma vu par les belges","potentialAction":[{"@type":"SearchAction","target":{"@type":"EntryPoint","urlTemplate":"https:\/\/w-l-c.be\/fr\/?s={search_term_string}"},"query-input":"required name=search_term_string"}],"inLanguage":"fr-FR"},{"@type":"Person","@id":"https:\/\/w-l-c.be\/fr\/#\/schema\/person\/4b9b1d857f0943453a38a7c2859ef756","name":"Philippe.Pierquin","url":"https:\/\/w-l-c.be\/fr\/author\/philippe-pierquin\/"}]}},"_links":{"self":[{"href":"https:\/\/w-l-c.be\/fr\/wp-json\/wp\/v2\/posts\/80719","targetHints":{"allow":["GET"]}}],"collection":[{"href":"https:\/\/w-l-c.be\/fr\/wp-json\/wp\/v2\/posts"}],"about":[{"href":"https:\/\/w-l-c.be\/fr\/wp-json\/wp\/v2\/types\/post"}],"author":[{"embeddable":true,"href":"https:\/\/w-l-c.be\/fr\/wp-json\/wp\/v2\/users\/7"}],"replies":[{"embeddable":true,"href":"https:\/\/w-l-c.be\/fr\/wp-json\/wp\/v2\/comments?post=80719"}],"version-history":[{"count":0,"href":"https:\/\/w-l-c.be\/fr\/wp-json\/wp\/v2\/posts\/80719\/revisions"}],"wp:featuredmedia":[{"embeddable":true,"href":"https:\/\/w-l-c.be\/fr\/wp-json\/wp\/v2\/media\/80721"}],"wp:attachment":[{"href":"https:\/\/w-l-c.be\/fr\/wp-json\/wp\/v2\/media?parent=80719"}],"wp:term":[{"taxonomy":"category","embeddable":true,"href":"https:\/\/w-l-c.be\/fr\/wp-json\/wp\/v2\/categories?post=80719"},{"taxonomy":"post_tag","embeddable":true,"href":"https:\/\/w-l-c.be\/fr\/wp-json\/wp\/v2\/tags?post=80719"}],"curies":[{"name":"wp","href":"https:\/\/api.w.org\/{rel}","templated":true}]}}