
{"id":83072,"date":"2016-01-11T10:44:14","date_gmt":"2016-01-11T09:44:14","guid":{"rendered":"http:\/\/www.cinevox.be\/?p=83072"},"modified":"2016-04-26T18:08:26","modified_gmt":"2016-04-26T16:08:26","slug":"je-me-tue-a-vous-le-dire-la-singularite-belge-triomphe-en-californie","status":"publish","type":"post","link":"https:\/\/w-l-c.be\/fr\/je-me-tue-a-vous-le-dire-la-singularite-belge-triomphe-en-californie\/","title":{"rendered":"\u00a0Je me tue \u00e0 vous le dire\u00a0: la singularit\u00e9 belge triomphe en Californie"},"content":{"rendered":"<p>Nous \u00e9tions les tout premiers \u00e0 vous l\u2019annoncer d\u00e8s dimanche matin sur notre page Facebook, encore berc\u00e9s par les effluves de champagne que nous avions sabr\u00e9 en apprenant la nouvelle\u00a0: lors de la 27e c\u00e9r\u00e9monie de remise des prix du Palm Springs International Film Festival (Californie), <em>Je me tue \u00e0 le dire<\/em>, de Xavier Seron a re\u00e7u le prix du meilleur premier film, une r\u00e9compense d\u2019une valeur de 60.000 dollars (en pr\u00eat de mat\u00e9riel par Panavision).<\/p>\n<p><!--more--><\/p>\n<p>&nbsp;<\/p>\n<p>Pr\u00e9sent\u00e9 en Premi\u00e8re am\u00e9ricaine, <em>Je me tue \u00e0 le dire<\/em> concourait dans ce prestigieux festival parmi douze films dans la section New Voices\/New visions consacr\u00e9e aux premi\u00e8res \u0153uvres.<\/p>\n<p>&nbsp;<\/p>\n<p><a href=\"http:\/\/www.cinevox.be\/wp-content\/uploads\/2016\/01\/2639081196.png\"><img loading=\"lazy\" decoding=\"async\" class=\"aligncenter size-full wp-image-83076\" src=\"http:\/\/www.cinevox.be\/wp-content\/uploads\/2016\/01\/2639081196.png\" alt=\"\" width=\"670\" height=\"376\" srcset=\"https:\/\/w-l-c.be\/wp-content\/uploads\/2016\/01\/2639081196.png 670w, https:\/\/w-l-c.be\/wp-content\/uploads\/2016\/01\/2639081196-200x113.png 200w, https:\/\/w-l-c.be\/wp-content\/uploads\/2016\/01\/2639081196-480x270.png 480w, https:\/\/w-l-c.be\/wp-content\/uploads\/2016\/01\/2639081196-300x169.png 300w\" sizes=\"auto, (max-width: 670px) 100vw, 670px\" \/><\/a><\/p>\n<p>&nbsp;<\/p>\n<p>Le jury, compos\u00e9 des distributeurs am\u00e9ricains Gary Rubin (Cohen Media), Dan Berger (Oscilloscope) et Ryan Kampe (Visit Films\/Monument Releasing) a salu\u00e9 : cette com\u00e9die noire belge pour son humour et son approche unique et inattendue de la narration qui repousse la forme et la structure au sein d\u2019une histoire qui suit des th\u00e8mes communs \u00e0 de nombreux films.<\/p>\n<p>&nbsp;<\/p>\n<p><a href=\"http:\/\/www.cinevox.be\/wp-content\/uploads\/2016\/01\/45-Daniel-Dubois-Dan-remise-des-prix-off-73.jpg\"><img loading=\"lazy\" decoding=\"async\" class=\"aligncenter size-large wp-image-83073\" src=\"http:\/\/www.cinevox.be\/wp-content\/uploads\/2016\/01\/45-Daniel-Dubois-Dan-remise-des-prix-off-73-752x600.jpg\" alt=\"\" width=\"640\" height=\"510\" srcset=\"https:\/\/w-l-c.be\/wp-content\/uploads\/2016\/01\/45-Daniel-Dubois-Dan-remise-des-prix-off-73-752x600.jpg 752w, https:\/\/w-l-c.be\/wp-content\/uploads\/2016\/01\/45-Daniel-Dubois-Dan-remise-des-prix-off-73-338x270.jpg 338w, https:\/\/w-l-c.be\/wp-content\/uploads\/2016\/01\/45-Daniel-Dubois-Dan-remise-des-prix-off-73.jpg 1200w\" sizes=\"auto, (max-width: 640px) 100vw, 640px\" \/><\/a><\/p>\n<p>&nbsp;<\/p>\n<p>Pr\u00e9sent\u00e9 en Premi\u00e8re mondiale au FIFF namurois en octobre, <em>Je me tue \u00e0 le dire<\/em> y avait remport\u00e9 le Prix Cinevox attribu\u00e9 par un jury de quatre cin\u00e9philes amateurs particuli\u00e8rement clairvoyants, dirait-on. Un choix ind\u00e9pendant donc de la r\u00e9daction de Cinevox qui avait n\u00e9anmoins encens\u00e9 le film d\u00e8s le lendemain de la projection. Cet article (lire <a href=\"http:\/\/www.cinevox.be\/?p=78968\">ICI<\/a>) fut d\u2019ailleurs le plus lu de tous ceux consacr\u00e9s \u00e0 un long m\u00e9trage belge pour l\u2019ann\u00e9e 2015, preuve que la singularit\u00e9 de cette com\u00e9die noire (et blanc) a imm\u00e9diatement attis\u00e9 les curiosit\u00e9s.<br \/>\n<em>Je me tue \u00e0 le dire<\/em> sortira en Belgique en avril\u00a0: gr\u00e2ce au Prix Cinevox, il b\u00e9n\u00e9ficiera d\u2019une semaine de promotion dans les salles belges francophones o\u00f9 sa bande-annonce sera diffus\u00e9e en boucle. Il est vendu \u00e0 l\u2019international par Stray Dogs.<\/p>\n<p>&nbsp;<\/p>\n<p><a href=\"http:\/\/www.cinevox.be\/wp-content\/uploads\/2016\/01\/je_me_tue1.jpg\"><img loading=\"lazy\" decoding=\"async\" class=\"aligncenter  wp-image-83074\" src=\"http:\/\/www.cinevox.be\/wp-content\/uploads\/2016\/01\/je_me_tue1.jpg\" alt=\"\" width=\"621\" height=\"350\" srcset=\"https:\/\/w-l-c.be\/wp-content\/uploads\/2016\/01\/je_me_tue1.jpg 600w, https:\/\/w-l-c.be\/wp-content\/uploads\/2016\/01\/je_me_tue1-200x113.jpg 200w, https:\/\/w-l-c.be\/wp-content\/uploads\/2016\/01\/je_me_tue1-480x270.jpg 480w, https:\/\/w-l-c.be\/wp-content\/uploads\/2016\/01\/je_me_tue1-300x169.jpg 300w\" sizes=\"auto, (max-width: 621px) 100vw, 621px\" \/><\/a><\/p>\n<p>&nbsp;<\/p>\n<p><em>Je me tue \u00e0 le dire<\/em> raconte l\u2019histoire de Michel (incroyable Jean-Jacques Rausin), trentenaire. Il a d\u00e9cid\u00e9 d\u2019arr\u00eater de fumer. Pourtant \u00e7a ne l\u2019emp\u00eachera pas de mourir. Il le sait. C\u2019est in\u00e9luctable. Tout \u00e7a, c\u2019est de la faute de sa m\u00e8re (Myriam Boyer). En lui donnant la vie, elle lui a donn\u00e9 la mort. Depuis qu\u2019il a mis en vente la demeure familiale et de placer sa m\u00e8re en maison de retraite, Michel commence \u00e0 perdre des plaques de cheveux, une grosseur inqui\u00e9tante est apparue \u00e0 sa poitrine. Sympt\u00f4mes qui ne sont pas sans rappeler le cancer de sa m\u00e8re. D\u00e9sormais, Michel en est certain. Il est foutu. Et c\u2019est pr\u00e9cis\u00e9ment le moment qu\u2019Aur\u00e9lie (Fanny Touron) choisit pour le quitter, emportant avec elle la moiti\u00e9 du mobilier. Aur\u00e9lie ne le supporte plus. \u00c0 vrai dire, elle en \u00e9tait presque venue \u00e0 souhaiter sa mort.<\/p>\n<p>&nbsp;<\/p>\n<p><a href=\"http:\/\/www.cinevox.be\/wp-content\/uploads\/2016\/01\/Je-me-tue-a-le-dire1.jpg\"><img loading=\"lazy\" decoding=\"async\" class=\"aligncenter size-full wp-image-83075\" src=\"http:\/\/www.cinevox.be\/wp-content\/uploads\/2016\/01\/Je-me-tue-a-le-dire1.jpg\" alt=\"\" width=\"714\" height=\"282\" srcset=\"https:\/\/w-l-c.be\/wp-content\/uploads\/2016\/01\/Je-me-tue-a-le-dire1.jpg 714w, https:\/\/w-l-c.be\/wp-content\/uploads\/2016\/01\/Je-me-tue-a-le-dire1-480x189.jpg 480w\" sizes=\"auto, (max-width: 714px) 100vw, 714px\" \/><\/a><\/p>\n<p>&nbsp;<\/p>\n<p><em>Je me tue \u00e0 le dire<\/em> est produit par Novak Prod et Tobina Films avec le soutien du Centre du Cin\u00e9ma et de l\u2019Audiovisuel de la F\u00e9d\u00e9ration Wallonie Bruxelles, le Tax shelter belge, le CNC et la R\u00e9gion Bretagne.<\/p>\n<p>&nbsp;<\/p>\n<p>Le Palm Springs international Film festival est un des plus prestigieux des \u00c9tats-Unis. Il accueille chaque ann\u00e9e plus de 136.000 spectateurs et pr\u00e9sente plus de 180 films de 70 pays diff\u00e9rents. Situ\u00e9 d\u00e9but janvier, le festival occupe une place strat\u00e9gique dans la course aux Oscars et pr\u00e9sente la plus grande s\u00e9lection de films \u00e9trangers en lice pour l\u2019Oscar du meilleur film en langue \u00e9trang\u00e8re. Il est l\u2019un des plus suivis par les m\u00e9dias sp\u00e9cialis\u00e9s.<\/p>\n<p>&nbsp;<\/p>\n<p>Pour voir la bande-annonce, c\u2019est <a href=\"http:\/\/www.cinevox.be\/?p=78799\">ICI<\/a><\/p>\n","protected":false},"excerpt":{"rendered":"<p>Nous \u00e9tions les tout premiers \u00e0 vous l\u2019annoncer d\u00e8s dimanche matin sur notre page Facebook, encore berc\u00e9s par les effluves de champagne que nous avions sabr\u00e9 en apprenant la nouvelle\u00a0: lors de la 27e c\u00e9r\u00e9monie de remise des prix du Palm Springs International Film Festival (Californie), Je me tue \u00e0 le dire, de Xavier Seron &hellip;<\/p>\n","protected":false},"author":7,"featured_media":83078,"comment_status":"closed","ping_status":"closed","sticky":false,"template":"","format":"standard","meta":{"ngg_post_thumbnail":0,"footnotes":""},"categories":[12],"tags":[],"class_list":["post-83072","post","type-post","status-publish","format-standard","has-post-thumbnail","","category-awards"],"yoast_head":"<!-- This site is optimized with the Yoast SEO plugin v20.4 - https:\/\/yoast.com\/wordpress\/plugins\/seo\/ -->\n<title>\u00a0Je me tue \u00e0 vous le dire\u00a0: la singularit\u00e9 belge triomphe en Californie - w-l-c<\/title>\n<meta name=\"robots\" content=\"noindex, follow, max-snippet:-1, max-image-preview:large, max-video-preview:-1\" \/>\n<meta property=\"og:locale\" content=\"fr_FR\" \/>\n<meta property=\"og:type\" content=\"article\" \/>\n<meta property=\"og:title\" content=\"\u00a0Je me tue \u00e0 vous le dire\u00a0: la singularit\u00e9 belge triomphe en Californie - w-l-c\" \/>\n<meta property=\"og:description\" content=\"Nous \u00e9tions les tout premiers \u00e0 vous l\u2019annoncer d\u00e8s dimanche matin sur notre page Facebook, encore berc\u00e9s par les effluves de champagne que nous avions sabr\u00e9 en apprenant la nouvelle\u00a0: lors de la 27e c\u00e9r\u00e9monie de remise des prix du Palm Springs International Film Festival (Californie), Je me tue \u00e0 le dire, de Xavier Seron &hellip;\" \/>\n<meta property=\"og:url\" content=\"https:\/\/w-l-c.be\/fr\/je-me-tue-a-vous-le-dire-la-singularite-belge-triomphe-en-californie\/\" \/>\n<meta property=\"og:site_name\" content=\"w-l-c\" \/>\n<meta property=\"article:published_time\" content=\"2016-01-11T09:44:14+00:00\" \/>\n<meta property=\"article:modified_time\" content=\"2016-04-26T16:08:26+00:00\" \/>\n<meta property=\"og:image\" content=\"https:\/\/w-l-c.be\/wp-content\/uploads\/2016\/01\/1527_10153824811122192_595358979781016599_n.jpg\" \/>\n\t<meta property=\"og:image:width\" content=\"818\" \/>\n\t<meta property=\"og:image:height\" content=\"546\" \/>\n\t<meta property=\"og:image:type\" content=\"image\/jpeg\" \/>\n<meta name=\"author\" content=\"Philippe.Pierquin\" \/>\n<meta name=\"twitter:card\" content=\"summary_large_image\" \/>\n<meta name=\"twitter:label1\" content=\"\u00c9crit par\" \/>\n\t<meta name=\"twitter:data1\" content=\"Philippe.Pierquin\" \/>\n\t<meta name=\"twitter:label2\" content=\"Dur\u00e9e de lecture estim\u00e9e\" \/>\n\t<meta name=\"twitter:data2\" content=\"3 minutes\" \/>\n<script type=\"application\/ld+json\" class=\"yoast-schema-graph\">{\"@context\":\"https:\/\/schema.org\",\"@graph\":[{\"@type\":\"WebPage\",\"@id\":\"https:\/\/w-l-c.be\/fr\/je-me-tue-a-vous-le-dire-la-singularite-belge-triomphe-en-californie\/\",\"url\":\"https:\/\/w-l-c.be\/fr\/je-me-tue-a-vous-le-dire-la-singularite-belge-triomphe-en-californie\/\",\"name\":\"\u00a0Je me tue \u00e0 vous le dire\u00a0: la singularit\u00e9 belge triomphe en Californie - w-l-c\",\"isPartOf\":{\"@id\":\"https:\/\/w-l-c.be\/fr\/#website\"},\"datePublished\":\"2016-01-11T09:44:14+00:00\",\"dateModified\":\"2016-04-26T16:08:26+00:00\",\"author\":{\"@id\":\"https:\/\/w-l-c.be\/fr\/#\/schema\/person\/4b9b1d857f0943453a38a7c2859ef756\"},\"breadcrumb\":{\"@id\":\"https:\/\/w-l-c.be\/fr\/je-me-tue-a-vous-le-dire-la-singularite-belge-triomphe-en-californie\/#breadcrumb\"},\"inLanguage\":\"fr-FR\",\"potentialAction\":[{\"@type\":\"ReadAction\",\"target\":[\"https:\/\/w-l-c.be\/fr\/je-me-tue-a-vous-le-dire-la-singularite-belge-triomphe-en-californie\/\"]}]},{\"@type\":\"BreadcrumbList\",\"@id\":\"https:\/\/w-l-c.be\/fr\/je-me-tue-a-vous-le-dire-la-singularite-belge-triomphe-en-californie\/#breadcrumb\",\"itemListElement\":[{\"@type\":\"ListItem\",\"position\":1,\"name\":\"Accueil\",\"item\":\"https:\/\/w-l-c.be\/fr\/\"},{\"@type\":\"ListItem\",\"position\":2,\"name\":\"\u00a0Je me tue \u00e0 vous le dire\u00a0: la singularit\u00e9 belge triomphe en Californie\"}]},{\"@type\":\"WebSite\",\"@id\":\"https:\/\/w-l-c.be\/fr\/#website\",\"url\":\"https:\/\/w-l-c.be\/fr\/\",\"name\":\"w-l-c\",\"description\":\"Le cin\u00e9ma vu par les belges\",\"potentialAction\":[{\"@type\":\"SearchAction\",\"target\":{\"@type\":\"EntryPoint\",\"urlTemplate\":\"https:\/\/w-l-c.be\/fr\/?s={search_term_string}\"},\"query-input\":\"required name=search_term_string\"}],\"inLanguage\":\"fr-FR\"},{\"@type\":\"Person\",\"@id\":\"https:\/\/w-l-c.be\/fr\/#\/schema\/person\/4b9b1d857f0943453a38a7c2859ef756\",\"name\":\"Philippe.Pierquin\",\"url\":\"https:\/\/w-l-c.be\/fr\/author\/philippe-pierquin\/\"}]}<\/script>\n<!-- \/ Yoast SEO plugin. -->","yoast_head_json":{"title":"\u00a0Je me tue \u00e0 vous le dire\u00a0: la singularit\u00e9 belge triomphe en Californie - w-l-c","robots":{"index":"noindex","follow":"follow","max-snippet":"max-snippet:-1","max-image-preview":"max-image-preview:large","max-video-preview":"max-video-preview:-1"},"og_locale":"fr_FR","og_type":"article","og_title":"\u00a0Je me tue \u00e0 vous le dire\u00a0: la singularit\u00e9 belge triomphe en Californie - w-l-c","og_description":"Nous \u00e9tions les tout premiers \u00e0 vous l\u2019annoncer d\u00e8s dimanche matin sur notre page Facebook, encore berc\u00e9s par les effluves de champagne que nous avions sabr\u00e9 en apprenant la nouvelle\u00a0: lors de la 27e c\u00e9r\u00e9monie de remise des prix du Palm Springs International Film Festival (Californie), Je me tue \u00e0 le dire, de Xavier Seron &hellip;","og_url":"https:\/\/w-l-c.be\/fr\/je-me-tue-a-vous-le-dire-la-singularite-belge-triomphe-en-californie\/","og_site_name":"w-l-c","article_published_time":"2016-01-11T09:44:14+00:00","article_modified_time":"2016-04-26T16:08:26+00:00","og_image":[{"width":818,"height":546,"url":"https:\/\/w-l-c.be\/wp-content\/uploads\/2016\/01\/1527_10153824811122192_595358979781016599_n.jpg","type":"image\/jpeg"}],"author":"Philippe.Pierquin","twitter_card":"summary_large_image","twitter_misc":{"\u00c9crit par":"Philippe.Pierquin","Dur\u00e9e de lecture estim\u00e9e":"3 minutes"},"schema":{"@context":"https:\/\/schema.org","@graph":[{"@type":"WebPage","@id":"https:\/\/w-l-c.be\/fr\/je-me-tue-a-vous-le-dire-la-singularite-belge-triomphe-en-californie\/","url":"https:\/\/w-l-c.be\/fr\/je-me-tue-a-vous-le-dire-la-singularite-belge-triomphe-en-californie\/","name":"\u00a0Je me tue \u00e0 vous le dire\u00a0: la singularit\u00e9 belge triomphe en Californie - w-l-c","isPartOf":{"@id":"https:\/\/w-l-c.be\/fr\/#website"},"datePublished":"2016-01-11T09:44:14+00:00","dateModified":"2016-04-26T16:08:26+00:00","author":{"@id":"https:\/\/w-l-c.be\/fr\/#\/schema\/person\/4b9b1d857f0943453a38a7c2859ef756"},"breadcrumb":{"@id":"https:\/\/w-l-c.be\/fr\/je-me-tue-a-vous-le-dire-la-singularite-belge-triomphe-en-californie\/#breadcrumb"},"inLanguage":"fr-FR","potentialAction":[{"@type":"ReadAction","target":["https:\/\/w-l-c.be\/fr\/je-me-tue-a-vous-le-dire-la-singularite-belge-triomphe-en-californie\/"]}]},{"@type":"BreadcrumbList","@id":"https:\/\/w-l-c.be\/fr\/je-me-tue-a-vous-le-dire-la-singularite-belge-triomphe-en-californie\/#breadcrumb","itemListElement":[{"@type":"ListItem","position":1,"name":"Accueil","item":"https:\/\/w-l-c.be\/fr\/"},{"@type":"ListItem","position":2,"name":"\u00a0Je me tue \u00e0 vous le dire\u00a0: la singularit\u00e9 belge triomphe en Californie"}]},{"@type":"WebSite","@id":"https:\/\/w-l-c.be\/fr\/#website","url":"https:\/\/w-l-c.be\/fr\/","name":"w-l-c","description":"Le cin\u00e9ma vu par les belges","potentialAction":[{"@type":"SearchAction","target":{"@type":"EntryPoint","urlTemplate":"https:\/\/w-l-c.be\/fr\/?s={search_term_string}"},"query-input":"required name=search_term_string"}],"inLanguage":"fr-FR"},{"@type":"Person","@id":"https:\/\/w-l-c.be\/fr\/#\/schema\/person\/4b9b1d857f0943453a38a7c2859ef756","name":"Philippe.Pierquin","url":"https:\/\/w-l-c.be\/fr\/author\/philippe-pierquin\/"}]}},"_links":{"self":[{"href":"https:\/\/w-l-c.be\/fr\/wp-json\/wp\/v2\/posts\/83072","targetHints":{"allow":["GET"]}}],"collection":[{"href":"https:\/\/w-l-c.be\/fr\/wp-json\/wp\/v2\/posts"}],"about":[{"href":"https:\/\/w-l-c.be\/fr\/wp-json\/wp\/v2\/types\/post"}],"author":[{"embeddable":true,"href":"https:\/\/w-l-c.be\/fr\/wp-json\/wp\/v2\/users\/7"}],"replies":[{"embeddable":true,"href":"https:\/\/w-l-c.be\/fr\/wp-json\/wp\/v2\/comments?post=83072"}],"version-history":[{"count":0,"href":"https:\/\/w-l-c.be\/fr\/wp-json\/wp\/v2\/posts\/83072\/revisions"}],"wp:featuredmedia":[{"embeddable":true,"href":"https:\/\/w-l-c.be\/fr\/wp-json\/wp\/v2\/media\/83078"}],"wp:attachment":[{"href":"https:\/\/w-l-c.be\/fr\/wp-json\/wp\/v2\/media?parent=83072"}],"wp:term":[{"taxonomy":"category","embeddable":true,"href":"https:\/\/w-l-c.be\/fr\/wp-json\/wp\/v2\/categories?post=83072"},{"taxonomy":"post_tag","embeddable":true,"href":"https:\/\/w-l-c.be\/fr\/wp-json\/wp\/v2\/tags?post=83072"}],"curies":[{"name":"wp","href":"https:\/\/api.w.org\/{rel}","templated":true}]}}