
{"id":83455,"date":"2016-01-22T09:02:07","date_gmt":"2016-01-22T08:02:07","guid":{"rendered":"http:\/\/www.cinevox.be\/?p=83455"},"modified":"2016-01-20T19:04:18","modified_gmt":"2016-01-20T18:04:18","slug":"devenir-actrice-en-2016","status":"publish","type":"post","link":"https:\/\/w-l-c.be\/fr\/devenir-actrice-en-2016\/","title":{"rendered":"Devenir actrice en 2016"},"content":{"rendered":"<p>Nastasjia a 10 ans et elle veut devenir com\u00e9dienne.<\/p>\n<p>Peut-\u00eatre \u00e0 cause de son grand-p\u00e8re, le philosophe Jacques Sojcher, qui projette sur elle son d\u00e9sir non r\u00e9alis\u00e9 d\u2019\u00eatre un acteur. C\u2019est le point de vue du film.<\/p>\n<p>Peut-\u00eatre aussi \u00e0 cause de son papa, Fr\u00e9d\u00e9ric Sojcher, qui dirige le master professionnel en sc\u00e9nario, r\u00e9alisation et production \u00e0 la Sorbonne depuis 2005. Une sommit\u00e9.<!--more--><\/p>\n<p>&nbsp;<\/p>\n<p><a href=\"http:\/\/www.cinevox.be\/wp-content\/uploads\/2016\/01\/JJR-2.jpg\"><img loading=\"lazy\" decoding=\"async\" class=\"aligncenter size-full wp-image-83457\" src=\"http:\/\/www.cinevox.be\/wp-content\/uploads\/2016\/01\/JJR-2.jpg\" alt=\"\" width=\"714\" height=\"475\" srcset=\"https:\/\/w-l-c.be\/wp-content\/uploads\/2016\/01\/JJR-2.jpg 714w, https:\/\/w-l-c.be\/wp-content\/uploads\/2016\/01\/JJR-2-405x270.jpg 405w\" sizes=\"auto, (max-width: 714px) 100vw, 714px\" \/><\/a><\/p>\n<p>&nbsp;<\/p>\n<p>Amoureux du Septi\u00e8me art jusqu\u2019\u00e0 lui consacrer sa vie, il est aussi r\u00e9alisateur de <em>Cin\u00e9astes \u00e0 tout prix, <\/em>un documentaire fort pris\u00e9 sur une poign\u00e9e de cin\u00e9astes pr\u00eats \u00e0 tout pour immortaliser sur la pellicule leurs fantasmes les plus hallucinants (cf la photo avec le regrett\u00e9 Jean-Jacques Rousseau).<br \/>\nUne folie qui anime Fr\u00e9d\u00e9ric Sojcher lui-m\u00eame qui a tourn\u00e9 un long m\u00e9trage de fiction sorti il y a quelques ann\u00e9es, <em>HH Hitler \u00e0 Hollywood.<\/em><\/p>\n<p>Riche et vari\u00e9e, la carri\u00e8re de Fr\u00e9d\u00e9ric Sojcher est riche d\u2019une grosse poign\u00e9e de courts m\u00e9trages, souvent couronn\u00e9s en festival et d\u2019une impressionnante collections de livres consacr\u00e9s \u00e0 sa passion\u00a0: le cin\u00e9ma, donc.<\/p>\n<p>&nbsp;<\/p>\n<p><a href=\"http:\/\/www.cinevox.be\/wp-content\/uploads\/2016\/01\/Je_veux_etre_actrice.jpg\"><img loading=\"lazy\" decoding=\"async\" class=\"alignright size-large wp-image-83461\" src=\"http:\/\/www.cinevox.be\/wp-content\/uploads\/2016\/01\/Je_veux_etre_actrice-440x600.jpg\" alt=\"\" width=\"440\" height=\"600\" srcset=\"https:\/\/w-l-c.be\/wp-content\/uploads\/2016\/01\/Je_veux_etre_actrice-440x600.jpg 440w, https:\/\/w-l-c.be\/wp-content\/uploads\/2016\/01\/Je_veux_etre_actrice-198x270.jpg 198w, https:\/\/w-l-c.be\/wp-content\/uploads\/2016\/01\/Je_veux_etre_actrice.jpg 1000w\" sizes=\"auto, (max-width: 440px) 100vw, 440px\" \/><\/a>La jeune Nastasjia a donc h\u00e9rit\u00e9 du virus et, comme elle est du genre t\u00eatue, elle va voir de nombreux com\u00e9diens, notamment ceux qui ont jou\u00e9 dans les films de son p\u00e8re. L\u2019histoire raconte que Fr\u00e9d\u00e9ric n\u2019est pas le premier \u00e0 encourager cette passion.<br \/>\nToujours est-il que ce p\u00e9riple est aujourd\u2019hui l\u2019objet d\u2019un nouveau long m\u00e9trage entre documentaire et fiction qui sort cette semaine en France et d\u00e8s lundi \u00e0 Flagey.<\/p>\n<p>Nastasjia y rencontre donc Patrick Chesnais, Jean-Fran\u00e7ois Derec, Micha\u00ebl Lonsdale, Fran\u00e7ois Morel, Denis Podalyd\u00e8s, Philippe Torreton, Jacques Weber\u2026 et une actrice, Micheline Presle, qui depuis 75 ans &#8211; elle en a aujourd\u2019hui 92 &#8211; joue la com\u00e9die.<\/p>\n<p>&nbsp;<\/p>\n<p>Chaque com\u00e9dien demande \u00e0 Nastasjia pourquoi elle veut \u00eatre actrice. Comme elle tient t\u00eate et s\u2019affirme, chacun accepte de lui transmettre un secret d\u2019acteur. Elle \u00e9coute avec attention, ne perd pas un mot, interroge. Chacun lui parle de son m\u00e9tier et de sa foi, dans le th\u00e9\u00e2tre et au cin\u00e9ma \u2013 la vraie vie.<\/p>\n<p>Les \u00e9changes se font sous le mode de la confidence, comme si en s\u2019adressant \u00e0 Nastasjia, les acteurs se livraient davantage que dans des \u00e9changes qu\u2019ils pourraient avoir avec un adulte. Ils se mettent m\u00eame \u00e0 jouer avec elle &#8211; Jacques Weber joue Cyrano et Nastasjia, Roxane ; Denis Podalyd\u00e8s lui donne un cours de direction d\u2019acteur pour jouer Juliette, l\u2019h\u00e9ro\u00efne de Shakespeare, dans sa loge de la Com\u00e9die fran\u00e7aise.<\/p>\n<p>&nbsp;<\/p>\n<p><a href=\"http:\/\/www.cinevox.be\/wp-content\/uploads\/2016\/01\/ob_dec1f5_je-veux-etre-actrice-photo-2.jpg\"><img loading=\"lazy\" decoding=\"async\" class=\"aligncenter size-full wp-image-83459\" src=\"http:\/\/www.cinevox.be\/wp-content\/uploads\/2016\/01\/ob_dec1f5_je-veux-etre-actrice-photo-2.jpg\" alt=\"\" width=\"608\" height=\"342\" srcset=\"https:\/\/w-l-c.be\/wp-content\/uploads\/2016\/01\/ob_dec1f5_je-veux-etre-actrice-photo-2.jpg 608w, https:\/\/w-l-c.be\/wp-content\/uploads\/2016\/01\/ob_dec1f5_je-veux-etre-actrice-photo-2-200x113.jpg 200w, https:\/\/w-l-c.be\/wp-content\/uploads\/2016\/01\/ob_dec1f5_je-veux-etre-actrice-photo-2-480x270.jpg 480w, https:\/\/w-l-c.be\/wp-content\/uploads\/2016\/01\/ob_dec1f5_je-veux-etre-actrice-photo-2-300x169.jpg 300w\" sizes=\"auto, (max-width: 608px) 100vw, 608px\" \/><\/a><\/p>\n<p>&nbsp;<\/p>\n<p>\u00ab\u00a0N\u2019y allons pas par quatre chemins : <em>Je veux \u00eatre actrice<\/em> est un film ou plut\u00f4t un documentaire de famille destin\u00e9 d\u2019abord \u00e0 un public d\u2019enfants\u00a0\u00bb, \u00e9crit Pierre Eisenreich dans le dernier num\u00e9ro de Positif. Avant de nuancer, tr\u00e8s positivement impressionn\u00e9 par l\u2019oeuvre\u00a0: \u00ab\u00a0Mais les spectateurs dits adultes seront passionn\u00e9s par le regard de la jeune Nastasjia Sojcher sur leur g\u00e9n\u00e9ration.\u00a0\u00bb<\/p>\n<p>&nbsp;<\/p>\n<p>De nombreux m\u00e9dias fran\u00e7ais se sont d\u2019ailleurs pench\u00e9s sur ce film atypique qui se d\u00e9clinera d\u2019ailleurs sur d\u2019autres supports que le grand \u00e9cran. Comme les propos d\u2019acteurs sur leur passion et sur leur m\u00e9tier recueillis au tournage n\u2019ont pas pu \u00eatre tous retenus dans le film, il a \u00e9t\u00e9 d\u00e9cid\u00e9 de publier aux Editions Riveneuve ces \u00e9changes entre des com\u00e9diens et une enfant.<br \/>\nLe livre sortira sous le m\u00eame titre que le film, le 1er mars, avec le DVD du film.<\/p>\n<p>&nbsp;<\/p>\n<p><a href=\"http:\/\/www.cinevox.be\/wp-content\/uploads\/2016\/01\/024785.jpg-r_640_600-b_1_D6D6D6-f_jpg-q_x-xxyxx.jpg\"><img loading=\"lazy\" decoding=\"async\" class=\"aligncenter size-full wp-image-83460\" src=\"http:\/\/www.cinevox.be\/wp-content\/uploads\/2016\/01\/024785.jpg-r_640_600-b_1_D6D6D6-f_jpg-q_x-xxyxx.jpg\" alt=\"\" width=\"640\" height=\"358\" srcset=\"https:\/\/w-l-c.be\/wp-content\/uploads\/2016\/01\/024785.jpg-r_640_600-b_1_D6D6D6-f_jpg-q_x-xxyxx.jpg 640w, https:\/\/w-l-c.be\/wp-content\/uploads\/2016\/01\/024785.jpg-r_640_600-b_1_D6D6D6-f_jpg-q_x-xxyxx-200x113.jpg 200w, https:\/\/w-l-c.be\/wp-content\/uploads\/2016\/01\/024785.jpg-r_640_600-b_1_D6D6D6-f_jpg-q_x-xxyxx-480x270.jpg 480w, https:\/\/w-l-c.be\/wp-content\/uploads\/2016\/01\/024785.jpg-r_640_600-b_1_D6D6D6-f_jpg-q_x-xxyxx-300x169.jpg 300w\" sizes=\"auto, (max-width: 640px) 100vw, 640px\" \/><\/a><\/p>\n<p><em>\u00a0<\/em><\/p>\n<p><em>Je veux \u00eatre actrice<\/em> sera ensuite diffus\u00e9 \u00e0 la t\u00e9l\u00e9vision, notamment sur France 2 en mai \u00e0 l&rsquo;occasion du Festival de Cannes<em>.<\/em><\/p>\n<p>En Belgique, le film est programm\u00e9 cinq fois \u00e0 Flagey d\u00e8s lundi prochain (voir <a href=\"http:\/\/www.flagey.be\/fr\/programme\/18291\/je-veux-etre-actrice\/frederic-sojcher\">ICI<\/a>) avant d\u2019\u00eatre pr\u00e9sent\u00e9 en Wallonie dans quelques salles parmi les plus cin\u00e9philes.<\/p>\n","protected":false},"excerpt":{"rendered":"<p>Nastasjia a 10 ans et elle veut devenir com\u00e9dienne. Peut-\u00eatre \u00e0 cause de son grand-p\u00e8re, le philosophe Jacques Sojcher, qui projette sur elle son d\u00e9sir non r\u00e9alis\u00e9 d\u2019\u00eatre un acteur. C\u2019est le point de vue du film. Peut-\u00eatre aussi \u00e0 cause de son papa, Fr\u00e9d\u00e9ric Sojcher, qui dirige le master professionnel en sc\u00e9nario, r\u00e9alisation et &hellip;<\/p>\n","protected":false},"author":7,"featured_media":83463,"comment_status":"closed","ping_status":"closed","sticky":false,"template":"","format":"standard","meta":{"ngg_post_thumbnail":0,"footnotes":""},"categories":[10,7],"tags":[],"class_list":["post-83455","post","type-post","status-publish","format-standard","has-post-thumbnail","","category-a-l-affiche","category-actualites"],"yoast_head":"<!-- This site is optimized with the Yoast SEO plugin v20.4 - https:\/\/yoast.com\/wordpress\/plugins\/seo\/ -->\n<title>Devenir actrice en 2016 - w-l-c<\/title>\n<meta name=\"robots\" content=\"noindex, follow, max-snippet:-1, max-image-preview:large, max-video-preview:-1\" \/>\n<meta property=\"og:locale\" content=\"fr_FR\" \/>\n<meta property=\"og:type\" content=\"article\" \/>\n<meta property=\"og:title\" content=\"Devenir actrice en 2016 - w-l-c\" \/>\n<meta property=\"og:description\" content=\"Nastasjia a 10 ans et elle veut devenir com\u00e9dienne. Peut-\u00eatre \u00e0 cause de son grand-p\u00e8re, le philosophe Jacques Sojcher, qui projette sur elle son d\u00e9sir non r\u00e9alis\u00e9 d\u2019\u00eatre un acteur. C\u2019est le point de vue du film. Peut-\u00eatre aussi \u00e0 cause de son papa, Fr\u00e9d\u00e9ric Sojcher, qui dirige le master professionnel en sc\u00e9nario, r\u00e9alisation et &hellip;\" \/>\n<meta property=\"og:url\" content=\"https:\/\/w-l-c.be\/fr\/devenir-actrice-en-2016\/\" \/>\n<meta property=\"og:site_name\" content=\"w-l-c\" \/>\n<meta property=\"article:published_time\" content=\"2016-01-22T08:02:07+00:00\" \/>\n<meta property=\"article:modified_time\" content=\"2016-01-20T18:04:18+00:00\" \/>\n<meta property=\"og:image\" content=\"https:\/\/w-l-c.be\/wp-content\/uploads\/2016\/01\/image31.jpg\" \/>\n\t<meta property=\"og:image:width\" content=\"640\" \/>\n\t<meta property=\"og:image:height\" content=\"356\" \/>\n\t<meta property=\"og:image:type\" content=\"image\/jpeg\" \/>\n<meta name=\"author\" content=\"Philippe.Pierquin\" \/>\n<meta name=\"twitter:card\" content=\"summary_large_image\" \/>\n<meta name=\"twitter:label1\" content=\"\u00c9crit par\" \/>\n\t<meta name=\"twitter:data1\" content=\"Philippe.Pierquin\" \/>\n\t<meta name=\"twitter:label2\" content=\"Dur\u00e9e de lecture estim\u00e9e\" \/>\n\t<meta name=\"twitter:data2\" content=\"3 minutes\" \/>\n<script type=\"application\/ld+json\" class=\"yoast-schema-graph\">{\"@context\":\"https:\/\/schema.org\",\"@graph\":[{\"@type\":\"WebPage\",\"@id\":\"https:\/\/w-l-c.be\/fr\/devenir-actrice-en-2016\/\",\"url\":\"https:\/\/w-l-c.be\/fr\/devenir-actrice-en-2016\/\",\"name\":\"Devenir actrice en 2016 - w-l-c\",\"isPartOf\":{\"@id\":\"https:\/\/w-l-c.be\/fr\/#website\"},\"datePublished\":\"2016-01-22T08:02:07+00:00\",\"dateModified\":\"2016-01-20T18:04:18+00:00\",\"author\":{\"@id\":\"https:\/\/w-l-c.be\/fr\/#\/schema\/person\/4b9b1d857f0943453a38a7c2859ef756\"},\"breadcrumb\":{\"@id\":\"https:\/\/w-l-c.be\/fr\/devenir-actrice-en-2016\/#breadcrumb\"},\"inLanguage\":\"fr-FR\",\"potentialAction\":[{\"@type\":\"ReadAction\",\"target\":[\"https:\/\/w-l-c.be\/fr\/devenir-actrice-en-2016\/\"]}]},{\"@type\":\"BreadcrumbList\",\"@id\":\"https:\/\/w-l-c.be\/fr\/devenir-actrice-en-2016\/#breadcrumb\",\"itemListElement\":[{\"@type\":\"ListItem\",\"position\":1,\"name\":\"Accueil\",\"item\":\"https:\/\/w-l-c.be\/fr\/\"},{\"@type\":\"ListItem\",\"position\":2,\"name\":\"Devenir actrice en 2016\"}]},{\"@type\":\"WebSite\",\"@id\":\"https:\/\/w-l-c.be\/fr\/#website\",\"url\":\"https:\/\/w-l-c.be\/fr\/\",\"name\":\"w-l-c\",\"description\":\"Le cin\u00e9ma vu par les belges\",\"potentialAction\":[{\"@type\":\"SearchAction\",\"target\":{\"@type\":\"EntryPoint\",\"urlTemplate\":\"https:\/\/w-l-c.be\/fr\/?s={search_term_string}\"},\"query-input\":\"required name=search_term_string\"}],\"inLanguage\":\"fr-FR\"},{\"@type\":\"Person\",\"@id\":\"https:\/\/w-l-c.be\/fr\/#\/schema\/person\/4b9b1d857f0943453a38a7c2859ef756\",\"name\":\"Philippe.Pierquin\",\"url\":\"https:\/\/w-l-c.be\/fr\/author\/philippe-pierquin\/\"}]}<\/script>\n<!-- \/ Yoast SEO plugin. -->","yoast_head_json":{"title":"Devenir actrice en 2016 - w-l-c","robots":{"index":"noindex","follow":"follow","max-snippet":"max-snippet:-1","max-image-preview":"max-image-preview:large","max-video-preview":"max-video-preview:-1"},"og_locale":"fr_FR","og_type":"article","og_title":"Devenir actrice en 2016 - w-l-c","og_description":"Nastasjia a 10 ans et elle veut devenir com\u00e9dienne. Peut-\u00eatre \u00e0 cause de son grand-p\u00e8re, le philosophe Jacques Sojcher, qui projette sur elle son d\u00e9sir non r\u00e9alis\u00e9 d\u2019\u00eatre un acteur. C\u2019est le point de vue du film. Peut-\u00eatre aussi \u00e0 cause de son papa, Fr\u00e9d\u00e9ric Sojcher, qui dirige le master professionnel en sc\u00e9nario, r\u00e9alisation et &hellip;","og_url":"https:\/\/w-l-c.be\/fr\/devenir-actrice-en-2016\/","og_site_name":"w-l-c","article_published_time":"2016-01-22T08:02:07+00:00","article_modified_time":"2016-01-20T18:04:18+00:00","og_image":[{"width":640,"height":356,"url":"https:\/\/w-l-c.be\/wp-content\/uploads\/2016\/01\/image31.jpg","type":"image\/jpeg"}],"author":"Philippe.Pierquin","twitter_card":"summary_large_image","twitter_misc":{"\u00c9crit par":"Philippe.Pierquin","Dur\u00e9e de lecture estim\u00e9e":"3 minutes"},"schema":{"@context":"https:\/\/schema.org","@graph":[{"@type":"WebPage","@id":"https:\/\/w-l-c.be\/fr\/devenir-actrice-en-2016\/","url":"https:\/\/w-l-c.be\/fr\/devenir-actrice-en-2016\/","name":"Devenir actrice en 2016 - w-l-c","isPartOf":{"@id":"https:\/\/w-l-c.be\/fr\/#website"},"datePublished":"2016-01-22T08:02:07+00:00","dateModified":"2016-01-20T18:04:18+00:00","author":{"@id":"https:\/\/w-l-c.be\/fr\/#\/schema\/person\/4b9b1d857f0943453a38a7c2859ef756"},"breadcrumb":{"@id":"https:\/\/w-l-c.be\/fr\/devenir-actrice-en-2016\/#breadcrumb"},"inLanguage":"fr-FR","potentialAction":[{"@type":"ReadAction","target":["https:\/\/w-l-c.be\/fr\/devenir-actrice-en-2016\/"]}]},{"@type":"BreadcrumbList","@id":"https:\/\/w-l-c.be\/fr\/devenir-actrice-en-2016\/#breadcrumb","itemListElement":[{"@type":"ListItem","position":1,"name":"Accueil","item":"https:\/\/w-l-c.be\/fr\/"},{"@type":"ListItem","position":2,"name":"Devenir actrice en 2016"}]},{"@type":"WebSite","@id":"https:\/\/w-l-c.be\/fr\/#website","url":"https:\/\/w-l-c.be\/fr\/","name":"w-l-c","description":"Le cin\u00e9ma vu par les belges","potentialAction":[{"@type":"SearchAction","target":{"@type":"EntryPoint","urlTemplate":"https:\/\/w-l-c.be\/fr\/?s={search_term_string}"},"query-input":"required name=search_term_string"}],"inLanguage":"fr-FR"},{"@type":"Person","@id":"https:\/\/w-l-c.be\/fr\/#\/schema\/person\/4b9b1d857f0943453a38a7c2859ef756","name":"Philippe.Pierquin","url":"https:\/\/w-l-c.be\/fr\/author\/philippe-pierquin\/"}]}},"_links":{"self":[{"href":"https:\/\/w-l-c.be\/fr\/wp-json\/wp\/v2\/posts\/83455","targetHints":{"allow":["GET"]}}],"collection":[{"href":"https:\/\/w-l-c.be\/fr\/wp-json\/wp\/v2\/posts"}],"about":[{"href":"https:\/\/w-l-c.be\/fr\/wp-json\/wp\/v2\/types\/post"}],"author":[{"embeddable":true,"href":"https:\/\/w-l-c.be\/fr\/wp-json\/wp\/v2\/users\/7"}],"replies":[{"embeddable":true,"href":"https:\/\/w-l-c.be\/fr\/wp-json\/wp\/v2\/comments?post=83455"}],"version-history":[{"count":0,"href":"https:\/\/w-l-c.be\/fr\/wp-json\/wp\/v2\/posts\/83455\/revisions"}],"wp:featuredmedia":[{"embeddable":true,"href":"https:\/\/w-l-c.be\/fr\/wp-json\/wp\/v2\/media\/83463"}],"wp:attachment":[{"href":"https:\/\/w-l-c.be\/fr\/wp-json\/wp\/v2\/media?parent=83455"}],"wp:term":[{"taxonomy":"category","embeddable":true,"href":"https:\/\/w-l-c.be\/fr\/wp-json\/wp\/v2\/categories?post=83455"},{"taxonomy":"post_tag","embeddable":true,"href":"https:\/\/w-l-c.be\/fr\/wp-json\/wp\/v2\/tags?post=83455"}],"curies":[{"name":"wp","href":"https:\/\/api.w.org\/{rel}","templated":true}]}}