
{"id":83773,"date":"2016-02-03T08:51:21","date_gmt":"2016-02-03T07:51:21","guid":{"rendered":"http:\/\/www.cinevox.be\/?p=83773"},"modified":"2016-02-03T09:58:48","modified_gmt":"2016-02-03T08:58:48","slug":"le-chant-des-hommes-combat-pour-la-dignite","status":"publish","type":"post","link":"https:\/\/w-l-c.be\/fr\/le-chant-des-hommes-combat-pour-la-dignite\/","title":{"rendered":"Le chant des hommes\u00a0: combat pour la dignit\u00e9"},"content":{"rendered":"<p>Il ne se passe pas un jour sans que le dossier des Migrants ne fasse la Une des m\u00e9dias d\u2019information. Le plus souvent on n\u2019y traite que des r\u00e9actions effray\u00e9es des autochtones ou on nous livre sans sourciller le d\u00e9compte des hommes, femmes et enfants d\u00e9c\u00e9d\u00e9s en une seule journ\u00e9e en essayant de traverser la mer, \u00e9chou\u00e9es sur les c\u00f4tes m\u00e9ridionales de l\u2019Europe.<\/p>\n<p><!--more--><\/p>\n<p>Sans surprise, le cin\u00e9ma n\u2019h\u00e9site pas \u00e0 s&#8217;emparer de ce sujet compliqu\u00e9 et grave. On a encore tous en m\u00e9moire, le tr\u00e8s poignant<em> Ill\u00e9gal<\/em> d\u2018Olivier Masset-Depasse qui montrait le combat d\u2019une m\u00e8re russe assign\u00e9e dans un camp sordide par la justice belge (formidable Anne Coesens qui remporta le premier Magritte de la meilleure actrice pour sa composition saisissante).<br \/>\nTout r\u00e9cemment, trois longs m\u00e9trages belges se sont pench\u00e9s sur ce br\u00fblant sujet d\u2019actualit\u00e9, chacun avec son point de vue et des intentions artistiques radicales et personnelles.<\/p>\n<p>&nbsp;<\/p>\n<p>En adaptant un roman de 2003, <em>Problemski Hotel<\/em> nous montre une situation qui ne cadre pas vraiment avec la r\u00e9alit\u00e9 actuelle, encore plus pr\u00e9occupante. On y suit quelques r\u00e9fugi\u00e9s qui tentent d\u2019obtenir des papiers belges, h\u00e9berg\u00e9s dans un centre presque d\u00e9sertique. Le ton est surr\u00e9aliste, kafka\u00efen, l\u2019humour est tr\u00e8s pr\u00e9sent parsem\u00e9 de quelques s\u00e9quences virulentes qui agissent comme des contrepoints v\u00e9n\u00e9neux, surprenants.<\/p>\n<p>Sous couvert de r\u00e9cit de science-fiction, <em>Fallow<\/em> nous parle d\u2019une Europe, elle-m\u00eame en proie au d\u00e9luge (climatique\u00a0? \u00e9conomique\u00a0?) et de personnes qui r\u00eavent d\u2019\u00e9chapper \u00e0 ce d\u00e9sastre humanitaire en trouvant un bateau vers le Nord. En partie film\u00e9 \u00e0 Calais, <em>Fallow<\/em> qui manque sans doute d\u2019une vraie tension narrative nous plonge n\u00e9anmoins dans une d\u00e9sesp\u00e9rance tr\u00e8s actuelle que beaucoup pr\u00e9f\u00e8rent ignorer. En renversant les points de vue, le r\u00e9alisateur tente de nous impliquer et de provoquer chez nous une r\u00e9flexion salvatrice.<\/p>\n<p>&nbsp;<\/p>\n<p><a href=\"http:\/\/www.cinevox.be\/wp-content\/uploads\/2016\/01\/2015-12-18_16h10_11.jpg\"><img loading=\"lazy\" decoding=\"async\" class=\"alignright size-large wp-image-83774\" src=\"http:\/\/www.cinevox.be\/wp-content\/uploads\/2016\/01\/2015-12-18_16h10_11-396x600.jpg\" alt=\"\" width=\"396\" height=\"600\" srcset=\"https:\/\/w-l-c.be\/wp-content\/uploads\/2016\/01\/2015-12-18_16h10_11-396x600.jpg 396w, https:\/\/w-l-c.be\/wp-content\/uploads\/2016\/01\/2015-12-18_16h10_11-178x270.jpg 178w, https:\/\/w-l-c.be\/wp-content\/uploads\/2016\/01\/2015-12-18_16h10_11.jpg 495w\" sizes=\"auto, (max-width: 396px) 100vw, 396px\" \/><\/a>Le troisi\u00e8me long m\u00e9trage, <em>Le chant des hommes<\/em>, sortira chez nous le 3 f\u00e9vrier. Contrairement \u00e0 <em>Sobre Las Brasas<\/em>, le nouveau projet commun de <strong>B\u00e9n\u00e9dicte Li\u00e9nard et Mary Jim\u00e9nez<\/strong> n\u2019est pas un documentaire. Bien que sa facture y ressemble, c\u2019est une fiction revendiqu\u00e9e. Dans les faits, le curseur est plut\u00f4t entre les deux p\u00f4les, pas si antagonistes.<\/p>\n<p><em>Le chant des hommes<\/em> raconte la vie d\u2019une centaine de r\u00e9fugi\u00e9s r\u00e9unis dans une \u00e9glise qui entament une gr\u00e8ve de la faim dans l\u2019espoir d\u2019impressionner les m\u00e9dias et l\u2019opinion publique pour, in fine, recevoir des papiers du gouvernement belge.<\/p>\n<p>&nbsp;<\/p>\n<p>Ici, ils se nomment Moktar, Najat, Joseph, Gernaz, Duraid, Hayder, Kader, Esma&#8230; Ils ont fui la Syrie, l\u2019Irak, l\u2019Iran, le Congo, le Maroc, le Niger&#8230; Le d\u00e9compte des jours commence et rythme le film; l\u2019\u00e9preuve de force a d\u00e9but\u00e9.<br \/>\n\u00c0 l\u2019int\u00e9rieur, Kader (le pr\u00e9sident) a pris la t\u00eate du combat, mais va-et-vient, secret, pas toujours tr\u00e8s clair. Esma organise la vie de cette communaut\u00e9 qu\u2019elle porte a\u0300 bras-le-corps.<br \/>\nLa fatigue s\u2019accro\u00eet, les tensions affleurent.\u00a0 Mais les liens se tissent et se renforcent. Entre trahisons et fraternit\u00e9, le groupe va devoir se mettre a\u0300 l\u2019\u00e9preuve. Et faire face.<\/p>\n<p>&nbsp;<\/p>\n<p>Le parti-pris est clair\u00a0: les r\u00e9alisatrices se focalisent sur et uniquement sur la petite troupe. Avec leur excellent chef op\u00e9rateur <strong>Hichame Alloui\u00e9<\/strong> (deux Magritte cons\u00e9cutifs en 2013 et 2014), elles multiplient les gros plans qui suscitent chez le spectateur une empathie rapide pour ces personnages qu\u2019on apprend \u00e0 identifier tr\u00e8s vite alors qu\u2019ils sont camp\u00e9s par des com\u00e9diens qu\u2019on ne conna\u00eet pas beaucoup ici. <strong>Sam Louwyck<\/strong> except\u00e9, bien s\u00fbr.<\/p>\n<p>&nbsp;<\/p>\n<p><a href=\"http:\/\/www.cinevox.be\/wp-content\/uploads\/2016\/01\/cinema_le_chant_des_hommes1.jpg\"><img loading=\"lazy\" decoding=\"async\" class=\"aligncenter size-full wp-image-83782\" src=\"http:\/\/www.cinevox.be\/wp-content\/uploads\/2016\/01\/cinema_le_chant_des_hommes1.jpg\" alt=\"\" width=\"640\" height=\"427\" srcset=\"https:\/\/w-l-c.be\/wp-content\/uploads\/2016\/01\/cinema_le_chant_des_hommes1.jpg 640w, https:\/\/w-l-c.be\/wp-content\/uploads\/2016\/01\/cinema_le_chant_des_hommes1-404x270.jpg 404w\" sizes=\"auto, (max-width: 640px) 100vw, 640px\" \/><\/a><\/p>\n<p>&nbsp;<\/p>\n<p>&nbsp;<\/p>\n<p>Sam incarn\u00e9 le cur\u00e9 de la paroisse, un homme digne et rationnel qui n\u2019h\u00e9site pas \u00e0 soutenir l\u2019action, mais fixe d\u2019embl\u00e9e les limites de son investissement\u00a0: \u00ab\u00a0je suis l\u00e0 pour vous aider \u00e0 vivre, pas pour vous aider \u00e0 mourir\u00a0\u00bb.<\/p>\n<p>Dans ce (quasi) huis clos, il est le seul autochtone auquel les spectateurs sont confront\u00e9s pendant la plus grande partie du film. Quatre autres s\u00e9quences impliquent des Belges\u00a0: une intervention de la croix rouge, une concentration de policiers qui se pr\u00e9parent \u00e0 faire \u00e9vacuer l\u2019\u00e9glise, mais surtout la visite de l\u2019insupportable ministre et de son staff caricatural et le discours bobo presque final o\u00f9 l\u2019h\u00e9ro\u00efne va prouver qu\u2019au-del\u00e0 de l\u2019action, c\u2019est la force de l\u2019image qui prime aujourd\u2019hui.<\/p>\n<p>&nbsp;<\/p>\n<p><a href=\"http:\/\/www.cinevox.be\/wp-content\/uploads\/2016\/01\/2016-01-29_08h47_06.jpg\"><img loading=\"lazy\" decoding=\"async\" class=\"aligncenter size-large wp-image-83779\" src=\"http:\/\/www.cinevox.be\/wp-content\/uploads\/2016\/01\/2016-01-29_08h47_06-800x427.jpg\" alt=\"\" width=\"640\" height=\"341\" srcset=\"https:\/\/w-l-c.be\/wp-content\/uploads\/2016\/01\/2016-01-29_08h47_06-800x427.jpg 800w, https:\/\/w-l-c.be\/wp-content\/uploads\/2016\/01\/2016-01-29_08h47_06-480x256.jpg 480w, https:\/\/w-l-c.be\/wp-content\/uploads\/2016\/01\/2016-01-29_08h47_06.jpg 1131w\" sizes=\"auto, (max-width: 640px) 100vw, 640px\" \/><\/a><\/p>\n<p>&nbsp;<\/p>\n<p>\u00c0 part le pr\u00eatre, les Belges que nous croisons sont donc d\u2019insupportables tyrans ou des bouffons ridicules. C\u2019est le principal reproche de fond qu\u2019on pourrait adresser aux r\u00e9alisatrices qui ont \u00e9vacu\u00e9 l\u2019autre pan de la v\u00e9ritable occupation de l\u2019\u00e9glise Saint-Boniface en 2005\u00a0qui sert de trame au r\u00e9cit : des dizaines de Belges apportaient un soutien quotidien aux Migrants. Ici, quand les personnages sortent de l\u2019\u00e9glise, on n\u2019y voit personne, comme si les immigr\u00e9s \u00e9taient totalement hors du monde, sur une \u00eele d\u00e9serte, abandonn\u00e9s de tous.<\/p>\n<p>&nbsp;<\/p>\n<p><a href=\"http:\/\/www.cinevox.be\/wp-content\/uploads\/2016\/01\/chant_des_hommes_2015.jpg\"><img loading=\"lazy\" decoding=\"async\" class=\"aligncenter wp-image-83775 size-large\" src=\"http:\/\/www.cinevox.be\/wp-content\/uploads\/2016\/01\/chant_des_hommes_2015-800x450.jpg\" alt=\"\" width=\"640\" height=\"360\" srcset=\"https:\/\/w-l-c.be\/wp-content\/uploads\/2016\/01\/chant_des_hommes_2015-800x450.jpg 800w, https:\/\/w-l-c.be\/wp-content\/uploads\/2016\/01\/chant_des_hommes_2015-200x113.jpg 200w, https:\/\/w-l-c.be\/wp-content\/uploads\/2016\/01\/chant_des_hommes_2015-480x270.jpg 480w, https:\/\/w-l-c.be\/wp-content\/uploads\/2016\/01\/chant_des_hommes_2015-300x169.jpg 300w, https:\/\/w-l-c.be\/wp-content\/uploads\/2016\/01\/chant_des_hommes_2015-620x350.jpg 620w\" sizes=\"auto, (max-width: 640px) 100vw, 640px\" \/><\/a><\/p>\n<p>&nbsp;<\/p>\n<p>Ce choix pos\u00e9, les r\u00e9alisatrices r\u00e9ussissent leur pari de nous immerger dans la petite communaut\u00e9 qui se cr\u00e9e et s\u2019organise pendant cette gr\u00e8ve, une communaut\u00e9 disparate de prime abord, mais concentr\u00e9e sur un m\u00eame objectif. Une communaut\u00e9 avec ses tensions (beaucoup essaient d\u2019abord de sauver leur peau, certains tentent de tromper les autres) et son racisme parfois assez violent (on est toujours \u00ab\u00a0l\u2019\u00e9tranger\u00a0\u00bb d\u2019un autre).<br \/>\n<a href=\"http:\/\/www.cinevox.be\/wp-content\/uploads\/2016\/01\/11227978_493416014160574_2536068734537121382_o1.jpg\"><img loading=\"lazy\" decoding=\"async\" class=\"aligncenter size-large wp-image-83777\" src=\"http:\/\/www.cinevox.be\/wp-content\/uploads\/2016\/01\/11227978_493416014160574_2536068734537121382_o1-800x450.jpg\" alt=\"\" width=\"640\" height=\"360\" srcset=\"https:\/\/w-l-c.be\/wp-content\/uploads\/2016\/01\/11227978_493416014160574_2536068734537121382_o1-800x450.jpg 800w, https:\/\/w-l-c.be\/wp-content\/uploads\/2016\/01\/11227978_493416014160574_2536068734537121382_o1-200x113.jpg 200w, https:\/\/w-l-c.be\/wp-content\/uploads\/2016\/01\/11227978_493416014160574_2536068734537121382_o1-480x270.jpg 480w, https:\/\/w-l-c.be\/wp-content\/uploads\/2016\/01\/11227978_493416014160574_2536068734537121382_o1-300x169.jpg 300w, https:\/\/w-l-c.be\/wp-content\/uploads\/2016\/01\/11227978_493416014160574_2536068734537121382_o1-620x350.jpg 620w, https:\/\/w-l-c.be\/wp-content\/uploads\/2016\/01\/11227978_493416014160574_2536068734537121382_o1.jpg 2048w\" sizes=\"auto, (max-width: 640px) 100vw, 640px\" \/><\/a><\/p>\n<p>&nbsp;<\/p>\n<p>Pour r\u00e9ussir ce pari, les r\u00e9alisatrices peuvent compter sur une jolie brochette d\u2019acteurs formidables, professionnels ou pas. En t\u00eate, deux com\u00e9diens charismatiques follement attachants\u00a0: <strong>Assa\u00e2d Bouab<\/strong>, un acteur franco-marocain r\u00e9v\u00e9l\u00e9 par La\u00efla Marrakchi dans son film <em>Marock<\/em> qui a depuis collabor\u00e9 avec Rachid Bouchareb et Werner Herzog et <strong>Maryam Zaree<\/strong>, com\u00e9dienne allemande d\u2019origine iranienne, r\u00e9v\u00e9l\u00e9e avec son interpr\u00e9tation dans <em>Shahada <\/em>de Burhan Qurbani lors des Festivals de Berlin et de Gand.<\/p>\n<p>&nbsp;<\/p>\n<p><a href=\"http:\/\/www.cinevox.be\/wp-content\/uploads\/2016\/01\/11.jpg\"><img loading=\"lazy\" decoding=\"async\" class=\"aligncenter  wp-image-83778\" src=\"http:\/\/www.cinevox.be\/wp-content\/uploads\/2016\/01\/11.jpg\" alt=\"\" width=\"621\" height=\"424\" srcset=\"https:\/\/w-l-c.be\/wp-content\/uploads\/2016\/01\/11.jpg 564w, https:\/\/w-l-c.be\/wp-content\/uploads\/2016\/01\/11-395x270.jpg 395w\" sizes=\"auto, (max-width: 621px) 100vw, 621px\" \/><\/a><\/p>\n<p>&nbsp;<\/p>\n<p>La musique de <strong>Catherine Graindorge<\/strong> est aussi remarquable.<\/p>\n<p>&nbsp;<\/p>\n<p>D\u00e9j\u00e0 couronn\u00e9 par le prix 2015 de la SACD, <em>le Chant des hommes<\/em> est une \u0153uvre salutaire, superbement ma\u00eetris\u00e9e, qui nous plonge de l\u2019autre c\u00f4t\u00e9 du mur m\u00e9diatique, dans la r\u00e9alit\u00e9 de gens qui n\u2019ont plus rien \u00e0 perdre parce qu\u2019ils n\u2019ont plus rien.<\/p>\n<p>Sera-ce suffisant pour leur permettre d\u2019obtenir ce qu\u2019ils veulent\u00a0?<\/p>\n<p>&nbsp;<\/p>\n","protected":false},"excerpt":{"rendered":"<p>Il ne se passe pas un jour sans que le dossier des Migrants ne fasse la Une des m\u00e9dias d\u2019information. Le plus souvent on n\u2019y traite que des r\u00e9actions effray\u00e9es des autochtones ou on nous livre sans sourciller le d\u00e9compte des hommes, femmes et enfants d\u00e9c\u00e9d\u00e9s en une seule journ\u00e9e en essayant de traverser la &hellip;<\/p>\n","protected":false},"author":7,"featured_media":83784,"comment_status":"closed","ping_status":"closed","sticky":false,"template":"","format":"standard","meta":{"ngg_post_thumbnail":0,"footnotes":""},"categories":[10],"tags":[],"class_list":["post-83773","post","type-post","status-publish","format-standard","has-post-thumbnail","","category-a-l-affiche"],"yoast_head":"<!-- This site is optimized with the Yoast SEO plugin v20.4 - https:\/\/yoast.com\/wordpress\/plugins\/seo\/ -->\n<title>Le chant des hommes\u00a0: combat pour la dignit\u00e9 - w-l-c<\/title>\n<meta name=\"robots\" content=\"noindex, follow, max-snippet:-1, max-image-preview:large, max-video-preview:-1\" \/>\n<meta property=\"og:locale\" content=\"fr_FR\" \/>\n<meta property=\"og:type\" content=\"article\" \/>\n<meta property=\"og:title\" content=\"Le chant des hommes\u00a0: combat pour la dignit\u00e9 - w-l-c\" \/>\n<meta property=\"og:description\" content=\"Il ne se passe pas un jour sans que le dossier des Migrants ne fasse la Une des m\u00e9dias d\u2019information. Le plus souvent on n\u2019y traite que des r\u00e9actions effray\u00e9es des autochtones ou on nous livre sans sourciller le d\u00e9compte des hommes, femmes et enfants d\u00e9c\u00e9d\u00e9s en une seule journ\u00e9e en essayant de traverser la &hellip;\" \/>\n<meta property=\"og:url\" content=\"https:\/\/w-l-c.be\/fr\/le-chant-des-hommes-combat-pour-la-dignite\/\" \/>\n<meta property=\"og:site_name\" content=\"w-l-c\" \/>\n<meta property=\"article:published_time\" content=\"2016-02-03T07:51:21+00:00\" \/>\n<meta property=\"article:modified_time\" content=\"2016-02-03T08:58:48+00:00\" \/>\n<meta property=\"og:image\" content=\"https:\/\/w-l-c.be\/wp-content\/uploads\/2016\/01\/2016-01-29_08h47_401.jpg\" \/>\n\t<meta property=\"og:image:width\" content=\"1125\" \/>\n\t<meta property=\"og:image:height\" content=\"610\" \/>\n\t<meta property=\"og:image:type\" content=\"image\/jpeg\" \/>\n<meta name=\"author\" content=\"Philippe.Pierquin\" \/>\n<meta name=\"twitter:card\" content=\"summary_large_image\" \/>\n<meta name=\"twitter:label1\" content=\"\u00c9crit par\" \/>\n\t<meta name=\"twitter:data1\" content=\"Philippe.Pierquin\" \/>\n\t<meta name=\"twitter:label2\" content=\"Dur\u00e9e de lecture estim\u00e9e\" \/>\n\t<meta name=\"twitter:data2\" content=\"6 minutes\" \/>\n<script type=\"application\/ld+json\" class=\"yoast-schema-graph\">{\"@context\":\"https:\/\/schema.org\",\"@graph\":[{\"@type\":\"WebPage\",\"@id\":\"https:\/\/w-l-c.be\/fr\/le-chant-des-hommes-combat-pour-la-dignite\/\",\"url\":\"https:\/\/w-l-c.be\/fr\/le-chant-des-hommes-combat-pour-la-dignite\/\",\"name\":\"Le chant des hommes\u00a0: combat pour la dignit\u00e9 - w-l-c\",\"isPartOf\":{\"@id\":\"https:\/\/w-l-c.be\/fr\/#website\"},\"datePublished\":\"2016-02-03T07:51:21+00:00\",\"dateModified\":\"2016-02-03T08:58:48+00:00\",\"author\":{\"@id\":\"https:\/\/w-l-c.be\/fr\/#\/schema\/person\/4b9b1d857f0943453a38a7c2859ef756\"},\"breadcrumb\":{\"@id\":\"https:\/\/w-l-c.be\/fr\/le-chant-des-hommes-combat-pour-la-dignite\/#breadcrumb\"},\"inLanguage\":\"fr-FR\",\"potentialAction\":[{\"@type\":\"ReadAction\",\"target\":[\"https:\/\/w-l-c.be\/fr\/le-chant-des-hommes-combat-pour-la-dignite\/\"]}]},{\"@type\":\"BreadcrumbList\",\"@id\":\"https:\/\/w-l-c.be\/fr\/le-chant-des-hommes-combat-pour-la-dignite\/#breadcrumb\",\"itemListElement\":[{\"@type\":\"ListItem\",\"position\":1,\"name\":\"Accueil\",\"item\":\"https:\/\/w-l-c.be\/fr\/\"},{\"@type\":\"ListItem\",\"position\":2,\"name\":\"Le chant des hommes\u00a0: combat pour la dignit\u00e9\"}]},{\"@type\":\"WebSite\",\"@id\":\"https:\/\/w-l-c.be\/fr\/#website\",\"url\":\"https:\/\/w-l-c.be\/fr\/\",\"name\":\"w-l-c\",\"description\":\"Le cin\u00e9ma vu par les belges\",\"potentialAction\":[{\"@type\":\"SearchAction\",\"target\":{\"@type\":\"EntryPoint\",\"urlTemplate\":\"https:\/\/w-l-c.be\/fr\/?s={search_term_string}\"},\"query-input\":\"required name=search_term_string\"}],\"inLanguage\":\"fr-FR\"},{\"@type\":\"Person\",\"@id\":\"https:\/\/w-l-c.be\/fr\/#\/schema\/person\/4b9b1d857f0943453a38a7c2859ef756\",\"name\":\"Philippe.Pierquin\",\"url\":\"https:\/\/w-l-c.be\/fr\/author\/philippe-pierquin\/\"}]}<\/script>\n<!-- \/ Yoast SEO plugin. -->","yoast_head_json":{"title":"Le chant des hommes\u00a0: combat pour la dignit\u00e9 - w-l-c","robots":{"index":"noindex","follow":"follow","max-snippet":"max-snippet:-1","max-image-preview":"max-image-preview:large","max-video-preview":"max-video-preview:-1"},"og_locale":"fr_FR","og_type":"article","og_title":"Le chant des hommes\u00a0: combat pour la dignit\u00e9 - w-l-c","og_description":"Il ne se passe pas un jour sans que le dossier des Migrants ne fasse la Une des m\u00e9dias d\u2019information. Le plus souvent on n\u2019y traite que des r\u00e9actions effray\u00e9es des autochtones ou on nous livre sans sourciller le d\u00e9compte des hommes, femmes et enfants d\u00e9c\u00e9d\u00e9s en une seule journ\u00e9e en essayant de traverser la &hellip;","og_url":"https:\/\/w-l-c.be\/fr\/le-chant-des-hommes-combat-pour-la-dignite\/","og_site_name":"w-l-c","article_published_time":"2016-02-03T07:51:21+00:00","article_modified_time":"2016-02-03T08:58:48+00:00","og_image":[{"width":1125,"height":610,"url":"https:\/\/w-l-c.be\/wp-content\/uploads\/2016\/01\/2016-01-29_08h47_401.jpg","type":"image\/jpeg"}],"author":"Philippe.Pierquin","twitter_card":"summary_large_image","twitter_misc":{"\u00c9crit par":"Philippe.Pierquin","Dur\u00e9e de lecture estim\u00e9e":"6 minutes"},"schema":{"@context":"https:\/\/schema.org","@graph":[{"@type":"WebPage","@id":"https:\/\/w-l-c.be\/fr\/le-chant-des-hommes-combat-pour-la-dignite\/","url":"https:\/\/w-l-c.be\/fr\/le-chant-des-hommes-combat-pour-la-dignite\/","name":"Le chant des hommes\u00a0: combat pour la dignit\u00e9 - w-l-c","isPartOf":{"@id":"https:\/\/w-l-c.be\/fr\/#website"},"datePublished":"2016-02-03T07:51:21+00:00","dateModified":"2016-02-03T08:58:48+00:00","author":{"@id":"https:\/\/w-l-c.be\/fr\/#\/schema\/person\/4b9b1d857f0943453a38a7c2859ef756"},"breadcrumb":{"@id":"https:\/\/w-l-c.be\/fr\/le-chant-des-hommes-combat-pour-la-dignite\/#breadcrumb"},"inLanguage":"fr-FR","potentialAction":[{"@type":"ReadAction","target":["https:\/\/w-l-c.be\/fr\/le-chant-des-hommes-combat-pour-la-dignite\/"]}]},{"@type":"BreadcrumbList","@id":"https:\/\/w-l-c.be\/fr\/le-chant-des-hommes-combat-pour-la-dignite\/#breadcrumb","itemListElement":[{"@type":"ListItem","position":1,"name":"Accueil","item":"https:\/\/w-l-c.be\/fr\/"},{"@type":"ListItem","position":2,"name":"Le chant des hommes\u00a0: combat pour la dignit\u00e9"}]},{"@type":"WebSite","@id":"https:\/\/w-l-c.be\/fr\/#website","url":"https:\/\/w-l-c.be\/fr\/","name":"w-l-c","description":"Le cin\u00e9ma vu par les belges","potentialAction":[{"@type":"SearchAction","target":{"@type":"EntryPoint","urlTemplate":"https:\/\/w-l-c.be\/fr\/?s={search_term_string}"},"query-input":"required name=search_term_string"}],"inLanguage":"fr-FR"},{"@type":"Person","@id":"https:\/\/w-l-c.be\/fr\/#\/schema\/person\/4b9b1d857f0943453a38a7c2859ef756","name":"Philippe.Pierquin","url":"https:\/\/w-l-c.be\/fr\/author\/philippe-pierquin\/"}]}},"_links":{"self":[{"href":"https:\/\/w-l-c.be\/fr\/wp-json\/wp\/v2\/posts\/83773","targetHints":{"allow":["GET"]}}],"collection":[{"href":"https:\/\/w-l-c.be\/fr\/wp-json\/wp\/v2\/posts"}],"about":[{"href":"https:\/\/w-l-c.be\/fr\/wp-json\/wp\/v2\/types\/post"}],"author":[{"embeddable":true,"href":"https:\/\/w-l-c.be\/fr\/wp-json\/wp\/v2\/users\/7"}],"replies":[{"embeddable":true,"href":"https:\/\/w-l-c.be\/fr\/wp-json\/wp\/v2\/comments?post=83773"}],"version-history":[{"count":0,"href":"https:\/\/w-l-c.be\/fr\/wp-json\/wp\/v2\/posts\/83773\/revisions"}],"wp:featuredmedia":[{"embeddable":true,"href":"https:\/\/w-l-c.be\/fr\/wp-json\/wp\/v2\/media\/83784"}],"wp:attachment":[{"href":"https:\/\/w-l-c.be\/fr\/wp-json\/wp\/v2\/media?parent=83773"}],"wp:term":[{"taxonomy":"category","embeddable":true,"href":"https:\/\/w-l-c.be\/fr\/wp-json\/wp\/v2\/categories?post=83773"},{"taxonomy":"post_tag","embeddable":true,"href":"https:\/\/w-l-c.be\/fr\/wp-json\/wp\/v2\/tags?post=83773"}],"curies":[{"name":"wp","href":"https:\/\/api.w.org\/{rel}","templated":true}]}}