
{"id":84022,"date":"2016-02-03T08:37:25","date_gmt":"2016-02-03T07:37:25","guid":{"rendered":"http:\/\/www.cinevox.be\/?p=84022"},"modified":"2016-02-03T09:38:30","modified_gmt":"2016-02-03T08:38:30","slug":"belgica-sort-en-france-avec-une-affiche-differente","status":"publish","type":"post","link":"https:\/\/w-l-c.be\/fr\/belgica-sort-en-france-avec-une-affiche-differente\/","title":{"rendered":"Belgica sort en France&#8230; avec une affiche diff\u00e9rente"},"content":{"rendered":"<p><em><strong>Belgica<\/strong><\/em><strong>, le nouveau film de Felix van Groeningen,<\/strong><strong> qui a remport\u00e9 r\u00e9cemment le prix de la Meilleure R\u00e9alisation au festival de Sundance, sera le premier film belge flamand \u00e0 sortir \u00e0 la m\u00eame date en Belgique et en France\u00a0: le 2 mars 2016.<\/strong><!--more--><\/p>\n<p>&nbsp;<\/p>\n<p>Apr\u00e8s le succ\u00e8s fran\u00e7ais du film pr\u00e9c\u00e9dent de Felix van Groeningen, <em>The broken circle breakdown <\/em>qui est sorti en France sous le titre <em>Alabama Monroe<\/em> et avait remport\u00e9 le C\u00e9sar du Meilleur Film Etranger, Pyramide Distribution a fait le choix de sortir <em>Belgica <\/em>\u00e0 la m\u00eame date que Kinepolis Film Distribution en Belgique. Il s\u2019agit d\u2019une grande premi\u00e8re pour un film belge flamand.<\/p>\n<p>Voici l\u2019affiche qui sera utilis\u00e9e en France. Comme vous le remarquerez elle est tr\u00e8s diff\u00e9rente de celle qui est utilis\u00e9e en Belgique!<\/p>\n<p>&nbsp;<\/p>\n<p><a href=\"http:\/\/www.cinevox.be\/wp-content\/uploads\/2016\/02\/aff-france.jpg\"><img loading=\"lazy\" decoding=\"async\" class=\"aligncenter  wp-image-84023\" src=\"http:\/\/www.cinevox.be\/wp-content\/uploads\/2016\/02\/aff-france-441x600.jpg\" alt=\"\" width=\"585\" height=\"796\" srcset=\"https:\/\/w-l-c.be\/wp-content\/uploads\/2016\/02\/aff-france-441x600.jpg 441w, https:\/\/w-l-c.be\/wp-content\/uploads\/2016\/02\/aff-france-198x270.jpg 198w, https:\/\/w-l-c.be\/wp-content\/uploads\/2016\/02\/aff-france.jpg 452w\" sizes=\"auto, (max-width: 585px) 100vw, 585px\" \/><\/a><\/p>\n","protected":false},"excerpt":{"rendered":"<p>Belgica, le nouveau film de Felix van Groeningen, qui a remport\u00e9 r\u00e9cemment le prix de la Meilleure R\u00e9alisation au festival de Sundance, sera le premier film belge flamand \u00e0 sortir \u00e0 la m\u00eame date en Belgique et en France\u00a0: le 2 mars 2016.<\/p>\n","protected":false},"author":7,"featured_media":84025,"comment_status":"closed","ping_status":"closed","sticky":false,"template":"","format":"standard","meta":{"ngg_post_thumbnail":0,"footnotes":""},"categories":[53],"tags":[],"class_list":["post-84022","post","type-post","status-publish","format-standard","has-post-thumbnail","","category-coming-soon"],"yoast_head":"<!-- This site is optimized with the Yoast SEO plugin v20.4 - https:\/\/yoast.com\/wordpress\/plugins\/seo\/ -->\n<title>Belgica sort en France... avec une affiche diff\u00e9rente - w-l-c<\/title>\n<meta name=\"robots\" content=\"noindex, follow, max-snippet:-1, max-image-preview:large, max-video-preview:-1\" \/>\n<meta property=\"og:locale\" content=\"fr_FR\" \/>\n<meta property=\"og:type\" content=\"article\" \/>\n<meta property=\"og:title\" content=\"Belgica sort en France... avec une affiche diff\u00e9rente - w-l-c\" \/>\n<meta property=\"og:description\" content=\"Belgica, le nouveau film de Felix van Groeningen, qui a remport\u00e9 r\u00e9cemment le prix de la Meilleure R\u00e9alisation au festival de Sundance, sera le premier film belge flamand \u00e0 sortir \u00e0 la m\u00eame date en Belgique et en France\u00a0: le 2 mars 2016.\" \/>\n<meta property=\"og:url\" content=\"https:\/\/w-l-c.be\/fr\/belgica-sort-en-france-avec-une-affiche-differente\/\" \/>\n<meta property=\"og:site_name\" content=\"w-l-c\" \/>\n<meta property=\"article:published_time\" content=\"2016-02-03T07:37:25+00:00\" \/>\n<meta property=\"article:modified_time\" content=\"2016-02-03T08:38:30+00:00\" \/>\n<meta property=\"og:image\" content=\"https:\/\/w-l-c.be\/wp-content\/uploads\/2016\/02\/10869763_617970778336391_8559259446517527205_o.jpg\" \/>\n\t<meta property=\"og:image:width\" content=\"1000\" \/>\n\t<meta property=\"og:image:height\" content=\"667\" \/>\n\t<meta property=\"og:image:type\" content=\"image\/jpeg\" \/>\n<meta name=\"author\" content=\"Philippe.Pierquin\" \/>\n<meta name=\"twitter:card\" content=\"summary_large_image\" \/>\n<meta name=\"twitter:label1\" content=\"\u00c9crit par\" \/>\n\t<meta name=\"twitter:data1\" content=\"Philippe.Pierquin\" \/>\n\t<meta name=\"twitter:label2\" content=\"Dur\u00e9e de lecture estim\u00e9e\" \/>\n\t<meta name=\"twitter:data2\" content=\"1 minute\" \/>\n<script type=\"application\/ld+json\" class=\"yoast-schema-graph\">{\"@context\":\"https:\/\/schema.org\",\"@graph\":[{\"@type\":\"WebPage\",\"@id\":\"https:\/\/w-l-c.be\/fr\/belgica-sort-en-france-avec-une-affiche-differente\/\",\"url\":\"https:\/\/w-l-c.be\/fr\/belgica-sort-en-france-avec-une-affiche-differente\/\",\"name\":\"Belgica sort en France... avec une affiche diff\u00e9rente - w-l-c\",\"isPartOf\":{\"@id\":\"https:\/\/w-l-c.be\/fr\/#website\"},\"datePublished\":\"2016-02-03T07:37:25+00:00\",\"dateModified\":\"2016-02-03T08:38:30+00:00\",\"author\":{\"@id\":\"https:\/\/w-l-c.be\/fr\/#\/schema\/person\/4b9b1d857f0943453a38a7c2859ef756\"},\"breadcrumb\":{\"@id\":\"https:\/\/w-l-c.be\/fr\/belgica-sort-en-france-avec-une-affiche-differente\/#breadcrumb\"},\"inLanguage\":\"fr-FR\",\"potentialAction\":[{\"@type\":\"ReadAction\",\"target\":[\"https:\/\/w-l-c.be\/fr\/belgica-sort-en-france-avec-une-affiche-differente\/\"]}]},{\"@type\":\"BreadcrumbList\",\"@id\":\"https:\/\/w-l-c.be\/fr\/belgica-sort-en-france-avec-une-affiche-differente\/#breadcrumb\",\"itemListElement\":[{\"@type\":\"ListItem\",\"position\":1,\"name\":\"Accueil\",\"item\":\"https:\/\/w-l-c.be\/fr\/\"},{\"@type\":\"ListItem\",\"position\":2,\"name\":\"Belgica sort en France&#8230; avec une affiche diff\u00e9rente\"}]},{\"@type\":\"WebSite\",\"@id\":\"https:\/\/w-l-c.be\/fr\/#website\",\"url\":\"https:\/\/w-l-c.be\/fr\/\",\"name\":\"w-l-c\",\"description\":\"Le cin\u00e9ma vu par les belges\",\"potentialAction\":[{\"@type\":\"SearchAction\",\"target\":{\"@type\":\"EntryPoint\",\"urlTemplate\":\"https:\/\/w-l-c.be\/fr\/?s={search_term_string}\"},\"query-input\":\"required name=search_term_string\"}],\"inLanguage\":\"fr-FR\"},{\"@type\":\"Person\",\"@id\":\"https:\/\/w-l-c.be\/fr\/#\/schema\/person\/4b9b1d857f0943453a38a7c2859ef756\",\"name\":\"Philippe.Pierquin\",\"url\":\"https:\/\/w-l-c.be\/fr\/author\/philippe-pierquin\/\"}]}<\/script>\n<!-- \/ Yoast SEO plugin. -->","yoast_head_json":{"title":"Belgica sort en France... avec une affiche diff\u00e9rente - w-l-c","robots":{"index":"noindex","follow":"follow","max-snippet":"max-snippet:-1","max-image-preview":"max-image-preview:large","max-video-preview":"max-video-preview:-1"},"og_locale":"fr_FR","og_type":"article","og_title":"Belgica sort en France... avec une affiche diff\u00e9rente - w-l-c","og_description":"Belgica, le nouveau film de Felix van Groeningen, qui a remport\u00e9 r\u00e9cemment le prix de la Meilleure R\u00e9alisation au festival de Sundance, sera le premier film belge flamand \u00e0 sortir \u00e0 la m\u00eame date en Belgique et en France\u00a0: le 2 mars 2016.","og_url":"https:\/\/w-l-c.be\/fr\/belgica-sort-en-france-avec-une-affiche-differente\/","og_site_name":"w-l-c","article_published_time":"2016-02-03T07:37:25+00:00","article_modified_time":"2016-02-03T08:38:30+00:00","og_image":[{"width":1000,"height":667,"url":"https:\/\/w-l-c.be\/wp-content\/uploads\/2016\/02\/10869763_617970778336391_8559259446517527205_o.jpg","type":"image\/jpeg"}],"author":"Philippe.Pierquin","twitter_card":"summary_large_image","twitter_misc":{"\u00c9crit par":"Philippe.Pierquin","Dur\u00e9e de lecture estim\u00e9e":"1 minute"},"schema":{"@context":"https:\/\/schema.org","@graph":[{"@type":"WebPage","@id":"https:\/\/w-l-c.be\/fr\/belgica-sort-en-france-avec-une-affiche-differente\/","url":"https:\/\/w-l-c.be\/fr\/belgica-sort-en-france-avec-une-affiche-differente\/","name":"Belgica sort en France... avec une affiche diff\u00e9rente - w-l-c","isPartOf":{"@id":"https:\/\/w-l-c.be\/fr\/#website"},"datePublished":"2016-02-03T07:37:25+00:00","dateModified":"2016-02-03T08:38:30+00:00","author":{"@id":"https:\/\/w-l-c.be\/fr\/#\/schema\/person\/4b9b1d857f0943453a38a7c2859ef756"},"breadcrumb":{"@id":"https:\/\/w-l-c.be\/fr\/belgica-sort-en-france-avec-une-affiche-differente\/#breadcrumb"},"inLanguage":"fr-FR","potentialAction":[{"@type":"ReadAction","target":["https:\/\/w-l-c.be\/fr\/belgica-sort-en-france-avec-une-affiche-differente\/"]}]},{"@type":"BreadcrumbList","@id":"https:\/\/w-l-c.be\/fr\/belgica-sort-en-france-avec-une-affiche-differente\/#breadcrumb","itemListElement":[{"@type":"ListItem","position":1,"name":"Accueil","item":"https:\/\/w-l-c.be\/fr\/"},{"@type":"ListItem","position":2,"name":"Belgica sort en France&#8230; avec une affiche diff\u00e9rente"}]},{"@type":"WebSite","@id":"https:\/\/w-l-c.be\/fr\/#website","url":"https:\/\/w-l-c.be\/fr\/","name":"w-l-c","description":"Le cin\u00e9ma vu par les belges","potentialAction":[{"@type":"SearchAction","target":{"@type":"EntryPoint","urlTemplate":"https:\/\/w-l-c.be\/fr\/?s={search_term_string}"},"query-input":"required name=search_term_string"}],"inLanguage":"fr-FR"},{"@type":"Person","@id":"https:\/\/w-l-c.be\/fr\/#\/schema\/person\/4b9b1d857f0943453a38a7c2859ef756","name":"Philippe.Pierquin","url":"https:\/\/w-l-c.be\/fr\/author\/philippe-pierquin\/"}]}},"_links":{"self":[{"href":"https:\/\/w-l-c.be\/fr\/wp-json\/wp\/v2\/posts\/84022","targetHints":{"allow":["GET"]}}],"collection":[{"href":"https:\/\/w-l-c.be\/fr\/wp-json\/wp\/v2\/posts"}],"about":[{"href":"https:\/\/w-l-c.be\/fr\/wp-json\/wp\/v2\/types\/post"}],"author":[{"embeddable":true,"href":"https:\/\/w-l-c.be\/fr\/wp-json\/wp\/v2\/users\/7"}],"replies":[{"embeddable":true,"href":"https:\/\/w-l-c.be\/fr\/wp-json\/wp\/v2\/comments?post=84022"}],"version-history":[{"count":0,"href":"https:\/\/w-l-c.be\/fr\/wp-json\/wp\/v2\/posts\/84022\/revisions"}],"wp:featuredmedia":[{"embeddable":true,"href":"https:\/\/w-l-c.be\/fr\/wp-json\/wp\/v2\/media\/84025"}],"wp:attachment":[{"href":"https:\/\/w-l-c.be\/fr\/wp-json\/wp\/v2\/media?parent=84022"}],"wp:term":[{"taxonomy":"category","embeddable":true,"href":"https:\/\/w-l-c.be\/fr\/wp-json\/wp\/v2\/categories?post=84022"},{"taxonomy":"post_tag","embeddable":true,"href":"https:\/\/w-l-c.be\/fr\/wp-json\/wp\/v2\/tags?post=84022"}],"curies":[{"name":"wp","href":"https:\/\/api.w.org\/{rel}","templated":true}]}}