
{"id":85755,"date":"2016-03-15T07:50:58","date_gmt":"2016-03-15T06:50:58","guid":{"rendered":"http:\/\/www.cinevox.be\/?p=85755"},"modified":"2017-05-16T19:49:33","modified_gmt":"2017-05-16T17:49:33","slug":"le-cinema-belge-a-lhonneur-au-festival-international-du-film-documentaire-millenium","status":"publish","type":"post","link":"https:\/\/w-l-c.be\/fr\/le-cinema-belge-a-lhonneur-au-festival-international-du-film-documentaire-millenium\/","title":{"rendered":"Le cin\u00e9ma belge \u00e0 l&rsquo;honneur au Festival International du film documentaire Millenium!"},"content":{"rendered":"<p>Le Festival International du Film Documentaire Millenium se d\u00e9roulera du 18 au 27 mars au Cin\u00e9ma Galeries, au Cin\u00e9ma Aventure, \u00e0 Bozar et au Civa. Il mettra \u00e0 l\u2019honneur plus de 60 films dont le point commun est la capacit\u00e9 de chaque individu de prendre son destin en main et de se r\u00e9approprier le monde dans lequel on vit.<\/p>\n<p>Les histoires pr\u00e9sent\u00e9es au Millenium sont celles d\u2019hommes et de femmes comme vous et moi : des protagonistes qui ont d\u00e9cid\u00e9 de prendre leur vie en main. D\u2019agir contre la fatalit\u00e9. \u00c0 un moment de leur vie, elles ont choisi d\u2019\u00eatre d\u00e9cideur. Parce que le monde dans lequel on vit ne nous appartient qu\u2019\u00e0 partir du moment o\u00f9 on l\u2019a d\u00e9cid\u00e9.<!--more--><\/p>\n<p>&nbsp;<\/p>\n<p>&nbsp;<\/p>\n<p>Des femmes qui prennent des risques pour offrir un instant de chaleur et un sac de vivres aux migrants en route vers les USA (<em>Llevate mis amores<\/em>). Un groupe de personnes aux confins de l\u2019Europe, sur l\u2019\u00eele de Lampedusa, qui lutte d\u00e9sesp\u00e9r\u00e9ment pour la solidarit\u00e9 avec les r\u00e9fugi\u00e9s africains (<em>Lampedusa in Winter<\/em>). Une chanteuse qui brave les interdits en Iran o\u00f9 les femmes n\u2019ont pas le droit de se produire en public (<em>No Land Song<\/em>). Un punk birman qui d\u00e9nonce les atteintes aux droits, la guerre civile et les pers\u00e9cutions des minorit\u00e9s ethniques \u00e0 travers la musique (<em>My buddha is punk<\/em>). Le destin singulier d\u2019un homme qui combat une puissante industrie au prix de sa libert\u00e9 : celle de l\u2019\u00e9vasion fiscale internationale (L&rsquo;homme qui voulait d\u00e9truire le secret bancaire). Un candidat \u00e0 l\u2019\u00e9lection pr\u00e9sidentielle colombienne, id\u00e9aliste et pr\u00eat \u00e0 sacrifier ses ambitions personnelles au nom de l\u2019int\u00e9r\u00eat g\u00e9n\u00e9ral (<em>Life is sacred<\/em>).<\/p>\n<p>&nbsp;<\/p>\n<p><a href=\"http:\/\/www.cinevox.be\/wp-content\/uploads\/2016\/03\/A_Leak_in_Paradise.jpg\"><img loading=\"lazy\" decoding=\"async\" class=\"aligncenter size-large wp-image-85764\" src=\"http:\/\/www.cinevox.be\/wp-content\/uploads\/2016\/03\/A_Leak_in_Paradise-800x450.jpg\" alt=\"\" width=\"640\" height=\"360\" srcset=\"https:\/\/w-l-c.be\/wp-content\/uploads\/2016\/03\/A_Leak_in_Paradise-800x450.jpg 800w, https:\/\/w-l-c.be\/wp-content\/uploads\/2016\/03\/A_Leak_in_Paradise-200x113.jpg 200w, https:\/\/w-l-c.be\/wp-content\/uploads\/2016\/03\/A_Leak_in_Paradise-480x270.jpg 480w, https:\/\/w-l-c.be\/wp-content\/uploads\/2016\/03\/A_Leak_in_Paradise-300x169.jpg 300w, https:\/\/w-l-c.be\/wp-content\/uploads\/2016\/03\/A_Leak_in_Paradise-620x350.jpg 620w, https:\/\/w-l-c.be\/wp-content\/uploads\/2016\/03\/A_Leak_in_Paradise.jpg 960w\" sizes=\"auto, (max-width: 640px) 100vw, 640px\" \/><\/a><\/p>\n<p>&nbsp;<\/p>\n<p>Le terme \u00ab\u00a0d\u00e9cideur\u00a0\u00bb est souvent r\u00e9serv\u00e9 \u00e0 une \u00e9lite, il se r\u00e9f\u00e8re \u00e0 ceux que l\u2019on a choisi et qui d\u00e9cident \u00e0 notre place. Le Festival Millenium propose de lui redonner tout son sens. Les documentaires pr\u00e9sent\u00e9s au festival montrent avec force et \u00e9motion que chacun a la capacit\u00e9 de poser des actes et qu\u2019au final, rien n\u2019est in\u00e9luctable et que nous sommes tous des d\u00e9cideurs. Un message aussi port\u00e9 par l\u2019\u00e9v\u00e9nement de l\u2019ann\u00e9e en termes de docus\u00a0qui semble inspirer tant de monde : <em>Demain.<\/em><\/p>\n<p>&nbsp;<\/p>\n<p>Dans la foul\u00e9e, le Millenium entreprend de d\u00e9crypter le monde dans toute sa complexit\u00e9, qu\u2019il aille \u00e0 la rencontre d\u2019un couple d\u2019exil\u00e9s syriens dans <em>A Syrian Love Story<\/em>, de Sean McAllister, un habitu\u00e9 de la manifestation, ou qu\u2019il questionne les syst\u00e8mes de surveillance dans <em>A Good American<\/em>, de Friedrich Moser. Et puisque demain, c\u2019est d\u00e9j\u00e0 aujourd\u2019hui, il fait aussi une large part aux jeunes tentant d\u2019influer sur leur avenir, au c\u0153ur de nombreux films, sans oublier la comp\u00e9tition qui leur est d\u00e9di\u00e9e. Ces moments, ce sont quelques illustrations de ce que le Festival Millenium nous r\u00e9serve<\/p>\n<p>&nbsp;<\/p>\n<p>Comme d\u2019habitude, le festival fera aussi la part belle au cin\u00e9ma belge. Les r\u00e9alisateurs seront pr\u00e9sents en force pour parler de leur film et aller \u00e0 la rencontre du public. De nombreux films produits chez nous seront \u00e0 d\u00e9couvrir au festival, souvent en Premi\u00e8re belge.<\/p>\n<p>&nbsp;<\/p>\n<p>&nbsp;<\/p>\n<h2><em>A Leak In Paradise<\/em><\/h2>\n<p>de DAVID LELOUP &#8211; 73&prime; &#8211; Belgique 2015<\/p>\n<p>Projection : samedi 19 mars \u00e0 18H15 au Cin\u00e9ma Galeries en pr\u00e9sence du r\u00e9alisateur du et protagoniste du film, Rudolf Elmer &#8211; sortie en salle le 23 mars!<\/p>\n<p>\u00ab\u00a0L&rsquo;homme qui voulait d\u00e9truire le secret bancaire\u00a0\u00bb de David Leloup (Medor), retrace l\u2019histoire incroyable de Rudolf Elmer, un ex-banquier suisse pionnier des fuites de donn\u00e9es bancaires sur Internet qui en paie le prix fort.<\/p>\n<p>&nbsp;<\/p>\n<p><iframe loading=\"lazy\" src=\"https:\/\/player.vimeo.com\/video\/156580254\" width=\"620\" height=\"347\" frameborder=\"0\" allowfullscreen=\"allowfullscreen\"><\/iframe><\/p>\n<p>&nbsp;<\/p>\n<h2><em>Eurovillage<\/em><\/h2>\n<p>de FRANCOIS PIROT &#8211; 71&prime; &#8211; Belgique 2015<\/p>\n<p>Projection : mardi 22 mars \u00e0 19H30 au Cin\u00e9ma Aventure en pr\u00e9sence du r\u00e9alisateur<\/p>\n<p>Eurovillage, un village de vacances isol\u00e9 au milieu de la for\u00eat ardennaise converti en centre d&rsquo;accueil pour demandeurs d&rsquo;asile. Vont-ils oui ou non obtenir l&rsquo;autorisation de rester sur le territoire belge?<\/p>\n<p>&nbsp;<\/p>\n<p><iframe loading=\"lazy\" src=\"https:\/\/player.vimeo.com\/video\/157440281\" width=\"620\" height=\"347\" frameborder=\"0\" allowfullscreen=\"allowfullscreen\"><\/iframe><\/p>\n<p>&nbsp;<\/p>\n<h2><em>Guru, une Famille Hijra<\/em><\/h2>\n<p>de LAURIE COLSON &amp; AXELLE LE DAUPHIN &#8211; 75&prime; &#8211; Belgique 2015<\/p>\n<p>Projection : mercredi 23 mars \u00e0 19H30 au Cin\u00e9ma Aventure en pr\u00e9sence des deux r\u00e9alisatrices<\/p>\n<p>Apr\u00e8s une \u00e9masculation sacrificielle, les Hijras d&rsquo;Inde deviennent les v\u00e9hicules des pouvoirs de la d\u00e9esse Bahuchara Mata et ont le pouvoir de b\u00e9nir et maudire la population. A la fois craintes et m\u00e9pris\u00e9es, leur vie au quotidien r\u00e9v\u00e8le une autre histoire.<br \/>\n<iframe loading=\"lazy\" src=\"https:\/\/player.vimeo.com\/video\/156580268\" width=\"620\" height=\"347\" frameborder=\"0\" allowfullscreen=\"allowfullscreen\"><\/iframe><\/p>\n<p>&nbsp;<\/p>\n<h2><em>La Chambre Vide<\/em><\/h2>\n<p>de JASNA KRAJINOVIC &#8211; 58&prime; &#8211; Belgique 2016<\/p>\n<p>Projection : dimanche 20 mars \u00e0 19H00 au Cin\u00e9ma Aventure en pr\u00e9sence de la r\u00e9alisatrice<\/p>\n<p>Jasna Krajinovic suit la famille de Sabri, jeune gar\u00e7on parti \u00ab\u00a0faire le djihad\u00a0\u00bb en Syrie. Le film montre avec brio le d\u00e9sarroi des parents impuissants. Brulant d&rsquo;actualit\u00e9.<\/p>\n<p>&nbsp;<\/p>\n<p><iframe loading=\"lazy\" src=\"https:\/\/player.vimeo.com\/video\/156580300\" width=\"620\" height=\"347\" frameborder=\"0\" allowfullscreen=\"allowfullscreen\"><\/iframe><\/p>\n<p>&nbsp;<\/p>\n<h2><em>Reveka<\/em><\/h2>\n<p>de BENJAMIN COLAUX &amp; CHRISTOPHER YATES &#8211; 76&prime; &#8211; Belgique 2015<\/p>\n<p>Projection : dimanche 20 mars et le mardi 22 mars \u00e0 14H00 au Cin\u00e9ma Galeries<\/p>\n<p>Un conte sur le courage et l&rsquo;amour au coeur d&rsquo;une des plus vieilles mines boliviennes.<br \/>\n<iframe loading=\"lazy\" src=\"https:\/\/player.vimeo.com\/video\/156580377\" width=\"620\" height=\"347\" frameborder=\"0\" allowfullscreen=\"allowfullscreen\"><\/iframe><\/p>\n<p>&nbsp;<\/p>\n<h2><em>Vers une Inconditionnelle Libert\u00e9<\/em><\/h2>\n<p>de SERGE CHALLON &#8211; 56&prime; &#8211; Belgique, France 2015<\/p>\n<p>Projection : vendredi 25 mars \u00e0 18H au CIVA en pr\u00e9sence du r\u00e9alisateur et du protagoniste du film, Jean-Marc Mahy<\/p>\n<p>Plongez dans les six derniers mois de libert\u00e9 conditionnelle de Jean-Marc Mahy, Serge Challon nous fait d\u00e9couvrir des passages comment\u00e9s de la pi\u00e8ce de th\u00e9\u00e2tre \u00ab\u00a0Un Homme Debout\u00a0\u00bb.<\/p>\n<p>&nbsp;<\/p>\n<p><iframe loading=\"lazy\" src=\"https:\/\/player.vimeo.com\/video\/156580408\" width=\"620\" height=\"347\" frameborder=\"0\" allowfullscreen=\"allowfullscreen\"><\/iframe><\/p>\n<p>&nbsp;<\/p>\n<h2><strong>La journ\u00e9e du jeune cin\u00e9ma belge<\/strong><\/h2>\n<p>&nbsp;<\/p>\n<p>Une journ\u00e9e enti\u00e8re \u00e0 l&rsquo;attention des jeunes r\u00e9alisateurs belges de documentaires, c&rsquo;est ce que propose le Festival Millenium le samedi 19 mars au CIVA. Les jeunes r\u00e9alisateurs pourront participer \u00e0 diff\u00e9rents ateliers sur la production documentaire en F\u00e9d\u00e9ration Wallonie-Bruxelles et rencontrer des professionnels cl\u00e9s du secteur.<\/p>\n<p>&nbsp;<\/p>\n<p>Programme complet et inscription <a href=\"http:\/\/www.festivalmillenium.org\/fr\/journee-du-jeune-cinema-belge\">ICI<\/a><\/p>\n<p>&nbsp;<\/p>\n<p>A l&rsquo;issue de cette journ\u00e9e, une projection ouverte au public sera organis\u00e9e avec la pr\u00e9sentation de 4 documentaires, pour la plupart des premi\u00e8res \u0153uvres :<\/p>\n<p>&nbsp;<\/p>\n<h2><em>Ayan and the White Balloon<\/em><\/h2>\n<p>de VIDA DENA &#8211; 26&prime; &#8211; Belgique 2015<\/p>\n<p>Lors du retour de Ballon Blanc en Iran, ses amis refusent de jouer dans son film et lui reprochent de reproduire un st\u00e9r\u00e9otype europ\u00e9en. Face \u00e0 cette r\u00e9ticence, elle se bat avec sa meilleure amie Ayan.<\/p>\n<p>&nbsp;<\/p>\n<h2><em>Les Visites<\/em><\/h2>\n<p>de CLEMENT ABBEY &#8211; 40&prime; &#8211; Belgique 2014<\/p>\n<p>Genevi\u00e8ve, m\u00e9decin de famille dans un petit village en Ardenne belge, se retrouve \u00eatre \u00e0 la fois le docteur mais aussi le t\u00e9moin intime de ses patients.<\/p>\n<p>&nbsp;<\/p>\n<h2><em>Matong\u00e9<\/em><\/h2>\n<p>de KARINE BIRGE &#8211; 13&prime; &#8211; Belgique 2015<\/p>\n<p>Suivez la vie de Madame Chapeau, derni\u00e8re commer\u00e7ante \u00ab\u00a0belgo-blanche\u00a0\u00bb, \u00e0 Matong\u00e9.<\/p>\n<p>&nbsp;<\/p>\n<p><a href=\"http:\/\/www.cinevox.be\/wp-content\/uploads\/2016\/03\/matonge_madamechapeau.jpg\"><img loading=\"lazy\" decoding=\"async\" class=\"aligncenter size-full wp-image-85758\" src=\"http:\/\/www.cinevox.be\/wp-content\/uploads\/2016\/03\/matonge_madamechapeau.jpg\" alt=\"\" width=\"800\" height=\"450\" srcset=\"https:\/\/w-l-c.be\/wp-content\/uploads\/2016\/03\/matonge_madamechapeau.jpg 800w, https:\/\/w-l-c.be\/wp-content\/uploads\/2016\/03\/matonge_madamechapeau-200x113.jpg 200w, https:\/\/w-l-c.be\/wp-content\/uploads\/2016\/03\/matonge_madamechapeau-480x270.jpg 480w, https:\/\/w-l-c.be\/wp-content\/uploads\/2016\/03\/matonge_madamechapeau-300x169.jpg 300w, https:\/\/w-l-c.be\/wp-content\/uploads\/2016\/03\/matonge_madamechapeau-620x350.jpg 620w\" sizes=\"auto, (max-width: 800px) 100vw, 800px\" \/><\/a><\/p>\n<p>&nbsp;<\/p>\n<h2><em>Papiers d&rsquo;Arm\u00e9nie<\/em><\/h2>\n<p>d&rsquo;ORNELLA MACCHIA &#8211; 6&prime; &#8211; Belgique 2015<\/p>\n<p>Un documentaire ludique et innovateur guid\u00e9 par des oiseaux qui nous emm\u00e8nent jusqu&rsquo;en Arm\u00e9nie.<\/p>\n<p>&nbsp;<\/p>\n<p><a href=\"http:\/\/www.cinevox.be\/wp-content\/uploads\/2016\/03\/profile_picture_hd_21.jpg\"><img loading=\"lazy\" decoding=\"async\" class=\"aligncenter size-full wp-image-85761\" src=\"http:\/\/www.cinevox.be\/wp-content\/uploads\/2016\/03\/profile_picture_hd_21.jpg\" alt=\"\" width=\"500\" height=\"312\" srcset=\"https:\/\/w-l-c.be\/wp-content\/uploads\/2016\/03\/profile_picture_hd_21.jpg 500w, https:\/\/w-l-c.be\/wp-content\/uploads\/2016\/03\/profile_picture_hd_21-432x270.jpg 432w\" sizes=\"auto, (max-width: 500px) 100vw, 500px\" \/><\/a><\/p>\n<p>&nbsp;<\/p>\n<p>&nbsp;<\/p>\n<p>La programmation globale du festival est articul\u00e9e en diff\u00e9rentes sections\u00a0:<\/p>\n<p>&nbsp;<\/p>\n<ul>\n<li>La comp\u00e9tition internationale r\u00e9unit 12 films parmi les meilleurs documentaires de l\u2019ann\u00e9e \u00e9coul\u00e9e, concourant \u00e0 \u00ab L\u2019objectif d\u2019or \u00bb qui sera d\u00e9cern\u00e9 par le jury<\/li>\n<li>La comp\u00e9tition \u00ab Travailleurs du monde \u00bb reprend les films les plus marquants touchant aux questions li\u00e9es au travail.<\/li>\n<li>La comp\u00e9tition \u00ab Vision jeune \u00bb porte sur une s\u00e9lection de films offrant \u00e0 un jury \u00ab jeunes \u00bb l\u2019occasion de d\u00e9battre de leur avenir et de leur place dans le monde.<\/li>\n<li>La comp\u00e9tition du Web documentaire<\/li>\n<li>La Journ\u00e9e des jeunes r\u00e9alisateurs belges offre \u00e0 de jeunes documentaristes la possibilit\u00e9 de faire leurs premi\u00e8res armes en festival.<\/li>\n<li>La master class \u00ab The solitary life of the documentary filmmaker \u00bb de Sean McAlister qui abordera le processus de cr\u00e9ation d\u2019un documentaire.<\/li>\n<li>Les panoramas \u00ab Dans quel monde on vit \u00bb et \u00ab Conna\u00eetre l\u2019autre \u00bb r\u00e9unissent des documentaires qui tentent de r\u00e9pondre aux d\u00e9fis majeurs de notre soci\u00e9t\u00e9 et qui permettent de mieux comprendre le monde dans lequel on vit.<\/li>\n<li>Les Millenium Web-doc Meetings pr\u00e9sentent les meilleurs web-documentaires vus sur la toile, analys\u00e9s et d\u00e9crypt\u00e9s par leurs auteurs.<\/li>\n<li>La master class de Matthieu Lietaert permet de comprendre en 48 heures les bases de la cr\u00e9ation web.<\/li>\n<\/ul>\n<p>&nbsp;<\/p>\n<p>&nbsp;<\/p>\n<p>Pour toutes les infos et le programme complet, allez faire un tour sur le site officiel tr\u00e8s complet <a href=\"http:\/\/www.festivalmillenium.org\/\">ICI<\/a><\/p>\n","protected":false},"excerpt":{"rendered":"<p>Le Festival International du Film Documentaire Millenium se d\u00e9roulera du 18 au 27 mars au Cin\u00e9ma Galeries, au Cin\u00e9ma Aventure, \u00e0 Bozar et au Civa. Il mettra \u00e0 l\u2019honneur plus de 60 films dont le point commun est la capacit\u00e9 de chaque individu de prendre son destin en main et de se r\u00e9approprier le monde &hellip;<\/p>\n","protected":false},"author":7,"featured_media":85763,"comment_status":"closed","ping_status":"closed","sticky":false,"template":"","format":"standard","meta":{"ngg_post_thumbnail":0,"footnotes":""},"categories":[12,7],"tags":[],"class_list":["post-85755","post","type-post","status-publish","format-standard","has-post-thumbnail","","category-awards","category-actualites"],"yoast_head":"<!-- This site is optimized with the Yoast SEO plugin v20.4 - https:\/\/yoast.com\/wordpress\/plugins\/seo\/ -->\n<title>Le cin\u00e9ma belge \u00e0 l&#039;honneur au Festival International du film documentaire Millenium! - w-l-c<\/title>\n<meta name=\"robots\" content=\"noindex, follow, max-snippet:-1, max-image-preview:large, max-video-preview:-1\" \/>\n<meta property=\"og:locale\" content=\"fr_FR\" \/>\n<meta property=\"og:type\" content=\"article\" \/>\n<meta property=\"og:title\" content=\"Le cin\u00e9ma belge \u00e0 l&#039;honneur au Festival International du film documentaire Millenium! - w-l-c\" \/>\n<meta property=\"og:description\" content=\"Le Festival International du Film Documentaire Millenium se d\u00e9roulera du 18 au 27 mars au Cin\u00e9ma Galeries, au Cin\u00e9ma Aventure, \u00e0 Bozar et au Civa. Il mettra \u00e0 l\u2019honneur plus de 60 films dont le point commun est la capacit\u00e9 de chaque individu de prendre son destin en main et de se r\u00e9approprier le monde &hellip;\" \/>\n<meta property=\"og:url\" content=\"https:\/\/w-l-c.be\/fr\/le-cinema-belge-a-lhonneur-au-festival-international-du-film-documentaire-millenium\/\" \/>\n<meta property=\"og:site_name\" content=\"w-l-c\" \/>\n<meta property=\"article:published_time\" content=\"2016-03-15T06:50:58+00:00\" \/>\n<meta property=\"article:modified_time\" content=\"2017-05-16T17:49:33+00:00\" \/>\n<meta property=\"og:image\" content=\"https:\/\/w-l-c.be\/wp-content\/uploads\/2016\/03\/561918f13a2832726ec7f2e16ecd76c1-1456317521.jpg\" \/>\n\t<meta property=\"og:image:width\" content=\"370\" \/>\n\t<meta property=\"og:image:height\" content=\"208\" \/>\n\t<meta property=\"og:image:type\" content=\"image\/jpeg\" \/>\n<meta name=\"author\" content=\"Philippe.Pierquin\" \/>\n<meta name=\"twitter:card\" content=\"summary_large_image\" \/>\n<meta name=\"twitter:label1\" content=\"\u00c9crit par\" \/>\n\t<meta name=\"twitter:data1\" content=\"Philippe.Pierquin\" \/>\n\t<meta name=\"twitter:label2\" content=\"Dur\u00e9e de lecture estim\u00e9e\" \/>\n\t<meta name=\"twitter:data2\" content=\"7 minutes\" \/>\n<script type=\"application\/ld+json\" class=\"yoast-schema-graph\">{\"@context\":\"https:\/\/schema.org\",\"@graph\":[{\"@type\":\"WebPage\",\"@id\":\"https:\/\/w-l-c.be\/fr\/le-cinema-belge-a-lhonneur-au-festival-international-du-film-documentaire-millenium\/\",\"url\":\"https:\/\/w-l-c.be\/fr\/le-cinema-belge-a-lhonneur-au-festival-international-du-film-documentaire-millenium\/\",\"name\":\"Le cin\u00e9ma belge \u00e0 l'honneur au Festival International du film documentaire Millenium! - w-l-c\",\"isPartOf\":{\"@id\":\"https:\/\/w-l-c.be\/fr\/#website\"},\"datePublished\":\"2016-03-15T06:50:58+00:00\",\"dateModified\":\"2017-05-16T17:49:33+00:00\",\"author\":{\"@id\":\"https:\/\/w-l-c.be\/fr\/#\/schema\/person\/4b9b1d857f0943453a38a7c2859ef756\"},\"breadcrumb\":{\"@id\":\"https:\/\/w-l-c.be\/fr\/le-cinema-belge-a-lhonneur-au-festival-international-du-film-documentaire-millenium\/#breadcrumb\"},\"inLanguage\":\"fr-FR\",\"potentialAction\":[{\"@type\":\"ReadAction\",\"target\":[\"https:\/\/w-l-c.be\/fr\/le-cinema-belge-a-lhonneur-au-festival-international-du-film-documentaire-millenium\/\"]}]},{\"@type\":\"BreadcrumbList\",\"@id\":\"https:\/\/w-l-c.be\/fr\/le-cinema-belge-a-lhonneur-au-festival-international-du-film-documentaire-millenium\/#breadcrumb\",\"itemListElement\":[{\"@type\":\"ListItem\",\"position\":1,\"name\":\"Accueil\",\"item\":\"https:\/\/w-l-c.be\/fr\/\"},{\"@type\":\"ListItem\",\"position\":2,\"name\":\"Le cin\u00e9ma belge \u00e0 l&rsquo;honneur au Festival International du film documentaire Millenium!\"}]},{\"@type\":\"WebSite\",\"@id\":\"https:\/\/w-l-c.be\/fr\/#website\",\"url\":\"https:\/\/w-l-c.be\/fr\/\",\"name\":\"w-l-c\",\"description\":\"Le cin\u00e9ma vu par les belges\",\"potentialAction\":[{\"@type\":\"SearchAction\",\"target\":{\"@type\":\"EntryPoint\",\"urlTemplate\":\"https:\/\/w-l-c.be\/fr\/?s={search_term_string}\"},\"query-input\":\"required name=search_term_string\"}],\"inLanguage\":\"fr-FR\"},{\"@type\":\"Person\",\"@id\":\"https:\/\/w-l-c.be\/fr\/#\/schema\/person\/4b9b1d857f0943453a38a7c2859ef756\",\"name\":\"Philippe.Pierquin\",\"url\":\"https:\/\/w-l-c.be\/fr\/author\/philippe-pierquin\/\"}]}<\/script>\n<!-- \/ Yoast SEO plugin. -->","yoast_head_json":{"title":"Le cin\u00e9ma belge \u00e0 l'honneur au Festival International du film documentaire Millenium! - w-l-c","robots":{"index":"noindex","follow":"follow","max-snippet":"max-snippet:-1","max-image-preview":"max-image-preview:large","max-video-preview":"max-video-preview:-1"},"og_locale":"fr_FR","og_type":"article","og_title":"Le cin\u00e9ma belge \u00e0 l'honneur au Festival International du film documentaire Millenium! - w-l-c","og_description":"Le Festival International du Film Documentaire Millenium se d\u00e9roulera du 18 au 27 mars au Cin\u00e9ma Galeries, au Cin\u00e9ma Aventure, \u00e0 Bozar et au Civa. Il mettra \u00e0 l\u2019honneur plus de 60 films dont le point commun est la capacit\u00e9 de chaque individu de prendre son destin en main et de se r\u00e9approprier le monde &hellip;","og_url":"https:\/\/w-l-c.be\/fr\/le-cinema-belge-a-lhonneur-au-festival-international-du-film-documentaire-millenium\/","og_site_name":"w-l-c","article_published_time":"2016-03-15T06:50:58+00:00","article_modified_time":"2017-05-16T17:49:33+00:00","og_image":[{"width":370,"height":208,"url":"https:\/\/w-l-c.be\/wp-content\/uploads\/2016\/03\/561918f13a2832726ec7f2e16ecd76c1-1456317521.jpg","type":"image\/jpeg"}],"author":"Philippe.Pierquin","twitter_card":"summary_large_image","twitter_misc":{"\u00c9crit par":"Philippe.Pierquin","Dur\u00e9e de lecture estim\u00e9e":"7 minutes"},"schema":{"@context":"https:\/\/schema.org","@graph":[{"@type":"WebPage","@id":"https:\/\/w-l-c.be\/fr\/le-cinema-belge-a-lhonneur-au-festival-international-du-film-documentaire-millenium\/","url":"https:\/\/w-l-c.be\/fr\/le-cinema-belge-a-lhonneur-au-festival-international-du-film-documentaire-millenium\/","name":"Le cin\u00e9ma belge \u00e0 l'honneur au Festival International du film documentaire Millenium! - w-l-c","isPartOf":{"@id":"https:\/\/w-l-c.be\/fr\/#website"},"datePublished":"2016-03-15T06:50:58+00:00","dateModified":"2017-05-16T17:49:33+00:00","author":{"@id":"https:\/\/w-l-c.be\/fr\/#\/schema\/person\/4b9b1d857f0943453a38a7c2859ef756"},"breadcrumb":{"@id":"https:\/\/w-l-c.be\/fr\/le-cinema-belge-a-lhonneur-au-festival-international-du-film-documentaire-millenium\/#breadcrumb"},"inLanguage":"fr-FR","potentialAction":[{"@type":"ReadAction","target":["https:\/\/w-l-c.be\/fr\/le-cinema-belge-a-lhonneur-au-festival-international-du-film-documentaire-millenium\/"]}]},{"@type":"BreadcrumbList","@id":"https:\/\/w-l-c.be\/fr\/le-cinema-belge-a-lhonneur-au-festival-international-du-film-documentaire-millenium\/#breadcrumb","itemListElement":[{"@type":"ListItem","position":1,"name":"Accueil","item":"https:\/\/w-l-c.be\/fr\/"},{"@type":"ListItem","position":2,"name":"Le cin\u00e9ma belge \u00e0 l&rsquo;honneur au Festival International du film documentaire Millenium!"}]},{"@type":"WebSite","@id":"https:\/\/w-l-c.be\/fr\/#website","url":"https:\/\/w-l-c.be\/fr\/","name":"w-l-c","description":"Le cin\u00e9ma vu par les belges","potentialAction":[{"@type":"SearchAction","target":{"@type":"EntryPoint","urlTemplate":"https:\/\/w-l-c.be\/fr\/?s={search_term_string}"},"query-input":"required name=search_term_string"}],"inLanguage":"fr-FR"},{"@type":"Person","@id":"https:\/\/w-l-c.be\/fr\/#\/schema\/person\/4b9b1d857f0943453a38a7c2859ef756","name":"Philippe.Pierquin","url":"https:\/\/w-l-c.be\/fr\/author\/philippe-pierquin\/"}]}},"_links":{"self":[{"href":"https:\/\/w-l-c.be\/fr\/wp-json\/wp\/v2\/posts\/85755","targetHints":{"allow":["GET"]}}],"collection":[{"href":"https:\/\/w-l-c.be\/fr\/wp-json\/wp\/v2\/posts"}],"about":[{"href":"https:\/\/w-l-c.be\/fr\/wp-json\/wp\/v2\/types\/post"}],"author":[{"embeddable":true,"href":"https:\/\/w-l-c.be\/fr\/wp-json\/wp\/v2\/users\/7"}],"replies":[{"embeddable":true,"href":"https:\/\/w-l-c.be\/fr\/wp-json\/wp\/v2\/comments?post=85755"}],"version-history":[{"count":0,"href":"https:\/\/w-l-c.be\/fr\/wp-json\/wp\/v2\/posts\/85755\/revisions"}],"wp:featuredmedia":[{"embeddable":true,"href":"https:\/\/w-l-c.be\/fr\/wp-json\/wp\/v2\/media\/85763"}],"wp:attachment":[{"href":"https:\/\/w-l-c.be\/fr\/wp-json\/wp\/v2\/media?parent=85755"}],"wp:term":[{"taxonomy":"category","embeddable":true,"href":"https:\/\/w-l-c.be\/fr\/wp-json\/wp\/v2\/categories?post=85755"},{"taxonomy":"post_tag","embeddable":true,"href":"https:\/\/w-l-c.be\/fr\/wp-json\/wp\/v2\/tags?post=85755"}],"curies":[{"name":"wp","href":"https:\/\/api.w.org\/{rel}","templated":true}]}}