
{"id":86462,"date":"2016-04-14T15:39:53","date_gmt":"2016-04-14T13:39:53","guid":{"rendered":"http:\/\/www.cinevox.be\/?p=86462"},"modified":"2016-04-11T15:41:51","modified_gmt":"2016-04-11T13:41:51","slug":"home-cinema-n26-guillaume-senez-savina-dellicour-manu-dacosse","status":"publish","type":"post","link":"https:\/\/w-l-c.be\/fr\/home-cinema-n26-guillaume-senez-savina-dellicour-manu-dacosse\/","title":{"rendered":"Home Cin\u00e9ma n\u00b026 &#8211; Guillaume Senez, Savina Dellicour et Manu Dacosse"},"content":{"rendered":"<p>Dans l&rsquo;\u00e9mission Home Cin\u00e9ma du dimanche 27 mars 2016, Fabrice Du Welz accueille le r\u00e9alisateur Guillaume Senez pour KEEPER et la r\u00e9alisatrice Savina Dellicour pour TOUS LES CHATS SONT GRIS.<\/p>\n<p>Il re\u00e7oit \u00e9galement le directeur de la photographie, Manu Dacosse qui a re\u00e7u le Magritte de la meilleure photo pour la deuxi\u00e8me ann\u00e9e cons\u00e9cutive.<\/p>\n","protected":false},"excerpt":{"rendered":"<p>Dans l&rsquo;\u00e9mission Home Cin\u00e9ma du dimanche 27 mars 2016, Fabrice Du Welz accueille le r\u00e9alisateur Guillaume Senez pour KEEPER et la r\u00e9alisatrice Savina Dellicour pour TOUS LES CHATS SONT GRIS. Il re\u00e7oit \u00e9galement le directeur de la photographie, Manu Dacosse qui a re\u00e7u le Magritte de la meilleure photo pour la deuxi\u00e8me ann\u00e9e cons\u00e9cutive.<\/p>\n","protected":false},"author":7,"featured_media":86463,"comment_status":"closed","ping_status":"closed","sticky":false,"template":"","format":"standard","meta":{"ngg_post_thumbnail":0,"footnotes":""},"categories":[1923],"tags":[],"class_list":["post-86462","post","type-post","status-publish","format-standard","has-post-thumbnail","","category-en-bref"],"yoast_head":"<!-- This site is optimized with the Yoast SEO plugin v20.4 - https:\/\/yoast.com\/wordpress\/plugins\/seo\/ -->\n<title>Home Cin\u00e9ma n\u00b026 - Guillaume Senez, Savina Dellicour et Manu Dacosse  - w-l-c<\/title>\n<meta name=\"robots\" content=\"noindex, follow, max-snippet:-1, max-image-preview:large, max-video-preview:-1\" \/>\n<meta property=\"og:locale\" content=\"fr_FR\" \/>\n<meta property=\"og:type\" content=\"article\" \/>\n<meta property=\"og:title\" content=\"Home Cin\u00e9ma n\u00b026 - Guillaume Senez, Savina Dellicour et Manu Dacosse  - w-l-c\" \/>\n<meta property=\"og:description\" content=\"Dans l&rsquo;\u00e9mission Home Cin\u00e9ma du dimanche 27 mars 2016, Fabrice Du Welz accueille le r\u00e9alisateur Guillaume Senez pour KEEPER et la r\u00e9alisatrice Savina Dellicour pour TOUS LES CHATS SONT GRIS. Il re\u00e7oit \u00e9galement le directeur de la photographie, Manu Dacosse qui a re\u00e7u le Magritte de la meilleure photo pour la deuxi\u00e8me ann\u00e9e cons\u00e9cutive.\" \/>\n<meta property=\"og:url\" content=\"https:\/\/w-l-c.be\/fr\/home-cinema-n26-guillaume-senez-savina-dellicour-manu-dacosse\/\" \/>\n<meta property=\"og:site_name\" content=\"w-l-c\" \/>\n<meta property=\"article:published_time\" content=\"2016-04-14T13:39:53+00:00\" \/>\n<meta property=\"article:modified_time\" content=\"2016-04-11T13:41:51+00:00\" \/>\n<meta property=\"og:image\" content=\"https:\/\/w-l-c.be\/wp-content\/uploads\/2016\/04\/2016-04-11_15h38_14.jpg\" \/>\n\t<meta property=\"og:image:width\" content=\"1260\" \/>\n\t<meta property=\"og:image:height\" content=\"667\" \/>\n\t<meta property=\"og:image:type\" content=\"image\/jpeg\" \/>\n<meta name=\"author\" content=\"Philippe.Pierquin\" \/>\n<meta name=\"twitter:card\" content=\"summary_large_image\" \/>\n<meta name=\"twitter:label1\" content=\"\u00c9crit par\" \/>\n\t<meta name=\"twitter:data1\" content=\"Philippe.Pierquin\" \/>\n<script type=\"application\/ld+json\" class=\"yoast-schema-graph\">{\"@context\":\"https:\/\/schema.org\",\"@graph\":[{\"@type\":\"WebPage\",\"@id\":\"https:\/\/w-l-c.be\/fr\/home-cinema-n26-guillaume-senez-savina-dellicour-manu-dacosse\/\",\"url\":\"https:\/\/w-l-c.be\/fr\/home-cinema-n26-guillaume-senez-savina-dellicour-manu-dacosse\/\",\"name\":\"Home Cin\u00e9ma n\u00b026 - Guillaume Senez, Savina Dellicour et Manu Dacosse - w-l-c\",\"isPartOf\":{\"@id\":\"https:\/\/w-l-c.be\/fr\/#website\"},\"datePublished\":\"2016-04-14T13:39:53+00:00\",\"dateModified\":\"2016-04-11T13:41:51+00:00\",\"author\":{\"@id\":\"https:\/\/w-l-c.be\/fr\/#\/schema\/person\/4b9b1d857f0943453a38a7c2859ef756\"},\"breadcrumb\":{\"@id\":\"https:\/\/w-l-c.be\/fr\/home-cinema-n26-guillaume-senez-savina-dellicour-manu-dacosse\/#breadcrumb\"},\"inLanguage\":\"fr-FR\",\"potentialAction\":[{\"@type\":\"ReadAction\",\"target\":[\"https:\/\/w-l-c.be\/fr\/home-cinema-n26-guillaume-senez-savina-dellicour-manu-dacosse\/\"]}]},{\"@type\":\"BreadcrumbList\",\"@id\":\"https:\/\/w-l-c.be\/fr\/home-cinema-n26-guillaume-senez-savina-dellicour-manu-dacosse\/#breadcrumb\",\"itemListElement\":[{\"@type\":\"ListItem\",\"position\":1,\"name\":\"Accueil\",\"item\":\"https:\/\/w-l-c.be\/fr\/\"},{\"@type\":\"ListItem\",\"position\":2,\"name\":\"Home Cin\u00e9ma n\u00b026 &#8211; Guillaume Senez, Savina Dellicour et Manu Dacosse\"}]},{\"@type\":\"WebSite\",\"@id\":\"https:\/\/w-l-c.be\/fr\/#website\",\"url\":\"https:\/\/w-l-c.be\/fr\/\",\"name\":\"w-l-c\",\"description\":\"Le cin\u00e9ma vu par les belges\",\"potentialAction\":[{\"@type\":\"SearchAction\",\"target\":{\"@type\":\"EntryPoint\",\"urlTemplate\":\"https:\/\/w-l-c.be\/fr\/?s={search_term_string}\"},\"query-input\":\"required name=search_term_string\"}],\"inLanguage\":\"fr-FR\"},{\"@type\":\"Person\",\"@id\":\"https:\/\/w-l-c.be\/fr\/#\/schema\/person\/4b9b1d857f0943453a38a7c2859ef756\",\"name\":\"Philippe.Pierquin\",\"url\":\"https:\/\/w-l-c.be\/fr\/author\/philippe-pierquin\/\"}]}<\/script>\n<!-- \/ Yoast SEO plugin. -->","yoast_head_json":{"title":"Home Cin\u00e9ma n\u00b026 - Guillaume Senez, Savina Dellicour et Manu Dacosse  - w-l-c","robots":{"index":"noindex","follow":"follow","max-snippet":"max-snippet:-1","max-image-preview":"max-image-preview:large","max-video-preview":"max-video-preview:-1"},"og_locale":"fr_FR","og_type":"article","og_title":"Home Cin\u00e9ma n\u00b026 - Guillaume Senez, Savina Dellicour et Manu Dacosse  - w-l-c","og_description":"Dans l&rsquo;\u00e9mission Home Cin\u00e9ma du dimanche 27 mars 2016, Fabrice Du Welz accueille le r\u00e9alisateur Guillaume Senez pour KEEPER et la r\u00e9alisatrice Savina Dellicour pour TOUS LES CHATS SONT GRIS. Il re\u00e7oit \u00e9galement le directeur de la photographie, Manu Dacosse qui a re\u00e7u le Magritte de la meilleure photo pour la deuxi\u00e8me ann\u00e9e cons\u00e9cutive.","og_url":"https:\/\/w-l-c.be\/fr\/home-cinema-n26-guillaume-senez-savina-dellicour-manu-dacosse\/","og_site_name":"w-l-c","article_published_time":"2016-04-14T13:39:53+00:00","article_modified_time":"2016-04-11T13:41:51+00:00","og_image":[{"width":1260,"height":667,"url":"https:\/\/w-l-c.be\/wp-content\/uploads\/2016\/04\/2016-04-11_15h38_14.jpg","type":"image\/jpeg"}],"author":"Philippe.Pierquin","twitter_card":"summary_large_image","twitter_misc":{"\u00c9crit par":"Philippe.Pierquin"},"schema":{"@context":"https:\/\/schema.org","@graph":[{"@type":"WebPage","@id":"https:\/\/w-l-c.be\/fr\/home-cinema-n26-guillaume-senez-savina-dellicour-manu-dacosse\/","url":"https:\/\/w-l-c.be\/fr\/home-cinema-n26-guillaume-senez-savina-dellicour-manu-dacosse\/","name":"Home Cin\u00e9ma n\u00b026 - Guillaume Senez, Savina Dellicour et Manu Dacosse - w-l-c","isPartOf":{"@id":"https:\/\/w-l-c.be\/fr\/#website"},"datePublished":"2016-04-14T13:39:53+00:00","dateModified":"2016-04-11T13:41:51+00:00","author":{"@id":"https:\/\/w-l-c.be\/fr\/#\/schema\/person\/4b9b1d857f0943453a38a7c2859ef756"},"breadcrumb":{"@id":"https:\/\/w-l-c.be\/fr\/home-cinema-n26-guillaume-senez-savina-dellicour-manu-dacosse\/#breadcrumb"},"inLanguage":"fr-FR","potentialAction":[{"@type":"ReadAction","target":["https:\/\/w-l-c.be\/fr\/home-cinema-n26-guillaume-senez-savina-dellicour-manu-dacosse\/"]}]},{"@type":"BreadcrumbList","@id":"https:\/\/w-l-c.be\/fr\/home-cinema-n26-guillaume-senez-savina-dellicour-manu-dacosse\/#breadcrumb","itemListElement":[{"@type":"ListItem","position":1,"name":"Accueil","item":"https:\/\/w-l-c.be\/fr\/"},{"@type":"ListItem","position":2,"name":"Home Cin\u00e9ma n\u00b026 &#8211; Guillaume Senez, Savina Dellicour et Manu Dacosse"}]},{"@type":"WebSite","@id":"https:\/\/w-l-c.be\/fr\/#website","url":"https:\/\/w-l-c.be\/fr\/","name":"w-l-c","description":"Le cin\u00e9ma vu par les belges","potentialAction":[{"@type":"SearchAction","target":{"@type":"EntryPoint","urlTemplate":"https:\/\/w-l-c.be\/fr\/?s={search_term_string}"},"query-input":"required name=search_term_string"}],"inLanguage":"fr-FR"},{"@type":"Person","@id":"https:\/\/w-l-c.be\/fr\/#\/schema\/person\/4b9b1d857f0943453a38a7c2859ef756","name":"Philippe.Pierquin","url":"https:\/\/w-l-c.be\/fr\/author\/philippe-pierquin\/"}]}},"_links":{"self":[{"href":"https:\/\/w-l-c.be\/fr\/wp-json\/wp\/v2\/posts\/86462","targetHints":{"allow":["GET"]}}],"collection":[{"href":"https:\/\/w-l-c.be\/fr\/wp-json\/wp\/v2\/posts"}],"about":[{"href":"https:\/\/w-l-c.be\/fr\/wp-json\/wp\/v2\/types\/post"}],"author":[{"embeddable":true,"href":"https:\/\/w-l-c.be\/fr\/wp-json\/wp\/v2\/users\/7"}],"replies":[{"embeddable":true,"href":"https:\/\/w-l-c.be\/fr\/wp-json\/wp\/v2\/comments?post=86462"}],"version-history":[{"count":0,"href":"https:\/\/w-l-c.be\/fr\/wp-json\/wp\/v2\/posts\/86462\/revisions"}],"wp:featuredmedia":[{"embeddable":true,"href":"https:\/\/w-l-c.be\/fr\/wp-json\/wp\/v2\/media\/86463"}],"wp:attachment":[{"href":"https:\/\/w-l-c.be\/fr\/wp-json\/wp\/v2\/media?parent=86462"}],"wp:term":[{"taxonomy":"category","embeddable":true,"href":"https:\/\/w-l-c.be\/fr\/wp-json\/wp\/v2\/categories?post=86462"},{"taxonomy":"post_tag","embeddable":true,"href":"https:\/\/w-l-c.be\/fr\/wp-json\/wp\/v2\/tags?post=86462"}],"curies":[{"name":"wp","href":"https:\/\/api.w.org\/{rel}","templated":true}]}}