
{"id":86525,"date":"2016-04-15T08:32:44","date_gmt":"2016-04-15T06:32:44","guid":{"rendered":"http:\/\/www.cinevox.be\/?p=86525"},"modified":"2017-05-16T19:49:20","modified_gmt":"2017-05-16T17:49:20","slug":"le-30-avril-la-nuit-du-court","status":"publish","type":"post","link":"https:\/\/w-l-c.be\/fr\/le-30-avril-la-nuit-du-court\/","title":{"rendered":"Le 30 avril, la nuit du court"},"content":{"rendered":"<p>Le samedi 30 avril, le Brussels Short Film Festival organisera sa Nuit du Court, histoire de faire la f\u00eate au Court en trois temps :<!--more--><\/p>\n<p>&nbsp;<\/p>\n<p>&nbsp;<\/p>\n<p>&nbsp;<\/p>\n<p>&nbsp;<\/p>\n<p>&nbsp;<\/p>\n<p>&nbsp;<\/p>\n<ol>\n<li>Le temps d\u2019une \u00ab Battle \u00bb de courts entre programmateurs que le public pourra d\u00e9partager \u00e0 l\u2019applaudim\u00e8tre<\/li>\n<li>Le temps de d\u00e9couvrir les coups de c\u0153ur des journalistes de L\u2019Oeil de Links, le magazine de l\u2019activit\u00e9 cr\u00e9ative du net, cr\u00e9\u00e9 par CANAL+ ;<\/li>\n<li>Le temps d\u2019une session de courts bien d\u00e9cal\u00e9s, mitonn\u00e9e par les organisateurs du Brussels Short Film Festival.<\/li>\n<\/ol>\n<p>&nbsp;<\/p>\n<p>&nbsp;<\/p>\n<p>&nbsp;<\/p>\n<p><a href=\"http:\/\/www.cinevox.be\/wp-content\/uploads\/2016\/04\/la-nuit-du-court.jpg\"><img loading=\"lazy\" decoding=\"async\" class=\"aligncenter size-full wp-image-86526\" src=\"http:\/\/www.cinevox.be\/wp-content\/uploads\/2016\/04\/la-nuit-du-court.jpg\" alt=\"\" width=\"409\" height=\"567\" srcset=\"https:\/\/w-l-c.be\/wp-content\/uploads\/2016\/04\/la-nuit-du-court.jpg 409w, https:\/\/w-l-c.be\/wp-content\/uploads\/2016\/04\/la-nuit-du-court-194x270.jpg 194w\" sizes=\"auto, (max-width: 409px) 100vw, 409px\" \/><\/a><\/p>\n<p>&nbsp;<\/p>\n<p>&nbsp;<\/p>\n<p>&gt; Samedi 30 avril 2016 de 22h00 \u00e0 03h00<\/p>\n<p>&gt; Flagey \u2013 Studio 4 \u2013 Place Sainte-Croix \u2013 1050 Ixelles<\/p>\n<p>&gt; 10\u20ac en pr\u00e9vente \u2013 13\u20ac sur place<\/p>\n","protected":false},"excerpt":{"rendered":"<p>Le samedi 30 avril, le Brussels Short Film Festival organisera sa Nuit du Court, histoire de faire la f\u00eate au Court en trois temps :<\/p>\n","protected":false},"author":7,"featured_media":86528,"comment_status":"closed","ping_status":"closed","sticky":false,"template":"","format":"standard","meta":{"ngg_post_thumbnail":0,"footnotes":""},"categories":[12],"tags":[],"class_list":["post-86525","post","type-post","status-publish","format-standard","has-post-thumbnail","","category-awards"],"yoast_head":"<!-- This site is optimized with the Yoast SEO plugin v20.4 - https:\/\/yoast.com\/wordpress\/plugins\/seo\/ -->\n<title>Le 30 avril, la nuit du court - w-l-c<\/title>\n<meta name=\"robots\" content=\"noindex, follow, max-snippet:-1, max-image-preview:large, max-video-preview:-1\" \/>\n<meta property=\"og:locale\" content=\"fr_FR\" \/>\n<meta property=\"og:type\" content=\"article\" \/>\n<meta property=\"og:title\" content=\"Le 30 avril, la nuit du court - w-l-c\" \/>\n<meta property=\"og:description\" content=\"Le samedi 30 avril, le Brussels Short Film Festival organisera sa Nuit du Court, histoire de faire la f\u00eate au Court en trois temps :\" \/>\n<meta property=\"og:url\" content=\"https:\/\/w-l-c.be\/fr\/le-30-avril-la-nuit-du-court\/\" \/>\n<meta property=\"og:site_name\" content=\"w-l-c\" \/>\n<meta property=\"article:published_time\" content=\"2016-04-15T06:32:44+00:00\" \/>\n<meta property=\"article:modified_time\" content=\"2017-05-16T17:49:20+00:00\" \/>\n<meta property=\"og:image\" content=\"https:\/\/w-l-c.be\/wp-content\/uploads\/2016\/04\/la-nuit-du-court-2.jpg\" \/>\n\t<meta property=\"og:image:width\" content=\"407\" \/>\n\t<meta property=\"og:image:height\" content=\"192\" \/>\n\t<meta property=\"og:image:type\" content=\"image\/jpeg\" \/>\n<meta name=\"author\" content=\"Philippe.Pierquin\" \/>\n<meta name=\"twitter:card\" content=\"summary_large_image\" \/>\n<meta name=\"twitter:label1\" content=\"\u00c9crit par\" \/>\n\t<meta name=\"twitter:data1\" content=\"Philippe.Pierquin\" \/>\n\t<meta name=\"twitter:label2\" content=\"Dur\u00e9e de lecture estim\u00e9e\" \/>\n\t<meta name=\"twitter:data2\" content=\"1 minute\" \/>\n<script type=\"application\/ld+json\" class=\"yoast-schema-graph\">{\"@context\":\"https:\/\/schema.org\",\"@graph\":[{\"@type\":\"WebPage\",\"@id\":\"https:\/\/w-l-c.be\/fr\/le-30-avril-la-nuit-du-court\/\",\"url\":\"https:\/\/w-l-c.be\/fr\/le-30-avril-la-nuit-du-court\/\",\"name\":\"Le 30 avril, la nuit du court - w-l-c\",\"isPartOf\":{\"@id\":\"https:\/\/w-l-c.be\/fr\/#website\"},\"datePublished\":\"2016-04-15T06:32:44+00:00\",\"dateModified\":\"2017-05-16T17:49:20+00:00\",\"author\":{\"@id\":\"https:\/\/w-l-c.be\/fr\/#\/schema\/person\/4b9b1d857f0943453a38a7c2859ef756\"},\"breadcrumb\":{\"@id\":\"https:\/\/w-l-c.be\/fr\/le-30-avril-la-nuit-du-court\/#breadcrumb\"},\"inLanguage\":\"fr-FR\",\"potentialAction\":[{\"@type\":\"ReadAction\",\"target\":[\"https:\/\/w-l-c.be\/fr\/le-30-avril-la-nuit-du-court\/\"]}]},{\"@type\":\"BreadcrumbList\",\"@id\":\"https:\/\/w-l-c.be\/fr\/le-30-avril-la-nuit-du-court\/#breadcrumb\",\"itemListElement\":[{\"@type\":\"ListItem\",\"position\":1,\"name\":\"Accueil\",\"item\":\"https:\/\/w-l-c.be\/fr\/\"},{\"@type\":\"ListItem\",\"position\":2,\"name\":\"Le 30 avril, la nuit du court\"}]},{\"@type\":\"WebSite\",\"@id\":\"https:\/\/w-l-c.be\/fr\/#website\",\"url\":\"https:\/\/w-l-c.be\/fr\/\",\"name\":\"w-l-c\",\"description\":\"Le cin\u00e9ma vu par les belges\",\"potentialAction\":[{\"@type\":\"SearchAction\",\"target\":{\"@type\":\"EntryPoint\",\"urlTemplate\":\"https:\/\/w-l-c.be\/fr\/?s={search_term_string}\"},\"query-input\":\"required name=search_term_string\"}],\"inLanguage\":\"fr-FR\"},{\"@type\":\"Person\",\"@id\":\"https:\/\/w-l-c.be\/fr\/#\/schema\/person\/4b9b1d857f0943453a38a7c2859ef756\",\"name\":\"Philippe.Pierquin\",\"url\":\"https:\/\/w-l-c.be\/fr\/author\/philippe-pierquin\/\"}]}<\/script>\n<!-- \/ Yoast SEO plugin. -->","yoast_head_json":{"title":"Le 30 avril, la nuit du court - w-l-c","robots":{"index":"noindex","follow":"follow","max-snippet":"max-snippet:-1","max-image-preview":"max-image-preview:large","max-video-preview":"max-video-preview:-1"},"og_locale":"fr_FR","og_type":"article","og_title":"Le 30 avril, la nuit du court - w-l-c","og_description":"Le samedi 30 avril, le Brussels Short Film Festival organisera sa Nuit du Court, histoire de faire la f\u00eate au Court en trois temps :","og_url":"https:\/\/w-l-c.be\/fr\/le-30-avril-la-nuit-du-court\/","og_site_name":"w-l-c","article_published_time":"2016-04-15T06:32:44+00:00","article_modified_time":"2017-05-16T17:49:20+00:00","og_image":[{"width":407,"height":192,"url":"https:\/\/w-l-c.be\/wp-content\/uploads\/2016\/04\/la-nuit-du-court-2.jpg","type":"image\/jpeg"}],"author":"Philippe.Pierquin","twitter_card":"summary_large_image","twitter_misc":{"\u00c9crit par":"Philippe.Pierquin","Dur\u00e9e de lecture estim\u00e9e":"1 minute"},"schema":{"@context":"https:\/\/schema.org","@graph":[{"@type":"WebPage","@id":"https:\/\/w-l-c.be\/fr\/le-30-avril-la-nuit-du-court\/","url":"https:\/\/w-l-c.be\/fr\/le-30-avril-la-nuit-du-court\/","name":"Le 30 avril, la nuit du court - w-l-c","isPartOf":{"@id":"https:\/\/w-l-c.be\/fr\/#website"},"datePublished":"2016-04-15T06:32:44+00:00","dateModified":"2017-05-16T17:49:20+00:00","author":{"@id":"https:\/\/w-l-c.be\/fr\/#\/schema\/person\/4b9b1d857f0943453a38a7c2859ef756"},"breadcrumb":{"@id":"https:\/\/w-l-c.be\/fr\/le-30-avril-la-nuit-du-court\/#breadcrumb"},"inLanguage":"fr-FR","potentialAction":[{"@type":"ReadAction","target":["https:\/\/w-l-c.be\/fr\/le-30-avril-la-nuit-du-court\/"]}]},{"@type":"BreadcrumbList","@id":"https:\/\/w-l-c.be\/fr\/le-30-avril-la-nuit-du-court\/#breadcrumb","itemListElement":[{"@type":"ListItem","position":1,"name":"Accueil","item":"https:\/\/w-l-c.be\/fr\/"},{"@type":"ListItem","position":2,"name":"Le 30 avril, la nuit du court"}]},{"@type":"WebSite","@id":"https:\/\/w-l-c.be\/fr\/#website","url":"https:\/\/w-l-c.be\/fr\/","name":"w-l-c","description":"Le cin\u00e9ma vu par les belges","potentialAction":[{"@type":"SearchAction","target":{"@type":"EntryPoint","urlTemplate":"https:\/\/w-l-c.be\/fr\/?s={search_term_string}"},"query-input":"required name=search_term_string"}],"inLanguage":"fr-FR"},{"@type":"Person","@id":"https:\/\/w-l-c.be\/fr\/#\/schema\/person\/4b9b1d857f0943453a38a7c2859ef756","name":"Philippe.Pierquin","url":"https:\/\/w-l-c.be\/fr\/author\/philippe-pierquin\/"}]}},"_links":{"self":[{"href":"https:\/\/w-l-c.be\/fr\/wp-json\/wp\/v2\/posts\/86525","targetHints":{"allow":["GET"]}}],"collection":[{"href":"https:\/\/w-l-c.be\/fr\/wp-json\/wp\/v2\/posts"}],"about":[{"href":"https:\/\/w-l-c.be\/fr\/wp-json\/wp\/v2\/types\/post"}],"author":[{"embeddable":true,"href":"https:\/\/w-l-c.be\/fr\/wp-json\/wp\/v2\/users\/7"}],"replies":[{"embeddable":true,"href":"https:\/\/w-l-c.be\/fr\/wp-json\/wp\/v2\/comments?post=86525"}],"version-history":[{"count":0,"href":"https:\/\/w-l-c.be\/fr\/wp-json\/wp\/v2\/posts\/86525\/revisions"}],"wp:featuredmedia":[{"embeddable":true,"href":"https:\/\/w-l-c.be\/fr\/wp-json\/wp\/v2\/media\/86528"}],"wp:attachment":[{"href":"https:\/\/w-l-c.be\/fr\/wp-json\/wp\/v2\/media?parent=86525"}],"wp:term":[{"taxonomy":"category","embeddable":true,"href":"https:\/\/w-l-c.be\/fr\/wp-json\/wp\/v2\/categories?post=86525"},{"taxonomy":"post_tag","embeddable":true,"href":"https:\/\/w-l-c.be\/fr\/wp-json\/wp\/v2\/tags?post=86525"}],"curies":[{"name":"wp","href":"https:\/\/api.w.org\/{rel}","templated":true}]}}