
{"id":86530,"date":"2016-04-18T07:41:38","date_gmt":"2016-04-18T05:41:38","guid":{"rendered":"http:\/\/www.cinevox.be\/?p=86530"},"modified":"2017-05-16T19:49:17","modified_gmt":"2017-05-16T17:49:17","slug":"24e-festival-le-court-en-dit-long-du-lundi-30-mai-au-samedi-4-juin-2016","status":"publish","type":"post","link":"https:\/\/w-l-c.be\/fr\/24e-festival-le-court-en-dit-long-du-lundi-30-mai-au-samedi-4-juin-2016\/","title":{"rendered":"24e festival le court en dit long\u00a0: du lundi 30 mai au samedi 4 juin 2016"},"content":{"rendered":"<p>Parmi la centaine de courts m\u00e9trages produits et coproduits en Wallonie et \u00e0 Bruxelles dans l\u2019ann\u00e9e, le Festival Le Court en dit long a s\u00e9lectionn\u00e9\u00a0en comp\u00e9tition 40 films in\u00e9dits, r\u00e9partis en huit programmes\u00a0: des r\u00e9alisatrices (en ouverture), de l\u2019amour, de l\u2019\u00e9trange, de la violence, en version originale, enfants et nature, nouveau d\u00e9part, films pour adultes.<!--more--><\/p>\n<p>&nbsp;<\/p>\n<p>Fictions et animations, films d\u2019\u00e9cole et d\u2019ateliers, films autoproduits ou soutenus par le Centre du Cin\u00e9ma et de l\u2019Audiovisuel de la F\u00e9d\u00e9ration Wallonie-Bruxelles, tous ces films t\u00e9moignent de la diversit\u00e9 et de la vitalit\u00e9 de la production belge francophone.<\/p>\n<p>&nbsp;<\/p>\n<p>Ils seront projet\u00e9 \u00e0 Paris au centre Wallonie-Bruxelles.<\/p>\n<p>&nbsp;<\/p>\n<p>Ouverture\u00a0: Lundi 30 mai \u00e0 20h30<\/p>\n<p>Du mardi au vendredi\u00a0: s\u00e9ances \u00e0 14h, 16h, 18h et 20h30.<\/p>\n<p>Cl\u00f4ture\u00a0: Samedi 4 juin \u00e0 19 heures. La remise des Prix sera suivie d\u2019un long m\u00e9trage en avant-premi\u00e8re.<\/p>\n<p>&nbsp;<\/p>\n<p>&nbsp;<\/p>\n<p>&nbsp;<\/p>\n<p><a href=\"http:\/\/www.cinevox.be\/wp-content\/uploads\/2016\/04\/the-hidden-part.jpg\"><img loading=\"lazy\" decoding=\"async\" class=\"aligncenter  wp-image-86531\" src=\"http:\/\/www.cinevox.be\/wp-content\/uploads\/2016\/04\/the-hidden-part.jpg\" alt=\"\" width=\"617\" height=\"353\" srcset=\"https:\/\/w-l-c.be\/wp-content\/uploads\/2016\/04\/the-hidden-part.jpg 420w, https:\/\/w-l-c.be\/wp-content\/uploads\/2016\/04\/the-hidden-part-200x113.jpg 200w\" sizes=\"auto, (max-width: 617px) 100vw, 617px\" \/><\/a><\/p>\n<p>&nbsp;<\/p>\n<p><strong>Programme 1 : des r\u00e9alisatrices<\/strong><\/p>\n<p>Lundi 30 mai 20h30 (Ouverture) et 2 juin \u00e0 14h<\/p>\n<p>Dur\u00e9e totale : 87 min.<\/p>\n<p>&nbsp;<\/p>\n<p><em>De longues vacances<\/em> r\u00e9alis\u00e9 par Caroline Nugues-Bourchat (Zorobabel, animation, 16 min.)<\/p>\n<p><em>Les Saisons r\u00e9alis\u00e9<\/em> par Coline Grando (Mediadiffusion \u2013 IAD, 13 min.)<\/p>\n<p><em>Le Flan<\/em> r\u00e9alis\u00e9 par Odile d&rsquo;Oultremont (Art\u00e9mis Productions \/Liaison cin\u00e9matographique, 12 min.)<\/p>\n<p><em>Les Amoureuses<\/em> r\u00e9alis\u00e9 par Catherine Cosme (Helicotronc \/La Mer \u00e0 boire productions, 27 min.)<\/p>\n<p><em>The Hidden Part<\/em> r\u00e9alis\u00e9 par Monique Marnette &amp; Caroline D&rsquo;Hondt (Man&rsquo;s Films, 19 min.)<\/p>\n<p>&nbsp;<\/p>\n<p>&nbsp;<\/p>\n<p><a href=\"http:\/\/www.cinevox.be\/wp-content\/uploads\/2016\/04\/nelson.jpg\"><img loading=\"lazy\" decoding=\"async\" class=\"aligncenter size-large wp-image-86532\" src=\"http:\/\/www.cinevox.be\/wp-content\/uploads\/2016\/04\/nelson-800x451.jpg\" alt=\"\" width=\"640\" height=\"360\" srcset=\"https:\/\/w-l-c.be\/wp-content\/uploads\/2016\/04\/nelson-800x451.jpg 800w, https:\/\/w-l-c.be\/wp-content\/uploads\/2016\/04\/nelson-200x113.jpg 200w, https:\/\/w-l-c.be\/wp-content\/uploads\/2016\/04\/nelson-480x270.jpg 480w, https:\/\/w-l-c.be\/wp-content\/uploads\/2016\/04\/nelson-300x169.jpg 300w, https:\/\/w-l-c.be\/wp-content\/uploads\/2016\/04\/nelson-620x350.jpg 620w, https:\/\/w-l-c.be\/wp-content\/uploads\/2016\/04\/nelson.jpg 940w\" sizes=\"auto, (max-width: 640px) 100vw, 640px\" \/><\/a><\/p>\n<p>&nbsp;<\/p>\n<p><strong>Programme 2 : de l&rsquo;amour<\/strong><\/p>\n<p>Mardi 31 mai \u00e0 16h et Jeudi 2 juin \u00e0 20h30<\/p>\n<p>Dur\u00e9e totale : 89 min.<\/p>\n<p>&nbsp;<\/p>\n<p><em>M&rsquo;aime pas en r\u00eave<\/em> r\u00e9alis\u00e9 par Anthony Nion (autoproduction, 13 min.)<\/p>\n<p><em>Jean-Michel le Caribou des bois<\/em> r\u00e9alis\u00e9 par Mathieu Auvray (Panique! \/ Autour de Minuit, animation, 10 min.)<\/p>\n<p><em>Nelson<\/em> r\u00e9alis\u00e9 par Thomas Xhignesse &amp; Juliette Klinke (Mediadiffusion \u2013 IAD, 11 min.)<\/p>\n<p><em>Entre-Deux<\/em> r\u00e9alis\u00e9 par Maxime Bultot (INSAS, 19 min.)<\/p>\n<p><em>Petits pas<\/em> r\u00e9alis\u00e9 par Arthur Lecouturier (Roue Libre production, 13 min.)<\/p>\n<p><em>Aquabike <\/em>r\u00e9alis\u00e9 par Jean-Baptiste Saurel (Need Productions\/Kazak Productions, 23 min.)<\/p>\n<p>&nbsp;<\/p>\n<p><a href=\"http:\/\/www.cinevox.be\/wp-content\/uploads\/2016\/04\/derni\u00e8re-porte-au-sud.jpg\"><img loading=\"lazy\" decoding=\"async\" class=\"aligncenter size-large wp-image-86533\" src=\"http:\/\/www.cinevox.be\/wp-content\/uploads\/2016\/04\/derni\u00e8re-porte-au-sud-800x428.jpg\" alt=\"\" width=\"640\" height=\"342\" srcset=\"https:\/\/w-l-c.be\/wp-content\/uploads\/2016\/04\/derni\u00e8re-porte-au-sud-800x428.jpg 800w, https:\/\/w-l-c.be\/wp-content\/uploads\/2016\/04\/derni\u00e8re-porte-au-sud-480x257.jpg 480w, https:\/\/w-l-c.be\/wp-content\/uploads\/2016\/04\/derni\u00e8re-porte-au-sud.jpg 1920w\" sizes=\"auto, (max-width: 640px) 100vw, 640px\" \/><\/a><\/p>\n<p>&nbsp;<\/p>\n<p><strong>Programme 3 : de l&rsquo;\u00e9trange<\/strong><\/p>\n<p>Mardi 31 mai \u00e0 18h et Jeudi 2 juin \u00e0 16h<\/p>\n<p>Dur\u00e9e totale : 91 min.30<\/p>\n<p>&nbsp;<\/p>\n<p><em>Zoufs <\/em>r\u00e9alis\u00e9 par Tom Boccara, No\u00e9 Reutenauer, Emilien Vekemans (Frakas Productions , 20 min.)<\/p>\n<p><em>Derni\u00e8re porte au Sud<\/em> r\u00e9alis\u00e9 par Sacha Feiner (Take Five, animation, 14 min.30)<\/p>\n<p><em>Ice Scream<\/em> r\u00e9alis\u00e9 par Vincent Schmitz (Art\u00e9mis Productions, 20 min.)<\/p>\n<p><em>Totems<\/em> r\u00e9alis\u00e9 par Paul Jadoul (La Bo\u00eete Production\/Les Films du Nord, animation, 9 min.)<\/p>\n<p><em>L&rsquo;Ombre d&rsquo;un autre<\/em> r\u00e9alis\u00e9 par L\u00e9o M\u00e9dard (St\u00e9nola Productions, 28 min.)<\/p>\n<p>&nbsp;<\/p>\n<p>&nbsp;<\/p>\n<p><a href=\"http:\/\/www.cinevox.be\/wp-content\/uploads\/2016\/04\/caids.jpg\"><img loading=\"lazy\" decoding=\"async\" class=\"aligncenter  wp-image-86534\" src=\"http:\/\/www.cinevox.be\/wp-content\/uploads\/2016\/04\/caids.jpg\" alt=\"\" width=\"622\" height=\"375\" srcset=\"https:\/\/w-l-c.be\/wp-content\/uploads\/2016\/04\/caids.jpg 577w, https:\/\/w-l-c.be\/wp-content\/uploads\/2016\/04\/caids-447x270.jpg 447w\" sizes=\"auto, (max-width: 622px) 100vw, 622px\" \/><\/a><\/p>\n<p>&nbsp;<\/p>\n<p><strong>Programme 4 : de la violence<\/strong><\/p>\n<p>Mardi 31 mai \u00e0 20h30 et jeudi 2 juin \u00e0 18h<\/p>\n<p>Dur\u00e9e totale : 90 min.<\/p>\n<p>&nbsp;<\/p>\n<p><em>Les Gar\u00e7ons clignotants<\/em> r\u00e9alis\u00e9 par Pascale Brischoux (Novsky Films, 11 min.)<\/p>\n<p><em>Le Bruit du gris<\/em> r\u00e9alis\u00e9 par Vincent Patar &amp; St\u00e9phane Aubier (Panique ! \/ Autour de Minuit, animation, 3 min.)<\/p>\n<p><em>Ca\u00efds<\/em> r\u00e9alis\u00e9 par Fran\u00e7ois Troukens (Versus Production, 9 min.)<\/p>\n<p><em>La Graine<\/em> r\u00e9alis\u00e9 par Barney Frydman (Scarfilm, 20 min.)<\/p>\n<p><em>A l&rsquo;arrach\u00e9<\/em> r\u00e9alis\u00e9 par Emmanuelle Nicot (Helicotronc, 20 min.)<\/p>\n<p><em>Collabeur <\/em>r\u00e9alis\u00e9 par Fahem Abes (Chouette Production, 12 min.)<\/p>\n<p><em>Vengance<\/em> r\u00e9alis\u00e9 par Isabelle Nouzha (PBC Pictures, 15 min.)<\/p>\n<p>&nbsp;<\/p>\n<p>&nbsp;<\/p>\n<p><a href=\"http:\/\/www.cinevox.be\/wp-content\/uploads\/2016\/04\/renaitre00005.png\"><img loading=\"lazy\" decoding=\"async\" class=\"aligncenter size-large wp-image-86536\" src=\"http:\/\/www.cinevox.be\/wp-content\/uploads\/2016\/04\/renaitre00005-800x439.png\" alt=\"\" width=\"640\" height=\"351\" srcset=\"https:\/\/w-l-c.be\/wp-content\/uploads\/2016\/04\/renaitre00005-800x439.png 800w, https:\/\/w-l-c.be\/wp-content\/uploads\/2016\/04\/renaitre00005-480x263.png 480w\" sizes=\"auto, (max-width: 640px) 100vw, 640px\" \/><\/a><\/p>\n<p>&nbsp;<\/p>\n<p><strong>Programme 5 : en version originale<\/strong><\/p>\n<p>Mercredi 1er juin \u00e0 14h et vendredi 3 juin \u00e0 16h<\/p>\n<p>Dur\u00e9e totale : 91 min.<\/p>\n<p>&nbsp;<\/p>\n<p><em>Vous avez vos papiers ?<\/em> r\u00e9alis\u00e9 par Mathieu Labaye (Cam\u00e9ra etc., animation, 9 min.30)<\/p>\n<p><em>Estate <\/em>r\u00e9alis\u00e9 par Ronny Trocker (Stempel \/ Autour de Minuit, 7 min.30)<\/p>\n<p><em>Rena\u00eetre <\/em>r\u00e9alis\u00e9 par Jean-Fran\u00e7ois Ravagnan (Les Films du Fleuve, 24 min.)<\/p>\n<p><em>No-Go Zone<\/em> r\u00e9alis\u00e9 par l\u2019Atelier Collectif (Zorobabel, animation, 10 min.)<\/p>\n<p><em>Les Hauts-Pays<\/em> r\u00e9alis\u00e9 par J\u00e9r\u00e9my van der Haegen (N\u00e9on Rouge Production, 40 min.)<\/p>\n<p>&nbsp;<\/p>\n<p>&nbsp;<\/p>\n<p><a href=\"http:\/\/www.cinevox.be\/wp-content\/uploads\/2016\/04\/Rapaces2.jpg\"><img loading=\"lazy\" decoding=\"async\" class=\"aligncenter size-large wp-image-86537\" src=\"http:\/\/www.cinevox.be\/wp-content\/uploads\/2016\/04\/Rapaces2-800x449.jpg\" alt=\"\" width=\"640\" height=\"359\" srcset=\"https:\/\/w-l-c.be\/wp-content\/uploads\/2016\/04\/Rapaces2-800x449.jpg 800w, https:\/\/w-l-c.be\/wp-content\/uploads\/2016\/04\/Rapaces2-200x113.jpg 200w, https:\/\/w-l-c.be\/wp-content\/uploads\/2016\/04\/Rapaces2-480x270.jpg 480w, https:\/\/w-l-c.be\/wp-content\/uploads\/2016\/04\/Rapaces2-300x169.jpg 300w, https:\/\/w-l-c.be\/wp-content\/uploads\/2016\/04\/Rapaces2.jpg 1160w\" sizes=\"auto, (max-width: 640px) 100vw, 640px\" \/><\/a><\/p>\n<p>&nbsp;<\/p>\n<p>&nbsp;<\/p>\n<p><strong>Programme 6 : enfants et nature<\/strong><\/p>\n<p>Mercredi 1er juin \u00e0 16h et vendredi 3 juin 18h<\/p>\n<p>Dur\u00e9e totale : 75 min.<\/p>\n<p>&nbsp;<\/p>\n<p><em>Rapaces <\/em>r\u00e9alis\u00e9 par Aude Verbigui\u00e9 (RepliCa Production, 16 min.30)<\/p>\n<p><em>Regain<\/em> r\u00e9alis\u00e9 par Carline Albert (INSAS, 18 min.30)<\/p>\n<p><em>Vita Brevis<\/em> r\u00e9alis\u00e9 par Thierry Knauff (Les Films du Sablier\/Les Films du Nord\/Inti Films, 40 min.)<\/p>\n<p>&nbsp;<\/p>\n<p><a href=\"http:\/\/www.cinevox.be\/wp-content\/uploads\/2016\/04\/tout-va-bien.jpg\"><img loading=\"lazy\" decoding=\"async\" class=\"aligncenter size-large wp-image-86538\" src=\"http:\/\/www.cinevox.be\/wp-content\/uploads\/2016\/04\/tout-va-bien-800x450.jpg\" alt=\"\" width=\"640\" height=\"360\" srcset=\"https:\/\/w-l-c.be\/wp-content\/uploads\/2016\/04\/tout-va-bien-800x450.jpg 800w, https:\/\/w-l-c.be\/wp-content\/uploads\/2016\/04\/tout-va-bien-200x113.jpg 200w, https:\/\/w-l-c.be\/wp-content\/uploads\/2016\/04\/tout-va-bien-480x270.jpg 480w, https:\/\/w-l-c.be\/wp-content\/uploads\/2016\/04\/tout-va-bien-300x169.jpg 300w, https:\/\/w-l-c.be\/wp-content\/uploads\/2016\/04\/tout-va-bien-620x350.jpg 620w, https:\/\/w-l-c.be\/wp-content\/uploads\/2016\/04\/tout-va-bien.jpg 1280w\" sizes=\"auto, (max-width: 640px) 100vw, 640px\" \/><\/a><\/p>\n<p>&nbsp;<\/p>\n<p><strong>Programme 7 : nouveau d\u00e9part<\/strong><\/p>\n<p>Mercredi 1er juin \u00e0 18h et Vendredi 3 juin \u00e0 20h30<\/p>\n<p>Dur\u00e9e totale : 87 min.<\/p>\n<p><em>\u00a0<\/em><\/p>\n<p><em>Ritournelle<\/em> r\u00e9alis\u00e9 par Camille De Leu (Sokan Productions, 19 min.)<\/p>\n<p><em>R\u00e9plique<\/em> r\u00e9alis\u00e9 par Antoine Giorgini (Wrong Men North \/ Premi\u00e8res lignes, 19 min.)<\/p>\n<p><em>Tout va bien<\/em> r\u00e9alis\u00e9 par Laurent Scheid (Dragons Films \/ Produits frais, 20 min.)<\/p>\n<p><em>Un grand silence<\/em> r\u00e9alis\u00e9 par Julie Gourdain (Urzzia Films \/ Offshore, 29 min.)<\/p>\n<p>&nbsp;<\/p>\n<p>&nbsp;<\/p>\n<p><a href=\"http:\/\/www.cinevox.be\/wp-content\/uploads\/2016\/04\/oeil-silencieux.jpg\"><img loading=\"lazy\" decoding=\"async\" class=\"aligncenter size-large wp-image-86539\" src=\"http:\/\/www.cinevox.be\/wp-content\/uploads\/2016\/04\/oeil-silencieux-800x533.jpg\" alt=\"\" width=\"640\" height=\"426\" srcset=\"https:\/\/w-l-c.be\/wp-content\/uploads\/2016\/04\/oeil-silencieux-800x533.jpg 800w, https:\/\/w-l-c.be\/wp-content\/uploads\/2016\/04\/oeil-silencieux-404x270.jpg 404w, https:\/\/w-l-c.be\/wp-content\/uploads\/2016\/04\/oeil-silencieux.jpg 1124w\" sizes=\"auto, (max-width: 640px) 100vw, 640px\" \/><\/a><\/p>\n<p>&nbsp;<\/p>\n<p>&nbsp;<\/p>\n<p><strong>Programme 8 : pour adultes<\/strong><\/p>\n<p>Mercredi 1er juin \u00e0 20h30 et Vendredi 3 juin \u00e0 14h<\/p>\n<p>Dur\u00e9e totale : 79 min.<\/p>\n<p>&nbsp;<\/p>\n<p><em>Toutes nuanc\u00e9es<\/em> r\u00e9alis\u00e9 par Chlo\u00e9 Alliez (Atelier de production de la Cambre, animation, 6 min.)<\/p>\n<p><em>Putain <\/em>r\u00e9alis\u00e9 par Cypria Donato (Atelier de production de la Cambre, animation, 5 min.)<\/p>\n<p><em>Pornography<\/em> r\u00e9alis\u00e9 par Eric Ledune (Got ! oh my Got\/Lardux Films\/ Tchack, animation, 24 min.)<\/p>\n<p><em>L&rsquo;\u0152il silencieux<\/em> r\u00e9alis\u00e9 par Karim Ouelhaj (Okayss Prod., 29 min.)<\/p>\n<p><em>Le Plombier<\/em> r\u00e9alis\u00e9 par Xavier Seron &amp; M\u00e9ryl Fortunat-Rossi (Helicotronc, 15 min.)<\/p>\n<p>&nbsp;<\/p>\n","protected":false},"excerpt":{"rendered":"<p>Parmi la centaine de courts m\u00e9trages produits et coproduits en Wallonie et \u00e0 Bruxelles dans l\u2019ann\u00e9e, le Festival Le Court en dit long a s\u00e9lectionn\u00e9\u00a0en comp\u00e9tition 40 films in\u00e9dits, r\u00e9partis en huit programmes\u00a0: des r\u00e9alisatrices (en ouverture), de l\u2019amour, de l\u2019\u00e9trange, de la violence, en version originale, enfants et nature, nouveau d\u00e9part, films pour adultes.<\/p>\n","protected":false},"author":7,"featured_media":86541,"comment_status":"closed","ping_status":"closed","sticky":false,"template":"","format":"standard","meta":{"ngg_post_thumbnail":0,"footnotes":""},"categories":[12],"tags":[],"class_list":["post-86530","post","type-post","status-publish","format-standard","has-post-thumbnail","","category-awards"],"yoast_head":"<!-- This site is optimized with the Yoast SEO plugin v20.4 - https:\/\/yoast.com\/wordpress\/plugins\/seo\/ -->\n<title>24e festival le court en dit long\u00a0: du lundi 30 mai au samedi 4 juin 2016 - w-l-c<\/title>\n<meta name=\"robots\" content=\"noindex, follow, max-snippet:-1, max-image-preview:large, max-video-preview:-1\" \/>\n<meta property=\"og:locale\" content=\"fr_FR\" \/>\n<meta property=\"og:type\" content=\"article\" \/>\n<meta property=\"og:title\" content=\"24e festival le court en dit long\u00a0: du lundi 30 mai au samedi 4 juin 2016 - w-l-c\" \/>\n<meta property=\"og:description\" content=\"Parmi la centaine de courts m\u00e9trages produits et coproduits en Wallonie et \u00e0 Bruxelles dans l\u2019ann\u00e9e, le Festival Le Court en dit long a s\u00e9lectionn\u00e9\u00a0en comp\u00e9tition 40 films in\u00e9dits, r\u00e9partis en huit programmes\u00a0: des r\u00e9alisatrices (en ouverture), de l\u2019amour, de l\u2019\u00e9trange, de la violence, en version originale, enfants et nature, nouveau d\u00e9part, films pour adultes.\" \/>\n<meta property=\"og:url\" content=\"https:\/\/w-l-c.be\/fr\/24e-festival-le-court-en-dit-long-du-lundi-30-mai-au-samedi-4-juin-2016\/\" \/>\n<meta property=\"og:site_name\" content=\"w-l-c\" \/>\n<meta property=\"article:published_time\" content=\"2016-04-18T05:41:38+00:00\" \/>\n<meta property=\"article:modified_time\" content=\"2017-05-16T17:49:17+00:00\" \/>\n<meta property=\"og:image\" content=\"https:\/\/w-l-c.be\/wp-content\/uploads\/2010\/04\/le-court-en-dit-long-laur\u00e9ats-2015.jpg\" \/>\n\t<meta property=\"og:image:width\" content=\"1296\" \/>\n\t<meta property=\"og:image:height\" content=\"864\" \/>\n\t<meta property=\"og:image:type\" content=\"image\/jpeg\" \/>\n<meta name=\"author\" content=\"Philippe.Pierquin\" \/>\n<meta name=\"twitter:card\" content=\"summary_large_image\" \/>\n<meta name=\"twitter:label1\" content=\"\u00c9crit par\" \/>\n\t<meta name=\"twitter:data1\" content=\"Philippe.Pierquin\" \/>\n\t<meta name=\"twitter:label2\" content=\"Dur\u00e9e de lecture estim\u00e9e\" \/>\n\t<meta name=\"twitter:data2\" content=\"4 minutes\" \/>\n<script type=\"application\/ld+json\" class=\"yoast-schema-graph\">{\"@context\":\"https:\/\/schema.org\",\"@graph\":[{\"@type\":\"WebPage\",\"@id\":\"https:\/\/w-l-c.be\/fr\/24e-festival-le-court-en-dit-long-du-lundi-30-mai-au-samedi-4-juin-2016\/\",\"url\":\"https:\/\/w-l-c.be\/fr\/24e-festival-le-court-en-dit-long-du-lundi-30-mai-au-samedi-4-juin-2016\/\",\"name\":\"24e festival le court en dit long\u00a0: du lundi 30 mai au samedi 4 juin 2016 - w-l-c\",\"isPartOf\":{\"@id\":\"https:\/\/w-l-c.be\/fr\/#website\"},\"datePublished\":\"2016-04-18T05:41:38+00:00\",\"dateModified\":\"2017-05-16T17:49:17+00:00\",\"author\":{\"@id\":\"https:\/\/w-l-c.be\/fr\/#\/schema\/person\/4b9b1d857f0943453a38a7c2859ef756\"},\"breadcrumb\":{\"@id\":\"https:\/\/w-l-c.be\/fr\/24e-festival-le-court-en-dit-long-du-lundi-30-mai-au-samedi-4-juin-2016\/#breadcrumb\"},\"inLanguage\":\"fr-FR\",\"potentialAction\":[{\"@type\":\"ReadAction\",\"target\":[\"https:\/\/w-l-c.be\/fr\/24e-festival-le-court-en-dit-long-du-lundi-30-mai-au-samedi-4-juin-2016\/\"]}]},{\"@type\":\"BreadcrumbList\",\"@id\":\"https:\/\/w-l-c.be\/fr\/24e-festival-le-court-en-dit-long-du-lundi-30-mai-au-samedi-4-juin-2016\/#breadcrumb\",\"itemListElement\":[{\"@type\":\"ListItem\",\"position\":1,\"name\":\"Accueil\",\"item\":\"https:\/\/w-l-c.be\/fr\/\"},{\"@type\":\"ListItem\",\"position\":2,\"name\":\"24e festival le court en dit long\u00a0: du lundi 30 mai au samedi 4 juin 2016\"}]},{\"@type\":\"WebSite\",\"@id\":\"https:\/\/w-l-c.be\/fr\/#website\",\"url\":\"https:\/\/w-l-c.be\/fr\/\",\"name\":\"w-l-c\",\"description\":\"Le cin\u00e9ma vu par les belges\",\"potentialAction\":[{\"@type\":\"SearchAction\",\"target\":{\"@type\":\"EntryPoint\",\"urlTemplate\":\"https:\/\/w-l-c.be\/fr\/?s={search_term_string}\"},\"query-input\":\"required name=search_term_string\"}],\"inLanguage\":\"fr-FR\"},{\"@type\":\"Person\",\"@id\":\"https:\/\/w-l-c.be\/fr\/#\/schema\/person\/4b9b1d857f0943453a38a7c2859ef756\",\"name\":\"Philippe.Pierquin\",\"url\":\"https:\/\/w-l-c.be\/fr\/author\/philippe-pierquin\/\"}]}<\/script>\n<!-- \/ Yoast SEO plugin. -->","yoast_head_json":{"title":"24e festival le court en dit long\u00a0: du lundi 30 mai au samedi 4 juin 2016 - w-l-c","robots":{"index":"noindex","follow":"follow","max-snippet":"max-snippet:-1","max-image-preview":"max-image-preview:large","max-video-preview":"max-video-preview:-1"},"og_locale":"fr_FR","og_type":"article","og_title":"24e festival le court en dit long\u00a0: du lundi 30 mai au samedi 4 juin 2016 - w-l-c","og_description":"Parmi la centaine de courts m\u00e9trages produits et coproduits en Wallonie et \u00e0 Bruxelles dans l\u2019ann\u00e9e, le Festival Le Court en dit long a s\u00e9lectionn\u00e9\u00a0en comp\u00e9tition 40 films in\u00e9dits, r\u00e9partis en huit programmes\u00a0: des r\u00e9alisatrices (en ouverture), de l\u2019amour, de l\u2019\u00e9trange, de la violence, en version originale, enfants et nature, nouveau d\u00e9part, films pour adultes.","og_url":"https:\/\/w-l-c.be\/fr\/24e-festival-le-court-en-dit-long-du-lundi-30-mai-au-samedi-4-juin-2016\/","og_site_name":"w-l-c","article_published_time":"2016-04-18T05:41:38+00:00","article_modified_time":"2017-05-16T17:49:17+00:00","og_image":[{"width":1296,"height":864,"url":"https:\/\/w-l-c.be\/wp-content\/uploads\/2010\/04\/le-court-en-dit-long-laur\u00e9ats-2015.jpg","type":"image\/jpeg"}],"author":"Philippe.Pierquin","twitter_card":"summary_large_image","twitter_misc":{"\u00c9crit par":"Philippe.Pierquin","Dur\u00e9e de lecture estim\u00e9e":"4 minutes"},"schema":{"@context":"https:\/\/schema.org","@graph":[{"@type":"WebPage","@id":"https:\/\/w-l-c.be\/fr\/24e-festival-le-court-en-dit-long-du-lundi-30-mai-au-samedi-4-juin-2016\/","url":"https:\/\/w-l-c.be\/fr\/24e-festival-le-court-en-dit-long-du-lundi-30-mai-au-samedi-4-juin-2016\/","name":"24e festival le court en dit long\u00a0: du lundi 30 mai au samedi 4 juin 2016 - w-l-c","isPartOf":{"@id":"https:\/\/w-l-c.be\/fr\/#website"},"datePublished":"2016-04-18T05:41:38+00:00","dateModified":"2017-05-16T17:49:17+00:00","author":{"@id":"https:\/\/w-l-c.be\/fr\/#\/schema\/person\/4b9b1d857f0943453a38a7c2859ef756"},"breadcrumb":{"@id":"https:\/\/w-l-c.be\/fr\/24e-festival-le-court-en-dit-long-du-lundi-30-mai-au-samedi-4-juin-2016\/#breadcrumb"},"inLanguage":"fr-FR","potentialAction":[{"@type":"ReadAction","target":["https:\/\/w-l-c.be\/fr\/24e-festival-le-court-en-dit-long-du-lundi-30-mai-au-samedi-4-juin-2016\/"]}]},{"@type":"BreadcrumbList","@id":"https:\/\/w-l-c.be\/fr\/24e-festival-le-court-en-dit-long-du-lundi-30-mai-au-samedi-4-juin-2016\/#breadcrumb","itemListElement":[{"@type":"ListItem","position":1,"name":"Accueil","item":"https:\/\/w-l-c.be\/fr\/"},{"@type":"ListItem","position":2,"name":"24e festival le court en dit long\u00a0: du lundi 30 mai au samedi 4 juin 2016"}]},{"@type":"WebSite","@id":"https:\/\/w-l-c.be\/fr\/#website","url":"https:\/\/w-l-c.be\/fr\/","name":"w-l-c","description":"Le cin\u00e9ma vu par les belges","potentialAction":[{"@type":"SearchAction","target":{"@type":"EntryPoint","urlTemplate":"https:\/\/w-l-c.be\/fr\/?s={search_term_string}"},"query-input":"required name=search_term_string"}],"inLanguage":"fr-FR"},{"@type":"Person","@id":"https:\/\/w-l-c.be\/fr\/#\/schema\/person\/4b9b1d857f0943453a38a7c2859ef756","name":"Philippe.Pierquin","url":"https:\/\/w-l-c.be\/fr\/author\/philippe-pierquin\/"}]}},"_links":{"self":[{"href":"https:\/\/w-l-c.be\/fr\/wp-json\/wp\/v2\/posts\/86530","targetHints":{"allow":["GET"]}}],"collection":[{"href":"https:\/\/w-l-c.be\/fr\/wp-json\/wp\/v2\/posts"}],"about":[{"href":"https:\/\/w-l-c.be\/fr\/wp-json\/wp\/v2\/types\/post"}],"author":[{"embeddable":true,"href":"https:\/\/w-l-c.be\/fr\/wp-json\/wp\/v2\/users\/7"}],"replies":[{"embeddable":true,"href":"https:\/\/w-l-c.be\/fr\/wp-json\/wp\/v2\/comments?post=86530"}],"version-history":[{"count":0,"href":"https:\/\/w-l-c.be\/fr\/wp-json\/wp\/v2\/posts\/86530\/revisions"}],"wp:featuredmedia":[{"embeddable":true,"href":"https:\/\/w-l-c.be\/fr\/wp-json\/wp\/v2\/media\/86541"}],"wp:attachment":[{"href":"https:\/\/w-l-c.be\/fr\/wp-json\/wp\/v2\/media?parent=86530"}],"wp:term":[{"taxonomy":"category","embeddable":true,"href":"https:\/\/w-l-c.be\/fr\/wp-json\/wp\/v2\/categories?post=86530"},{"taxonomy":"post_tag","embeddable":true,"href":"https:\/\/w-l-c.be\/fr\/wp-json\/wp\/v2\/tags?post=86530"}],"curies":[{"name":"wp","href":"https:\/\/api.w.org\/{rel}","templated":true}]}}