
{"id":86648,"date":"2016-04-18T12:01:47","date_gmt":"2016-04-18T10:01:47","guid":{"rendered":"http:\/\/www.cinevox.be\/?p=86648"},"modified":"2016-04-29T10:05:56","modified_gmt":"2016-04-29T08:05:56","slug":"benoit-poelvoorde-francois-damiens-partout","status":"publish","type":"post","link":"https:\/\/w-l-c.be\/fr\/benoit-poelvoorde-francois-damiens-partout\/","title":{"rendered":"Benoit Poelvoorde et Fran\u00e7ois Damiens dans \u00ab\u00a0Ils sont partout\u00a0\u00bb"},"content":{"rendered":"<p>Yvan se sent pers\u00e9cut\u00e9 par un antis\u00e9mitisme grandissant et il a l\u2019habitude de s\u2019entendre dire qu\u2019il exag\u00e8re, qu\u2019il est parano\u00efaque. Lors de s\u00e9ances chez son psy, Yvan parle donc de ce qui le concerne : son identit\u00e9, \u00eatre fran\u00e7ais et juif aujourd\u2019hui. Mais ces rendez-vous sont aussi et surtout une sorte de fil rouge reliant entre elles plusieurs histoires courtes qui tentent de d\u00e9monter, sur le mode tragi-comique, les clich\u00e9s antis\u00e9mites les plus tenaces !<\/p>\n<p>Un film de et avec\u00a0Yvan Attal, avec aussi Beno\u00eet Poelvoorde, Fran\u00e7ois Damiens, Val\u00e9rie Bonneton, Dany Boon, Charlotte Gainsbourg, Gr\u00e9gory Gadebois, Denis Podalyd\u00e8s, Gilles Lellouche&#8230;<\/p>\n<p>&nbsp;<\/p>\n<p>Une coproduction Entre chien et loup &#8211; sortie le 1er juillet<\/p>\n","protected":false},"excerpt":{"rendered":"<p>Yvan se sent pers\u00e9cut\u00e9 par un antis\u00e9mitisme grandissant et il a l\u2019habitude de s\u2019entendre dire qu\u2019il exag\u00e8re, qu\u2019il est parano\u00efaque. Lors de s\u00e9ances chez son psy, Yvan parle donc de ce qui le concerne : son identit\u00e9, \u00eatre fran\u00e7ais et juif aujourd\u2019hui. Mais ces rendez-vous sont aussi et surtout une sorte de fil rouge reliant &hellip;<\/p>\n","protected":false},"author":7,"featured_media":86649,"comment_status":"closed","ping_status":"closed","sticky":false,"template":"","format":"standard","meta":{"ngg_post_thumbnail":0,"footnotes":""},"categories":[53],"tags":[],"class_list":["post-86648","post","type-post","status-publish","format-standard","has-post-thumbnail","","category-coming-soon"],"yoast_head":"<!-- This site is optimized with the Yoast SEO plugin v20.4 - https:\/\/yoast.com\/wordpress\/plugins\/seo\/ -->\n<title>Benoit Poelvoorde et Fran\u00e7ois Damiens dans &quot;Ils sont partout&quot; - w-l-c<\/title>\n<meta name=\"robots\" content=\"noindex, follow, max-snippet:-1, max-image-preview:large, max-video-preview:-1\" \/>\n<meta property=\"og:locale\" content=\"fr_FR\" \/>\n<meta property=\"og:type\" content=\"article\" \/>\n<meta property=\"og:title\" content=\"Benoit Poelvoorde et Fran\u00e7ois Damiens dans &quot;Ils sont partout&quot; - w-l-c\" \/>\n<meta property=\"og:description\" content=\"Yvan se sent pers\u00e9cut\u00e9 par un antis\u00e9mitisme grandissant et il a l\u2019habitude de s\u2019entendre dire qu\u2019il exag\u00e8re, qu\u2019il est parano\u00efaque. Lors de s\u00e9ances chez son psy, Yvan parle donc de ce qui le concerne : son identit\u00e9, \u00eatre fran\u00e7ais et juif aujourd\u2019hui. Mais ces rendez-vous sont aussi et surtout une sorte de fil rouge reliant &hellip;\" \/>\n<meta property=\"og:url\" content=\"https:\/\/w-l-c.be\/fr\/benoit-poelvoorde-francois-damiens-partout\/\" \/>\n<meta property=\"og:site_name\" content=\"w-l-c\" \/>\n<meta property=\"article:published_time\" content=\"2016-04-18T10:01:47+00:00\" \/>\n<meta property=\"article:modified_time\" content=\"2016-04-29T08:05:56+00:00\" \/>\n<meta property=\"og:image\" content=\"https:\/\/w-l-c.be\/wp-content\/uploads\/2016\/04\/2016-04-18_11h59_50.jpg\" \/>\n\t<meta property=\"og:image:width\" content=\"1152\" \/>\n\t<meta property=\"og:image:height\" content=\"521\" \/>\n\t<meta property=\"og:image:type\" content=\"image\/jpeg\" \/>\n<meta name=\"author\" content=\"Philippe.Pierquin\" \/>\n<meta name=\"twitter:card\" content=\"summary_large_image\" \/>\n<meta name=\"twitter:label1\" content=\"\u00c9crit par\" \/>\n\t<meta name=\"twitter:data1\" content=\"Philippe.Pierquin\" \/>\n\t<meta name=\"twitter:label2\" content=\"Dur\u00e9e de lecture estim\u00e9e\" \/>\n\t<meta name=\"twitter:data2\" content=\"1 minute\" \/>\n<script type=\"application\/ld+json\" class=\"yoast-schema-graph\">{\"@context\":\"https:\/\/schema.org\",\"@graph\":[{\"@type\":\"WebPage\",\"@id\":\"https:\/\/w-l-c.be\/fr\/benoit-poelvoorde-francois-damiens-partout\/\",\"url\":\"https:\/\/w-l-c.be\/fr\/benoit-poelvoorde-francois-damiens-partout\/\",\"name\":\"Benoit Poelvoorde et Fran\u00e7ois Damiens dans \\\"Ils sont partout\\\" - w-l-c\",\"isPartOf\":{\"@id\":\"https:\/\/w-l-c.be\/fr\/#website\"},\"datePublished\":\"2016-04-18T10:01:47+00:00\",\"dateModified\":\"2016-04-29T08:05:56+00:00\",\"author\":{\"@id\":\"https:\/\/w-l-c.be\/fr\/#\/schema\/person\/4b9b1d857f0943453a38a7c2859ef756\"},\"breadcrumb\":{\"@id\":\"https:\/\/w-l-c.be\/fr\/benoit-poelvoorde-francois-damiens-partout\/#breadcrumb\"},\"inLanguage\":\"fr-FR\",\"potentialAction\":[{\"@type\":\"ReadAction\",\"target\":[\"https:\/\/w-l-c.be\/fr\/benoit-poelvoorde-francois-damiens-partout\/\"]}]},{\"@type\":\"BreadcrumbList\",\"@id\":\"https:\/\/w-l-c.be\/fr\/benoit-poelvoorde-francois-damiens-partout\/#breadcrumb\",\"itemListElement\":[{\"@type\":\"ListItem\",\"position\":1,\"name\":\"Accueil\",\"item\":\"https:\/\/w-l-c.be\/fr\/\"},{\"@type\":\"ListItem\",\"position\":2,\"name\":\"Benoit Poelvoorde et Fran\u00e7ois Damiens dans \u00ab\u00a0Ils sont partout\u00a0\u00bb\"}]},{\"@type\":\"WebSite\",\"@id\":\"https:\/\/w-l-c.be\/fr\/#website\",\"url\":\"https:\/\/w-l-c.be\/fr\/\",\"name\":\"w-l-c\",\"description\":\"Le cin\u00e9ma vu par les belges\",\"potentialAction\":[{\"@type\":\"SearchAction\",\"target\":{\"@type\":\"EntryPoint\",\"urlTemplate\":\"https:\/\/w-l-c.be\/fr\/?s={search_term_string}\"},\"query-input\":\"required name=search_term_string\"}],\"inLanguage\":\"fr-FR\"},{\"@type\":\"Person\",\"@id\":\"https:\/\/w-l-c.be\/fr\/#\/schema\/person\/4b9b1d857f0943453a38a7c2859ef756\",\"name\":\"Philippe.Pierquin\",\"url\":\"https:\/\/w-l-c.be\/fr\/author\/philippe-pierquin\/\"}]}<\/script>\n<!-- \/ Yoast SEO plugin. -->","yoast_head_json":{"title":"Benoit Poelvoorde et Fran\u00e7ois Damiens dans \"Ils sont partout\" - w-l-c","robots":{"index":"noindex","follow":"follow","max-snippet":"max-snippet:-1","max-image-preview":"max-image-preview:large","max-video-preview":"max-video-preview:-1"},"og_locale":"fr_FR","og_type":"article","og_title":"Benoit Poelvoorde et Fran\u00e7ois Damiens dans \"Ils sont partout\" - w-l-c","og_description":"Yvan se sent pers\u00e9cut\u00e9 par un antis\u00e9mitisme grandissant et il a l\u2019habitude de s\u2019entendre dire qu\u2019il exag\u00e8re, qu\u2019il est parano\u00efaque. Lors de s\u00e9ances chez son psy, Yvan parle donc de ce qui le concerne : son identit\u00e9, \u00eatre fran\u00e7ais et juif aujourd\u2019hui. Mais ces rendez-vous sont aussi et surtout une sorte de fil rouge reliant &hellip;","og_url":"https:\/\/w-l-c.be\/fr\/benoit-poelvoorde-francois-damiens-partout\/","og_site_name":"w-l-c","article_published_time":"2016-04-18T10:01:47+00:00","article_modified_time":"2016-04-29T08:05:56+00:00","og_image":[{"width":1152,"height":521,"url":"https:\/\/w-l-c.be\/wp-content\/uploads\/2016\/04\/2016-04-18_11h59_50.jpg","type":"image\/jpeg"}],"author":"Philippe.Pierquin","twitter_card":"summary_large_image","twitter_misc":{"\u00c9crit par":"Philippe.Pierquin","Dur\u00e9e de lecture estim\u00e9e":"1 minute"},"schema":{"@context":"https:\/\/schema.org","@graph":[{"@type":"WebPage","@id":"https:\/\/w-l-c.be\/fr\/benoit-poelvoorde-francois-damiens-partout\/","url":"https:\/\/w-l-c.be\/fr\/benoit-poelvoorde-francois-damiens-partout\/","name":"Benoit Poelvoorde et Fran\u00e7ois Damiens dans \"Ils sont partout\" - w-l-c","isPartOf":{"@id":"https:\/\/w-l-c.be\/fr\/#website"},"datePublished":"2016-04-18T10:01:47+00:00","dateModified":"2016-04-29T08:05:56+00:00","author":{"@id":"https:\/\/w-l-c.be\/fr\/#\/schema\/person\/4b9b1d857f0943453a38a7c2859ef756"},"breadcrumb":{"@id":"https:\/\/w-l-c.be\/fr\/benoit-poelvoorde-francois-damiens-partout\/#breadcrumb"},"inLanguage":"fr-FR","potentialAction":[{"@type":"ReadAction","target":["https:\/\/w-l-c.be\/fr\/benoit-poelvoorde-francois-damiens-partout\/"]}]},{"@type":"BreadcrumbList","@id":"https:\/\/w-l-c.be\/fr\/benoit-poelvoorde-francois-damiens-partout\/#breadcrumb","itemListElement":[{"@type":"ListItem","position":1,"name":"Accueil","item":"https:\/\/w-l-c.be\/fr\/"},{"@type":"ListItem","position":2,"name":"Benoit Poelvoorde et Fran\u00e7ois Damiens dans \u00ab\u00a0Ils sont partout\u00a0\u00bb"}]},{"@type":"WebSite","@id":"https:\/\/w-l-c.be\/fr\/#website","url":"https:\/\/w-l-c.be\/fr\/","name":"w-l-c","description":"Le cin\u00e9ma vu par les belges","potentialAction":[{"@type":"SearchAction","target":{"@type":"EntryPoint","urlTemplate":"https:\/\/w-l-c.be\/fr\/?s={search_term_string}"},"query-input":"required name=search_term_string"}],"inLanguage":"fr-FR"},{"@type":"Person","@id":"https:\/\/w-l-c.be\/fr\/#\/schema\/person\/4b9b1d857f0943453a38a7c2859ef756","name":"Philippe.Pierquin","url":"https:\/\/w-l-c.be\/fr\/author\/philippe-pierquin\/"}]}},"_links":{"self":[{"href":"https:\/\/w-l-c.be\/fr\/wp-json\/wp\/v2\/posts\/86648","targetHints":{"allow":["GET"]}}],"collection":[{"href":"https:\/\/w-l-c.be\/fr\/wp-json\/wp\/v2\/posts"}],"about":[{"href":"https:\/\/w-l-c.be\/fr\/wp-json\/wp\/v2\/types\/post"}],"author":[{"embeddable":true,"href":"https:\/\/w-l-c.be\/fr\/wp-json\/wp\/v2\/users\/7"}],"replies":[{"embeddable":true,"href":"https:\/\/w-l-c.be\/fr\/wp-json\/wp\/v2\/comments?post=86648"}],"version-history":[{"count":0,"href":"https:\/\/w-l-c.be\/fr\/wp-json\/wp\/v2\/posts\/86648\/revisions"}],"wp:featuredmedia":[{"embeddable":true,"href":"https:\/\/w-l-c.be\/fr\/wp-json\/wp\/v2\/media\/86649"}],"wp:attachment":[{"href":"https:\/\/w-l-c.be\/fr\/wp-json\/wp\/v2\/media?parent=86648"}],"wp:term":[{"taxonomy":"category","embeddable":true,"href":"https:\/\/w-l-c.be\/fr\/wp-json\/wp\/v2\/categories?post=86648"},{"taxonomy":"post_tag","embeddable":true,"href":"https:\/\/w-l-c.be\/fr\/wp-json\/wp\/v2\/tags?post=86648"}],"curies":[{"name":"wp","href":"https:\/\/api.w.org\/{rel}","templated":true}]}}