
{"id":86784,"date":"2016-04-20T21:07:35","date_gmt":"2016-04-20T19:07:35","guid":{"rendered":"http:\/\/www.cinevox.be\/?p=86784"},"modified":"2016-04-20T21:07:35","modified_gmt":"2016-04-20T19:07:35","slug":"umedia-recherche-un-film-accounting-senior-executive-hf","status":"publish","type":"post","link":"https:\/\/w-l-c.be\/fr\/umedia-recherche-un-film-accounting-senior-executive-hf\/","title":{"rendered":"uMedia recherche un film accounting senior executive (H\/F)"},"content":{"rendered":"<p>Umedia est un studio europ\u00e9en de 80 personnes sp\u00e9cialis\u00e9 dans la production de projets cin\u00e9matographiques internationaux. Les activit\u00e9s de Umedia englobent la production, la coproduction, le financement Tax Shelter (via sa filiale uFund) et les effets visuels.<\/p>\n<p>Le d\u00e9partement Coproduction de Umedia, bas\u00e9 \u00e0 Bruxelles, est \u00e0 la recherche d\u2019un \u00ab Film Accounting Executive \u00bb (H\/F).<\/p>\n<p>En rejoignant Umedia, vous int\u00e9grez l\u2019un des plus grands groupes de cin\u00e9ma belges, qui coproduit plus d\u2019une trentaine de films par an, et qui est ouvert sur l\u2019international et dispose d\u2019une culture d\u2019entreprise forte reposant sur des valeurs mises en pratique au quotidien.<!--more--><\/p>\n<p>&nbsp;<\/p>\n<p>TYPE : CDI<\/p>\n<p>D\u00c9BUT : d\u00e8s que possible<\/p>\n<p>DUR\u00c9E : ind\u00e9termin\u00e9e<\/p>\n<p>&nbsp;<\/p>\n<p>VOS MISSIONS<\/p>\n<p>Vous soutenez le d\u00e9partement Coproduction de Umedia au niveau administratif et comptable. Dans le cadre de cette mission, vous g\u00e9rez une \u00e9quipe de deux personnes avec qui vous vous r\u00e9partissez notamment les t\u00e2ches suivantes :<\/p>\n<ul>\n<li>Analyser les factures relatives aux d\u00e9penses des films coproduits, s\u2019assurer de leur \u00e9ligibilit\u00e9 au regard du Tax Shelter, et assurer le traitement de ces d\u00e9penses (encodage, paiement, etc).<\/li>\n<li>\u00catre le point de contact et r\u00e9pondre aux demandes des producteurs externes, pour les mati\u00e8res susvis\u00e9es.<\/li>\n<li>Pr\u00e9parer les dossiers \u00e0 soumettre \u00e0 l\u2019administration fiscale et \u00eatre le point de contact principal avec la cellule Tax Shelter.<\/li>\n<li>Intervenir en support de l\u2019administrateur de production sur les films coproduits par Umedia.<\/li>\n<\/ul>\n<p>&nbsp;<\/p>\n<p>L\u2019OFFRE<\/p>\n<p>Un package salarial attractif en ligne avec votre niveau d\u2019exp\u00e9rience, et une opportunit\u00e9 de rejoindre une \u00e9quipe jeune et dynamique dans le secteur des m\u00e9dias.<\/p>\n<p>&nbsp;<\/p>\n<p>VOTRE PROFIL<\/p>\n<p>Vous \u00eates familiers avec les missions pr\u00e9cit\u00e9es et\/ou avez une exp\u00e9rience dans le domaine audiovisuel, par exemple en tant que comptable de production ou administrateur de production.<\/p>\n<p>Vous maitrisez parfaitement les notions relatives \u00e0 l\u2019\u00e9ligibilit\u00e9 des d\u00e9penses dans le cadre du Tax<\/p>\n<p>Shelter.<\/p>\n<p>Vous avez d\u00e9j\u00e0 g\u00e9r\u00e9 une \u00e9quipe, et \u00eates motiv\u00e9s par ce genre de responsabilit\u00e9s.<\/p>\n<p>Vous aimez le travail administratif.<\/p>\n<p>Vous avez le contact facile et adorez travailler en \u00e9quipe.<\/p>\n<p>Vous \u00eates organis\u00e9(e), rigoureux\/se et pr\u00e9cis(e), et savez g\u00e9rer les priorit\u00e9s.<\/p>\n<p>Vous \u00eates francophone et avez un bon niveau d\u2019anglais (le n\u00e9erlandais est un atout).<\/p>\n<p>&nbsp;<\/p>\n<p>COMMENT POSTULER ?<\/p>\n<p>Envoyez votre CV et lettre de motivation \u00e0 Gilles Waterkeyn : gilles.waterkeyn@umedia.eu.<\/p>\n","protected":false},"excerpt":{"rendered":"<p>Umedia est un studio europ\u00e9en de 80 personnes sp\u00e9cialis\u00e9 dans la production de projets cin\u00e9matographiques internationaux. Les activit\u00e9s de Umedia englobent la production, la coproduction, le financement Tax Shelter (via sa filiale uFund) et les effets visuels. Le d\u00e9partement Coproduction de Umedia, bas\u00e9 \u00e0 Bruxelles, est \u00e0 la recherche d\u2019un \u00ab Film Accounting Executive \u00bb &hellip;<\/p>\n","protected":false},"author":7,"featured_media":86786,"comment_status":"closed","ping_status":"closed","sticky":false,"template":"","format":"standard","meta":{"ngg_post_thumbnail":0,"footnotes":""},"categories":[20],"tags":[],"class_list":["post-86784","post","type-post","status-publish","format-standard","has-post-thumbnail","","category-cinejobs"],"yoast_head":"<!-- This site is optimized with the Yoast SEO plugin v20.4 - https:\/\/yoast.com\/wordpress\/plugins\/seo\/ -->\n<title>uMedia recherche un film accounting senior executive (H\/F) - w-l-c<\/title>\n<meta name=\"robots\" content=\"noindex, follow, max-snippet:-1, max-image-preview:large, max-video-preview:-1\" \/>\n<meta property=\"og:locale\" content=\"fr_FR\" \/>\n<meta property=\"og:type\" content=\"article\" \/>\n<meta property=\"og:title\" content=\"uMedia recherche un film accounting senior executive (H\/F) - w-l-c\" \/>\n<meta property=\"og:description\" content=\"Umedia est un studio europ\u00e9en de 80 personnes sp\u00e9cialis\u00e9 dans la production de projets cin\u00e9matographiques internationaux. Les activit\u00e9s de Umedia englobent la production, la coproduction, le financement Tax Shelter (via sa filiale uFund) et les effets visuels. Le d\u00e9partement Coproduction de Umedia, bas\u00e9 \u00e0 Bruxelles, est \u00e0 la recherche d\u2019un \u00ab Film Accounting Executive \u00bb &hellip;\" \/>\n<meta property=\"og:url\" content=\"https:\/\/w-l-c.be\/fr\/umedia-recherche-un-film-accounting-senior-executive-hf\/\" \/>\n<meta property=\"og:site_name\" content=\"w-l-c\" \/>\n<meta property=\"article:published_time\" content=\"2016-04-20T19:07:35+00:00\" \/>\n<meta property=\"og:image\" content=\"https:\/\/w-l-c.be\/wp-content\/uploads\/2016\/04\/logo-umedia-357.jpg\" \/>\n\t<meta property=\"og:image:width\" content=\"500\" \/>\n\t<meta property=\"og:image:height\" content=\"273\" \/>\n\t<meta property=\"og:image:type\" content=\"image\/jpeg\" \/>\n<meta name=\"author\" content=\"Philippe.Pierquin\" \/>\n<meta name=\"twitter:card\" content=\"summary_large_image\" \/>\n<meta name=\"twitter:label1\" content=\"\u00c9crit par\" \/>\n\t<meta name=\"twitter:data1\" content=\"Philippe.Pierquin\" \/>\n\t<meta name=\"twitter:label2\" content=\"Dur\u00e9e de lecture estim\u00e9e\" \/>\n\t<meta name=\"twitter:data2\" content=\"2 minutes\" \/>\n<script type=\"application\/ld+json\" class=\"yoast-schema-graph\">{\"@context\":\"https:\/\/schema.org\",\"@graph\":[{\"@type\":\"WebPage\",\"@id\":\"https:\/\/w-l-c.be\/fr\/umedia-recherche-un-film-accounting-senior-executive-hf\/\",\"url\":\"https:\/\/w-l-c.be\/fr\/umedia-recherche-un-film-accounting-senior-executive-hf\/\",\"name\":\"uMedia recherche un film accounting senior executive (H\/F) - w-l-c\",\"isPartOf\":{\"@id\":\"https:\/\/w-l-c.be\/fr\/#website\"},\"datePublished\":\"2016-04-20T19:07:35+00:00\",\"dateModified\":\"2016-04-20T19:07:35+00:00\",\"author\":{\"@id\":\"https:\/\/w-l-c.be\/fr\/#\/schema\/person\/4b9b1d857f0943453a38a7c2859ef756\"},\"breadcrumb\":{\"@id\":\"https:\/\/w-l-c.be\/fr\/umedia-recherche-un-film-accounting-senior-executive-hf\/#breadcrumb\"},\"inLanguage\":\"fr-FR\",\"potentialAction\":[{\"@type\":\"ReadAction\",\"target\":[\"https:\/\/w-l-c.be\/fr\/umedia-recherche-un-film-accounting-senior-executive-hf\/\"]}]},{\"@type\":\"BreadcrumbList\",\"@id\":\"https:\/\/w-l-c.be\/fr\/umedia-recherche-un-film-accounting-senior-executive-hf\/#breadcrumb\",\"itemListElement\":[{\"@type\":\"ListItem\",\"position\":1,\"name\":\"Accueil\",\"item\":\"https:\/\/w-l-c.be\/fr\/\"},{\"@type\":\"ListItem\",\"position\":2,\"name\":\"uMedia recherche un film accounting senior executive (H\/F)\"}]},{\"@type\":\"WebSite\",\"@id\":\"https:\/\/w-l-c.be\/fr\/#website\",\"url\":\"https:\/\/w-l-c.be\/fr\/\",\"name\":\"w-l-c\",\"description\":\"Le cin\u00e9ma vu par les belges\",\"potentialAction\":[{\"@type\":\"SearchAction\",\"target\":{\"@type\":\"EntryPoint\",\"urlTemplate\":\"https:\/\/w-l-c.be\/fr\/?s={search_term_string}\"},\"query-input\":\"required name=search_term_string\"}],\"inLanguage\":\"fr-FR\"},{\"@type\":\"Person\",\"@id\":\"https:\/\/w-l-c.be\/fr\/#\/schema\/person\/4b9b1d857f0943453a38a7c2859ef756\",\"name\":\"Philippe.Pierquin\",\"url\":\"https:\/\/w-l-c.be\/fr\/author\/philippe-pierquin\/\"}]}<\/script>\n<!-- \/ Yoast SEO plugin. -->","yoast_head_json":{"title":"uMedia recherche un film accounting senior executive (H\/F) - w-l-c","robots":{"index":"noindex","follow":"follow","max-snippet":"max-snippet:-1","max-image-preview":"max-image-preview:large","max-video-preview":"max-video-preview:-1"},"og_locale":"fr_FR","og_type":"article","og_title":"uMedia recherche un film accounting senior executive (H\/F) - w-l-c","og_description":"Umedia est un studio europ\u00e9en de 80 personnes sp\u00e9cialis\u00e9 dans la production de projets cin\u00e9matographiques internationaux. Les activit\u00e9s de Umedia englobent la production, la coproduction, le financement Tax Shelter (via sa filiale uFund) et les effets visuels. Le d\u00e9partement Coproduction de Umedia, bas\u00e9 \u00e0 Bruxelles, est \u00e0 la recherche d\u2019un \u00ab Film Accounting Executive \u00bb &hellip;","og_url":"https:\/\/w-l-c.be\/fr\/umedia-recherche-un-film-accounting-senior-executive-hf\/","og_site_name":"w-l-c","article_published_time":"2016-04-20T19:07:35+00:00","og_image":[{"width":500,"height":273,"url":"https:\/\/w-l-c.be\/wp-content\/uploads\/2016\/04\/logo-umedia-357.jpg","type":"image\/jpeg"}],"author":"Philippe.Pierquin","twitter_card":"summary_large_image","twitter_misc":{"\u00c9crit par":"Philippe.Pierquin","Dur\u00e9e de lecture estim\u00e9e":"2 minutes"},"schema":{"@context":"https:\/\/schema.org","@graph":[{"@type":"WebPage","@id":"https:\/\/w-l-c.be\/fr\/umedia-recherche-un-film-accounting-senior-executive-hf\/","url":"https:\/\/w-l-c.be\/fr\/umedia-recherche-un-film-accounting-senior-executive-hf\/","name":"uMedia recherche un film accounting senior executive (H\/F) - w-l-c","isPartOf":{"@id":"https:\/\/w-l-c.be\/fr\/#website"},"datePublished":"2016-04-20T19:07:35+00:00","dateModified":"2016-04-20T19:07:35+00:00","author":{"@id":"https:\/\/w-l-c.be\/fr\/#\/schema\/person\/4b9b1d857f0943453a38a7c2859ef756"},"breadcrumb":{"@id":"https:\/\/w-l-c.be\/fr\/umedia-recherche-un-film-accounting-senior-executive-hf\/#breadcrumb"},"inLanguage":"fr-FR","potentialAction":[{"@type":"ReadAction","target":["https:\/\/w-l-c.be\/fr\/umedia-recherche-un-film-accounting-senior-executive-hf\/"]}]},{"@type":"BreadcrumbList","@id":"https:\/\/w-l-c.be\/fr\/umedia-recherche-un-film-accounting-senior-executive-hf\/#breadcrumb","itemListElement":[{"@type":"ListItem","position":1,"name":"Accueil","item":"https:\/\/w-l-c.be\/fr\/"},{"@type":"ListItem","position":2,"name":"uMedia recherche un film accounting senior executive (H\/F)"}]},{"@type":"WebSite","@id":"https:\/\/w-l-c.be\/fr\/#website","url":"https:\/\/w-l-c.be\/fr\/","name":"w-l-c","description":"Le cin\u00e9ma vu par les belges","potentialAction":[{"@type":"SearchAction","target":{"@type":"EntryPoint","urlTemplate":"https:\/\/w-l-c.be\/fr\/?s={search_term_string}"},"query-input":"required name=search_term_string"}],"inLanguage":"fr-FR"},{"@type":"Person","@id":"https:\/\/w-l-c.be\/fr\/#\/schema\/person\/4b9b1d857f0943453a38a7c2859ef756","name":"Philippe.Pierquin","url":"https:\/\/w-l-c.be\/fr\/author\/philippe-pierquin\/"}]}},"_links":{"self":[{"href":"https:\/\/w-l-c.be\/fr\/wp-json\/wp\/v2\/posts\/86784","targetHints":{"allow":["GET"]}}],"collection":[{"href":"https:\/\/w-l-c.be\/fr\/wp-json\/wp\/v2\/posts"}],"about":[{"href":"https:\/\/w-l-c.be\/fr\/wp-json\/wp\/v2\/types\/post"}],"author":[{"embeddable":true,"href":"https:\/\/w-l-c.be\/fr\/wp-json\/wp\/v2\/users\/7"}],"replies":[{"embeddable":true,"href":"https:\/\/w-l-c.be\/fr\/wp-json\/wp\/v2\/comments?post=86784"}],"version-history":[{"count":0,"href":"https:\/\/w-l-c.be\/fr\/wp-json\/wp\/v2\/posts\/86784\/revisions"}],"wp:featuredmedia":[{"embeddable":true,"href":"https:\/\/w-l-c.be\/fr\/wp-json\/wp\/v2\/media\/86786"}],"wp:attachment":[{"href":"https:\/\/w-l-c.be\/fr\/wp-json\/wp\/v2\/media?parent=86784"}],"wp:term":[{"taxonomy":"category","embeddable":true,"href":"https:\/\/w-l-c.be\/fr\/wp-json\/wp\/v2\/categories?post=86784"},{"taxonomy":"post_tag","embeddable":true,"href":"https:\/\/w-l-c.be\/fr\/wp-json\/wp\/v2\/tags?post=86784"}],"curies":[{"name":"wp","href":"https:\/\/api.w.org\/{rel}","templated":true}]}}