
{"id":87399,"date":"2016-05-11T09:19:35","date_gmt":"2016-05-11T07:19:35","guid":{"rendered":"http:\/\/www.cinevox.be\/?p=87399"},"modified":"2016-05-11T09:25:59","modified_gmt":"2016-05-11T07:25:59","slug":"stephanie-crayencour-est-une-fille-derangee","status":"publish","type":"post","link":"https:\/\/w-l-c.be\/fr\/stephanie-crayencour-est-une-fille-derangee\/","title":{"rendered":"St\u00e9phanie Crayencour est une fille d\u00e9rang\u00e9e"},"content":{"rendered":"<p>La tonique, jolie et (surtout) talentueuse <strong>St\u00e9phanie Crayencour<\/strong> sera d\u00e8s la rentr\u00e9e \u00e0 l\u2019affiche du tr\u00e8s attendu <em>Faut pas lui dire<\/em>, com\u00e9die romantique chorale de Solange Cirurel, aux c\u00f4t\u00e9s de Jenifer Bartoli, Tania Gargbarski et Camille Chamoux. Un premier grand film belge pour la petite ni\u00e8ce de Marguerite Yourcenar qu\u2019on voyait plut\u00f4t, jusque-l\u00e0, sur les plateaux fran\u00e7ais.<!--more--><\/p>\n<p>&nbsp;<\/p>\n<p>&nbsp;<\/p>\n<p>&nbsp;<\/p>\n<p>Tr\u00e8s demand\u00e9e, la jeune femme d\u00e9croche des r\u00f4les de plus en plus all\u00e9chants. On peut ainsi vous annoncer (en exclu Lulu) qu\u2019\u00e0 la rentr\u00e9e, elle commencera le tournage du <em>Journal d\u2019une fille d\u00e9rang\u00e9e<\/em> de Keren Marciano. Elle y incarnera le premier r\u00f4le et aura pour maman une certaine Zabou Breitman.<\/p>\n<p>&nbsp;<\/p>\n<p><a href=\"http:\/\/www.cinevox.be\/wp-content\/uploads\/2016\/05\/crayencour.jpg\"><img loading=\"lazy\" decoding=\"async\" class=\"aligncenter size-full wp-image-87401\" src=\"http:\/\/www.cinevox.be\/wp-content\/uploads\/2016\/05\/crayencour.jpg\" alt=\"\" width=\"493\" height=\"493\" srcset=\"https:\/\/w-l-c.be\/wp-content\/uploads\/2016\/05\/crayencour.jpg 493w, https:\/\/w-l-c.be\/wp-content\/uploads\/2016\/05\/crayencour-270x270.jpg 270w, https:\/\/w-l-c.be\/wp-content\/uploads\/2016\/05\/crayencour-100x100.jpg 100w, https:\/\/w-l-c.be\/wp-content\/uploads\/2016\/05\/crayencour-87x87.jpg 87w\" sizes=\"auto, (max-width: 493px) 100vw, 493px\" \/><\/a><\/p>\n<p>&nbsp;<\/p>\n<p>Ce long m\u00e9trage qui promet d&rsquo;\u00eatre fort dr\u00f4le est adapt\u00e9 d\u2019un court de la r\u00e9alisatrice (<em>M\u00e9moires d\u2019une jeune fille d\u00e9rang\u00e9e<\/em>) qui mettait en sc\u00e8ne Sara Giraudeau. Un film s\u00e9lectionn\u00e9 un peu partout dans le monde et qui a r\u00e9colt\u00e9 de nombreux prix. \u00ab\u00a0Surtout des prix du public\u00a0\u00bb, pr\u00e9cise Keren Marciano (photo ci-dessous).<\/p>\n<p>&nbsp;<\/p>\n<p><a href=\"http:\/\/www.cinevox.be\/wp-content\/uploads\/2016\/05\/Keren-Marciano.jpg\"><img loading=\"lazy\" decoding=\"async\" class=\"aligncenter size-full wp-image-87400\" src=\"http:\/\/www.cinevox.be\/wp-content\/uploads\/2016\/05\/Keren-Marciano.jpg\" alt=\"\" width=\"960\" height=\"720\" srcset=\"https:\/\/w-l-c.be\/wp-content\/uploads\/2016\/05\/Keren-Marciano.jpg 960w, https:\/\/w-l-c.be\/wp-content\/uploads\/2016\/05\/Keren-Marciano-360x270.jpg 360w, https:\/\/w-l-c.be\/wp-content\/uploads\/2016\/05\/Keren-Marciano-800x600.jpg 800w, https:\/\/w-l-c.be\/wp-content\/uploads\/2016\/05\/Keren-Marciano-300x225.jpg 300w\" sizes=\"auto, (max-width: 960px) 100vw, 960px\" \/><\/a><\/p>\n<p>&nbsp;<\/p>\n<p>&nbsp;<\/p>\n<p>Le titre du film est naturellement un clin d\u2019\u0153il humoristique au livre de Simone de Beauvoir, car l\u2019histoire (\u00ab\u00a0qui n\u2019est pas autobiographique\u00a0\u00bb, rassure la r\u00e9alisatrice), raconte le trajet d\u2019une jeune femme de 25 ans, encore vierge, mais qui, un peu harcel\u00e9e par sa m\u00e8re, r\u00eave d\u2019une vie plus \u00ab\u00a0normale\u00a0\u00bb. Pour commencer, elle a donc l\u2019intention de se trouver un bon coup pour passer le cap. Ce qui, contrairement aux apparences, n\u2019est pas si facile.<br \/>\nAutant dire qu\u2019on attend avec impatience de retrouver St\u00e9phanie Crayencour dans cette com\u00e9die atypique, pas politiquement correcte pour un euro. Un r\u00f4le qui lui convient \u00e0 merveille, c\u2019est \u00e9vident.<\/p>\n<p>&nbsp;<\/p>\n<p>D&rsquo;ici l\u00e0, rappelons que l\u2019actrice belge sera bient\u00f4t sur le plateau de <em>Flora <\/em>de St\u00e9phane Robelin o\u00f9 elle a aussi une maman et un grand-p\u00e8re d\u2019exception, respectivement St\u00e9phane Bissot et Pierre Richard<\/p>\n","protected":false},"excerpt":{"rendered":"<p>La tonique, jolie et (surtout) talentueuse St\u00e9phanie Crayencour sera d\u00e8s la rentr\u00e9e \u00e0 l\u2019affiche du tr\u00e8s attendu Faut pas lui dire, com\u00e9die romantique chorale de Solange Cirurel, aux c\u00f4t\u00e9s de Jenifer Bartoli, Tania Gargbarski et Camille Chamoux. Un premier grand film belge pour la petite ni\u00e8ce de Marguerite Yourcenar qu\u2019on voyait plut\u00f4t, jusque-l\u00e0, sur les &hellip;<\/p>\n","protected":false},"author":7,"featured_media":87404,"comment_status":"closed","ping_status":"closed","sticky":false,"template":"","format":"standard","meta":{"ngg_post_thumbnail":0,"footnotes":""},"categories":[1923],"tags":[],"class_list":["post-87399","post","type-post","status-publish","format-standard","has-post-thumbnail","","category-en-bref"],"yoast_head":"<!-- This site is optimized with the Yoast SEO plugin v20.4 - https:\/\/yoast.com\/wordpress\/plugins\/seo\/ -->\n<title>St\u00e9phanie Crayencour est une fille d\u00e9rang\u00e9e - w-l-c<\/title>\n<meta name=\"robots\" content=\"noindex, follow, max-snippet:-1, max-image-preview:large, max-video-preview:-1\" \/>\n<meta property=\"og:locale\" content=\"fr_FR\" \/>\n<meta property=\"og:type\" content=\"article\" \/>\n<meta property=\"og:title\" content=\"St\u00e9phanie Crayencour est une fille d\u00e9rang\u00e9e - w-l-c\" \/>\n<meta property=\"og:description\" content=\"La tonique, jolie et (surtout) talentueuse St\u00e9phanie Crayencour sera d\u00e8s la rentr\u00e9e \u00e0 l\u2019affiche du tr\u00e8s attendu Faut pas lui dire, com\u00e9die romantique chorale de Solange Cirurel, aux c\u00f4t\u00e9s de Jenifer Bartoli, Tania Gargbarski et Camille Chamoux. Un premier grand film belge pour la petite ni\u00e8ce de Marguerite Yourcenar qu\u2019on voyait plut\u00f4t, jusque-l\u00e0, sur les &hellip;\" \/>\n<meta property=\"og:url\" content=\"https:\/\/w-l-c.be\/fr\/stephanie-crayencour-est-une-fille-derangee\/\" \/>\n<meta property=\"og:site_name\" content=\"w-l-c\" \/>\n<meta property=\"article:published_time\" content=\"2016-05-11T07:19:35+00:00\" \/>\n<meta property=\"article:modified_time\" content=\"2016-05-11T07:25:59+00:00\" \/>\n<meta property=\"og:image\" content=\"https:\/\/w-l-c.be\/wp-content\/uploads\/2016\/05\/crayen-2.jpg\" \/>\n\t<meta property=\"og:image:width\" content=\"1000\" \/>\n\t<meta property=\"og:image:height\" content=\"518\" \/>\n\t<meta property=\"og:image:type\" content=\"image\/jpeg\" \/>\n<meta name=\"author\" content=\"Philippe.Pierquin\" \/>\n<meta name=\"twitter:card\" content=\"summary_large_image\" \/>\n<meta name=\"twitter:label1\" content=\"\u00c9crit par\" \/>\n\t<meta name=\"twitter:data1\" content=\"Philippe.Pierquin\" \/>\n\t<meta name=\"twitter:label2\" content=\"Dur\u00e9e de lecture estim\u00e9e\" \/>\n\t<meta name=\"twitter:data2\" content=\"2 minutes\" \/>\n<script type=\"application\/ld+json\" class=\"yoast-schema-graph\">{\"@context\":\"https:\/\/schema.org\",\"@graph\":[{\"@type\":\"WebPage\",\"@id\":\"https:\/\/w-l-c.be\/fr\/stephanie-crayencour-est-une-fille-derangee\/\",\"url\":\"https:\/\/w-l-c.be\/fr\/stephanie-crayencour-est-une-fille-derangee\/\",\"name\":\"St\u00e9phanie Crayencour est une fille d\u00e9rang\u00e9e - w-l-c\",\"isPartOf\":{\"@id\":\"https:\/\/w-l-c.be\/fr\/#website\"},\"datePublished\":\"2016-05-11T07:19:35+00:00\",\"dateModified\":\"2016-05-11T07:25:59+00:00\",\"author\":{\"@id\":\"https:\/\/w-l-c.be\/fr\/#\/schema\/person\/4b9b1d857f0943453a38a7c2859ef756\"},\"breadcrumb\":{\"@id\":\"https:\/\/w-l-c.be\/fr\/stephanie-crayencour-est-une-fille-derangee\/#breadcrumb\"},\"inLanguage\":\"fr-FR\",\"potentialAction\":[{\"@type\":\"ReadAction\",\"target\":[\"https:\/\/w-l-c.be\/fr\/stephanie-crayencour-est-une-fille-derangee\/\"]}]},{\"@type\":\"BreadcrumbList\",\"@id\":\"https:\/\/w-l-c.be\/fr\/stephanie-crayencour-est-une-fille-derangee\/#breadcrumb\",\"itemListElement\":[{\"@type\":\"ListItem\",\"position\":1,\"name\":\"Accueil\",\"item\":\"https:\/\/w-l-c.be\/fr\/\"},{\"@type\":\"ListItem\",\"position\":2,\"name\":\"St\u00e9phanie Crayencour est une fille d\u00e9rang\u00e9e\"}]},{\"@type\":\"WebSite\",\"@id\":\"https:\/\/w-l-c.be\/fr\/#website\",\"url\":\"https:\/\/w-l-c.be\/fr\/\",\"name\":\"w-l-c\",\"description\":\"Le cin\u00e9ma vu par les belges\",\"potentialAction\":[{\"@type\":\"SearchAction\",\"target\":{\"@type\":\"EntryPoint\",\"urlTemplate\":\"https:\/\/w-l-c.be\/fr\/?s={search_term_string}\"},\"query-input\":\"required name=search_term_string\"}],\"inLanguage\":\"fr-FR\"},{\"@type\":\"Person\",\"@id\":\"https:\/\/w-l-c.be\/fr\/#\/schema\/person\/4b9b1d857f0943453a38a7c2859ef756\",\"name\":\"Philippe.Pierquin\",\"url\":\"https:\/\/w-l-c.be\/fr\/author\/philippe-pierquin\/\"}]}<\/script>\n<!-- \/ Yoast SEO plugin. -->","yoast_head_json":{"title":"St\u00e9phanie Crayencour est une fille d\u00e9rang\u00e9e - w-l-c","robots":{"index":"noindex","follow":"follow","max-snippet":"max-snippet:-1","max-image-preview":"max-image-preview:large","max-video-preview":"max-video-preview:-1"},"og_locale":"fr_FR","og_type":"article","og_title":"St\u00e9phanie Crayencour est une fille d\u00e9rang\u00e9e - w-l-c","og_description":"La tonique, jolie et (surtout) talentueuse St\u00e9phanie Crayencour sera d\u00e8s la rentr\u00e9e \u00e0 l\u2019affiche du tr\u00e8s attendu Faut pas lui dire, com\u00e9die romantique chorale de Solange Cirurel, aux c\u00f4t\u00e9s de Jenifer Bartoli, Tania Gargbarski et Camille Chamoux. Un premier grand film belge pour la petite ni\u00e8ce de Marguerite Yourcenar qu\u2019on voyait plut\u00f4t, jusque-l\u00e0, sur les &hellip;","og_url":"https:\/\/w-l-c.be\/fr\/stephanie-crayencour-est-une-fille-derangee\/","og_site_name":"w-l-c","article_published_time":"2016-05-11T07:19:35+00:00","article_modified_time":"2016-05-11T07:25:59+00:00","og_image":[{"width":1000,"height":518,"url":"https:\/\/w-l-c.be\/wp-content\/uploads\/2016\/05\/crayen-2.jpg","type":"image\/jpeg"}],"author":"Philippe.Pierquin","twitter_card":"summary_large_image","twitter_misc":{"\u00c9crit par":"Philippe.Pierquin","Dur\u00e9e de lecture estim\u00e9e":"2 minutes"},"schema":{"@context":"https:\/\/schema.org","@graph":[{"@type":"WebPage","@id":"https:\/\/w-l-c.be\/fr\/stephanie-crayencour-est-une-fille-derangee\/","url":"https:\/\/w-l-c.be\/fr\/stephanie-crayencour-est-une-fille-derangee\/","name":"St\u00e9phanie Crayencour est une fille d\u00e9rang\u00e9e - w-l-c","isPartOf":{"@id":"https:\/\/w-l-c.be\/fr\/#website"},"datePublished":"2016-05-11T07:19:35+00:00","dateModified":"2016-05-11T07:25:59+00:00","author":{"@id":"https:\/\/w-l-c.be\/fr\/#\/schema\/person\/4b9b1d857f0943453a38a7c2859ef756"},"breadcrumb":{"@id":"https:\/\/w-l-c.be\/fr\/stephanie-crayencour-est-une-fille-derangee\/#breadcrumb"},"inLanguage":"fr-FR","potentialAction":[{"@type":"ReadAction","target":["https:\/\/w-l-c.be\/fr\/stephanie-crayencour-est-une-fille-derangee\/"]}]},{"@type":"BreadcrumbList","@id":"https:\/\/w-l-c.be\/fr\/stephanie-crayencour-est-une-fille-derangee\/#breadcrumb","itemListElement":[{"@type":"ListItem","position":1,"name":"Accueil","item":"https:\/\/w-l-c.be\/fr\/"},{"@type":"ListItem","position":2,"name":"St\u00e9phanie Crayencour est une fille d\u00e9rang\u00e9e"}]},{"@type":"WebSite","@id":"https:\/\/w-l-c.be\/fr\/#website","url":"https:\/\/w-l-c.be\/fr\/","name":"w-l-c","description":"Le cin\u00e9ma vu par les belges","potentialAction":[{"@type":"SearchAction","target":{"@type":"EntryPoint","urlTemplate":"https:\/\/w-l-c.be\/fr\/?s={search_term_string}"},"query-input":"required name=search_term_string"}],"inLanguage":"fr-FR"},{"@type":"Person","@id":"https:\/\/w-l-c.be\/fr\/#\/schema\/person\/4b9b1d857f0943453a38a7c2859ef756","name":"Philippe.Pierquin","url":"https:\/\/w-l-c.be\/fr\/author\/philippe-pierquin\/"}]}},"_links":{"self":[{"href":"https:\/\/w-l-c.be\/fr\/wp-json\/wp\/v2\/posts\/87399","targetHints":{"allow":["GET"]}}],"collection":[{"href":"https:\/\/w-l-c.be\/fr\/wp-json\/wp\/v2\/posts"}],"about":[{"href":"https:\/\/w-l-c.be\/fr\/wp-json\/wp\/v2\/types\/post"}],"author":[{"embeddable":true,"href":"https:\/\/w-l-c.be\/fr\/wp-json\/wp\/v2\/users\/7"}],"replies":[{"embeddable":true,"href":"https:\/\/w-l-c.be\/fr\/wp-json\/wp\/v2\/comments?post=87399"}],"version-history":[{"count":0,"href":"https:\/\/w-l-c.be\/fr\/wp-json\/wp\/v2\/posts\/87399\/revisions"}],"wp:featuredmedia":[{"embeddable":true,"href":"https:\/\/w-l-c.be\/fr\/wp-json\/wp\/v2\/media\/87404"}],"wp:attachment":[{"href":"https:\/\/w-l-c.be\/fr\/wp-json\/wp\/v2\/media?parent=87399"}],"wp:term":[{"taxonomy":"category","embeddable":true,"href":"https:\/\/w-l-c.be\/fr\/wp-json\/wp\/v2\/categories?post=87399"},{"taxonomy":"post_tag","embeddable":true,"href":"https:\/\/w-l-c.be\/fr\/wp-json\/wp\/v2\/tags?post=87399"}],"curies":[{"name":"wp","href":"https:\/\/api.w.org\/{rel}","templated":true}]}}