
{"id":88056,"date":"2016-06-16T18:11:54","date_gmt":"2016-06-16T16:11:54","guid":{"rendered":"http:\/\/www.cinevox.be\/?p=88056"},"modified":"2017-05-16T19:48:58","modified_gmt":"2017-05-16T17:48:58","slug":"le-meilleur-de-leurope","status":"publish","type":"post","link":"https:\/\/w-l-c.be\/fr\/le-meilleur-de-leurope\/","title":{"rendered":"Le meilleur de l\u2019Europe"},"content":{"rendered":"<p>Tandis que la France accueille l\u2019Europe du foot depuis le 10 juin, Bruxelles se concentresur l\u2019Europe du cin\u00e9ma d\u00e8s ce vendredi soir. Car oui, le Brussels Film Festival &#8211; Dedicated to European Cinema s&rsquo;appr\u00eate \u00e0 vivre une nouvelle \u00e9dition, la 14e depuis son installation \u00e0 Flagey.<\/p>\n<p>Cette ann\u00e9e il se d\u00e9roule du 17 au 24 juin.<\/p>\n<p>&nbsp;<\/p>\n<p>&nbsp;<\/p>\n<p>&nbsp;<\/p>\n<p>&nbsp;<\/p>\n<p><!--more--><br \/>\n<a href=\"http:\/\/www.cinevox.be\/wp-content\/uploads\/2016\/06\/brff-affiche.jpg\"><img loading=\"lazy\" decoding=\"async\" class=\"alignright size-large wp-image-88059\" src=\"http:\/\/www.cinevox.be\/wp-content\/uploads\/2016\/06\/brff-affiche-420x600.jpg\" alt=\"\" width=\"420\" height=\"600\" srcset=\"https:\/\/w-l-c.be\/wp-content\/uploads\/2016\/06\/brff-affiche-420x600.jpg 420w, https:\/\/w-l-c.be\/wp-content\/uploads\/2016\/06\/brff-affiche-189x270.jpg 189w, https:\/\/w-l-c.be\/wp-content\/uploads\/2016\/06\/brff-affiche.jpg 672w\" sizes=\"auto, (max-width: 420px) 100vw, 420px\" \/><\/a>Comme d\u2019habitude, le rendez-vous se veut festif, comp\u00e9titif et addictif. 8 jours de d\u00e9couvertes, plus de 20 pays europ\u00e9ens \u00e0 sillonner, 100 courts et longs m\u00e9trages europ\u00e9ens s\u00e9lectionn\u00e9s parmi plus de 1000 films, plus de 50.000 euros de prix pour encourager la cr\u00e9ation et la promotion cin\u00e9matographiques en Europe, une section Panorama, des avant-premi\u00e8res, des courts m\u00e9trages bien de chez nous, et des Music Docs.<\/p>\n<p>Un jury \u00e9videmment, \u00e9clectique et r\u00e9solument europ\u00e9en, un invit\u00e9 d\u2019honneur (Guy Bedos), des invit\u00e9s venus d\u00e9fendre leur film, pour autant de rencontres et une m\u00eame volont\u00e9 d\u2019inventer un territoire commun de dialogue et d\u2019\u00e9motions.<\/p>\n<p>&nbsp;<\/p>\n<p>Il y aura aussi des d\u00e9bats, des conf\u00e9rences, master classes, des DJ sets, et naturellement les d\u00e9sormais incontournables s\u00e9ances en plein air gratuites et joyeusement f\u00e9d\u00e9ratrices. Si la m\u00e9t\u00e9o ne fait pas des siennes, mais bon, on ne va quand m\u00eame pas avoir un mois de juin int\u00e9gralement pourri, si\u00a0?<br \/>\nCes s\u00e9ances en plein air seront d\u2019ailleurs le meilleur endroit pour d\u00e9couvrir des films belges, car pour le reste, c\u2019est nada. Rien \u00e0 reprocher au festival pourtant\u00a0: les prochains mois en mati\u00e8re de cin\u00e9ma national risquent d\u2019\u00eatre du genre aride. (Tr\u00e8s) peu de films sont pr\u00e9vus d\u2019ici le mois de d\u00e9cembre et ils sont presque tous n\u00e9erlandophones (et d\u00e9j\u00e0 promis \u00e0 des festivals ou de grosses avant-premi\u00e8res sponsoris\u00e9es).<\/p>\n<p>&nbsp;<\/p>\n<p><a href=\"http:\/\/www.cinevox.be\/wp-content\/uploads\/2016\/06\/410563.jpg\"><img loading=\"lazy\" decoding=\"async\" class=\"aligncenter size-large wp-image-88060\" src=\"http:\/\/www.cinevox.be\/wp-content\/uploads\/2016\/06\/410563-800x477.jpg\" alt=\"\" width=\"640\" height=\"381\" srcset=\"https:\/\/w-l-c.be\/wp-content\/uploads\/2016\/06\/410563-800x477.jpg 800w, https:\/\/w-l-c.be\/wp-content\/uploads\/2016\/06\/410563-452x270.jpg 452w, https:\/\/w-l-c.be\/wp-content\/uploads\/2016\/06\/410563.jpg 1200w\" sizes=\"auto, (max-width: 640px) 100vw, 640px\" \/><\/a><\/p>\n<p>&nbsp;<\/p>\n<p>Au rayon des avant-premi\u00e8res, on notera tout juste une coproduction et un film mettant en sc\u00e8ne une actrice belge\u00a0: <em>Vicky <\/em>de Victoria Bedos avec aussi Chantal Lauby et Fran\u00e7ois Berl\u00e9and (coprod Nexus Factory) et <em>Par accident<\/em> avec <strong>\u00c9milie Dequenne<\/strong>, Hafsia Herzi, Mounir Margoum.<br \/>\nC\u2019est tout\u00a0? Oui, c\u2019est tout.<\/p>\n<p>&nbsp;<\/p>\n<p><a href=\"http:\/\/www.cinevox.be\/wp-content\/uploads\/2016\/06\/chevalier-blanc.jpg\"><img loading=\"lazy\" decoding=\"async\" class=\"aligncenter size-full wp-image-88061\" src=\"http:\/\/www.cinevox.be\/wp-content\/uploads\/2016\/06\/chevalier-blanc.jpg\" alt=\"\" width=\"627\" height=\"325\" srcset=\"https:\/\/w-l-c.be\/wp-content\/uploads\/2016\/06\/chevalier-blanc.jpg 627w, https:\/\/w-l-c.be\/wp-content\/uploads\/2016\/06\/chevalier-blanc-480x248.jpg 480w\" sizes=\"auto, (max-width: 627px) 100vw, 627px\" \/><\/a><\/p>\n<p>Heureusement, on aura aussi droit \u00e0 deux s\u00e9ances de courts m\u00e9trages le 23 juin avec de nombreux films peu ou pas encore vus jusqu\u2019ici, notamment <em>Le Chevalier Blanc<\/em> de Benard Yerles et <em>le Mur<\/em> de Samuel Lampaert. Et vous savez quoi\u00a0? Le 23 est un jour sans Euro, vous pouvez donc y aller sans remords m\u00eame si vous \u00eates un fan de ballon rond.<\/p>\n<p>&nbsp;<\/p>\n<p><a href=\"http:\/\/www.cinevox.be\/wp-content\/uploads\/2016\/06\/brff-salle.jpg\"><img loading=\"lazy\" decoding=\"async\" class=\"aligncenter size-large wp-image-88062\" src=\"http:\/\/www.cinevox.be\/wp-content\/uploads\/2016\/06\/brff-salle-800x508.jpg\" alt=\"\" width=\"640\" height=\"406\" srcset=\"https:\/\/w-l-c.be\/wp-content\/uploads\/2016\/06\/brff-salle-800x508.jpg 800w, https:\/\/w-l-c.be\/wp-content\/uploads\/2016\/06\/brff-salle-424x270.jpg 424w, https:\/\/w-l-c.be\/wp-content\/uploads\/2016\/06\/brff-salle.jpg 2048w\" sizes=\"auto, (max-width: 640px) 100vw, 640px\" \/><\/a><\/p>\n<p>&nbsp;<\/p>\n<p>Et puis donc, il y a ces projections gratuites et en plein air chaque soir d\u00e8s 22h30.<br \/>\nOn y (re)verra donc <em>Je suis mort mais j\u2019ai des amis <\/em>(le 17), <em>Le Tout Nouveau Testament<\/em> (le 18), <em>Parasol<\/em> (le 19), Le<em>s<\/em> premiers les derniers (le 20), <em>Les Cowboys<\/em> (le 21), <em>D\u2019Ardennen<\/em> (le 22), <em>Tous les chats sont gris<\/em> (le 23), et <em>Baden Baden<\/em> (le 24). Soi \u00e0 peu de choses pr\u00e8s la cr\u00e8me de la cr\u00e8me d\u2019une ann\u00e9e de cin\u00e9ma tr\u00e8s riche et fort enthousiasmante.<\/p>\n<p>&nbsp;<\/p>\n<p><a href=\"http:\/\/www.cinevox.be\/wp-content\/uploads\/2016\/06\/brff-open-air.jpg\"><img loading=\"lazy\" decoding=\"async\" class=\"aligncenter size-full wp-image-88063\" src=\"http:\/\/www.cinevox.be\/wp-content\/uploads\/2016\/06\/brff-open-air.jpg\" alt=\"\" width=\"680\" height=\"340\" srcset=\"https:\/\/w-l-c.be\/wp-content\/uploads\/2016\/06\/brff-open-air.jpg 680w, https:\/\/w-l-c.be\/wp-content\/uploads\/2016\/06\/brff-open-air-480x240.jpg 480w\" sizes=\"auto, (max-width: 680px) 100vw, 680px\" \/><\/a><\/p>\n<p>Vous avez un doute\u00a0? Allez-y\u00a0: c\u2019est gratuit, funny et vous allez \u00eatre (heureusement) surpris.<\/p>\n","protected":false},"excerpt":{"rendered":"<p>Tandis que la France accueille l\u2019Europe du foot depuis le 10 juin, Bruxelles se concentresur l\u2019Europe du cin\u00e9ma d\u00e8s ce vendredi soir. Car oui, le Brussels Film Festival &#8211; Dedicated to European Cinema s&rsquo;appr\u00eate \u00e0 vivre une nouvelle \u00e9dition, la 14e depuis son installation \u00e0 Flagey. Cette ann\u00e9e il se d\u00e9roule du 17 au 24 &hellip;<\/p>\n","protected":false},"author":7,"featured_media":88065,"comment_status":"closed","ping_status":"closed","sticky":false,"template":"","format":"standard","meta":{"ngg_post_thumbnail":0,"footnotes":""},"categories":[12],"tags":[],"class_list":["post-88056","post","type-post","status-publish","format-standard","has-post-thumbnail","","category-awards"],"yoast_head":"<!-- This site is optimized with the Yoast SEO plugin v20.4 - https:\/\/yoast.com\/wordpress\/plugins\/seo\/ -->\n<title>Le meilleur de l\u2019Europe - w-l-c<\/title>\n<meta name=\"robots\" content=\"noindex, follow, max-snippet:-1, max-image-preview:large, max-video-preview:-1\" \/>\n<meta property=\"og:locale\" content=\"fr_FR\" \/>\n<meta property=\"og:type\" content=\"article\" \/>\n<meta property=\"og:title\" content=\"Le meilleur de l\u2019Europe - w-l-c\" \/>\n<meta property=\"og:description\" content=\"Tandis que la France accueille l\u2019Europe du foot depuis le 10 juin, Bruxelles se concentresur l\u2019Europe du cin\u00e9ma d\u00e8s ce vendredi soir. Car oui, le Brussels Film Festival &#8211; Dedicated to European Cinema s&rsquo;appr\u00eate \u00e0 vivre une nouvelle \u00e9dition, la 14e depuis son installation \u00e0 Flagey. Cette ann\u00e9e il se d\u00e9roule du 17 au 24 &hellip;\" \/>\n<meta property=\"og:url\" content=\"https:\/\/w-l-c.be\/fr\/le-meilleur-de-leurope\/\" \/>\n<meta property=\"og:site_name\" content=\"w-l-c\" \/>\n<meta property=\"article:published_time\" content=\"2016-06-16T16:11:54+00:00\" \/>\n<meta property=\"article:modified_time\" content=\"2017-05-16T17:48:58+00:00\" \/>\n<meta property=\"og:image\" content=\"https:\/\/w-l-c.be\/wp-content\/uploads\/2010\/06\/brff-public.jpg\" \/>\n\t<meta property=\"og:image:width\" content=\"567\" \/>\n\t<meta property=\"og:image:height\" content=\"378\" \/>\n\t<meta property=\"og:image:type\" content=\"image\/jpeg\" \/>\n<meta name=\"author\" content=\"Philippe.Pierquin\" \/>\n<meta name=\"twitter:card\" content=\"summary_large_image\" \/>\n<meta name=\"twitter:label1\" content=\"\u00c9crit par\" \/>\n\t<meta name=\"twitter:data1\" content=\"Philippe.Pierquin\" \/>\n\t<meta name=\"twitter:label2\" content=\"Dur\u00e9e de lecture estim\u00e9e\" \/>\n\t<meta name=\"twitter:data2\" content=\"3 minutes\" \/>\n<script type=\"application\/ld+json\" class=\"yoast-schema-graph\">{\"@context\":\"https:\/\/schema.org\",\"@graph\":[{\"@type\":\"WebPage\",\"@id\":\"https:\/\/w-l-c.be\/fr\/le-meilleur-de-leurope\/\",\"url\":\"https:\/\/w-l-c.be\/fr\/le-meilleur-de-leurope\/\",\"name\":\"Le meilleur de l\u2019Europe - w-l-c\",\"isPartOf\":{\"@id\":\"https:\/\/w-l-c.be\/fr\/#website\"},\"datePublished\":\"2016-06-16T16:11:54+00:00\",\"dateModified\":\"2017-05-16T17:48:58+00:00\",\"author\":{\"@id\":\"https:\/\/w-l-c.be\/fr\/#\/schema\/person\/4b9b1d857f0943453a38a7c2859ef756\"},\"breadcrumb\":{\"@id\":\"https:\/\/w-l-c.be\/fr\/le-meilleur-de-leurope\/#breadcrumb\"},\"inLanguage\":\"fr-FR\",\"potentialAction\":[{\"@type\":\"ReadAction\",\"target\":[\"https:\/\/w-l-c.be\/fr\/le-meilleur-de-leurope\/\"]}]},{\"@type\":\"BreadcrumbList\",\"@id\":\"https:\/\/w-l-c.be\/fr\/le-meilleur-de-leurope\/#breadcrumb\",\"itemListElement\":[{\"@type\":\"ListItem\",\"position\":1,\"name\":\"Accueil\",\"item\":\"https:\/\/w-l-c.be\/fr\/\"},{\"@type\":\"ListItem\",\"position\":2,\"name\":\"Le meilleur de l\u2019Europe\"}]},{\"@type\":\"WebSite\",\"@id\":\"https:\/\/w-l-c.be\/fr\/#website\",\"url\":\"https:\/\/w-l-c.be\/fr\/\",\"name\":\"w-l-c\",\"description\":\"Le cin\u00e9ma vu par les belges\",\"potentialAction\":[{\"@type\":\"SearchAction\",\"target\":{\"@type\":\"EntryPoint\",\"urlTemplate\":\"https:\/\/w-l-c.be\/fr\/?s={search_term_string}\"},\"query-input\":\"required name=search_term_string\"}],\"inLanguage\":\"fr-FR\"},{\"@type\":\"Person\",\"@id\":\"https:\/\/w-l-c.be\/fr\/#\/schema\/person\/4b9b1d857f0943453a38a7c2859ef756\",\"name\":\"Philippe.Pierquin\",\"url\":\"https:\/\/w-l-c.be\/fr\/author\/philippe-pierquin\/\"}]}<\/script>\n<!-- \/ Yoast SEO plugin. -->","yoast_head_json":{"title":"Le meilleur de l\u2019Europe - w-l-c","robots":{"index":"noindex","follow":"follow","max-snippet":"max-snippet:-1","max-image-preview":"max-image-preview:large","max-video-preview":"max-video-preview:-1"},"og_locale":"fr_FR","og_type":"article","og_title":"Le meilleur de l\u2019Europe - w-l-c","og_description":"Tandis que la France accueille l\u2019Europe du foot depuis le 10 juin, Bruxelles se concentresur l\u2019Europe du cin\u00e9ma d\u00e8s ce vendredi soir. Car oui, le Brussels Film Festival &#8211; Dedicated to European Cinema s&rsquo;appr\u00eate \u00e0 vivre une nouvelle \u00e9dition, la 14e depuis son installation \u00e0 Flagey. Cette ann\u00e9e il se d\u00e9roule du 17 au 24 &hellip;","og_url":"https:\/\/w-l-c.be\/fr\/le-meilleur-de-leurope\/","og_site_name":"w-l-c","article_published_time":"2016-06-16T16:11:54+00:00","article_modified_time":"2017-05-16T17:48:58+00:00","og_image":[{"width":567,"height":378,"url":"https:\/\/w-l-c.be\/wp-content\/uploads\/2010\/06\/brff-public.jpg","type":"image\/jpeg"}],"author":"Philippe.Pierquin","twitter_card":"summary_large_image","twitter_misc":{"\u00c9crit par":"Philippe.Pierquin","Dur\u00e9e de lecture estim\u00e9e":"3 minutes"},"schema":{"@context":"https:\/\/schema.org","@graph":[{"@type":"WebPage","@id":"https:\/\/w-l-c.be\/fr\/le-meilleur-de-leurope\/","url":"https:\/\/w-l-c.be\/fr\/le-meilleur-de-leurope\/","name":"Le meilleur de l\u2019Europe - w-l-c","isPartOf":{"@id":"https:\/\/w-l-c.be\/fr\/#website"},"datePublished":"2016-06-16T16:11:54+00:00","dateModified":"2017-05-16T17:48:58+00:00","author":{"@id":"https:\/\/w-l-c.be\/fr\/#\/schema\/person\/4b9b1d857f0943453a38a7c2859ef756"},"breadcrumb":{"@id":"https:\/\/w-l-c.be\/fr\/le-meilleur-de-leurope\/#breadcrumb"},"inLanguage":"fr-FR","potentialAction":[{"@type":"ReadAction","target":["https:\/\/w-l-c.be\/fr\/le-meilleur-de-leurope\/"]}]},{"@type":"BreadcrumbList","@id":"https:\/\/w-l-c.be\/fr\/le-meilleur-de-leurope\/#breadcrumb","itemListElement":[{"@type":"ListItem","position":1,"name":"Accueil","item":"https:\/\/w-l-c.be\/fr\/"},{"@type":"ListItem","position":2,"name":"Le meilleur de l\u2019Europe"}]},{"@type":"WebSite","@id":"https:\/\/w-l-c.be\/fr\/#website","url":"https:\/\/w-l-c.be\/fr\/","name":"w-l-c","description":"Le cin\u00e9ma vu par les belges","potentialAction":[{"@type":"SearchAction","target":{"@type":"EntryPoint","urlTemplate":"https:\/\/w-l-c.be\/fr\/?s={search_term_string}"},"query-input":"required name=search_term_string"}],"inLanguage":"fr-FR"},{"@type":"Person","@id":"https:\/\/w-l-c.be\/fr\/#\/schema\/person\/4b9b1d857f0943453a38a7c2859ef756","name":"Philippe.Pierquin","url":"https:\/\/w-l-c.be\/fr\/author\/philippe-pierquin\/"}]}},"_links":{"self":[{"href":"https:\/\/w-l-c.be\/fr\/wp-json\/wp\/v2\/posts\/88056","targetHints":{"allow":["GET"]}}],"collection":[{"href":"https:\/\/w-l-c.be\/fr\/wp-json\/wp\/v2\/posts"}],"about":[{"href":"https:\/\/w-l-c.be\/fr\/wp-json\/wp\/v2\/types\/post"}],"author":[{"embeddable":true,"href":"https:\/\/w-l-c.be\/fr\/wp-json\/wp\/v2\/users\/7"}],"replies":[{"embeddable":true,"href":"https:\/\/w-l-c.be\/fr\/wp-json\/wp\/v2\/comments?post=88056"}],"version-history":[{"count":0,"href":"https:\/\/w-l-c.be\/fr\/wp-json\/wp\/v2\/posts\/88056\/revisions"}],"wp:featuredmedia":[{"embeddable":true,"href":"https:\/\/w-l-c.be\/fr\/wp-json\/wp\/v2\/media\/88065"}],"wp:attachment":[{"href":"https:\/\/w-l-c.be\/fr\/wp-json\/wp\/v2\/media?parent=88056"}],"wp:term":[{"taxonomy":"category","embeddable":true,"href":"https:\/\/w-l-c.be\/fr\/wp-json\/wp\/v2\/categories?post=88056"},{"taxonomy":"post_tag","embeddable":true,"href":"https:\/\/w-l-c.be\/fr\/wp-json\/wp\/v2\/tags?post=88056"}],"curies":[{"name":"wp","href":"https:\/\/api.w.org\/{rel}","templated":true}]}}