
{"id":89650,"date":"2016-07-31T17:17:02","date_gmt":"2016-07-31T15:17:02","guid":{"rendered":"http:\/\/www.cinevox.be\/?p=89650"},"modified":"2017-05-16T19:48:50","modified_gmt":"2017-05-16T17:48:50","slug":"home-et-king-of-the-belgians-au-festival-de-venise","status":"publish","type":"post","link":"https:\/\/w-l-c.be\/fr\/home-et-king-of-the-belgians-au-festival-de-venise\/","title":{"rendered":"Home et King of the Belgians au Festival de Venise"},"content":{"rendered":"<p><em>Home<\/em> de Fien Troch et <em>King of the Belgians<\/em> de Peter Brosens et Jessica Woodworth feront partie de la s\u00e9lection du 73\u00e8me Festival International du Film de Venise (31 ao\u00fbt-10 septembre).<!--more--><\/p>\n<p>&nbsp;<\/p>\n<p>Cette ann\u00e9e, ce sont deux films belges qui ont l\u2019honneur de faire partie de la s\u00e9lection officielle du Festival de Venise : <em>Home <\/em>de Fien Troch et <em>King of the Belgians<\/em> de Brosens &amp; Woodworth seront pr\u00e9sent\u00e9s en premi\u00e8re mondiale au Lido.<\/p>\n<p>\u00ab\u00a0On esp\u00e8re pouvoir pr\u00e9senter chacun de ses nouveaux films pour la premi\u00e8re fois au public d\u2019une mani\u00e8re sp\u00e9ciale. Le Festival de Venise est sans nul doute une de ces occasions\u00a0\u00bb, commente Fien Troch, la r\u00e9alisatrice de Home \u00e0 l\u2019annonce de la s\u00e9lection. \u00ab\u00a0Je ne pouvais pas r\u00eaver mieux pour mon film et c\u2019est le meilleur endroit pour commencer une carri\u00e8re en festivals.\u00a0\u00bb<\/p>\n<p><a href=\"http:\/\/www.cinevox.be\/wp-content\/uploads\/2016\/07\/3811033.jpg\"><img loading=\"lazy\" decoding=\"async\" class=\"aligncenter size-full wp-image-89652\" src=\"http:\/\/www.cinevox.be\/wp-content\/uploads\/2016\/07\/3811033.jpg\" alt=\"\" width=\"620\" height=\"413\" srcset=\"https:\/\/w-l-c.be\/wp-content\/uploads\/2016\/07\/3811033.jpg 620w, https:\/\/w-l-c.be\/wp-content\/uploads\/2016\/07\/3811033-405x270.jpg 405w\" sizes=\"auto, (max-width: 620px) 100vw, 620px\" \/><\/a><\/p>\n<p style=\"text-align: right;\"><em>Photos de Home, \u00a0\u00a9 gf<\/em><\/p>\n<p>&nbsp;<\/p>\n<p><em>Hom<\/em>e est le quatri\u00e8me film de Fien Troch apr\u00e8s <em>Een ander zijn geluk, Unspoken<\/em> et <em>Kid.<\/em> Le film \u00e9voque un conflit interg\u00e9n\u00e9rationnel douloureux\u00a0: Kevin, 17 ans vient d\u2019\u00eatre lib\u00e9r\u00e9 d\u2019une institution ferm\u00e9e. Retourner vivre chez ses parents n\u2019est plus une option. Il va donc aller s\u2019installer dans la famille de sa tante. Il s\u2019entend bien avec son cousin Sammy et se lie d\u2019amiti\u00e9 avec son copain John. Mais un soir, les choses tournent mal.<\/p>\n<p>&nbsp;<\/p>\n<p>Aux c\u00f4tes de Karlijn Sileghem, Robbie Cleiren et Kevin Janssens, Troch a fait appel \u00e0 de nouveau visages tels que Sebastian Van Dun, Mistral Guidotti, Lo\u00efc Batog et Lena Suijkerbuijk.<\/p>\n<p>&nbsp;<\/p>\n<p><a href=\"http:\/\/www.cinevox.be\/wp-content\/uploads\/2016\/07\/3811143.jpg\"><img loading=\"lazy\" decoding=\"async\" class=\"aligncenter size-full wp-image-89653\" src=\"http:\/\/www.cinevox.be\/wp-content\/uploads\/2016\/07\/3811143.jpg\" alt=\"\" width=\"620\" height=\"413\" srcset=\"https:\/\/w-l-c.be\/wp-content\/uploads\/2016\/07\/3811143.jpg 620w, https:\/\/w-l-c.be\/wp-content\/uploads\/2016\/07\/3811143-405x270.jpg 405w\" sizes=\"auto, (max-width: 620px) 100vw, 620px\" \/><\/a><\/p>\n<p>&nbsp;<\/p>\n<p>La r\u00e9alisatrice a co\u00e9crit le sc\u00e9nario avec Nico Leunen qui s\u2019est \u00e9galement occup\u00e9 du montage. La musique est sign\u00e9e Johnny Jewel. Le film a \u00e9t\u00e9 produit par Antonino Lombardo pour Prime Time, en coproduction avec Versus Production.<\/p>\n<p>Lombardo coproduit en outre \u00e9galement Brimstone, le nouveau film Martin Koolhoven. Il s\u2019agit d\u2019une \u00e9pop\u00e9e violente dans laquelle une femme se bat contre la cruaut\u00e9 du monde. Les r\u00f4les principaux sont interpr\u00e9t\u00e9s par Dakota Fanning, Guy Pearce, Kit Harrington et Carice van Houten. Le film est pr\u00e9sent\u00e9 \u00e0 Venise en comp\u00e9tition officielle et le Festival International du Film de Toronto a \u00e9galement d\u00e9j\u00e0 annonc\u00e9 qu\u2019il fera partie de sa s\u00e9lection.<\/p>\n<p>&nbsp;<\/p>\n<h2>Odyss\u00e9e royale<\/h2>\n<p>&nbsp;<\/p>\n<p>Apr\u00e8s leur triptyque <em>Khadak, Altiplano et La cinqui\u00e8me saison<\/em>, Brosens &amp; Woodworth nous reviennent avec King of the Belgians, l\u2019histoire d\u2019un monarque belge fictif, Nicolas III, qui est en visite officielle \u00e0 Istanbul lorsque son pays se d\u00e9chire brusquement. Il doit rentrer d\u2019urgence mais une temp\u00eate solaire bloque le trafic a\u00e9rien et les t\u00e9l\u00e9communications. Avec l\u2019aide d\u2019un r\u00e9alisateur anglais et d\u2019un groupe de chanteuses bulgares, Sa Majest\u00e9 et son entourage parviennent \u00e0 quitter la Turquie et s\u2019embarquent dans une odyss\u00e9e incognito \u00e0 travers les Balkans lors de laquelle le Roi va \u00eatre confront\u00e9 \u00e0 la vraie vie et apprendre \u00e0 mieux se conna\u00eetre lui-m\u00eame.<\/p>\n<p>&nbsp;<\/p>\n<p><a href=\"http:\/\/www.cinevox.be\/wp-content\/uploads\/2016\/07\/IMG_7611-800x5331.jpg\"><img loading=\"lazy\" decoding=\"async\" class=\"aligncenter size-full wp-image-89654\" src=\"http:\/\/www.cinevox.be\/wp-content\/uploads\/2016\/07\/IMG_7611-800x5331.jpg\" alt=\"\" width=\"800\" height=\"533\" srcset=\"https:\/\/w-l-c.be\/wp-content\/uploads\/2016\/07\/IMG_7611-800x5331.jpg 800w, https:\/\/w-l-c.be\/wp-content\/uploads\/2016\/07\/IMG_7611-800x5331-405x270.jpg 405w\" sizes=\"auto, (max-width: 800px) 100vw, 800px\" \/><\/a><\/p>\n<p>&nbsp;<\/p>\n<p>\u2018C\u2019est un honneur de pouvoir \u00e0 nouveau repr\u00e9senter la Belgique avec cette fois un road movie dans lequel la soci\u00e9t\u00e9 belge se perd dans les Balkans\u2019, explique Jessica Woodworth. \u2018Nous \u00e9tions extr\u00eamement surpris et contents lorsqu\u2019Alberto Barbera &#8211; le directeur du Festival \u2013 nous a confirm\u00e9 en avril d\u00e9j\u00e0 apr\u00e8s une projection d\u2019une copie de travail qu\u2019il voulait le film\u2019, commente Peter Brosens.<\/p>\n<p>&nbsp;<\/p>\n<p>Les r\u00f4les principaux sont interpr\u00e9t\u00e9s par Peter Van den Begin, Titus De Voogdt, Lucie Debay et Bruno Georis. L\u2019image est sign\u00e9e Ton Peters, le montage David Verdurme et la musique Michel Sch\u00f6pping. Bo Films a produit King of the Belgians en coproduction avec Entre Chien et Loup, les n\u00e9erlandais de Topkapi Films et Art Fest en Bulgarie. Il sortira le 30 novembre dans les salles belges. Les ventes internationales sont assur\u00e9es par Pamela Leu de Be for Films.<\/p>\n<p>&nbsp;<\/p>\n<p>Enfin, le programme annexe Venice Days a \u00e9galement annonc\u00e9 que le film coproduit par Bart van Langendonck pour Savage Film,<em> Coffee<\/em> de Cristiano Bortono, avec notamment Koen De Bouw et Charlotte De Bruyne, fera l\u2019objet d\u2019une s\u00e9ance sp\u00e9ciale.<\/p>\n","protected":false},"excerpt":{"rendered":"<p>Home de Fien Troch et King of the Belgians de Peter Brosens et Jessica Woodworth feront partie de la s\u00e9lection du 73\u00e8me Festival International du Film de Venise (31 ao\u00fbt-10 septembre).<\/p>\n","protected":false},"author":7,"featured_media":89656,"comment_status":"closed","ping_status":"closed","sticky":false,"template":"","format":"standard","meta":{"ngg_post_thumbnail":0,"footnotes":""},"categories":[12,7],"tags":[],"class_list":["post-89650","post","type-post","status-publish","format-standard","has-post-thumbnail","","category-awards","category-actualites"],"yoast_head":"<!-- This site is optimized with the Yoast SEO plugin v20.4 - https:\/\/yoast.com\/wordpress\/plugins\/seo\/ -->\n<title>Home et King of the Belgians au Festival de Venise - w-l-c<\/title>\n<meta name=\"robots\" content=\"noindex, follow, max-snippet:-1, max-image-preview:large, max-video-preview:-1\" \/>\n<meta property=\"og:locale\" content=\"fr_FR\" \/>\n<meta property=\"og:type\" content=\"article\" \/>\n<meta property=\"og:title\" content=\"Home et King of the Belgians au Festival de Venise - w-l-c\" \/>\n<meta property=\"og:description\" content=\"Home de Fien Troch et King of the Belgians de Peter Brosens et Jessica Woodworth feront partie de la s\u00e9lection du 73\u00e8me Festival International du Film de Venise (31 ao\u00fbt-10 septembre).\" \/>\n<meta property=\"og:url\" content=\"https:\/\/w-l-c.be\/fr\/home-et-king-of-the-belgians-au-festival-de-venise\/\" \/>\n<meta property=\"og:site_name\" content=\"w-l-c\" \/>\n<meta property=\"article:published_time\" content=\"2016-07-31T15:17:02+00:00\" \/>\n<meta property=\"article:modified_time\" content=\"2017-05-16T17:48:50+00:00\" \/>\n<meta property=\"og:image\" content=\"https:\/\/w-l-c.be\/wp-content\/uploads\/2016\/07\/38110751.jpg\" \/>\n\t<meta property=\"og:image:width\" content=\"620\" \/>\n\t<meta property=\"og:image:height\" content=\"413\" \/>\n\t<meta property=\"og:image:type\" content=\"image\/jpeg\" \/>\n<meta name=\"author\" content=\"Philippe.Pierquin\" \/>\n<meta name=\"twitter:card\" content=\"summary_large_image\" \/>\n<meta name=\"twitter:label1\" content=\"\u00c9crit par\" \/>\n\t<meta name=\"twitter:data1\" content=\"Philippe.Pierquin\" \/>\n\t<meta name=\"twitter:label2\" content=\"Dur\u00e9e de lecture estim\u00e9e\" \/>\n\t<meta name=\"twitter:data2\" content=\"4 minutes\" \/>\n<script type=\"application\/ld+json\" class=\"yoast-schema-graph\">{\"@context\":\"https:\/\/schema.org\",\"@graph\":[{\"@type\":\"WebPage\",\"@id\":\"https:\/\/w-l-c.be\/fr\/home-et-king-of-the-belgians-au-festival-de-venise\/\",\"url\":\"https:\/\/w-l-c.be\/fr\/home-et-king-of-the-belgians-au-festival-de-venise\/\",\"name\":\"Home et King of the Belgians au Festival de Venise - w-l-c\",\"isPartOf\":{\"@id\":\"https:\/\/w-l-c.be\/fr\/#website\"},\"datePublished\":\"2016-07-31T15:17:02+00:00\",\"dateModified\":\"2017-05-16T17:48:50+00:00\",\"author\":{\"@id\":\"https:\/\/w-l-c.be\/fr\/#\/schema\/person\/4b9b1d857f0943453a38a7c2859ef756\"},\"breadcrumb\":{\"@id\":\"https:\/\/w-l-c.be\/fr\/home-et-king-of-the-belgians-au-festival-de-venise\/#breadcrumb\"},\"inLanguage\":\"fr-FR\",\"potentialAction\":[{\"@type\":\"ReadAction\",\"target\":[\"https:\/\/w-l-c.be\/fr\/home-et-king-of-the-belgians-au-festival-de-venise\/\"]}]},{\"@type\":\"BreadcrumbList\",\"@id\":\"https:\/\/w-l-c.be\/fr\/home-et-king-of-the-belgians-au-festival-de-venise\/#breadcrumb\",\"itemListElement\":[{\"@type\":\"ListItem\",\"position\":1,\"name\":\"Accueil\",\"item\":\"https:\/\/w-l-c.be\/fr\/\"},{\"@type\":\"ListItem\",\"position\":2,\"name\":\"Home et King of the Belgians au Festival de Venise\"}]},{\"@type\":\"WebSite\",\"@id\":\"https:\/\/w-l-c.be\/fr\/#website\",\"url\":\"https:\/\/w-l-c.be\/fr\/\",\"name\":\"w-l-c\",\"description\":\"Le cin\u00e9ma vu par les belges\",\"potentialAction\":[{\"@type\":\"SearchAction\",\"target\":{\"@type\":\"EntryPoint\",\"urlTemplate\":\"https:\/\/w-l-c.be\/fr\/?s={search_term_string}\"},\"query-input\":\"required name=search_term_string\"}],\"inLanguage\":\"fr-FR\"},{\"@type\":\"Person\",\"@id\":\"https:\/\/w-l-c.be\/fr\/#\/schema\/person\/4b9b1d857f0943453a38a7c2859ef756\",\"name\":\"Philippe.Pierquin\",\"url\":\"https:\/\/w-l-c.be\/fr\/author\/philippe-pierquin\/\"}]}<\/script>\n<!-- \/ Yoast SEO plugin. -->","yoast_head_json":{"title":"Home et King of the Belgians au Festival de Venise - w-l-c","robots":{"index":"noindex","follow":"follow","max-snippet":"max-snippet:-1","max-image-preview":"max-image-preview:large","max-video-preview":"max-video-preview:-1"},"og_locale":"fr_FR","og_type":"article","og_title":"Home et King of the Belgians au Festival de Venise - w-l-c","og_description":"Home de Fien Troch et King of the Belgians de Peter Brosens et Jessica Woodworth feront partie de la s\u00e9lection du 73\u00e8me Festival International du Film de Venise (31 ao\u00fbt-10 septembre).","og_url":"https:\/\/w-l-c.be\/fr\/home-et-king-of-the-belgians-au-festival-de-venise\/","og_site_name":"w-l-c","article_published_time":"2016-07-31T15:17:02+00:00","article_modified_time":"2017-05-16T17:48:50+00:00","og_image":[{"width":620,"height":413,"url":"https:\/\/w-l-c.be\/wp-content\/uploads\/2016\/07\/38110751.jpg","type":"image\/jpeg"}],"author":"Philippe.Pierquin","twitter_card":"summary_large_image","twitter_misc":{"\u00c9crit par":"Philippe.Pierquin","Dur\u00e9e de lecture estim\u00e9e":"4 minutes"},"schema":{"@context":"https:\/\/schema.org","@graph":[{"@type":"WebPage","@id":"https:\/\/w-l-c.be\/fr\/home-et-king-of-the-belgians-au-festival-de-venise\/","url":"https:\/\/w-l-c.be\/fr\/home-et-king-of-the-belgians-au-festival-de-venise\/","name":"Home et King of the Belgians au Festival de Venise - w-l-c","isPartOf":{"@id":"https:\/\/w-l-c.be\/fr\/#website"},"datePublished":"2016-07-31T15:17:02+00:00","dateModified":"2017-05-16T17:48:50+00:00","author":{"@id":"https:\/\/w-l-c.be\/fr\/#\/schema\/person\/4b9b1d857f0943453a38a7c2859ef756"},"breadcrumb":{"@id":"https:\/\/w-l-c.be\/fr\/home-et-king-of-the-belgians-au-festival-de-venise\/#breadcrumb"},"inLanguage":"fr-FR","potentialAction":[{"@type":"ReadAction","target":["https:\/\/w-l-c.be\/fr\/home-et-king-of-the-belgians-au-festival-de-venise\/"]}]},{"@type":"BreadcrumbList","@id":"https:\/\/w-l-c.be\/fr\/home-et-king-of-the-belgians-au-festival-de-venise\/#breadcrumb","itemListElement":[{"@type":"ListItem","position":1,"name":"Accueil","item":"https:\/\/w-l-c.be\/fr\/"},{"@type":"ListItem","position":2,"name":"Home et King of the Belgians au Festival de Venise"}]},{"@type":"WebSite","@id":"https:\/\/w-l-c.be\/fr\/#website","url":"https:\/\/w-l-c.be\/fr\/","name":"w-l-c","description":"Le cin\u00e9ma vu par les belges","potentialAction":[{"@type":"SearchAction","target":{"@type":"EntryPoint","urlTemplate":"https:\/\/w-l-c.be\/fr\/?s={search_term_string}"},"query-input":"required name=search_term_string"}],"inLanguage":"fr-FR"},{"@type":"Person","@id":"https:\/\/w-l-c.be\/fr\/#\/schema\/person\/4b9b1d857f0943453a38a7c2859ef756","name":"Philippe.Pierquin","url":"https:\/\/w-l-c.be\/fr\/author\/philippe-pierquin\/"}]}},"_links":{"self":[{"href":"https:\/\/w-l-c.be\/fr\/wp-json\/wp\/v2\/posts\/89650","targetHints":{"allow":["GET"]}}],"collection":[{"href":"https:\/\/w-l-c.be\/fr\/wp-json\/wp\/v2\/posts"}],"about":[{"href":"https:\/\/w-l-c.be\/fr\/wp-json\/wp\/v2\/types\/post"}],"author":[{"embeddable":true,"href":"https:\/\/w-l-c.be\/fr\/wp-json\/wp\/v2\/users\/7"}],"replies":[{"embeddable":true,"href":"https:\/\/w-l-c.be\/fr\/wp-json\/wp\/v2\/comments?post=89650"}],"version-history":[{"count":0,"href":"https:\/\/w-l-c.be\/fr\/wp-json\/wp\/v2\/posts\/89650\/revisions"}],"wp:featuredmedia":[{"embeddable":true,"href":"https:\/\/w-l-c.be\/fr\/wp-json\/wp\/v2\/media\/89656"}],"wp:attachment":[{"href":"https:\/\/w-l-c.be\/fr\/wp-json\/wp\/v2\/media?parent=89650"}],"wp:term":[{"taxonomy":"category","embeddable":true,"href":"https:\/\/w-l-c.be\/fr\/wp-json\/wp\/v2\/categories?post=89650"},{"taxonomy":"post_tag","embeddable":true,"href":"https:\/\/w-l-c.be\/fr\/wp-json\/wp\/v2\/tags?post=89650"}],"curies":[{"name":"wp","href":"https:\/\/api.w.org\/{rel}","templated":true}]}}