
{"id":89859,"date":"2016-08-16T07:16:53","date_gmt":"2016-08-16T05:16:53","guid":{"rendered":"http:\/\/www.cinevox.be\/?p=89859"},"modified":"2017-05-16T19:48:48","modified_gmt":"2017-05-16T17:48:48","slug":"tout-le-monde-est-heureux-au-dela-des-nuages-et-a-montreal%e2%80%a8%e2%80%a8","status":"publish","type":"post","link":"https:\/\/w-l-c.be\/fr\/tout-le-monde-est-heureux-au-dela-des-nuages-et-a-montreal%e2%80%a8%e2%80%a8\/","title":{"rendered":"Tout le monde est heureux au-del\u00e0 des nuages. Et \u00e0 Montr\u00e9al\u2028\u2028"},"content":{"rendered":"<p><em>Everybody Happy,<\/em> le nouveau long m\u00e9trage de notre parrain <strong>Nic Balthazar<\/strong>, sera pr\u00e9sent\u00e9 en premi\u00e8re mondiale fin ao\u00fbt au Festival des Films du Monde de Montr\u00e9al (25 ao\u00fbt \u2013 5 septembre) au sein de la comp\u00e9tition principale. Le premier long m\u00e9trage de <strong>Cecilia Verheyden,<\/strong> <em>Au-del\u00e0 des nuages (Achter de wolken<\/em>), sera quant \u00e0 lui pr\u00e9sent\u00e9 dans la comp\u00e9tition des premiers longs. Les deux films ont \u00e9t\u00e9 produits par Eyeworks. Par ailleurs, le court m\u00e9trage <em>Cracks <\/em>de Koen Van Sande sera lui aussi pr\u00e9sent\u00e9 en comp\u00e9tition \u00e0 Montr\u00e9al.<!--more--><\/p>\n<p>&nbsp;<\/p>\n<p>C\u2019est avec un \u00e9vident plaisir que Nic Balthazar retournera \u00e0 Montr\u00e9al. En 2007, son premier long m\u00e9trage, le fabuleux <em>Ben X <\/em>y avait remport\u00e9 \u00e0 la fois le Grand Prix des Am\u00e9riques, le Prix du Public et le Prix du Jury \u0152cum\u00e9nique. <em>Everybody Happy<\/em>, son troisi\u00e8me long m\u00e9trage apr\u00e8s le tr\u00e8s \u00e9mouvant\u00a0 Tot Altijd, , est une parabole sur le fait que nous pouvons tous nous retrouver brusquement en marge de la soci\u00e9t\u00e9.<\/p>\n<p>Le personnage principal, Ralph Hartman, est un com\u00e9dien de stand-up tourment\u00e9, au bord du burn-out, confront\u00e9 \u00e0 des questions existentielles exacerb\u00e9es par l\u2019\u00e9mergence d\u2019un jeune concurrent brillant. Heureusement, Laura Maris, une compagne de tourn\u00e9e, semble comprendre son probl\u00e8me.<\/p>\n<p>&nbsp;<\/p>\n<p><a href=\"http:\/\/www.cinevox.be\/wp-content\/uploads\/2016\/08\/PIC_Everybody-Happy_2016_03_24_10-49_52.jpg\"><img loading=\"lazy\" decoding=\"async\" class=\"aligncenter size-large wp-image-89860\" src=\"http:\/\/www.cinevox.be\/wp-content\/uploads\/2016\/08\/PIC_Everybody-Happy_2016_03_24_10-49_52-800x335.jpg\" alt=\"\" width=\"640\" height=\"268\" srcset=\"https:\/\/w-l-c.be\/wp-content\/uploads\/2016\/08\/PIC_Everybody-Happy_2016_03_24_10-49_52-800x335.jpg 800w, https:\/\/w-l-c.be\/wp-content\/uploads\/2016\/08\/PIC_Everybody-Happy_2016_03_24_10-49_52-480x201.jpg 480w, https:\/\/w-l-c.be\/wp-content\/uploads\/2016\/08\/PIC_Everybody-Happy_2016_03_24_10-49_52.jpg 2048w\" sizes=\"auto, (max-width: 640px) 100vw, 640px\" \/><\/a><\/p>\n<p>&nbsp;<\/p>\n<p>Les r\u00f4les principaux sont interpr\u00e9t\u00e9s par Peter Van den Begin, Barbara Sarafian et Josse De Pauw aux c\u00f4t\u00e9s de Jeroen Leenders, Rik Verheye, Leen Dendievel, Kamal Kharmach et Veerle Malschaert.\u2028Le film sera pr\u00e9sent\u00e9 en premi\u00e8re mondiale \u00e0 Montr\u00e9al dans la Comp\u00e9tition Mondiale.<\/p>\n<p>Apr\u00e8s <em>Ben X,<\/em> des films tels que <em>Adem, Hasta la vista<\/em> et <em>Le verdict (Het vonnis)<\/em> ont \u00e9galement remport\u00e9 des prix \u00e0 Montr\u00e9al qui semble bizarrement devenu le festival de pr\u00e9dilection des films belges en langue flamande. Le film sera distribu\u00e9 le 28 septembre en Belgique par KFD apr\u00e8s une pr\u00e9sentation au Festival du Film d\u2019Ostende le 9 septembre et un passage au BNP Paribas Fortis Film Days du 25 au 28 septembre.<\/p>\n<p>&nbsp;<\/p>\n<p><a href=\"http:\/\/www.cinevox.be\/wp-content\/uploads\/2016\/08\/1454325650-achterdewolken2_crop.jpg\"><img loading=\"lazy\" decoding=\"async\" class=\"aligncenter size-large wp-image-89861\" src=\"http:\/\/www.cinevox.be\/wp-content\/uploads\/2016\/08\/1454325650-achterdewolken2_crop-800x532.jpg\" alt=\"\" width=\"640\" height=\"425\" srcset=\"https:\/\/w-l-c.be\/wp-content\/uploads\/2016\/08\/1454325650-achterdewolken2_crop-800x532.jpg 800w, https:\/\/w-l-c.be\/wp-content\/uploads\/2016\/08\/1454325650-achterdewolken2_crop-406x270.jpg 406w, https:\/\/w-l-c.be\/wp-content\/uploads\/2016\/08\/1454325650-achterdewolken2_crop.jpg 1200w\" sizes=\"auto, (max-width: 640px) 100vw, 640px\" \/><\/a><\/p>\n<p>&nbsp;<\/p>\n<p><em>Au-del\u00e0 des nuages (Achter de wolken)<\/em> sera quant \u00e0 lui pr\u00e9sent\u00e9 en premi\u00e8re internationale Montr\u00e9al. Apr\u00e8s sa sortie en Belgique en d\u00e9but d\u2019ann\u00e9e o\u00f9 il a attir\u00e9 un public important et a \u00e9t\u00e9 particuli\u00e8rement appr\u00e9ci\u00e9 des a\u00een\u00e9s, le film de Cecilia Verheyden fera ses d\u00e9buts \u00e0 l\u2019\u00e9tranger au sein de la Comp\u00e9tition mondiale des premiers longs m\u00e9trages de fiction de Montr\u00e9al, un programme qui a accueilli nombre de premiers films belges ces derni\u00e8res ann\u00e9es dont <em>Noordzee, Texas<\/em> de Bavo Defurne et <em>Welcome Home<\/em> de Tom Heene.<\/p>\n<p>Interpr\u00e9t\u00e9 par Jo De Meyere et Chris Lomme, <em>Au-del<\/em><em>\u00e0 des nuages<\/em> est l\u2019histoire de deux personnes qui se recroisent 50 ans apr\u00e8s leur premi\u00e8re rencontre. Vont-ils pouvoir rattraper le temps perdu ? Un dernier amour peut-il \u00eatre aussi intense qu\u2019un premier ?<\/p>\n<p>&nbsp;<\/p>\n<p>Enfin, le Festival des Films du Monde de Montr\u00e9al a \u00e9galement retenu le court m\u00e9trage de Koen Van Sande, <em>Crac<\/em>ks, en comp\u00e9tition. Charlotte Vandermeersch et Peter Van den Eede y interpr\u00e8tent un couple de flamands qui n\u2019osent pas parquer leur grosse BMW dans un quartier maghr\u00e9bin de Bruxelles.<\/p>\n<p>Un simple malentendu avec les riverains cr\u00e9e la panique. Le film est produit par Cartouche.<\/p>\n<p>&nbsp;<\/p>\n<p>Le Festival des Films du Monde de Montr\u00e9al f\u00eate cette ann\u00e9e son 40\u00e8me anniversaire et attribuera \u00e0 cette occasion un montant record de un million de dollars aux films en comp\u00e9tition. Au sein de la Comp\u00e9tition Mondiale, \u2028Everybody Happy concourt pour le prix principal qui est assorti d\u2019une dotation de 250.000 dollars tandis que les films de la Comp\u00e9tition des premiers longs peuvent pr\u00e9tendre \u00e0 des prix de 110.000, 50.000 et 40.000 dollars. Peter Bouckaert a produit \u00e0 la fois Au-del\u00e0 des nuages et Everybody Happy pour Eyeworks Film &amp; TV Drama.<\/p>\n<p>&nbsp;<\/p>\n<p>Les deux films ont b\u00e9n\u00e9fici\u00e9 du soutien du Fonds Audiovisuel de Flandre (VAF) \/ Fonds Cin\u00e9ma du Ministre de la Culture Sven Gatz. Everbody Happy a \u00e9galement obtenu l\u2019aide du fonds \u00e9conomique Screen Flanders, une initiative sous la comp\u00e9tence du Ministre de l\u2019Economie Philippe Muyters et du Ministre de la Culture Sven Gatz.<\/p>\n","protected":false},"excerpt":{"rendered":"<p>Everybody Happy, le nouveau long m\u00e9trage de notre parrain Nic Balthazar, sera pr\u00e9sent\u00e9 en premi\u00e8re mondiale fin ao\u00fbt au Festival des Films du Monde de Montr\u00e9al (25 ao\u00fbt \u2013 5 septembre) au sein de la comp\u00e9tition principale. Le premier long m\u00e9trage de Cecilia Verheyden, Au-del\u00e0 des nuages (Achter de wolken), sera quant \u00e0 lui pr\u00e9sent\u00e9 &hellip;<\/p>\n","protected":false},"author":7,"featured_media":89865,"comment_status":"closed","ping_status":"closed","sticky":false,"template":"","format":"standard","meta":{"ngg_post_thumbnail":0,"footnotes":""},"categories":[12],"tags":[],"class_list":["post-89859","post","type-post","status-publish","format-standard","has-post-thumbnail","","category-awards"],"yoast_head":"<!-- This site is optimized with the Yoast SEO plugin v20.4 - https:\/\/yoast.com\/wordpress\/plugins\/seo\/ -->\n<title>Tout le monde est heureux au-del\u00e0 des nuages. Et \u00e0 Montr\u00e9al\u2028\u2028 - w-l-c<\/title>\n<meta name=\"robots\" content=\"noindex, follow, max-snippet:-1, max-image-preview:large, max-video-preview:-1\" \/>\n<meta property=\"og:locale\" content=\"fr_FR\" \/>\n<meta property=\"og:type\" content=\"article\" \/>\n<meta property=\"og:title\" content=\"Tout le monde est heureux au-del\u00e0 des nuages. Et \u00e0 Montr\u00e9al\u2028\u2028 - w-l-c\" \/>\n<meta property=\"og:description\" content=\"Everybody Happy, le nouveau long m\u00e9trage de notre parrain Nic Balthazar, sera pr\u00e9sent\u00e9 en premi\u00e8re mondiale fin ao\u00fbt au Festival des Films du Monde de Montr\u00e9al (25 ao\u00fbt \u2013 5 septembre) au sein de la comp\u00e9tition principale. Le premier long m\u00e9trage de Cecilia Verheyden, Au-del\u00e0 des nuages (Achter de wolken), sera quant \u00e0 lui pr\u00e9sent\u00e9 &hellip;\" \/>\n<meta property=\"og:url\" content=\"https:\/\/w-l-c.be\/fr\/tout-le-monde-est-heureux-au-dela-des-nuages-et-a-montreal\u2028\u2028\/\" \/>\n<meta property=\"og:site_name\" content=\"w-l-c\" \/>\n<meta property=\"article:published_time\" content=\"2016-08-16T05:16:53+00:00\" \/>\n<meta property=\"article:modified_time\" content=\"2017-05-16T17:48:48+00:00\" \/>\n<meta property=\"og:image\" content=\"https:\/\/w-l-c.be\/wp-content\/uploads\/2010\/08\/Nic.jpg\" \/>\n\t<meta property=\"og:image:width\" content=\"1200\" \/>\n\t<meta property=\"og:image:height\" content=\"800\" \/>\n\t<meta property=\"og:image:type\" content=\"image\/jpeg\" \/>\n<meta name=\"author\" content=\"Philippe.Pierquin\" \/>\n<meta name=\"twitter:card\" content=\"summary_large_image\" \/>\n<meta name=\"twitter:label1\" content=\"\u00c9crit par\" \/>\n\t<meta name=\"twitter:data1\" content=\"Philippe.Pierquin\" \/>\n\t<meta name=\"twitter:label2\" content=\"Dur\u00e9e de lecture estim\u00e9e\" \/>\n\t<meta name=\"twitter:data2\" content=\"4 minutes\" \/>\n<script type=\"application\/ld+json\" class=\"yoast-schema-graph\">{\"@context\":\"https:\/\/schema.org\",\"@graph\":[{\"@type\":\"WebPage\",\"@id\":\"https:\/\/w-l-c.be\/fr\/tout-le-monde-est-heureux-au-dela-des-nuages-et-a-montreal%e2%80%a8%e2%80%a8\/\",\"url\":\"https:\/\/w-l-c.be\/fr\/tout-le-monde-est-heureux-au-dela-des-nuages-et-a-montreal%e2%80%a8%e2%80%a8\/\",\"name\":\"Tout le monde est heureux au-del\u00e0 des nuages. Et \u00e0 Montr\u00e9al\\u2028\\u2028 - w-l-c\",\"isPartOf\":{\"@id\":\"https:\/\/w-l-c.be\/fr\/#website\"},\"datePublished\":\"2016-08-16T05:16:53+00:00\",\"dateModified\":\"2017-05-16T17:48:48+00:00\",\"author\":{\"@id\":\"https:\/\/w-l-c.be\/fr\/#\/schema\/person\/4b9b1d857f0943453a38a7c2859ef756\"},\"breadcrumb\":{\"@id\":\"https:\/\/w-l-c.be\/fr\/tout-le-monde-est-heureux-au-dela-des-nuages-et-a-montreal%e2%80%a8%e2%80%a8\/#breadcrumb\"},\"inLanguage\":\"fr-FR\",\"potentialAction\":[{\"@type\":\"ReadAction\",\"target\":[\"https:\/\/w-l-c.be\/fr\/tout-le-monde-est-heureux-au-dela-des-nuages-et-a-montreal%e2%80%a8%e2%80%a8\/\"]}]},{\"@type\":\"BreadcrumbList\",\"@id\":\"https:\/\/w-l-c.be\/fr\/tout-le-monde-est-heureux-au-dela-des-nuages-et-a-montreal%e2%80%a8%e2%80%a8\/#breadcrumb\",\"itemListElement\":[{\"@type\":\"ListItem\",\"position\":1,\"name\":\"Accueil\",\"item\":\"https:\/\/w-l-c.be\/fr\/\"},{\"@type\":\"ListItem\",\"position\":2,\"name\":\"Tout le monde est heureux au-del\u00e0 des nuages. Et \u00e0 Montr\u00e9al\\u2028\\u2028\"}]},{\"@type\":\"WebSite\",\"@id\":\"https:\/\/w-l-c.be\/fr\/#website\",\"url\":\"https:\/\/w-l-c.be\/fr\/\",\"name\":\"w-l-c\",\"description\":\"Le cin\u00e9ma vu par les belges\",\"potentialAction\":[{\"@type\":\"SearchAction\",\"target\":{\"@type\":\"EntryPoint\",\"urlTemplate\":\"https:\/\/w-l-c.be\/fr\/?s={search_term_string}\"},\"query-input\":\"required name=search_term_string\"}],\"inLanguage\":\"fr-FR\"},{\"@type\":\"Person\",\"@id\":\"https:\/\/w-l-c.be\/fr\/#\/schema\/person\/4b9b1d857f0943453a38a7c2859ef756\",\"name\":\"Philippe.Pierquin\",\"url\":\"https:\/\/w-l-c.be\/fr\/author\/philippe-pierquin\/\"}]}<\/script>\n<!-- \/ Yoast SEO plugin. -->","yoast_head_json":{"title":"Tout le monde est heureux au-del\u00e0 des nuages. Et \u00e0 Montr\u00e9al\u2028\u2028 - w-l-c","robots":{"index":"noindex","follow":"follow","max-snippet":"max-snippet:-1","max-image-preview":"max-image-preview:large","max-video-preview":"max-video-preview:-1"},"og_locale":"fr_FR","og_type":"article","og_title":"Tout le monde est heureux au-del\u00e0 des nuages. Et \u00e0 Montr\u00e9al\u2028\u2028 - w-l-c","og_description":"Everybody Happy, le nouveau long m\u00e9trage de notre parrain Nic Balthazar, sera pr\u00e9sent\u00e9 en premi\u00e8re mondiale fin ao\u00fbt au Festival des Films du Monde de Montr\u00e9al (25 ao\u00fbt \u2013 5 septembre) au sein de la comp\u00e9tition principale. Le premier long m\u00e9trage de Cecilia Verheyden, Au-del\u00e0 des nuages (Achter de wolken), sera quant \u00e0 lui pr\u00e9sent\u00e9 &hellip;","og_url":"https:\/\/w-l-c.be\/fr\/tout-le-monde-est-heureux-au-dela-des-nuages-et-a-montreal\u2028\u2028\/","og_site_name":"w-l-c","article_published_time":"2016-08-16T05:16:53+00:00","article_modified_time":"2017-05-16T17:48:48+00:00","og_image":[{"width":1200,"height":800,"url":"https:\/\/w-l-c.be\/wp-content\/uploads\/2010\/08\/Nic.jpg","type":"image\/jpeg"}],"author":"Philippe.Pierquin","twitter_card":"summary_large_image","twitter_misc":{"\u00c9crit par":"Philippe.Pierquin","Dur\u00e9e de lecture estim\u00e9e":"4 minutes"},"schema":{"@context":"https:\/\/schema.org","@graph":[{"@type":"WebPage","@id":"https:\/\/w-l-c.be\/fr\/tout-le-monde-est-heureux-au-dela-des-nuages-et-a-montreal%e2%80%a8%e2%80%a8\/","url":"https:\/\/w-l-c.be\/fr\/tout-le-monde-est-heureux-au-dela-des-nuages-et-a-montreal%e2%80%a8%e2%80%a8\/","name":"Tout le monde est heureux au-del\u00e0 des nuages. Et \u00e0 Montr\u00e9al\u2028\u2028 - w-l-c","isPartOf":{"@id":"https:\/\/w-l-c.be\/fr\/#website"},"datePublished":"2016-08-16T05:16:53+00:00","dateModified":"2017-05-16T17:48:48+00:00","author":{"@id":"https:\/\/w-l-c.be\/fr\/#\/schema\/person\/4b9b1d857f0943453a38a7c2859ef756"},"breadcrumb":{"@id":"https:\/\/w-l-c.be\/fr\/tout-le-monde-est-heureux-au-dela-des-nuages-et-a-montreal%e2%80%a8%e2%80%a8\/#breadcrumb"},"inLanguage":"fr-FR","potentialAction":[{"@type":"ReadAction","target":["https:\/\/w-l-c.be\/fr\/tout-le-monde-est-heureux-au-dela-des-nuages-et-a-montreal%e2%80%a8%e2%80%a8\/"]}]},{"@type":"BreadcrumbList","@id":"https:\/\/w-l-c.be\/fr\/tout-le-monde-est-heureux-au-dela-des-nuages-et-a-montreal%e2%80%a8%e2%80%a8\/#breadcrumb","itemListElement":[{"@type":"ListItem","position":1,"name":"Accueil","item":"https:\/\/w-l-c.be\/fr\/"},{"@type":"ListItem","position":2,"name":"Tout le monde est heureux au-del\u00e0 des nuages. Et \u00e0 Montr\u00e9al\u2028\u2028"}]},{"@type":"WebSite","@id":"https:\/\/w-l-c.be\/fr\/#website","url":"https:\/\/w-l-c.be\/fr\/","name":"w-l-c","description":"Le cin\u00e9ma vu par les belges","potentialAction":[{"@type":"SearchAction","target":{"@type":"EntryPoint","urlTemplate":"https:\/\/w-l-c.be\/fr\/?s={search_term_string}"},"query-input":"required name=search_term_string"}],"inLanguage":"fr-FR"},{"@type":"Person","@id":"https:\/\/w-l-c.be\/fr\/#\/schema\/person\/4b9b1d857f0943453a38a7c2859ef756","name":"Philippe.Pierquin","url":"https:\/\/w-l-c.be\/fr\/author\/philippe-pierquin\/"}]}},"_links":{"self":[{"href":"https:\/\/w-l-c.be\/fr\/wp-json\/wp\/v2\/posts\/89859","targetHints":{"allow":["GET"]}}],"collection":[{"href":"https:\/\/w-l-c.be\/fr\/wp-json\/wp\/v2\/posts"}],"about":[{"href":"https:\/\/w-l-c.be\/fr\/wp-json\/wp\/v2\/types\/post"}],"author":[{"embeddable":true,"href":"https:\/\/w-l-c.be\/fr\/wp-json\/wp\/v2\/users\/7"}],"replies":[{"embeddable":true,"href":"https:\/\/w-l-c.be\/fr\/wp-json\/wp\/v2\/comments?post=89859"}],"version-history":[{"count":0,"href":"https:\/\/w-l-c.be\/fr\/wp-json\/wp\/v2\/posts\/89859\/revisions"}],"wp:featuredmedia":[{"embeddable":true,"href":"https:\/\/w-l-c.be\/fr\/wp-json\/wp\/v2\/media\/89865"}],"wp:attachment":[{"href":"https:\/\/w-l-c.be\/fr\/wp-json\/wp\/v2\/media?parent=89859"}],"wp:term":[{"taxonomy":"category","embeddable":true,"href":"https:\/\/w-l-c.be\/fr\/wp-json\/wp\/v2\/categories?post=89859"},{"taxonomy":"post_tag","embeddable":true,"href":"https:\/\/w-l-c.be\/fr\/wp-json\/wp\/v2\/tags?post=89859"}],"curies":[{"name":"wp","href":"https:\/\/api.w.org\/{rel}","templated":true}]}}