
{"id":90179,"date":"2016-09-13T07:44:41","date_gmt":"2016-09-13T05:44:41","guid":{"rendered":"http:\/\/www.cinevox.be\/?p=90179"},"modified":"2016-09-13T09:58:06","modified_gmt":"2016-09-13T07:58:06","slug":"rencontre-avec-luc-jabon","status":"publish","type":"post","link":"https:\/\/w-l-c.be\/fr\/rencontre-avec-luc-jabon\/","title":{"rendered":"Rencontre avec Luc Jabon"},"content":{"rendered":"<p>On a failli attendre\u00a0!<\/p>\n<p>Le 10 mars 2015, nous nous rendions \u00e0 Esh-Sur-Alzette, au Grand Duch\u00e9 de Luxembourg sur le plateau des<em> Survivants<\/em>, \u00a0premier long m\u00e9trage de Luc Jabon.<\/p>\n<p>Il faisait froid, tr\u00e8s, mais l\u2019ambiance dans l\u2019\u00e9quipe \u00e9tait au beau-fixe\u00a0: le tournage se d\u00e9roule sans autre gros souci que de lutter contre les temp\u00e9ratures polaires, surtout pour les sc\u00e8nes de nuit, et le couple de com\u00e9diens principaux, Erika Sainte et Fabrizio Rongione, r\u00e9pond aux attentes du r\u00e9alisateur. Un jeune r\u00e9alisateur de 66 ans qui semble prendre un plaisir fou \u00e0 voir le sc\u00e9nario qu\u2019il choie depuis des ann\u00e9es prendre enfin vie devant lui.<\/p>\n<p>Et puis\u00a0? Le silence.<!--more--><\/p>\n<p>&nbsp;<\/p>\n<p>La postproduction se d\u00e9roule sans anicroche, mais une fois le film termin\u00e9, personne ne veut le sortir. En cause un th\u00e8me qui peut appara\u00eetre comme d\u00e9licat, surtout en ces temps troubl\u00e9s. Mais le cin\u00e9ma est non seulement un art, c&rsquo;est aussi un m\u00e9dia qui suscite la discussion, non?<\/p>\n<p>&nbsp;<\/p>\n<p>Pourtant, l\u2019\u00e9quipe ne d\u00e9sarme pas et Iris Films, producteur belgo-luxembourgeois qui a flash\u00e9 sur le sujet d\u00e9fend le projet bec et ongle. L\u2019obstination a du bon puisque, alors qu\u2019on n\u2019y croyait plus beaucoup, <em>Les Survivants<\/em> nous arrivera finalement le 7 septembre.<\/p>\n<p>Sc\u00e9nariste r\u00e9put\u00e9, cin\u00e9phile averti et r\u00e9alisateur de doc, Luc Jabon n\u2019est pas un nouveau venu dans le c\u00e9nacle. Il enseigne aussi \u00e0 l\u2019IAD et est un des deux pr\u00e9sidents de l\u2019Acad\u00e9mie Andr\u00e9 Delvaux qui organise les Magritte du cin\u00e9ma (avec Patrick Quinet). De quoi mettre un frein aux accusations habituelles qui consistent \u00e0 pr\u00e9tendre qu\u2019il suffit d\u2019avoir ses entr\u00e9es dans le m\u00e9tier pour que tout soit facile.<br \/>\nC\u2019est loin d\u2019\u00eatre le cas.<\/p>\n<p>Mais aujourd\u2019hui, le r\u00eave de Luc, celui de passer enfin \u00e0 la r\u00e9alisation d\u2019un long de fiction et de le pr\u00e9senter au public est\u00a0devenu r\u00e9alit\u00e9.<\/p>\n<p>Ici, il nous parle de son film, de ce qui le motive et des difficult\u00e9s de produire en Belgique. Une interview effectu\u00e9e sur le tournage, toujours 100% d\u2019actualit\u00e9.<\/p>\n<p>&nbsp;<\/p>\n<p>&nbsp;<\/p>\n<h2>Les survivants<\/h2>\n<p><iframe loading=\"lazy\" src=\"https:\/\/www.youtube.com\/embed\/WgL4Ap4uvMY\" width=\"560\" height=\"315\" frameborder=\"0\" allowfullscreen=\"allowfullscreen\"><\/iframe><\/p>\n<p>&nbsp;<\/p>\n<h2>Les temps changent<\/h2>\n<p><iframe loading=\"lazy\" src=\"https:\/\/www.youtube.com\/embed\/mCaOZesrkCk\" width=\"560\" height=\"315\" frameborder=\"0\" allowfullscreen=\"allowfullscreen\"><\/iframe><\/p>\n<p>&nbsp;<\/p>\n<h2>Changer le monde<\/h2>\n<p><iframe loading=\"lazy\" src=\"https:\/\/www.youtube.com\/embed\/XI2f1ISjEjs\" width=\"560\" height=\"315\" frameborder=\"0\" allowfullscreen=\"allowfullscreen\"><\/iframe><\/p>\n<p>&nbsp;<\/p>\n<h2>Un premier film de fiction<\/h2>\n<p><iframe loading=\"lazy\" src=\"https:\/\/www.youtube.com\/embed\/fC1Iv7-MNJ4\" width=\"560\" height=\"315\" frameborder=\"0\" allowfullscreen=\"allowfullscreen\"><\/iframe><\/p>\n<p>&nbsp;<\/p>\n<h2>Produire un film de fiction<\/h2>\n<p><iframe loading=\"lazy\" src=\"https:\/\/www.youtube.com\/embed\/61mo1c4KjeM\" width=\"560\" height=\"315\" frameborder=\"0\" allowfullscreen=\"allowfullscreen\"><\/iframe><\/p>\n","protected":false},"excerpt":{"rendered":"<p>On a failli attendre\u00a0! Le 10 mars 2015, nous nous rendions \u00e0 Esh-Sur-Alzette, au Grand Duch\u00e9 de Luxembourg sur le plateau des Survivants, \u00a0premier long m\u00e9trage de Luc Jabon. Il faisait froid, tr\u00e8s, mais l\u2019ambiance dans l\u2019\u00e9quipe \u00e9tait au beau-fixe\u00a0: le tournage se d\u00e9roule sans autre gros souci que de lutter contre les temp\u00e9ratures polaires, &hellip;<\/p>\n","protected":false},"author":7,"featured_media":90181,"comment_status":"closed","ping_status":"closed","sticky":false,"template":"","format":"standard","meta":{"ngg_post_thumbnail":0,"footnotes":""},"categories":[1978],"tags":[],"class_list":["post-90179","post","type-post","status-publish","format-standard","has-post-thumbnail","","category-interviews"],"yoast_head":"<!-- This site is optimized with the Yoast SEO plugin v20.4 - https:\/\/yoast.com\/wordpress\/plugins\/seo\/ -->\n<title>Rencontre avec Luc Jabon - w-l-c<\/title>\n<meta name=\"robots\" content=\"noindex, follow, max-snippet:-1, max-image-preview:large, max-video-preview:-1\" \/>\n<meta property=\"og:locale\" content=\"fr_FR\" \/>\n<meta property=\"og:type\" content=\"article\" \/>\n<meta property=\"og:title\" content=\"Rencontre avec Luc Jabon - w-l-c\" \/>\n<meta property=\"og:description\" content=\"On a failli attendre\u00a0! Le 10 mars 2015, nous nous rendions \u00e0 Esh-Sur-Alzette, au Grand Duch\u00e9 de Luxembourg sur le plateau des Survivants, \u00a0premier long m\u00e9trage de Luc Jabon. Il faisait froid, tr\u00e8s, mais l\u2019ambiance dans l\u2019\u00e9quipe \u00e9tait au beau-fixe\u00a0: le tournage se d\u00e9roule sans autre gros souci que de lutter contre les temp\u00e9ratures polaires, &hellip;\" \/>\n<meta property=\"og:url\" content=\"https:\/\/w-l-c.be\/fr\/rencontre-avec-luc-jabon\/\" \/>\n<meta property=\"og:site_name\" content=\"w-l-c\" \/>\n<meta property=\"article:published_time\" content=\"2016-09-13T05:44:41+00:00\" \/>\n<meta property=\"article:modified_time\" content=\"2016-09-13T07:58:06+00:00\" \/>\n<meta property=\"og:image\" content=\"https:\/\/w-l-c.be\/wp-content\/uploads\/2016\/08\/Sequence-01.00_16_49_14.Still002.jpg\" \/>\n\t<meta property=\"og:image:width\" content=\"1920\" \/>\n\t<meta property=\"og:image:height\" content=\"1080\" \/>\n\t<meta property=\"og:image:type\" content=\"image\/jpeg\" \/>\n<meta name=\"author\" content=\"Philippe.Pierquin\" \/>\n<meta name=\"twitter:card\" content=\"summary_large_image\" \/>\n<meta name=\"twitter:label1\" content=\"\u00c9crit par\" \/>\n\t<meta name=\"twitter:data1\" content=\"Philippe.Pierquin\" \/>\n\t<meta name=\"twitter:label2\" content=\"Dur\u00e9e de lecture estim\u00e9e\" \/>\n\t<meta name=\"twitter:data2\" content=\"2 minutes\" \/>\n<script type=\"application\/ld+json\" class=\"yoast-schema-graph\">{\"@context\":\"https:\/\/schema.org\",\"@graph\":[{\"@type\":\"WebPage\",\"@id\":\"https:\/\/w-l-c.be\/fr\/rencontre-avec-luc-jabon\/\",\"url\":\"https:\/\/w-l-c.be\/fr\/rencontre-avec-luc-jabon\/\",\"name\":\"Rencontre avec Luc Jabon - w-l-c\",\"isPartOf\":{\"@id\":\"https:\/\/w-l-c.be\/fr\/#website\"},\"datePublished\":\"2016-09-13T05:44:41+00:00\",\"dateModified\":\"2016-09-13T07:58:06+00:00\",\"author\":{\"@id\":\"https:\/\/w-l-c.be\/fr\/#\/schema\/person\/4b9b1d857f0943453a38a7c2859ef756\"},\"breadcrumb\":{\"@id\":\"https:\/\/w-l-c.be\/fr\/rencontre-avec-luc-jabon\/#breadcrumb\"},\"inLanguage\":\"fr-FR\",\"potentialAction\":[{\"@type\":\"ReadAction\",\"target\":[\"https:\/\/w-l-c.be\/fr\/rencontre-avec-luc-jabon\/\"]}]},{\"@type\":\"BreadcrumbList\",\"@id\":\"https:\/\/w-l-c.be\/fr\/rencontre-avec-luc-jabon\/#breadcrumb\",\"itemListElement\":[{\"@type\":\"ListItem\",\"position\":1,\"name\":\"Accueil\",\"item\":\"https:\/\/w-l-c.be\/fr\/\"},{\"@type\":\"ListItem\",\"position\":2,\"name\":\"Rencontre avec Luc Jabon\"}]},{\"@type\":\"WebSite\",\"@id\":\"https:\/\/w-l-c.be\/fr\/#website\",\"url\":\"https:\/\/w-l-c.be\/fr\/\",\"name\":\"w-l-c\",\"description\":\"Le cin\u00e9ma vu par les belges\",\"potentialAction\":[{\"@type\":\"SearchAction\",\"target\":{\"@type\":\"EntryPoint\",\"urlTemplate\":\"https:\/\/w-l-c.be\/fr\/?s={search_term_string}\"},\"query-input\":\"required name=search_term_string\"}],\"inLanguage\":\"fr-FR\"},{\"@type\":\"Person\",\"@id\":\"https:\/\/w-l-c.be\/fr\/#\/schema\/person\/4b9b1d857f0943453a38a7c2859ef756\",\"name\":\"Philippe.Pierquin\",\"url\":\"https:\/\/w-l-c.be\/fr\/author\/philippe-pierquin\/\"}]}<\/script>\n<!-- \/ Yoast SEO plugin. -->","yoast_head_json":{"title":"Rencontre avec Luc Jabon - w-l-c","robots":{"index":"noindex","follow":"follow","max-snippet":"max-snippet:-1","max-image-preview":"max-image-preview:large","max-video-preview":"max-video-preview:-1"},"og_locale":"fr_FR","og_type":"article","og_title":"Rencontre avec Luc Jabon - w-l-c","og_description":"On a failli attendre\u00a0! Le 10 mars 2015, nous nous rendions \u00e0 Esh-Sur-Alzette, au Grand Duch\u00e9 de Luxembourg sur le plateau des Survivants, \u00a0premier long m\u00e9trage de Luc Jabon. Il faisait froid, tr\u00e8s, mais l\u2019ambiance dans l\u2019\u00e9quipe \u00e9tait au beau-fixe\u00a0: le tournage se d\u00e9roule sans autre gros souci que de lutter contre les temp\u00e9ratures polaires, &hellip;","og_url":"https:\/\/w-l-c.be\/fr\/rencontre-avec-luc-jabon\/","og_site_name":"w-l-c","article_published_time":"2016-09-13T05:44:41+00:00","article_modified_time":"2016-09-13T07:58:06+00:00","og_image":[{"width":1920,"height":1080,"url":"https:\/\/w-l-c.be\/wp-content\/uploads\/2016\/08\/Sequence-01.00_16_49_14.Still002.jpg","type":"image\/jpeg"}],"author":"Philippe.Pierquin","twitter_card":"summary_large_image","twitter_misc":{"\u00c9crit par":"Philippe.Pierquin","Dur\u00e9e de lecture estim\u00e9e":"2 minutes"},"schema":{"@context":"https:\/\/schema.org","@graph":[{"@type":"WebPage","@id":"https:\/\/w-l-c.be\/fr\/rencontre-avec-luc-jabon\/","url":"https:\/\/w-l-c.be\/fr\/rencontre-avec-luc-jabon\/","name":"Rencontre avec Luc Jabon - w-l-c","isPartOf":{"@id":"https:\/\/w-l-c.be\/fr\/#website"},"datePublished":"2016-09-13T05:44:41+00:00","dateModified":"2016-09-13T07:58:06+00:00","author":{"@id":"https:\/\/w-l-c.be\/fr\/#\/schema\/person\/4b9b1d857f0943453a38a7c2859ef756"},"breadcrumb":{"@id":"https:\/\/w-l-c.be\/fr\/rencontre-avec-luc-jabon\/#breadcrumb"},"inLanguage":"fr-FR","potentialAction":[{"@type":"ReadAction","target":["https:\/\/w-l-c.be\/fr\/rencontre-avec-luc-jabon\/"]}]},{"@type":"BreadcrumbList","@id":"https:\/\/w-l-c.be\/fr\/rencontre-avec-luc-jabon\/#breadcrumb","itemListElement":[{"@type":"ListItem","position":1,"name":"Accueil","item":"https:\/\/w-l-c.be\/fr\/"},{"@type":"ListItem","position":2,"name":"Rencontre avec Luc Jabon"}]},{"@type":"WebSite","@id":"https:\/\/w-l-c.be\/fr\/#website","url":"https:\/\/w-l-c.be\/fr\/","name":"w-l-c","description":"Le cin\u00e9ma vu par les belges","potentialAction":[{"@type":"SearchAction","target":{"@type":"EntryPoint","urlTemplate":"https:\/\/w-l-c.be\/fr\/?s={search_term_string}"},"query-input":"required name=search_term_string"}],"inLanguage":"fr-FR"},{"@type":"Person","@id":"https:\/\/w-l-c.be\/fr\/#\/schema\/person\/4b9b1d857f0943453a38a7c2859ef756","name":"Philippe.Pierquin","url":"https:\/\/w-l-c.be\/fr\/author\/philippe-pierquin\/"}]}},"_links":{"self":[{"href":"https:\/\/w-l-c.be\/fr\/wp-json\/wp\/v2\/posts\/90179","targetHints":{"allow":["GET"]}}],"collection":[{"href":"https:\/\/w-l-c.be\/fr\/wp-json\/wp\/v2\/posts"}],"about":[{"href":"https:\/\/w-l-c.be\/fr\/wp-json\/wp\/v2\/types\/post"}],"author":[{"embeddable":true,"href":"https:\/\/w-l-c.be\/fr\/wp-json\/wp\/v2\/users\/7"}],"replies":[{"embeddable":true,"href":"https:\/\/w-l-c.be\/fr\/wp-json\/wp\/v2\/comments?post=90179"}],"version-history":[{"count":0,"href":"https:\/\/w-l-c.be\/fr\/wp-json\/wp\/v2\/posts\/90179\/revisions"}],"wp:featuredmedia":[{"embeddable":true,"href":"https:\/\/w-l-c.be\/fr\/wp-json\/wp\/v2\/media\/90181"}],"wp:attachment":[{"href":"https:\/\/w-l-c.be\/fr\/wp-json\/wp\/v2\/media?parent=90179"}],"wp:term":[{"taxonomy":"category","embeddable":true,"href":"https:\/\/w-l-c.be\/fr\/wp-json\/wp\/v2\/categories?post=90179"},{"taxonomy":"post_tag","embeddable":true,"href":"https:\/\/w-l-c.be\/fr\/wp-json\/wp\/v2\/tags?post=90179"}],"curies":[{"name":"wp","href":"https:\/\/api.w.org\/{rel}","templated":true}]}}